{"id":369572,"date":"2024-01-02T09:09:14","date_gmt":"2024-01-02T08:09:14","guid":{"rendered":"https:\/\/www.intoscana.it\/it\/?p=369572"},"modified":"2025-01-02T17:09:56","modified_gmt":"2025-01-02T16:09:56","slug":"valdichiana-senese-e-capitale-toscana-della-cultura-2025-giani-al-lavoro-per-valorizzare-i-dieci-comuni","status":"publish","type":"post","link":"https:\/\/www.intoscana.it\/it\/valdichiana-senese-e-capitale-toscana-della-cultura-2025-giani-al-lavoro-per-valorizzare-i-dieci-comuni\/","title":{"rendered":"Valdichiana senese \u00e8 capitale toscana della cultura 2025, Giani: &#8220;Ci rappresentate nel mondo&#8221;"},"content":{"rendered":"<p>L&#8217;Unione dei Comuni della <mark>Valdichiana senese \u00e8 la capitale della cultura toscana 2025<\/mark>. Dopo l&#8217;annuncio a fine 2024 quale riconoscimento alla realt\u00e0 entrata tra le dieci finaliste della capitale italiana della cultura, il presidente Giani gioved\u00ec 2 gennaio ha compiuto un tour per consegnare ad ogni Comune la <strong>targa<\/strong> &#8220;<em>che ufficializza questo ruolo in Toscana&#8221;.<\/em><\/p>\n<p>La visita del presidente \u00e8 iniziata a <strong>San Casciano dei Bagni<\/strong> con la consegna della targa alla sindaca <strong>Agnese Carletti<\/strong> ed \u00e8 proseguita a <mark>Sarteano, Cetona e Citt\u00e0 di Chiusi<\/mark>, con le targhe che sono state consegnate ai sindaci <mark>Francesco Landi, Roberto Cottini e Gianluca Sonnini<\/mark>.<\/p>\n<p>\u201c<em>La Valdichiana Senese \u00e8 il seme della Toscana, come recitava lo slogan con cui l\u2019Unione dei Comuni si \u00e8 candidata a capitale italiana della cultura. L\u2019insieme dei progetti che consentirono a questo territorio dalle straordinarie potenzialit\u00e0 di entrare nella rosa delle finaliste rimane un patrimonio che non doveva essere disperso<\/em>&#8211; ha detto il <strong>presidente Giani<\/strong> durante il punto stampa a Chianciano Terme, dopo la consegna della targa alla sindaca <strong>Grazia Torelli<\/strong>&#8211; <em>Cos\u00ec \u00e8 stato: la mia decisione di eleggere la Valdichiana Senese a Capitale della cultura Toscana per il 2025 deriva proprio dalla consapevolezza del lavoro fatto dai sindaci dei dieci Comuni, che ho voluto ringraziare di persona, consegnando loro la targa che attesta l\u2019inizio di un percorso ricco di iniziative diffuse, un filo armonico in grado di esprimere al meglio la storia e la cultura della Valdichiana Senese\u201d.<\/em><\/p>\n<p>La giornata prosegue nei comuni di <mark>Pienza, Montepulciano, Torrita di Siena e Trequanda<\/mark> con la consegna delle targhe ai rispettivi primi cittadini: <mark>Manolo Garosi, Michele Angiolini, Giacomo Grazi e Andrea Francini<\/mark>.<\/p>\n<p>Infine a Sinalunga, dopo la consegna del riconoscimento al sindaco <strong>Edo Zacchei<\/strong>, al Teatro Comunale Ciro Pinsuti avr\u00e0 termine l\u2019intera visita con l\u2019attribuzione della <strong>targa all&#8217;Unione dei Comuni<\/strong> della Valdichiana Senese, alla presenza dei sindaci dei dieci Comuni che la compongono.<\/p>\n<p>\u201c<em>E\u2019 cos\u00ec che la Valdichiana senese diventa in questo 2025 il volto di tutta la Toscana nel mondo<\/em> &#8211; ha concluso il presidente- <em>con i suoi paesaggi straordinari, i suoi scrigni di cultura spesso poco esplorati ma bellissimi. Percorsi che vanno dagli Etruschi all\u2019Et\u00e0 medievale, fino al Rinascimento. Il tutto con una caratteristica comune: quella dei progetti che valorizzano il patrimonio nel presente, nell\u2019ottica di generare sviluppo e crescita per il futuro. Questo \u00e8 il senso della visita a tutti e dieci i Comuni e, pi\u00f9 in generale, questo \u00e8 lo spirito che incarna la Toscana diffusa\u201d.<\/em><\/p>\n<h3>Il territorio della Valdichiana Senese<\/h3>\n<p>La<strong> Valdichiana Senese<\/strong> \u00e8 composta dai comuni di <mark>Cetona, Chianciano Terme, Chiusi, Montepulciano, San Casciano dei Bagni, Sarteano, Sinalunga, Torrita di Siena, Pienza e Trequanda.<\/mark> Un territorio ricco di storia e arte.<\/p>\n<p>\u201c<em>Indubbiamente a salutare questa nomina vi \u00e8 l&#8217;importanza dei ritrovamenti avvenuti a <strong>San Casciano dei Bagni<\/strong>, con le statue etrusche e romane che potranno proprio nel 2025 trovare sede museale all&#8217;interno del Palazzo che \u00e8 stato scelto per esporre i ritrovamenti di livello mondiale e che sar\u00e0 seguito con una Fondazione che \u00e8 gi\u00e0 stata sottoscritta dallo Stato, dalla Regione e dal comune di San Casciano dei Bagni<\/em>\u201d, ha aggiunto il presidente Giani.<\/p>\n<h3>Il titolo di Capitale toscana della cultura<\/h3>\n<figure id=\"post-369583 media-369583\" class=\"align-none\"><img decoding=\"async\" src=\"https:\/\/www.intoscana.it\/wp-content\/uploads\/Foto4-1.jpeg\" alt=\"\" \/><\/figure>\n<div class=\"titleimg\">valdichiana 2025<\/div>\n<div>\n<p>Il titolo di capitale della cultura toscana 2025 \u00e8 stato ufficializzato sabato 28 dicembre al <strong>Teatro Mascagni di Chiusi<\/strong> alla presenza del presidente Giani, della presidente della Provincia di Siena <strong>Agnese Carletti<\/strong>, del presidente dell\u2019Unione dei Comuni di Valdichiana Senese <strong>Edo Zacchei<\/strong>, di <strong>Giacomo Grazi<\/strong> delegato alla Valdichiana 2025 e di tutti i sindaci e le sindache dei dieci Comuni coinvolti.<\/p>\n<p>La Regione Toscana ha riconosciuto al territorio <strong>300mila euro<\/strong>, gi\u00e0 previsto dalla manovra di bilancio della Regione Toscana, da impiegare per la <mark>fornitura di servizi culturali e creativi, manifestazioni culturali e promozionali, alcune delle quali gi\u00e0\u00a0 inserite nel dossier dell\u2019Unione dei Comuni della Valdichiana Senese rientrato tra i dieci finalisti del titolo italiano.<\/mark><\/p>\n<p>Progetti che non verranno dispersi, ma valorizzati e che nel 2025 &#8220;<em>troveranno un filo armonico, tanti contenuti per una terra di straordinarie potenzialit\u00e0&#8221;,<\/em>\u00a0 conclude Giani. <mark>&#8220;Nel 2025 la Toscana esprime il suo volto migliore: la forza di una cultura che pu\u00f2 trasformare il mondo\u201d<\/mark><\/p>\n<\/div>\n","protected":false},"excerpt":{"rendered":"<p>Il tour del presidente per consegnare la targa ad ognuna delle dieci amministrazioni: Cetona, Chianciano Terme, Chiusi, Montepulciano, San Casciano dei Bagni, Sarteano, Sinalunga, Torrita di Siena, Pienza e Trequanda<\/p>\n","protected":false},"author":525,"featured_media":369819,"comment_status":"open","ping_status":"open","sticky":false,"template":"","format":"standard","meta":{"_acf_changed":false,"footnotes":""},"categories":[493],"tags":[158,4541],"class_list":["post-369572","post","type-post","status-publish","format-standard","has-post-thumbnail","hentry","category-cultura","tag-eugenio-giani","tag-valdichiana"],"acf":[],"yoast_head":"<!-- This site is optimized with the Yoast SEO Premium plugin v24.2 (Yoast SEO v25.6) - https:\/\/yoast.com\/wordpress\/plugins\/seo\/ -->\n<title>Valdichiana senese \u00e8 capitale toscana della cultura 2025, Giani: &quot;Ci rappresentate nel mondo&quot; - intoscana<\/title>\n<meta name=\"description\" content=\"Il tour del presidente per consegnare la targa ad ognuna delle dieci amministrazioni: Cetona, Chianciano Terme, Chiusi, Montepulciano, San Casciano dei Bagni, Sarteano, Sinalunga, Torrita di Siena, Pienza e Trequanda\" \/>\n<meta name=\"robots\" content=\"index, follow, max-snippet:-1, max-image-preview:large, max-video-preview:-1\" \/>\n<link rel=\"canonical\" href=\"https:\/\/www.intoscana.it\/it\/valdichiana-senese-e-capitale-toscana-della-cultura-2025-giani-al-lavoro-per-valorizzare-i-dieci-comuni\/\" \/>\n<meta property=\"og:locale\" content=\"it_IT\" \/>\n<meta property=\"og:type\" content=\"article\" \/>\n<meta property=\"og:title\" content=\"Valdichiana senese \u00e8 capitale toscana della cultura 2025, Giani: &quot;Ci rappresentate nel mondo&quot;\" \/>\n<meta property=\"og:description\" content=\"Il tour del presidente per consegnare la targa ad ognuna delle dieci amministrazioni: Cetona, Chianciano Terme, Chiusi, Montepulciano, San Casciano dei Bagni, Sarteano, Sinalunga, Torrita di Siena, Pienza e Trequanda\" \/>\n<meta property=\"og:url\" content=\"https:\/\/www.intoscana.it\/it\/valdichiana-senese-e-capitale-toscana-della-cultura-2025-giani-al-lavoro-per-valorizzare-i-dieci-comuni\/\" \/>\n<meta property=\"og:site_name\" content=\"intoscana\" \/>\n<meta property=\"article:publisher\" content=\"https:\/\/www.facebook.com\/intoscana.it\" \/>\n<meta property=\"article:published_time\" content=\"2024-01-02T08:09:14+00:00\" \/>\n<meta property=\"article:modified_time\" content=\"2025-01-02T16:09:56+00:00\" \/>\n<meta property=\"og:image\" content=\"https:\/\/www.intoscana.it\/wp-content\/uploads\/Il-presidente-Giani-nei-comuni-della-Valdichiana-senese.jpeg\" \/>\n\t<meta property=\"og:image:width\" content=\"1600\" \/>\n\t<meta property=\"og:image:height\" content=\"1066\" \/>\n\t<meta property=\"og:image:type\" content=\"image\/jpeg\" \/>\n<meta name=\"author\" content=\"Redazione\" \/>\n<meta name=\"twitter:card\" content=\"summary_large_image\" \/>\n<meta name=\"twitter:creator\" content=\"@intoscana\" \/>\n<meta name=\"twitter:site\" content=\"@intoscana\" \/>\n<meta name=\"twitter:label1\" content=\"Written by\" \/>\n\t<meta name=\"twitter:data1\" content=\"Redazione\" \/>\n\t<meta name=\"twitter:label2\" content=\"Est. reading time\" \/>\n\t<meta name=\"twitter:data2\" content=\"5 minuti\" \/>\n<script type=\"application\/ld+json\" class=\"yoast-schema-graph\">{\"@context\":\"https:\/\/schema.org\",\"@graph\":[{\"@type\":\"WebPage\",\"@id\":\"https:\/\/www.intoscana.it\/it\/valdichiana-senese-e-capitale-toscana-della-cultura-2025-giani-al-lavoro-per-valorizzare-i-dieci-comuni\/\",\"url\":\"https:\/\/www.intoscana.it\/it\/valdichiana-senese-e-capitale-toscana-della-cultura-2025-giani-al-lavoro-per-valorizzare-i-dieci-comuni\/\",\"name\":\"Valdichiana senese \u00e8 capitale toscana della cultura 2025, Giani: \\\"Ci rappresentate nel mondo\\\" - intoscana\",\"isPartOf\":{\"@id\":\"https:\/\/www.intoscana.it\/it\/#website\"},\"primaryImageOfPage\":{\"@id\":\"https:\/\/www.intoscana.it\/it\/valdichiana-senese-e-capitale-toscana-della-cultura-2025-giani-al-lavoro-per-valorizzare-i-dieci-comuni\/#primaryimage\"},\"image\":{\"@id\":\"https:\/\/www.intoscana.it\/it\/valdichiana-senese-e-capitale-toscana-della-cultura-2025-giani-al-lavoro-per-valorizzare-i-dieci-comuni\/#primaryimage\"},\"thumbnailUrl\":\"https:\/\/www.intoscana.it\/wp-content\/uploads\/Il-presidente-Giani-nei-comuni-della-Valdichiana-senese.jpeg\",\"datePublished\":\"2024-01-02T08:09:14+00:00\",\"dateModified\":\"2025-01-02T16:09:56+00:00\",\"author\":{\"@id\":\"https:\/\/www.intoscana.it\/it\/#\/schema\/person\/9223810753230f20bd670fdd322661f8\"},\"description\":\"Il tour del presidente per consegnare la targa ad ognuna delle dieci amministrazioni: Cetona, Chianciano Terme, Chiusi, Montepulciano, San Casciano dei Bagni, Sarteano, Sinalunga, Torrita di Siena, Pienza e Trequanda\",\"breadcrumb\":{\"@id\":\"https:\/\/www.intoscana.it\/it\/valdichiana-senese-e-capitale-toscana-della-cultura-2025-giani-al-lavoro-per-valorizzare-i-dieci-comuni\/#breadcrumb\"},\"inLanguage\":\"it-IT\",\"potentialAction\":[{\"@type\":\"ReadAction\",\"target\":[\"https:\/\/www.intoscana.it\/it\/valdichiana-senese-e-capitale-toscana-della-cultura-2025-giani-al-lavoro-per-valorizzare-i-dieci-comuni\/\"]}]},{\"@type\":\"ImageObject\",\"inLanguage\":\"it-IT\",\"@id\":\"https:\/\/www.intoscana.it\/it\/valdichiana-senese-e-capitale-toscana-della-cultura-2025-giani-al-lavoro-per-valorizzare-i-dieci-comuni\/#primaryimage\",\"url\":\"https:\/\/www.intoscana.it\/wp-content\/uploads\/Il-presidente-Giani-nei-comuni-della-Valdichiana-senese.jpeg\",\"contentUrl\":\"https:\/\/www.intoscana.it\/wp-content\/uploads\/Il-presidente-Giani-nei-comuni-della-Valdichiana-senese.jpeg\",\"width\":1600,\"height\":1066},{\"@type\":\"BreadcrumbList\",\"@id\":\"https:\/\/www.intoscana.it\/it\/valdichiana-senese-e-capitale-toscana-della-cultura-2025-giani-al-lavoro-per-valorizzare-i-dieci-comuni\/#breadcrumb\",\"itemListElement\":[{\"@type\":\"ListItem\",\"position\":1,\"name\":\"Home\",\"item\":\"https:\/\/www.intoscana.it\/it\/\"},{\"@type\":\"ListItem\",\"position\":2,\"name\":\"Valdichiana senese \u00e8 capitale toscana della cultura 2025, Giani: &#8220;Ci rappresentate nel mondo&#8221;\"}]},{\"@type\":\"WebSite\",\"@id\":\"https:\/\/www.intoscana.it\/it\/#website\",\"url\":\"https:\/\/www.intoscana.it\/it\/\",\"name\":\"intoscana\",\"description\":\"\",\"potentialAction\":[{\"@type\":\"SearchAction\",\"target\":{\"@type\":\"EntryPoint\",\"urlTemplate\":\"https:\/\/www.intoscana.it\/it\/?s={search_term_string}\"},\"query-input\":{\"@type\":\"PropertyValueSpecification\",\"valueRequired\":true,\"valueName\":\"search_term_string\"}}],\"inLanguage\":\"it-IT\"},{\"@type\":\"Person\",\"@id\":\"https:\/\/www.intoscana.it\/it\/#\/schema\/person\/9223810753230f20bd670fdd322661f8\",\"name\":\"Redazione\",\"url\":\"https:\/\/www.intoscana.it\/it\/author\/redazione\/\"}]}<\/script>\n<!-- \/ Yoast SEO Premium plugin. -->","yoast_head_json":{"title":"Valdichiana senese \u00e8 capitale toscana della cultura 2025, Giani: \"Ci rappresentate nel mondo\" - intoscana","description":"Il tour del presidente per consegnare la targa ad ognuna delle dieci amministrazioni: Cetona, Chianciano Terme, Chiusi, Montepulciano, San Casciano dei Bagni, Sarteano, Sinalunga, Torrita di Siena, Pienza e Trequanda","robots":{"index":"index","follow":"follow","max-snippet":"max-snippet:-1","max-image-preview":"max-image-preview:large","max-video-preview":"max-video-preview:-1"},"canonical":"https:\/\/www.intoscana.it\/it\/valdichiana-senese-e-capitale-toscana-della-cultura-2025-giani-al-lavoro-per-valorizzare-i-dieci-comuni\/","og_locale":"it_IT","og_type":"article","og_title":"Valdichiana senese \u00e8 capitale toscana della cultura 2025, Giani: \"Ci rappresentate nel mondo\"","og_description":"Il tour del presidente per consegnare la targa ad ognuna delle dieci amministrazioni: Cetona, Chianciano Terme, Chiusi, Montepulciano, San Casciano dei Bagni, Sarteano, Sinalunga, Torrita di Siena, Pienza e Trequanda","og_url":"https:\/\/www.intoscana.it\/it\/valdichiana-senese-e-capitale-toscana-della-cultura-2025-giani-al-lavoro-per-valorizzare-i-dieci-comuni\/","og_site_name":"intoscana","article_publisher":"https:\/\/www.facebook.com\/intoscana.it","article_published_time":"2024-01-02T08:09:14+00:00","article_modified_time":"2025-01-02T16:09:56+00:00","og_image":[{"width":1600,"height":1066,"url":"https:\/\/www.intoscana.it\/wp-content\/uploads\/Il-presidente-Giani-nei-comuni-della-Valdichiana-senese.jpeg","type":"image\/jpeg"}],"author":"Redazione","twitter_card":"summary_large_image","twitter_creator":"@intoscana","twitter_site":"@intoscana","twitter_misc":{"Written by":"Redazione","Est. reading time":"5 minuti"},"schema":{"@context":"https:\/\/schema.org","@graph":[{"@type":"WebPage","@id":"https:\/\/www.intoscana.it\/it\/valdichiana-senese-e-capitale-toscana-della-cultura-2025-giani-al-lavoro-per-valorizzare-i-dieci-comuni\/","url":"https:\/\/www.intoscana.it\/it\/valdichiana-senese-e-capitale-toscana-della-cultura-2025-giani-al-lavoro-per-valorizzare-i-dieci-comuni\/","name":"Valdichiana senese \u00e8 capitale toscana della cultura 2025, Giani: \"Ci rappresentate nel mondo\" - intoscana","isPartOf":{"@id":"https:\/\/www.intoscana.it\/it\/#website"},"primaryImageOfPage":{"@id":"https:\/\/www.intoscana.it\/it\/valdichiana-senese-e-capitale-toscana-della-cultura-2025-giani-al-lavoro-per-valorizzare-i-dieci-comuni\/#primaryimage"},"image":{"@id":"https:\/\/www.intoscana.it\/it\/valdichiana-senese-e-capitale-toscana-della-cultura-2025-giani-al-lavoro-per-valorizzare-i-dieci-comuni\/#primaryimage"},"thumbnailUrl":"https:\/\/www.intoscana.it\/wp-content\/uploads\/Il-presidente-Giani-nei-comuni-della-Valdichiana-senese.jpeg","datePublished":"2024-01-02T08:09:14+00:00","dateModified":"2025-01-02T16:09:56+00:00","author":{"@id":"https:\/\/www.intoscana.it\/it\/#\/schema\/person\/9223810753230f20bd670fdd322661f8"},"description":"Il tour del presidente per consegnare la targa ad ognuna delle dieci amministrazioni: Cetona, Chianciano Terme, Chiusi, Montepulciano, San Casciano dei Bagni, Sarteano, Sinalunga, Torrita di Siena, Pienza e Trequanda","breadcrumb":{"@id":"https:\/\/www.intoscana.it\/it\/valdichiana-senese-e-capitale-toscana-della-cultura-2025-giani-al-lavoro-per-valorizzare-i-dieci-comuni\/#breadcrumb"},"inLanguage":"it-IT","potentialAction":[{"@type":"ReadAction","target":["https:\/\/www.intoscana.it\/it\/valdichiana-senese-e-capitale-toscana-della-cultura-2025-giani-al-lavoro-per-valorizzare-i-dieci-comuni\/"]}]},{"@type":"ImageObject","inLanguage":"it-IT","@id":"https:\/\/www.intoscana.it\/it\/valdichiana-senese-e-capitale-toscana-della-cultura-2025-giani-al-lavoro-per-valorizzare-i-dieci-comuni\/#primaryimage","url":"https:\/\/www.intoscana.it\/wp-content\/uploads\/Il-presidente-Giani-nei-comuni-della-Valdichiana-senese.jpeg","contentUrl":"https:\/\/www.intoscana.it\/wp-content\/uploads\/Il-presidente-Giani-nei-comuni-della-Valdichiana-senese.jpeg","width":1600,"height":1066},{"@type":"BreadcrumbList","@id":"https:\/\/www.intoscana.it\/it\/valdichiana-senese-e-capitale-toscana-della-cultura-2025-giani-al-lavoro-per-valorizzare-i-dieci-comuni\/#breadcrumb","itemListElement":[{"@type":"ListItem","position":1,"name":"Home","item":"https:\/\/www.intoscana.it\/it\/"},{"@type":"ListItem","position":2,"name":"Valdichiana senese \u00e8 capitale toscana della cultura 2025, Giani: &#8220;Ci rappresentate nel mondo&#8221;"}]},{"@type":"WebSite","@id":"https:\/\/www.intoscana.it\/it\/#website","url":"https:\/\/www.intoscana.it\/it\/","name":"intoscana","description":"","potentialAction":[{"@type":"SearchAction","target":{"@type":"EntryPoint","urlTemplate":"https:\/\/www.intoscana.it\/it\/?s={search_term_string}"},"query-input":{"@type":"PropertyValueSpecification","valueRequired":true,"valueName":"search_term_string"}}],"inLanguage":"it-IT"},{"@type":"Person","@id":"https:\/\/www.intoscana.it\/it\/#\/schema\/person\/9223810753230f20bd670fdd322661f8","name":"Redazione","url":"https:\/\/www.intoscana.it\/it\/author\/redazione\/"}]}},"_links":{"self":[{"href":"https:\/\/www.intoscana.it\/it\/wp-json\/wp\/v2\/posts\/369572","targetHints":{"allow":["GET"]}}],"collection":[{"href":"https:\/\/www.intoscana.it\/it\/wp-json\/wp\/v2\/posts"}],"about":[{"href":"https:\/\/www.intoscana.it\/it\/wp-json\/wp\/v2\/types\/post"}],"author":[{"embeddable":true,"href":"https:\/\/www.intoscana.it\/it\/wp-json\/wp\/v2\/users\/525"}],"replies":[{"embeddable":true,"href":"https:\/\/www.intoscana.it\/it\/wp-json\/wp\/v2\/comments?post=369572"}],"version-history":[{"count":12,"href":"https:\/\/www.intoscana.it\/it\/wp-json\/wp\/v2\/posts\/369572\/revisions"}],"predecessor-version":[{"id":369825,"href":"https:\/\/www.intoscana.it\/it\/wp-json\/wp\/v2\/posts\/369572\/revisions\/369825"}],"wp:featuredmedia":[{"embeddable":true,"href":"https:\/\/www.intoscana.it\/it\/wp-json\/wp\/v2\/media\/369819"}],"wp:attachment":[{"href":"https:\/\/www.intoscana.it\/it\/wp-json\/wp\/v2\/media?parent=369572"}],"wp:term":[{"taxonomy":"category","embeddable":true,"href":"https:\/\/www.intoscana.it\/it\/wp-json\/wp\/v2\/categories?post=369572"},{"taxonomy":"post_tag","embeddable":true,"href":"https:\/\/www.intoscana.it\/it\/wp-json\/wp\/v2\/tags?post=369572"}],"curies":[{"name":"wp","href":"https:\/\/api.w.org\/{rel}","templated":true}]}}