{"id":370158,"date":"2025-01-07T17:11:37","date_gmt":"2025-01-07T16:11:37","guid":{"rendered":"https:\/\/www.intoscana.it\/it\/?p=370158"},"modified":"2025-01-09T10:31:07","modified_gmt":"2025-01-09T09:31:07","slug":"lucca-inaugurato-il-primo-lotto-dellasse-suburbano-giani-unopera-che-rivoluzionera-la-viabilita","status":"publish","type":"post","link":"https:\/\/www.intoscana.it\/it\/lucca-inaugurato-il-primo-lotto-dellasse-suburbano-giani-unopera-che-rivoluzionera-la-viabilita\/","title":{"rendered":"Lucca, inaugurato il primo lotto dell&#8217;asse suburbano. Giani: &#8220;Un&#8217;opera che rivoluzioner\u00e0 la viabilit\u00e0&#8221;"},"content":{"rendered":"<p>Inaugurato il 7 gennaio a <strong>Lucca<\/strong>\u00a0il cantiere del primo lotto dell&#8217;<strong>asse suburbano<\/strong>, l&#8217;arteria che metter\u00e0 in collegamento via del Brennero e il nuovo ponte sul Serchio con la rotatoria fra viale Castracani e via Dante Alighieri.<\/p>\n<p>A dare il via al cantiere allestito in via della Santissima Annunziata all&#8217;incrocio con via Martiri delle Foibe, il presidente della Regione <strong>Eugenio Giani<\/strong> insieme al sindaco <strong>Mario Pardini<\/strong> e all&#8217;assessore regionale alle infrastrutture <strong>Stefano Baccelli<\/strong>. &#8220;Dopo 30 anni &#8211; ha dichiarato il presidente &#8211; partono i lavori&#8221;, <mark>&#8220;un&#8217;opera storica che rivoluzioner\u00e0 la viabilit\u00e0 di Lucca perch\u00e9 costituir\u00e0 lo sbocco del nuovoponte sul Serchio e sar\u00e0 un percorso fluido fino alla zona dell&#8217;Ospedale&#8221;.<\/mark> &#8220;L&#8217;iter di quest&#8217;opera non \u00e8 stato facile &#8211; ha aggiunto Giani &#8211; soprattutto perch\u00e9 interessa una zona fortemente urbanizzata, ma abbiamo lavorato tutti per superare le difficolt\u00e0 e raggiungere un risultato che rappresenta un vero interesse generale che sar\u00e0 compreso e apprezzato immediatamente dai cittadini non appena l&#8217;opera sar\u00e0 completata&#8221;.<\/p>\n<p>&#8220;In due anni &#8211; aggiunge il sindaco &#8211; realizzeremo questo primo tratto che vedr\u00e0 anche la costruzione di un piccolo <strong>viadotto<\/strong> che scavalca la linea ferroviaria e via delle Ville per ritornare poi con il tracciato al livello del suolo. <mark>Un risultato storico finanziato dalla Regione Toscana ma frutto del lavoro dei nostri uffici&#8221;.<\/mark><\/p>\n<p>Il percorso partir\u00e0 dalla rotatoria dell&#8217;Acquacalda, dove esiste gi\u00e0 il collegamento di innesto a <strong>via del Brennero<\/strong> e dove approder\u00e0 la viabilit\u00e0 connessa al nuovo Ponte Sul Serchio. Da qui il nuovo tratto di strada proceder\u00e0 fino a via della Santissima Annunziata e sar\u00e0 in parte a raso e in parte sopraelevato, nel punto in cui dovr\u00e0 superare con un cavalcavia via delle Ville e la ferrovia. Nell&#8217;innesto su via Martiri delle Foibe sar\u00e0 inoltre realizzata una nuova rotatoria. L&#8217;arteria sar\u00e0 dotata di <strong>pista una ciclabile<\/strong> a doppio senso e da un percorso pedonale.<\/p>\n<p>Il costo complessivo di questo lotto \u00e8 di <strong>8.315.000 euro<\/strong> di cui 6,9 milioni della Regione Toscana, 1.1 milioni finanziati tramite prestito flessibile contratto a carico del Comune di\u00a0Lucca\u00a0e 315mila euro di fondi comunali.<\/p>\n<p>&nbsp;<\/p>\n","protected":false},"excerpt":{"rendered":"<p>L&#8217;arteria metter\u00e0 in collegamento via del Brennero e il nuovo ponte sul Serchio con la rotatoria fra viale Castracani e via Dante Alighieri<\/p>\n","protected":false},"author":525,"featured_media":370160,"comment_status":"open","ping_status":"open","sticky":false,"template":"","format":"standard","meta":{"_acf_changed":false,"footnotes":""},"categories":[494],"tags":[158,170,1577,4818],"class_list":["post-370158","post","type-post","status-publish","format-standard","has-post-thumbnail","hentry","category-attualita","tag-eugenio-giani","tag-lucca","tag-muoversi-in-toscana","tag-stefano-baccelli"],"acf":[],"yoast_head":"<!-- This site is optimized with the Yoast SEO Premium plugin v24.2 (Yoast SEO v25.6) - https:\/\/yoast.com\/wordpress\/plugins\/seo\/ -->\n<title>Lucca, inaugurato il primo lotto dell&#039;asse suburbano. Giani: &quot;Un&#039;opera che rivoluzioner\u00e0 la viabilit\u00e0&quot; - intoscana<\/title>\n<meta name=\"description\" content=\"L&#039;arteria metter\u00e0 in collegamento via del Brennero e il nuovo ponte sul Serchio con la rotatoria fra viale Castracani e via Dante Alighieri\" \/>\n<meta name=\"robots\" content=\"index, follow, max-snippet:-1, max-image-preview:large, max-video-preview:-1\" \/>\n<link rel=\"canonical\" href=\"https:\/\/www.intoscana.it\/it\/lucca-inaugurato-il-primo-lotto-dellasse-suburbano-giani-unopera-che-rivoluzionera-la-viabilita\/\" \/>\n<meta property=\"og:locale\" content=\"it_IT\" \/>\n<meta property=\"og:type\" content=\"article\" \/>\n<meta property=\"og:title\" content=\"Lucca, inaugurato il primo lotto dell&#039;asse suburbano. Giani: &quot;Un&#039;opera che rivoluzioner\u00e0 la viabilit\u00e0&quot;\" \/>\n<meta property=\"og:description\" content=\"L&#039;arteria metter\u00e0 in collegamento via del Brennero e il nuovo ponte sul Serchio con la rotatoria fra viale Castracani e via Dante Alighieri\" \/>\n<meta property=\"og:url\" content=\"https:\/\/www.intoscana.it\/it\/lucca-inaugurato-il-primo-lotto-dellasse-suburbano-giani-unopera-che-rivoluzionera-la-viabilita\/\" \/>\n<meta property=\"og:site_name\" content=\"intoscana\" \/>\n<meta property=\"article:publisher\" content=\"https:\/\/www.facebook.com\/intoscana.it\" \/>\n<meta property=\"article:published_time\" content=\"2025-01-07T16:11:37+00:00\" \/>\n<meta property=\"article:modified_time\" content=\"2025-01-09T09:31:07+00:00\" \/>\n<meta property=\"og:image\" content=\"https:\/\/www.intoscana.it\/wp-content\/uploads\/Screenshot-2025-01-07-17.03.49.jpeg\" \/>\n\t<meta property=\"og:image:width\" content=\"1170\" \/>\n\t<meta property=\"og:image:height\" content=\"869\" \/>\n\t<meta property=\"og:image:type\" content=\"image\/jpeg\" \/>\n<meta name=\"author\" content=\"Redazione\" \/>\n<meta name=\"twitter:card\" content=\"summary_large_image\" \/>\n<meta name=\"twitter:creator\" content=\"@intoscana\" \/>\n<meta name=\"twitter:site\" content=\"@intoscana\" \/>\n<meta name=\"twitter:label1\" content=\"Written by\" \/>\n\t<meta name=\"twitter:data1\" content=\"Redazione\" \/>\n\t<meta name=\"twitter:label2\" content=\"Est. reading time\" \/>\n\t<meta name=\"twitter:data2\" content=\"3 minuti\" \/>\n<script type=\"application\/ld+json\" class=\"yoast-schema-graph\">{\"@context\":\"https:\/\/schema.org\",\"@graph\":[{\"@type\":\"WebPage\",\"@id\":\"https:\/\/www.intoscana.it\/it\/lucca-inaugurato-il-primo-lotto-dellasse-suburbano-giani-unopera-che-rivoluzionera-la-viabilita\/\",\"url\":\"https:\/\/www.intoscana.it\/it\/lucca-inaugurato-il-primo-lotto-dellasse-suburbano-giani-unopera-che-rivoluzionera-la-viabilita\/\",\"name\":\"Lucca, inaugurato il primo lotto dell'asse suburbano. Giani: \\\"Un'opera che rivoluzioner\u00e0 la viabilit\u00e0\\\" - intoscana\",\"isPartOf\":{\"@id\":\"https:\/\/www.intoscana.it\/it\/#website\"},\"primaryImageOfPage\":{\"@id\":\"https:\/\/www.intoscana.it\/it\/lucca-inaugurato-il-primo-lotto-dellasse-suburbano-giani-unopera-che-rivoluzionera-la-viabilita\/#primaryimage\"},\"image\":{\"@id\":\"https:\/\/www.intoscana.it\/it\/lucca-inaugurato-il-primo-lotto-dellasse-suburbano-giani-unopera-che-rivoluzionera-la-viabilita\/#primaryimage\"},\"thumbnailUrl\":\"https:\/\/www.intoscana.it\/wp-content\/uploads\/Screenshot-2025-01-07-17.03.49.jpeg\",\"datePublished\":\"2025-01-07T16:11:37+00:00\",\"dateModified\":\"2025-01-09T09:31:07+00:00\",\"author\":{\"@id\":\"https:\/\/www.intoscana.it\/it\/#\/schema\/person\/9223810753230f20bd670fdd322661f8\"},\"description\":\"L'arteria metter\u00e0 in collegamento via del Brennero e il nuovo ponte sul Serchio con la rotatoria fra viale Castracani e via Dante Alighieri\",\"breadcrumb\":{\"@id\":\"https:\/\/www.intoscana.it\/it\/lucca-inaugurato-il-primo-lotto-dellasse-suburbano-giani-unopera-che-rivoluzionera-la-viabilita\/#breadcrumb\"},\"inLanguage\":\"it-IT\",\"potentialAction\":[{\"@type\":\"ReadAction\",\"target\":[\"https:\/\/www.intoscana.it\/it\/lucca-inaugurato-il-primo-lotto-dellasse-suburbano-giani-unopera-che-rivoluzionera-la-viabilita\/\"]}]},{\"@type\":\"ImageObject\",\"inLanguage\":\"it-IT\",\"@id\":\"https:\/\/www.intoscana.it\/it\/lucca-inaugurato-il-primo-lotto-dellasse-suburbano-giani-unopera-che-rivoluzionera-la-viabilita\/#primaryimage\",\"url\":\"https:\/\/www.intoscana.it\/wp-content\/uploads\/Screenshot-2025-01-07-17.03.49.jpeg\",\"contentUrl\":\"https:\/\/www.intoscana.it\/wp-content\/uploads\/Screenshot-2025-01-07-17.03.49.jpeg\",\"width\":1170,\"height\":869},{\"@type\":\"BreadcrumbList\",\"@id\":\"https:\/\/www.intoscana.it\/it\/lucca-inaugurato-il-primo-lotto-dellasse-suburbano-giani-unopera-che-rivoluzionera-la-viabilita\/#breadcrumb\",\"itemListElement\":[{\"@type\":\"ListItem\",\"position\":1,\"name\":\"Home\",\"item\":\"https:\/\/www.intoscana.it\/it\/\"},{\"@type\":\"ListItem\",\"position\":2,\"name\":\"Lucca, inaugurato il primo lotto dell&#8217;asse suburbano. Giani: &#8220;Un&#8217;opera che rivoluzioner\u00e0 la viabilit\u00e0&#8221;\"}]},{\"@type\":\"WebSite\",\"@id\":\"https:\/\/www.intoscana.it\/it\/#website\",\"url\":\"https:\/\/www.intoscana.it\/it\/\",\"name\":\"intoscana\",\"description\":\"\",\"potentialAction\":[{\"@type\":\"SearchAction\",\"target\":{\"@type\":\"EntryPoint\",\"urlTemplate\":\"https:\/\/www.intoscana.it\/it\/?s={search_term_string}\"},\"query-input\":{\"@type\":\"PropertyValueSpecification\",\"valueRequired\":true,\"valueName\":\"search_term_string\"}}],\"inLanguage\":\"it-IT\"},{\"@type\":\"Person\",\"@id\":\"https:\/\/www.intoscana.it\/it\/#\/schema\/person\/9223810753230f20bd670fdd322661f8\",\"name\":\"Redazione\",\"url\":\"https:\/\/www.intoscana.it\/it\/author\/redazione\/\"}]}<\/script>\n<!-- \/ Yoast SEO Premium plugin. -->","yoast_head_json":{"title":"Lucca, inaugurato il primo lotto dell'asse suburbano. Giani: \"Un'opera che rivoluzioner\u00e0 la viabilit\u00e0\" - intoscana","description":"L'arteria metter\u00e0 in collegamento via del Brennero e il nuovo ponte sul Serchio con la rotatoria fra viale Castracani e via Dante Alighieri","robots":{"index":"index","follow":"follow","max-snippet":"max-snippet:-1","max-image-preview":"max-image-preview:large","max-video-preview":"max-video-preview:-1"},"canonical":"https:\/\/www.intoscana.it\/it\/lucca-inaugurato-il-primo-lotto-dellasse-suburbano-giani-unopera-che-rivoluzionera-la-viabilita\/","og_locale":"it_IT","og_type":"article","og_title":"Lucca, inaugurato il primo lotto dell'asse suburbano. Giani: \"Un'opera che rivoluzioner\u00e0 la viabilit\u00e0\"","og_description":"L'arteria metter\u00e0 in collegamento via del Brennero e il nuovo ponte sul Serchio con la rotatoria fra viale Castracani e via Dante Alighieri","og_url":"https:\/\/www.intoscana.it\/it\/lucca-inaugurato-il-primo-lotto-dellasse-suburbano-giani-unopera-che-rivoluzionera-la-viabilita\/","og_site_name":"intoscana","article_publisher":"https:\/\/www.facebook.com\/intoscana.it","article_published_time":"2025-01-07T16:11:37+00:00","article_modified_time":"2025-01-09T09:31:07+00:00","og_image":[{"width":1170,"height":869,"url":"https:\/\/www.intoscana.it\/wp-content\/uploads\/Screenshot-2025-01-07-17.03.49.jpeg","type":"image\/jpeg"}],"author":"Redazione","twitter_card":"summary_large_image","twitter_creator":"@intoscana","twitter_site":"@intoscana","twitter_misc":{"Written by":"Redazione","Est. reading time":"3 minuti"},"schema":{"@context":"https:\/\/schema.org","@graph":[{"@type":"WebPage","@id":"https:\/\/www.intoscana.it\/it\/lucca-inaugurato-il-primo-lotto-dellasse-suburbano-giani-unopera-che-rivoluzionera-la-viabilita\/","url":"https:\/\/www.intoscana.it\/it\/lucca-inaugurato-il-primo-lotto-dellasse-suburbano-giani-unopera-che-rivoluzionera-la-viabilita\/","name":"Lucca, inaugurato il primo lotto dell'asse suburbano. Giani: \"Un'opera che rivoluzioner\u00e0 la viabilit\u00e0\" - intoscana","isPartOf":{"@id":"https:\/\/www.intoscana.it\/it\/#website"},"primaryImageOfPage":{"@id":"https:\/\/www.intoscana.it\/it\/lucca-inaugurato-il-primo-lotto-dellasse-suburbano-giani-unopera-che-rivoluzionera-la-viabilita\/#primaryimage"},"image":{"@id":"https:\/\/www.intoscana.it\/it\/lucca-inaugurato-il-primo-lotto-dellasse-suburbano-giani-unopera-che-rivoluzionera-la-viabilita\/#primaryimage"},"thumbnailUrl":"https:\/\/www.intoscana.it\/wp-content\/uploads\/Screenshot-2025-01-07-17.03.49.jpeg","datePublished":"2025-01-07T16:11:37+00:00","dateModified":"2025-01-09T09:31:07+00:00","author":{"@id":"https:\/\/www.intoscana.it\/it\/#\/schema\/person\/9223810753230f20bd670fdd322661f8"},"description":"L'arteria metter\u00e0 in collegamento via del Brennero e il nuovo ponte sul Serchio con la rotatoria fra viale Castracani e via Dante Alighieri","breadcrumb":{"@id":"https:\/\/www.intoscana.it\/it\/lucca-inaugurato-il-primo-lotto-dellasse-suburbano-giani-unopera-che-rivoluzionera-la-viabilita\/#breadcrumb"},"inLanguage":"it-IT","potentialAction":[{"@type":"ReadAction","target":["https:\/\/www.intoscana.it\/it\/lucca-inaugurato-il-primo-lotto-dellasse-suburbano-giani-unopera-che-rivoluzionera-la-viabilita\/"]}]},{"@type":"ImageObject","inLanguage":"it-IT","@id":"https:\/\/www.intoscana.it\/it\/lucca-inaugurato-il-primo-lotto-dellasse-suburbano-giani-unopera-che-rivoluzionera-la-viabilita\/#primaryimage","url":"https:\/\/www.intoscana.it\/wp-content\/uploads\/Screenshot-2025-01-07-17.03.49.jpeg","contentUrl":"https:\/\/www.intoscana.it\/wp-content\/uploads\/Screenshot-2025-01-07-17.03.49.jpeg","width":1170,"height":869},{"@type":"BreadcrumbList","@id":"https:\/\/www.intoscana.it\/it\/lucca-inaugurato-il-primo-lotto-dellasse-suburbano-giani-unopera-che-rivoluzionera-la-viabilita\/#breadcrumb","itemListElement":[{"@type":"ListItem","position":1,"name":"Home","item":"https:\/\/www.intoscana.it\/it\/"},{"@type":"ListItem","position":2,"name":"Lucca, inaugurato il primo lotto dell&#8217;asse suburbano. Giani: &#8220;Un&#8217;opera che rivoluzioner\u00e0 la viabilit\u00e0&#8221;"}]},{"@type":"WebSite","@id":"https:\/\/www.intoscana.it\/it\/#website","url":"https:\/\/www.intoscana.it\/it\/","name":"intoscana","description":"","potentialAction":[{"@type":"SearchAction","target":{"@type":"EntryPoint","urlTemplate":"https:\/\/www.intoscana.it\/it\/?s={search_term_string}"},"query-input":{"@type":"PropertyValueSpecification","valueRequired":true,"valueName":"search_term_string"}}],"inLanguage":"it-IT"},{"@type":"Person","@id":"https:\/\/www.intoscana.it\/it\/#\/schema\/person\/9223810753230f20bd670fdd322661f8","name":"Redazione","url":"https:\/\/www.intoscana.it\/it\/author\/redazione\/"}]}},"_links":{"self":[{"href":"https:\/\/www.intoscana.it\/it\/wp-json\/wp\/v2\/posts\/370158","targetHints":{"allow":["GET"]}}],"collection":[{"href":"https:\/\/www.intoscana.it\/it\/wp-json\/wp\/v2\/posts"}],"about":[{"href":"https:\/\/www.intoscana.it\/it\/wp-json\/wp\/v2\/types\/post"}],"author":[{"embeddable":true,"href":"https:\/\/www.intoscana.it\/it\/wp-json\/wp\/v2\/users\/525"}],"replies":[{"embeddable":true,"href":"https:\/\/www.intoscana.it\/it\/wp-json\/wp\/v2\/comments?post=370158"}],"version-history":[{"count":7,"href":"https:\/\/www.intoscana.it\/it\/wp-json\/wp\/v2\/posts\/370158\/revisions"}],"predecessor-version":[{"id":370360,"href":"https:\/\/www.intoscana.it\/it\/wp-json\/wp\/v2\/posts\/370158\/revisions\/370360"}],"wp:featuredmedia":[{"embeddable":true,"href":"https:\/\/www.intoscana.it\/it\/wp-json\/wp\/v2\/media\/370160"}],"wp:attachment":[{"href":"https:\/\/www.intoscana.it\/it\/wp-json\/wp\/v2\/media?parent=370158"}],"wp:term":[{"taxonomy":"category","embeddable":true,"href":"https:\/\/www.intoscana.it\/it\/wp-json\/wp\/v2\/categories?post=370158"},{"taxonomy":"post_tag","embeddable":true,"href":"https:\/\/www.intoscana.it\/it\/wp-json\/wp\/v2\/tags?post=370158"}],"curies":[{"name":"wp","href":"https:\/\/api.w.org\/{rel}","templated":true}]}}