{"id":370574,"date":"2025-01-10T15:17:47","date_gmt":"2025-01-10T14:17:47","guid":{"rendered":"https:\/\/www.intoscana.it\/it\/?p=370574"},"modified":"2025-01-10T15:18:13","modified_gmt":"2025-01-10T14:18:13","slug":"carnevale-di-firenze-2025","status":"publish","type":"post","link":"https:\/\/www.intoscana.it\/it\/carnevale-di-firenze-2025\/","title":{"rendered":"Torna il Carnevale di Firenze, per le vie del centro le maschere pi\u00f9 belle del Rinascimento"},"content":{"rendered":"<p>Per Firenze \u00e8 una tradizione storica, un evento esclusivo che unisce tradizione, eleganza e divertimento in una cornice di straordinaria: stiamo parlando del<strong> Carnevale di Firenze<\/strong> che torner\u00e0 a riempire di colori e magia la citt\u00e0 il prossimo <strong>8 e 9 febbraio.<\/strong><\/p>\n<p>Due saranno i momenti clou dell\u2019edizione 2025: il <strong>Gran Ballo \u201cRegine a Palazzo&#8221;<\/strong> che si terr\u00e0 l\u20198 febbraio presso il Salone dei Cinquecento di Palazzo Vecchio e la <strong>parata di Carnevale<\/strong>, il 9 febbraio da piazza Santa Maria Novella a piazza della Signoria.<\/p>\n<p>\u201cUn\u2019occasione straordinaria\u2013 ha commentato il presidente della Regione Toscana <strong>Eugenio Giani &#8211;<\/strong> per vedere sfilare nelle strade del centro storico le maschere pi\u00f9 belle, che rendono omaggio a figure come Caterina de\u2019 Medici o Maria Luisa de\u2019 Medici, Eleonora da Toledo e tante altre. Un evento culturale che culmina con il Gran Gal\u00e0 in maschera nel Salone de\u2019 Cinquecento di Palazzo Vecchio, nato dalla creativit\u00e0 di Antonia Sautter, ideatrice del celebre Ballo del Doge di Venezia, che raccontando alcune delle protagoniste della storia che hanno fatto grande Firenze, da <strong>Caterina de Medici<\/strong> all\u2019<strong>Elettrice Palatina<\/strong>, o che hanno contribuito a dare visibilit\u00e0 alle donne, \u00e8 un invito e un auspicio per le giovani generazioni a occupare la scena della vita pubblica\u201d.<\/p>\n<h3>Il Gran Ballo \u201cRegine a Palazzo\u201d<\/h3>\n<p><mark>Il gran ballo celebra l\u2019antica tradizione dei balli in maschera, nati alla corte di Lorenzo de&#8217; Medici e tipici del Rinascimento <\/mark>.<\/p>\n<p>La serata inizier\u00e0 con un benvenuto nel Cortile del Michelozzo, dove giullari di corte e attori della commedia dell\u2019arte animeranno un accurato welcome cocktail. Un maestro di cerimonia introdurr\u00e0 gli ospiti e i personaggi della storia nel Salone dei Cinquecento. La cena di gala vedr\u00e0 proporre un men\u00f9 ispirato alla tradizione culinaria toscana come al tempo dei Medici.<\/p>\n<p>Lo spettacolo ideato e diretto da <strong>Antonia Sautter a<\/strong>vr\u00e0 luogo nel Salone dei Cinquecento: ispirandosi al \u201cSogno di Volare\u201d di Leonardo, <mark>la stilista veneziana metter\u00e0 in scena la sua interpretazione sartoriale della perfetta alchimia tra intelligenza, gentilezza, creativit\u00e0 e forza delle donne che riusc\u00ec a trasformare Firenze nella culla del Rinascimento <\/mark>.<\/p>\n<p>Il <strong>ricavato<\/strong> della serata sar\u00e0 devoluto a sostenere due importanti progetti benefici: la <strong>Lega del Filo d\u2019Oro<\/strong> e la Y<strong>OU Foundation<\/strong>, in relazioni UNESCO, confermando cos\u00ec l\u2019impegno del Gran Ballo di Carnevale nel promuovere cultura, arte e solidariet\u00e0.<\/p>\n<p>\u201cUn Carnevale storico \u2013 ha aggiunto l\u2019assessore del Comune di Firenze <strong>Letizia Perini<\/strong> &#8211; che ci riporter\u00e0 nelle atmosfere festose e gioiose della corte rinascimentale dei Medici, un grande appuntamento, che vedr\u00e0 il centro storico trasformarsi in un&#8217;esplosione di abiti e colori e metter\u00e0 in evidenza anche il grande cuore di Firenze, grazie al sostegno a due progetti benefici: la Lega del Filo d\u2019Oro e la YOU Foundation&#8221;.<\/p>\n<h3>La parata di Carnevale<\/h3>\n<p>Ecco il programma della parata del 9 febbraio: dalle ore <strong>14:00,<\/strong> ritrovo in piazza Santa Maria Novella con \u201c<strong>Aspettando il Carnevale<\/strong>\u201d in collaborazione con Lady Radio, media partner. Musica e animazione per far crescere l\u2019attesa del Carnevale, presentare le delegazioni che sfileranno ed invitare grandi e piccini a partecipare in maschera e vincere premi. \u00a0Alle ore 15:30, partenza della Parata da piazza Santa Maria Novella che interesser\u00e0 il seguente percorso: <mark>piazza Santa Maria Novella, via de\u2019 Banchi, via Barbadori, via de\u2019 Rondinelli, via Tornabuoni, Lungarno degli Acciaioli, Por Santa Maria, via Vacchereccia. L\u2019arrivo \u00e8, come da tradizione, in piazza della Signoria <\/mark> dove dalle ore 15:00 partir\u00e0 l\u2019animazione in attesa dell\u2019arrivo della parata.<\/p>\n<p>La parata sar\u00e0 capitanata da <strong>Stenterello<\/strong>, figura del Carnevale di Firenze, a bordo di <strong>vetture storiche del Camet<\/strong> (Club Auto e Moto d\u2019Epoca Toscano).<\/p>\n<p>Il Gran Giur\u00ec assegner\u00e0 i prestigiosi premi, tra i quali il <strong>premio Stenterello 2025<\/strong>, realizzato dal maestro orafo Paolo Penko.<\/p>\n<h3>Per un\u2019offerta turistica anche in \u201cbassa stagione\u201d<\/h3>\n<p>Il Carnevale, giunto alla sua terza edizione, \u00e8 anche un\u2019occasione per dare occasione turistica in un periodo di bassa stagione, cos\u00ec come afferma la <strong>vice presidente dell\u2019associazione Carnevale di Firenze, Federica Rotondo<\/strong>: \u201cQuest\u2019anno festeggiamo la terza edizione di questo appuntamento. Il nostro impegno, come organizzatori, \u00e8 quello di contribuire ad alzare il livello qualitativo della proposta su scala internazionale, grazie alla collaborazione con l\u2019Atelier della stilista veneziana Antonia Sautter che da oltre trenta anni esprime l\u2019eleganza dei costumi veneziani. Al contempo, raccogliere fondi per sostenere i progetti benefici con segnali tangibili, e riportare una festa popolare ai fasti che le competono considerata la storia di questa tradizione che risale al periodo mediceo. Il tutto in un\u2019ottica di apertura, inclusione e cooperazione con le molte iniziative nate spontaneamente negli anni. Ci sia consentito un ultimo riferimento alla stagionalit\u00e0: <mark>da anni si parla di creare eventi di richiamo anche nel periodo di bassa stagione, il Carnevale si colloca proprio in questo arco temporale, lavorando insieme questo pu\u00f2 essere un percorso interessante per tutti gli operatori del turismo\u201d <\/mark>.<\/p>\n<p>&nbsp;<\/p>\n","protected":false},"excerpt":{"rendered":"<p>Due i momenti clou: la parata e il gran ballo che celebra l\u2019antica tradizione dei balli in maschera alla corte di Lorenzo de&#8217; Medici e tipici del Rinascimento, quest&#8217;anno con uno speciale tributo alle donne<\/p>\n","protected":false},"author":503,"featured_media":370583,"comment_status":"open","ping_status":"open","sticky":false,"template":"","format":"standard","meta":{"_acf_changed":false,"footnotes":""},"categories":[493],"tags":[269,388,4528,175,2122],"class_list":["post-370574","post","type-post","status-publish","format-standard","has-post-thumbnail","hentry","category-cultura","tag-carnevale","tag-eventi-a-firenze","tag-medici","tag-storia","tag-tradizione"],"acf":[],"yoast_head":"<!-- This site is optimized with the Yoast SEO Premium plugin v24.2 (Yoast SEO v25.6) - https:\/\/yoast.com\/wordpress\/plugins\/seo\/ -->\n<title>Torna il Carnevale di Firenze, per le vie del centro le maschere pi\u00f9 belle del Rinascimento - intoscana<\/title>\n<meta name=\"description\" content=\"Due i momenti clou: la parata e il gran ballo che celebra l\u2019antica tradizione dei balli in maschera. Ecco il programma\" \/>\n<meta name=\"robots\" content=\"index, follow, max-snippet:-1, max-image-preview:large, max-video-preview:-1\" \/>\n<link rel=\"canonical\" href=\"https:\/\/www.intoscana.it\/it\/carnevale-di-firenze-2025\/\" \/>\n<meta property=\"og:locale\" content=\"it_IT\" \/>\n<meta property=\"og:type\" content=\"article\" \/>\n<meta property=\"og:title\" content=\"Torna il Carnevale di Firenze, per le vie del centro le maschere pi\u00f9 belle del Rinascimento\" \/>\n<meta property=\"og:description\" content=\"Due i momenti clou: la parata e il gran ballo che celebra l\u2019antica tradizione dei balli in maschera. Ecco il programma\" \/>\n<meta property=\"og:url\" content=\"https:\/\/www.intoscana.it\/it\/carnevale-di-firenze-2025\/\" \/>\n<meta property=\"og:site_name\" content=\"intoscana\" \/>\n<meta property=\"article:publisher\" content=\"https:\/\/www.facebook.com\/intoscana.it\" \/>\n<meta property=\"article:published_time\" content=\"2025-01-10T14:17:47+00:00\" \/>\n<meta property=\"article:modified_time\" content=\"2025-01-10T14:18:13+00:00\" \/>\n<meta property=\"og:image\" content=\"https:\/\/www.intoscana.it\/wp-content\/uploads\/Carnevale-Firenze_2024.jpg\" \/>\n\t<meta property=\"og:image:width\" content=\"1080\" \/>\n\t<meta property=\"og:image:height\" content=\"1080\" \/>\n\t<meta property=\"og:image:type\" content=\"image\/jpeg\" \/>\n<meta name=\"author\" content=\"Giulia Rafanelli\" \/>\n<meta name=\"twitter:card\" content=\"summary_large_image\" \/>\n<meta name=\"twitter:creator\" content=\"@intoscana\" \/>\n<meta name=\"twitter:site\" content=\"@intoscana\" \/>\n<meta name=\"twitter:label1\" content=\"Written by\" \/>\n\t<meta name=\"twitter:data1\" content=\"Giulia Rafanelli\" \/>\n\t<meta name=\"twitter:label2\" content=\"Est. reading time\" \/>\n\t<meta name=\"twitter:data2\" content=\"5 minuti\" \/>\n<script type=\"application\/ld+json\" class=\"yoast-schema-graph\">{\"@context\":\"https:\/\/schema.org\",\"@graph\":[{\"@type\":\"WebPage\",\"@id\":\"https:\/\/www.intoscana.it\/it\/carnevale-di-firenze-2025\/\",\"url\":\"https:\/\/www.intoscana.it\/it\/carnevale-di-firenze-2025\/\",\"name\":\"Torna il Carnevale di Firenze, per le vie del centro le maschere pi\u00f9 belle del Rinascimento - intoscana\",\"isPartOf\":{\"@id\":\"https:\/\/www.intoscana.it\/it\/#website\"},\"primaryImageOfPage\":{\"@id\":\"https:\/\/www.intoscana.it\/it\/carnevale-di-firenze-2025\/#primaryimage\"},\"image\":{\"@id\":\"https:\/\/www.intoscana.it\/it\/carnevale-di-firenze-2025\/#primaryimage\"},\"thumbnailUrl\":\"https:\/\/www.intoscana.it\/wp-content\/uploads\/Carnevale-Firenze_2024.jpg\",\"datePublished\":\"2025-01-10T14:17:47+00:00\",\"dateModified\":\"2025-01-10T14:18:13+00:00\",\"author\":{\"@id\":\"https:\/\/www.intoscana.it\/it\/#\/schema\/person\/333569b367b301e30262defcea56c939\"},\"description\":\"Due i momenti clou: la parata e il gran ballo che celebra l\u2019antica tradizione dei balli in maschera. Ecco il programma\",\"breadcrumb\":{\"@id\":\"https:\/\/www.intoscana.it\/it\/carnevale-di-firenze-2025\/#breadcrumb\"},\"inLanguage\":\"it-IT\",\"potentialAction\":[{\"@type\":\"ReadAction\",\"target\":[\"https:\/\/www.intoscana.it\/it\/carnevale-di-firenze-2025\/\"]}]},{\"@type\":\"ImageObject\",\"inLanguage\":\"it-IT\",\"@id\":\"https:\/\/www.intoscana.it\/it\/carnevale-di-firenze-2025\/#primaryimage\",\"url\":\"https:\/\/www.intoscana.it\/wp-content\/uploads\/Carnevale-Firenze_2024.jpg\",\"contentUrl\":\"https:\/\/www.intoscana.it\/wp-content\/uploads\/Carnevale-Firenze_2024.jpg\",\"width\":1080,\"height\":1080,\"caption\":\"Carnevale Firenze 2024\"},{\"@type\":\"BreadcrumbList\",\"@id\":\"https:\/\/www.intoscana.it\/it\/carnevale-di-firenze-2025\/#breadcrumb\",\"itemListElement\":[{\"@type\":\"ListItem\",\"position\":1,\"name\":\"Home\",\"item\":\"https:\/\/www.intoscana.it\/it\/\"},{\"@type\":\"ListItem\",\"position\":2,\"name\":\"Torna il Carnevale di Firenze, per le vie del centro le maschere pi\u00f9 belle del Rinascimento\"}]},{\"@type\":\"WebSite\",\"@id\":\"https:\/\/www.intoscana.it\/it\/#website\",\"url\":\"https:\/\/www.intoscana.it\/it\/\",\"name\":\"intoscana\",\"description\":\"\",\"potentialAction\":[{\"@type\":\"SearchAction\",\"target\":{\"@type\":\"EntryPoint\",\"urlTemplate\":\"https:\/\/www.intoscana.it\/it\/?s={search_term_string}\"},\"query-input\":{\"@type\":\"PropertyValueSpecification\",\"valueRequired\":true,\"valueName\":\"search_term_string\"}}],\"inLanguage\":\"it-IT\"},{\"@type\":\"Person\",\"@id\":\"https:\/\/www.intoscana.it\/it\/#\/schema\/person\/333569b367b301e30262defcea56c939\",\"name\":\"Giulia Rafanelli\",\"url\":\"https:\/\/www.intoscana.it\/it\/author\/giulia-rafanelli\/\"}]}<\/script>\n<!-- \/ Yoast SEO Premium plugin. -->","yoast_head_json":{"title":"Torna il Carnevale di Firenze, per le vie del centro le maschere pi\u00f9 belle del Rinascimento - intoscana","description":"Due i momenti clou: la parata e il gran ballo che celebra l\u2019antica tradizione dei balli in maschera. Ecco il programma","robots":{"index":"index","follow":"follow","max-snippet":"max-snippet:-1","max-image-preview":"max-image-preview:large","max-video-preview":"max-video-preview:-1"},"canonical":"https:\/\/www.intoscana.it\/it\/carnevale-di-firenze-2025\/","og_locale":"it_IT","og_type":"article","og_title":"Torna il Carnevale di Firenze, per le vie del centro le maschere pi\u00f9 belle del Rinascimento","og_description":"Due i momenti clou: la parata e il gran ballo che celebra l\u2019antica tradizione dei balli in maschera. Ecco il programma","og_url":"https:\/\/www.intoscana.it\/it\/carnevale-di-firenze-2025\/","og_site_name":"intoscana","article_publisher":"https:\/\/www.facebook.com\/intoscana.it","article_published_time":"2025-01-10T14:17:47+00:00","article_modified_time":"2025-01-10T14:18:13+00:00","og_image":[{"width":1080,"height":1080,"url":"https:\/\/www.intoscana.it\/wp-content\/uploads\/Carnevale-Firenze_2024.jpg","type":"image\/jpeg"}],"author":"Giulia Rafanelli","twitter_card":"summary_large_image","twitter_creator":"@intoscana","twitter_site":"@intoscana","twitter_misc":{"Written by":"Giulia Rafanelli","Est. reading time":"5 minuti"},"schema":{"@context":"https:\/\/schema.org","@graph":[{"@type":"WebPage","@id":"https:\/\/www.intoscana.it\/it\/carnevale-di-firenze-2025\/","url":"https:\/\/www.intoscana.it\/it\/carnevale-di-firenze-2025\/","name":"Torna il Carnevale di Firenze, per le vie del centro le maschere pi\u00f9 belle del Rinascimento - intoscana","isPartOf":{"@id":"https:\/\/www.intoscana.it\/it\/#website"},"primaryImageOfPage":{"@id":"https:\/\/www.intoscana.it\/it\/carnevale-di-firenze-2025\/#primaryimage"},"image":{"@id":"https:\/\/www.intoscana.it\/it\/carnevale-di-firenze-2025\/#primaryimage"},"thumbnailUrl":"https:\/\/www.intoscana.it\/wp-content\/uploads\/Carnevale-Firenze_2024.jpg","datePublished":"2025-01-10T14:17:47+00:00","dateModified":"2025-01-10T14:18:13+00:00","author":{"@id":"https:\/\/www.intoscana.it\/it\/#\/schema\/person\/333569b367b301e30262defcea56c939"},"description":"Due i momenti clou: la parata e il gran ballo che celebra l\u2019antica tradizione dei balli in maschera. Ecco il programma","breadcrumb":{"@id":"https:\/\/www.intoscana.it\/it\/carnevale-di-firenze-2025\/#breadcrumb"},"inLanguage":"it-IT","potentialAction":[{"@type":"ReadAction","target":["https:\/\/www.intoscana.it\/it\/carnevale-di-firenze-2025\/"]}]},{"@type":"ImageObject","inLanguage":"it-IT","@id":"https:\/\/www.intoscana.it\/it\/carnevale-di-firenze-2025\/#primaryimage","url":"https:\/\/www.intoscana.it\/wp-content\/uploads\/Carnevale-Firenze_2024.jpg","contentUrl":"https:\/\/www.intoscana.it\/wp-content\/uploads\/Carnevale-Firenze_2024.jpg","width":1080,"height":1080,"caption":"Carnevale Firenze 2024"},{"@type":"BreadcrumbList","@id":"https:\/\/www.intoscana.it\/it\/carnevale-di-firenze-2025\/#breadcrumb","itemListElement":[{"@type":"ListItem","position":1,"name":"Home","item":"https:\/\/www.intoscana.it\/it\/"},{"@type":"ListItem","position":2,"name":"Torna il Carnevale di Firenze, per le vie del centro le maschere pi\u00f9 belle del Rinascimento"}]},{"@type":"WebSite","@id":"https:\/\/www.intoscana.it\/it\/#website","url":"https:\/\/www.intoscana.it\/it\/","name":"intoscana","description":"","potentialAction":[{"@type":"SearchAction","target":{"@type":"EntryPoint","urlTemplate":"https:\/\/www.intoscana.it\/it\/?s={search_term_string}"},"query-input":{"@type":"PropertyValueSpecification","valueRequired":true,"valueName":"search_term_string"}}],"inLanguage":"it-IT"},{"@type":"Person","@id":"https:\/\/www.intoscana.it\/it\/#\/schema\/person\/333569b367b301e30262defcea56c939","name":"Giulia Rafanelli","url":"https:\/\/www.intoscana.it\/it\/author\/giulia-rafanelli\/"}]}},"_links":{"self":[{"href":"https:\/\/www.intoscana.it\/it\/wp-json\/wp\/v2\/posts\/370574","targetHints":{"allow":["GET"]}}],"collection":[{"href":"https:\/\/www.intoscana.it\/it\/wp-json\/wp\/v2\/posts"}],"about":[{"href":"https:\/\/www.intoscana.it\/it\/wp-json\/wp\/v2\/types\/post"}],"author":[{"embeddable":true,"href":"https:\/\/www.intoscana.it\/it\/wp-json\/wp\/v2\/users\/503"}],"replies":[{"embeddable":true,"href":"https:\/\/www.intoscana.it\/it\/wp-json\/wp\/v2\/comments?post=370574"}],"version-history":[{"count":2,"href":"https:\/\/www.intoscana.it\/it\/wp-json\/wp\/v2\/posts\/370574\/revisions"}],"predecessor-version":[{"id":370585,"href":"https:\/\/www.intoscana.it\/it\/wp-json\/wp\/v2\/posts\/370574\/revisions\/370585"}],"wp:featuredmedia":[{"embeddable":true,"href":"https:\/\/www.intoscana.it\/it\/wp-json\/wp\/v2\/media\/370583"}],"wp:attachment":[{"href":"https:\/\/www.intoscana.it\/it\/wp-json\/wp\/v2\/media?parent=370574"}],"wp:term":[{"taxonomy":"category","embeddable":true,"href":"https:\/\/www.intoscana.it\/it\/wp-json\/wp\/v2\/categories?post=370574"},{"taxonomy":"post_tag","embeddable":true,"href":"https:\/\/www.intoscana.it\/it\/wp-json\/wp\/v2\/tags?post=370574"}],"curies":[{"name":"wp","href":"https:\/\/api.w.org\/{rel}","templated":true}]}}