{"id":371257,"date":"2025-01-16T14:54:25","date_gmt":"2025-01-16T13:54:25","guid":{"rendered":"https:\/\/www.intoscana.it\/it\/?p=371257"},"modified":"2025-01-16T17:27:34","modified_gmt":"2025-01-16T16:27:34","slug":"giorno-della-memoria-2025-la-toscana-ricorda-con-incontri-proiezioni-e-uno-spettacolo-teatrale","status":"publish","type":"post","link":"https:\/\/www.intoscana.it\/it\/giorno-della-memoria-2025-la-toscana-ricorda-con-incontri-proiezioni-e-uno-spettacolo-teatrale\/","title":{"rendered":"Giorno della Memoria 2025: la Toscana ricorda con incontri, proiezioni e uno spettacolo teatrale"},"content":{"rendered":"<p>In occasione del <strong>Giorno della Memoria 2025<\/strong>, la Toscana rinnova il suo impegno nel preservare il ricordo delle atrocit\u00e0 della Shoah e dei crimini commessi dal nazismo e dal fascismo. Un ricco <strong>calendario di eventi<\/strong>, realizzato in collaborazione con la Fondazione Museo della Deportazione e Resistenza &#8211; Luoghi della Memoria Toscana, l&#8217;Istituto Toscano della Resistenza e dell&#8217;Et\u00e0 Contemporanea e numerose realt\u00e0 associative, \u00e8 stato messo a punto per <strong>sensibilizzare e coinvolgere il pubblico<\/strong>.<\/p>\n<h3><strong>Eventi al Memoriale delle Deportazioni di Firenze<\/strong><\/h3>\n<p>Il Memoriale delle Deportazioni di Firenze (viale Giannotti 81-85) ospiter\u00e0 i primi tre appuntamenti:<\/p>\n<p><strong>Luned\u00ec 20 gennaio, ore 18:<\/strong> Proiezione del docufilm <em>Memorijako drom<\/em> (Tracce di memoria), dedicato allo<strong> sterminio di rom e Sinti<\/strong>. L&#8217;evento \u00e8 curato dall&#8217;unit\u00e0 di ricerca del Dipartimento Forlilpsi dell&#8217;Universit\u00e0 di Firenze, parte del progetto europeo Tracer. L&#8217;incontro sar\u00e0 introdotto dai saluti dell&#8217;assessora regionale all&#8217;istruzione e alla cultura della memoria Alessandra Nardini.<\/p>\n<p><strong>Marted\u00ec 21 gennaio, ore 17.30:<\/strong> Incontro sulla persecuzione e deportazione dei <strong>testimoni di Geova<\/strong>, con lo storico Claudio Vercelli e Alessandro Bertini dell&#8217;Ufficio Comunicazione e Stampa della Congregazione Cristiana Testimoni di Geova. Anche in questa occasione interverr\u00e0 l&#8217;assessora Nardini.<\/p>\n<p><strong>Mercoled\u00ec 22 gennaio, ore 17:<\/strong> Evento dedicato agli <strong>Internati Militari Italiani<\/strong> (IMI). Verr\u00e0 presentato il progetto di ricerca <em>La voce delle pietre<\/em>, che documenta lapidi, targhe e monumenti dedicati agli IMI in Toscana, realizzato dall&#8217;ANEI &#8211; Sezione di Firenze con Anci Toscana e altre associazioni. Sar\u00e0 proiettato il cortometraggio <em>Cara Italia HO DETTO NO!<\/em> di Francesca Parrini. Tra i relatori, Matteo Mazzoni, direttore dell&#8217;Istituto Storico Toscano della Resistenza. Oltre all&#8217;assessora Nardini, interverranno Susanna Cenni, presidente di Anci Toscana, e Roberto Ragazzini, presidente della Federazione toscana delle associazioni antifasciste e della Resistenza.<\/p>\n<h3><strong>Teatro e memoria alla Ex Leopoldine<\/strong><\/h3>\n<p><strong>Sabato 25 gennaio<\/strong>, gli appuntamenti si spostano alle Ex Leopoldine di Piazza Tasso 7 a Firenze. Alle 21 andr\u00e0 in scena lo spettacolo <em>Nei lager c&#8217;eravamo anche noi: lo sterminio dei Triangoli Rosa<\/em>, dedicato alla persecuzione della comunit\u00e0 <strong>LGBTQIA+<\/strong>. L&#8217;iniziativa \u00e8 promossa dal Tavolo regionale di confronto con le associazioni contro le discriminazioni, coordinato dall&#8217;assessora Nardini, che sar\u00e0 presente alla serata. La compagnia teatrale Attori e Convenuti porter\u00e0 sul palco una drammaturgia firmata da Gaetano Pacchi, con un cast corale. La serata si concluder\u00e0 con l&#8217;esibizione del Coro Choreos, diretto da Simone Faraoni.<\/p>\n<h3><strong>Conferenza sulla deportazione politica a Palazzo Strozzi Sacrati<\/strong><\/h3>\n<p>Il <strong>4 febbraio<\/strong>, alle 16.30, la Sala Pegaso di Palazzo Strozzi Sacrati (Piazza Duomo 10) ospiter\u00e0 un incontro dedicato alla <strong>deportazione politica<\/strong>, organizzato dalla sezione fiorentina dell&#8217;Associazione Nazionale Ex Deportati, insieme alla Regione Toscana e con il patrocinio del Consiglio dell&#8217;Ordine degli Avvocati di Firenze.<\/p>\n<p>Il programma prevede una lezione di Irene Stolzi, docente di Storia del diritto all&#8217;Universit\u00e0 di Firenze, dal titolo <em>Opposizione, dissenso politico, deportazioni: dagli anni Venti alla Costituente<\/em>. Seguir\u00e0 un dibattito intitolato <em>Non solo Memoria: discriminazioni, crisi della democrazia, spostamenti forzati oggi<\/em>, moderato da Lorenzo Tombelli, presidente di ANED Firenze. Interverranno Matteo Mazzoni, Micaela Frulli, docente di Diritto internazionale all&#8217;Universit\u00e0 di Firenze, e Corrado Caruso, docente di Diritto costituzionale all&#8217;Universit\u00e0 di Bologna. Porteranno i saluti istituzionali l&#8217;assessora Alessandra Nardini e Benedetta Albanese, assessora alla cultura della memoria del Comune di Firenze.<\/p>\n<p>Tutti gli appuntamenti sono a ingresso libero fino a esaurimento posti a testimonianza dell&#8217;importanza che la Toscana attribuisce alla memoria storica e alla sensibilizzazione delle nuove generazioni.<\/p>\n","protected":false},"excerpt":{"rendered":"<p>Tutte le iniziative promosse dalla Regione Toscana in occasione dell&#8217;80esimo anniversario dalla liberazione di Auschwitz per mantenere viva la memoria storica<\/p>\n","protected":false},"author":507,"featured_media":371301,"comment_status":"open","ping_status":"open","sticky":false,"template":"","format":"standard","meta":{"_acf_changed":false,"footnotes":""},"categories":[493],"tags":[6226,1650],"class_list":["post-371257","post","type-post","status-publish","format-standard","has-post-thumbnail","hentry","category-cultura","tag-alessandra-nardini","tag-giorno-della-memoria"],"acf":[],"yoast_head":"<!-- This site is optimized with the Yoast SEO Premium plugin v24.2 (Yoast SEO v25.6) - https:\/\/yoast.com\/wordpress\/plugins\/seo\/ -->\n<title>Giorno della Memoria 2025: la Toscana ricorda con incontri, proiezioni e uno spettacolo teatrale - intoscana<\/title>\n<meta name=\"robots\" content=\"index, follow, max-snippet:-1, max-image-preview:large, max-video-preview:-1\" \/>\n<link rel=\"canonical\" href=\"https:\/\/www.intoscana.it\/it\/giorno-della-memoria-2025-la-toscana-ricorda-con-incontri-proiezioni-e-uno-spettacolo-teatrale\/\" \/>\n<meta property=\"og:locale\" content=\"it_IT\" \/>\n<meta property=\"og:type\" content=\"article\" \/>\n<meta property=\"og:title\" content=\"Giorno della Memoria 2025: la Toscana ricorda con incontri, proiezioni e uno spettacolo teatrale\" \/>\n<meta property=\"og:description\" content=\"Tutte le iniziative promosse dalla Regione Toscana in occasione dell&#039;80esimo anniversario dalla liberazione di Auschwitz per mantenere viva la memoria storica\" \/>\n<meta property=\"og:url\" content=\"https:\/\/www.intoscana.it\/it\/giorno-della-memoria-2025-la-toscana-ricorda-con-incontri-proiezioni-e-uno-spettacolo-teatrale\/\" \/>\n<meta property=\"og:site_name\" content=\"intoscana\" \/>\n<meta property=\"article:publisher\" content=\"https:\/\/www.facebook.com\/intoscana.it\" \/>\n<meta property=\"article:published_time\" content=\"2025-01-16T13:54:25+00:00\" \/>\n<meta property=\"article:modified_time\" content=\"2025-01-16T16:27:34+00:00\" \/>\n<meta property=\"og:image\" content=\"https:\/\/www.intoscana.it\/wp-content\/uploads\/49099288878_214145ea0e_o.jpg\" \/>\n\t<meta property=\"og:image:width\" content=\"1620\" \/>\n\t<meta property=\"og:image:height\" content=\"1080\" \/>\n\t<meta property=\"og:image:type\" content=\"image\/jpeg\" \/>\n<meta name=\"author\" content=\"Chiara Bianchini\" \/>\n<meta name=\"twitter:card\" content=\"summary_large_image\" \/>\n<meta name=\"twitter:creator\" content=\"@intoscana\" \/>\n<meta name=\"twitter:site\" content=\"@intoscana\" \/>\n<meta name=\"twitter:label1\" content=\"Written by\" \/>\n\t<meta name=\"twitter:data1\" content=\"Chiara Bianchini\" \/>\n\t<meta name=\"twitter:label2\" content=\"Est. reading time\" \/>\n\t<meta name=\"twitter:data2\" content=\"3 minuti\" \/>\n<script type=\"application\/ld+json\" class=\"yoast-schema-graph\">{\"@context\":\"https:\/\/schema.org\",\"@graph\":[{\"@type\":\"WebPage\",\"@id\":\"https:\/\/www.intoscana.it\/it\/giorno-della-memoria-2025-la-toscana-ricorda-con-incontri-proiezioni-e-uno-spettacolo-teatrale\/\",\"url\":\"https:\/\/www.intoscana.it\/it\/giorno-della-memoria-2025-la-toscana-ricorda-con-incontri-proiezioni-e-uno-spettacolo-teatrale\/\",\"name\":\"Giorno della Memoria 2025: la Toscana ricorda con incontri, proiezioni e uno spettacolo teatrale - intoscana\",\"isPartOf\":{\"@id\":\"https:\/\/www.intoscana.it\/it\/#website\"},\"primaryImageOfPage\":{\"@id\":\"https:\/\/www.intoscana.it\/it\/giorno-della-memoria-2025-la-toscana-ricorda-con-incontri-proiezioni-e-uno-spettacolo-teatrale\/#primaryimage\"},\"image\":{\"@id\":\"https:\/\/www.intoscana.it\/it\/giorno-della-memoria-2025-la-toscana-ricorda-con-incontri-proiezioni-e-uno-spettacolo-teatrale\/#primaryimage\"},\"thumbnailUrl\":\"https:\/\/www.intoscana.it\/wp-content\/uploads\/49099288878_214145ea0e_o.jpg\",\"datePublished\":\"2025-01-16T13:54:25+00:00\",\"dateModified\":\"2025-01-16T16:27:34+00:00\",\"author\":{\"@id\":\"https:\/\/www.intoscana.it\/it\/#\/schema\/person\/010af92117f50561886339ad5b873a41\"},\"breadcrumb\":{\"@id\":\"https:\/\/www.intoscana.it\/it\/giorno-della-memoria-2025-la-toscana-ricorda-con-incontri-proiezioni-e-uno-spettacolo-teatrale\/#breadcrumb\"},\"inLanguage\":\"it-IT\",\"potentialAction\":[{\"@type\":\"ReadAction\",\"target\":[\"https:\/\/www.intoscana.it\/it\/giorno-della-memoria-2025-la-toscana-ricorda-con-incontri-proiezioni-e-uno-spettacolo-teatrale\/\"]}]},{\"@type\":\"ImageObject\",\"inLanguage\":\"it-IT\",\"@id\":\"https:\/\/www.intoscana.it\/it\/giorno-della-memoria-2025-la-toscana-ricorda-con-incontri-proiezioni-e-uno-spettacolo-teatrale\/#primaryimage\",\"url\":\"https:\/\/www.intoscana.it\/wp-content\/uploads\/49099288878_214145ea0e_o.jpg\",\"contentUrl\":\"https:\/\/www.intoscana.it\/wp-content\/uploads\/49099288878_214145ea0e_o.jpg\",\"width\":1620,\"height\":1080,\"caption\":\"Giorno della Memoria\"},{\"@type\":\"BreadcrumbList\",\"@id\":\"https:\/\/www.intoscana.it\/it\/giorno-della-memoria-2025-la-toscana-ricorda-con-incontri-proiezioni-e-uno-spettacolo-teatrale\/#breadcrumb\",\"itemListElement\":[{\"@type\":\"ListItem\",\"position\":1,\"name\":\"Home\",\"item\":\"https:\/\/www.intoscana.it\/it\/\"},{\"@type\":\"ListItem\",\"position\":2,\"name\":\"Giorno della Memoria 2025: la Toscana ricorda con incontri, proiezioni e uno spettacolo teatrale\"}]},{\"@type\":\"WebSite\",\"@id\":\"https:\/\/www.intoscana.it\/it\/#website\",\"url\":\"https:\/\/www.intoscana.it\/it\/\",\"name\":\"intoscana\",\"description\":\"\",\"potentialAction\":[{\"@type\":\"SearchAction\",\"target\":{\"@type\":\"EntryPoint\",\"urlTemplate\":\"https:\/\/www.intoscana.it\/it\/?s={search_term_string}\"},\"query-input\":{\"@type\":\"PropertyValueSpecification\",\"valueRequired\":true,\"valueName\":\"search_term_string\"}}],\"inLanguage\":\"it-IT\"},{\"@type\":\"Person\",\"@id\":\"https:\/\/www.intoscana.it\/it\/#\/schema\/person\/010af92117f50561886339ad5b873a41\",\"name\":\"Chiara Bianchini\",\"sameAs\":[\"c.bianchini@fst.it\"],\"url\":\"https:\/\/www.intoscana.it\/it\/author\/chiara-bianchini\/\"}]}<\/script>\n<!-- \/ Yoast SEO Premium plugin. -->","yoast_head_json":{"title":"Giorno della Memoria 2025: la Toscana ricorda con incontri, proiezioni e uno spettacolo teatrale - intoscana","robots":{"index":"index","follow":"follow","max-snippet":"max-snippet:-1","max-image-preview":"max-image-preview:large","max-video-preview":"max-video-preview:-1"},"canonical":"https:\/\/www.intoscana.it\/it\/giorno-della-memoria-2025-la-toscana-ricorda-con-incontri-proiezioni-e-uno-spettacolo-teatrale\/","og_locale":"it_IT","og_type":"article","og_title":"Giorno della Memoria 2025: la Toscana ricorda con incontri, proiezioni e uno spettacolo teatrale","og_description":"Tutte le iniziative promosse dalla Regione Toscana in occasione dell'80esimo anniversario dalla liberazione di Auschwitz per mantenere viva la memoria storica","og_url":"https:\/\/www.intoscana.it\/it\/giorno-della-memoria-2025-la-toscana-ricorda-con-incontri-proiezioni-e-uno-spettacolo-teatrale\/","og_site_name":"intoscana","article_publisher":"https:\/\/www.facebook.com\/intoscana.it","article_published_time":"2025-01-16T13:54:25+00:00","article_modified_time":"2025-01-16T16:27:34+00:00","og_image":[{"width":1620,"height":1080,"url":"https:\/\/www.intoscana.it\/wp-content\/uploads\/49099288878_214145ea0e_o.jpg","type":"image\/jpeg"}],"author":"Chiara Bianchini","twitter_card":"summary_large_image","twitter_creator":"@intoscana","twitter_site":"@intoscana","twitter_misc":{"Written by":"Chiara Bianchini","Est. reading time":"3 minuti"},"schema":{"@context":"https:\/\/schema.org","@graph":[{"@type":"WebPage","@id":"https:\/\/www.intoscana.it\/it\/giorno-della-memoria-2025-la-toscana-ricorda-con-incontri-proiezioni-e-uno-spettacolo-teatrale\/","url":"https:\/\/www.intoscana.it\/it\/giorno-della-memoria-2025-la-toscana-ricorda-con-incontri-proiezioni-e-uno-spettacolo-teatrale\/","name":"Giorno della Memoria 2025: la Toscana ricorda con incontri, proiezioni e uno spettacolo teatrale - intoscana","isPartOf":{"@id":"https:\/\/www.intoscana.it\/it\/#website"},"primaryImageOfPage":{"@id":"https:\/\/www.intoscana.it\/it\/giorno-della-memoria-2025-la-toscana-ricorda-con-incontri-proiezioni-e-uno-spettacolo-teatrale\/#primaryimage"},"image":{"@id":"https:\/\/www.intoscana.it\/it\/giorno-della-memoria-2025-la-toscana-ricorda-con-incontri-proiezioni-e-uno-spettacolo-teatrale\/#primaryimage"},"thumbnailUrl":"https:\/\/www.intoscana.it\/wp-content\/uploads\/49099288878_214145ea0e_o.jpg","datePublished":"2025-01-16T13:54:25+00:00","dateModified":"2025-01-16T16:27:34+00:00","author":{"@id":"https:\/\/www.intoscana.it\/it\/#\/schema\/person\/010af92117f50561886339ad5b873a41"},"breadcrumb":{"@id":"https:\/\/www.intoscana.it\/it\/giorno-della-memoria-2025-la-toscana-ricorda-con-incontri-proiezioni-e-uno-spettacolo-teatrale\/#breadcrumb"},"inLanguage":"it-IT","potentialAction":[{"@type":"ReadAction","target":["https:\/\/www.intoscana.it\/it\/giorno-della-memoria-2025-la-toscana-ricorda-con-incontri-proiezioni-e-uno-spettacolo-teatrale\/"]}]},{"@type":"ImageObject","inLanguage":"it-IT","@id":"https:\/\/www.intoscana.it\/it\/giorno-della-memoria-2025-la-toscana-ricorda-con-incontri-proiezioni-e-uno-spettacolo-teatrale\/#primaryimage","url":"https:\/\/www.intoscana.it\/wp-content\/uploads\/49099288878_214145ea0e_o.jpg","contentUrl":"https:\/\/www.intoscana.it\/wp-content\/uploads\/49099288878_214145ea0e_o.jpg","width":1620,"height":1080,"caption":"Giorno della Memoria"},{"@type":"BreadcrumbList","@id":"https:\/\/www.intoscana.it\/it\/giorno-della-memoria-2025-la-toscana-ricorda-con-incontri-proiezioni-e-uno-spettacolo-teatrale\/#breadcrumb","itemListElement":[{"@type":"ListItem","position":1,"name":"Home","item":"https:\/\/www.intoscana.it\/it\/"},{"@type":"ListItem","position":2,"name":"Giorno della Memoria 2025: la Toscana ricorda con incontri, proiezioni e uno spettacolo teatrale"}]},{"@type":"WebSite","@id":"https:\/\/www.intoscana.it\/it\/#website","url":"https:\/\/www.intoscana.it\/it\/","name":"intoscana","description":"","potentialAction":[{"@type":"SearchAction","target":{"@type":"EntryPoint","urlTemplate":"https:\/\/www.intoscana.it\/it\/?s={search_term_string}"},"query-input":{"@type":"PropertyValueSpecification","valueRequired":true,"valueName":"search_term_string"}}],"inLanguage":"it-IT"},{"@type":"Person","@id":"https:\/\/www.intoscana.it\/it\/#\/schema\/person\/010af92117f50561886339ad5b873a41","name":"Chiara Bianchini","sameAs":["c.bianchini@fst.it"],"url":"https:\/\/www.intoscana.it\/it\/author\/chiara-bianchini\/"}]}},"_links":{"self":[{"href":"https:\/\/www.intoscana.it\/it\/wp-json\/wp\/v2\/posts\/371257","targetHints":{"allow":["GET"]}}],"collection":[{"href":"https:\/\/www.intoscana.it\/it\/wp-json\/wp\/v2\/posts"}],"about":[{"href":"https:\/\/www.intoscana.it\/it\/wp-json\/wp\/v2\/types\/post"}],"author":[{"embeddable":true,"href":"https:\/\/www.intoscana.it\/it\/wp-json\/wp\/v2\/users\/507"}],"replies":[{"embeddable":true,"href":"https:\/\/www.intoscana.it\/it\/wp-json\/wp\/v2\/comments?post=371257"}],"version-history":[{"count":2,"href":"https:\/\/www.intoscana.it\/it\/wp-json\/wp\/v2\/posts\/371257\/revisions"}],"predecessor-version":[{"id":371302,"href":"https:\/\/www.intoscana.it\/it\/wp-json\/wp\/v2\/posts\/371257\/revisions\/371302"}],"wp:featuredmedia":[{"embeddable":true,"href":"https:\/\/www.intoscana.it\/it\/wp-json\/wp\/v2\/media\/371301"}],"wp:attachment":[{"href":"https:\/\/www.intoscana.it\/it\/wp-json\/wp\/v2\/media?parent=371257"}],"wp:term":[{"taxonomy":"category","embeddable":true,"href":"https:\/\/www.intoscana.it\/it\/wp-json\/wp\/v2\/categories?post=371257"},{"taxonomy":"post_tag","embeddable":true,"href":"https:\/\/www.intoscana.it\/it\/wp-json\/wp\/v2\/tags?post=371257"}],"curies":[{"name":"wp","href":"https:\/\/api.w.org\/{rel}","templated":true}]}}