{"id":371326,"date":"2025-01-17T14:34:03","date_gmt":"2025-01-17T13:34:03","guid":{"rendered":"https:\/\/www.intoscana.it\/it\/?p=371326"},"modified":"2025-01-17T14:34:03","modified_gmt":"2025-01-17T13:34:03","slug":"addio-a-david-lynch-quando-da-lucca-fece-sognare-i-fan-con-il-sequel-di-twin-peaks","status":"publish","type":"post","link":"https:\/\/www.intoscana.it\/it\/addio-a-david-lynch-quando-da-lucca-fece-sognare-i-fan-con-il-sequel-di-twin-peaks\/","title":{"rendered":"Addio a David Lynch, quando da Lucca fece sognare i fan con il sequel di Twin Peaks"},"content":{"rendered":"<p>Quel giorno di fine settembre del 2014, a <strong>Lucca<\/strong>, accadde qualcosa di straordinario: l&#8217;auditorium della chiesa di San Francesco si riemp\u00ec come non mai per la prima volta in Toscana del maestro <strong>David Lynch<\/strong>, ospite d&#8217;onore della decima edizione del <strong>Lucca Film Festival<\/strong>. Un successo annunciato ad opera del direttore <strong>Nicola Borrelli<\/strong>. Fu organizzato un evento speciale, con una retrospettiva sulle sue opere, e <mark>una masterclass legata alla sua passione per la meditazione trascendentale che coinvolse anche una scuola della citt\u00e0, l&#8217;istituto Pertini.<\/mark><\/p>\n<p>Questo progetto con le studentesse e gli studenti toscani lo colp\u00ec a tal punto da legarlo in maniera speciale alla Toscana, tanto che tre anni dopo torn\u00f2 per presentare proprio al Lucca Film Festival il sequel della serie cult <strong>Twin Peaks<\/strong> (dopo Los Angeles e Cannes). Infatti, <mark>quando nel 2014 gli chiesero se avrebbe mai realizzato la nuova stagione lui rispose: <em>\u201cMi piacciono le storie che continuano\u201d<\/em> e cos\u00ec fu.<\/mark><\/p>\n<h3><em>La scomparsa<\/em><\/h3>\n<p>Il 16 gennaio 2025 <strong>David Lynch<\/strong> \u00e8 morto a 78 anni. La scorsa estate aveva annunciato di avere l&#8217;enfisema\u00a0 e che non avrebbe pi\u00e0 potuto dirigere altri film. &#8220;C&#8217;\u00e8 un grande vuoto nel mondo ora che non \u00e8 pi\u00f9 con noi &#8211; scrive la famiglia sui social &#8211;\u00a0 Ma come avrebbe detto: Punta gli occhi sulla ciambella e non sul buco in mezzo&#8221;.<\/p>\n<p>Visionario, geniale e coraggioso, ma forse non esistono ancora aggettivi adatti per la sua arte. <mark>David Lynch ha scosso il cinema e il pubblico creando generi e stili, mescolando surrealismo e noir.<\/mark> Il suo Twin Peaks ha cambiato il mondo delle serie tv per sempre,\u00a0 i suoi capolavori sul grande schermo sono fonte di ispirazione, da Elephant Man a Mulholland Drive.<\/p>\n<h3><em>Le due volte del maestro al Lucca Film Festival<\/em><\/h3>\n<p>La prima volta di Lynch al Lucca Film Festival fu nel 2014, ospite d&#8217;onore per la decima edizione. Per lui, la kermesse diretta da Nicola Borrelli, organizz\u00f2 <mark>una retrospettiva completa dei suoi film, una mostra di sue fotografie, tavole rotonde sulla meditazione trascendentale, concerti e un premio alla carriera.<\/mark><\/p>\n<p>Centinaia e centinaia di persone riempirono l&#8217;auditorium di San Francesco per ascoltare la sua lezione. Attraverso la sua <strong>Fondazione<\/strong> venne lanciato, sempre da quel palco, il progetto di meditazione trascendentale, \u201cMeditate Lucca\u201d, nell\u2019Istituto Superiore ISI <strong>Pertini<\/strong>. &#8220;<em>Da 41 anni<\/em> &#8211; spieg\u00f2 lo stesso Lynch &#8211;\u00a0 <em>la pratico due volte al giorno, tutti i giorni e non me ne sono mai pentito&#8221;<\/em>. Grazie a questa tecnica, disse ancora, <mark><em>&#8220;ho capito che la positivit\u00e0 risiede nell&#8217;intimit\u00e0 dell&#8217;essere umano ed \u00e8 pertanto l\u00ec che va ricercata, non al di fuori di esso&#8221;<\/em>.<\/mark><\/p>\n<figure id=\"post-371341 media-371341\" class=\"align-none\"><img decoding=\"async\" src=\"https:\/\/www.intoscana.it\/wp-content\/uploads\/WhatsApp-Image-2025-01-17-at-12.32.51.jpeg\" alt=\"\" \/><\/figure>\n<div class=\"titleimg\">Lynch al Lucca Film Festival &#8211; \u00a9 Antonio Pirozzi<\/div>\n<p>Nei suoi giorni toscani, si racconta che il maestro rimase molto colpito dalla natura circostante. &#8220;Scelse un albergo fuori citt\u00e0, in campagna &#8211; racconta <strong>Antonio Pirozzi<\/strong>, giornalista e all&#8217;epoca ufficio stampa del Lucca Film Festival &#8211; Dietro le quinte ci raccont\u00f2 che rimase molto colpito dalla natura, dagli alberi, e da come tutto questo gli desse ispirazione. <mark>Ha raccontato che rimase molto colpito anche dall&#8217;architettura degli edifici in Toscana, in particolare dagli infissi di legno e in generale dalla lavorazione artigianale&#8221;.<\/mark> &#8220;Era una persona silenziosa, ma non si neg\u00f2 mai ai fan, anzi si sofferm\u00f2 a firmare <strong>autografi<\/strong>&#8220;. &#8220;Non avevo mai visto cos\u00ec tante persone arrivate da tutta Italia per un artista &#8211; continua il giornalista &#8211; e anche lui rimase colpito&#8221;.<\/p>\n<figure id=\"post-371340 media-371340\" class=\"align-none\"><img decoding=\"async\" src=\"https:\/\/www.intoscana.it\/wp-content\/uploads\/WhatsApp-Image-2025-01-17-at-12.28.27.jpeg\" alt=\"\" \/><\/figure>\n<div class=\"titleimg\">Lynch al Lucca Film Festival &#8211; \u00a9 Antonio Pirozzi<\/div>\n<p>Nel 2017, il regista torn\u00f2\u00a0 al <strong>Lucca Film Festival<\/strong> per dare seguito al progetto sperimentale di meditazione trascendentale nella scuola superiore, sempre con la Fondazione David Lynch rappresentata in Italia da Fatima Franco. Un legame solido e per ringraziare la citt\u00e0, <mark>Lynch decise di regalare alla manifestazione la proiezione dei primi due episodi della terza stagione di Twin Peaks in versione cinematografica al Cinema Astra.<\/mark> Un altro evento indimenticabile, che sugella un amore corrisposto tra la Toscana e il maestro del cinema.<\/p>\n<figure id=\"post-371343 media-371343\" class=\"align-none\"><img decoding=\"async\" src=\"https:\/\/www.intoscana.it\/wp-content\/uploads\/IMG_8092.jpg\" alt=\"\" \/><\/figure>\n<div class=\"titleimg\">Lynch al Lucca Film Festival &#8211; \u00a9 Lucca Film Festival<\/div>\n","protected":false},"excerpt":{"rendered":"<p>Il grande regista \u00e8 scomparso all&#8217;et\u00e0 di 78 anni. Il ricordo delle sue partecipazioni al Lucca Film Festival, con l&#8217;annuncio della nuova stagione della sua serie cult, poi\u00a0 l&#8217;amore per la campagna toscana e l&#8217;affetto dei fan<\/p>\n","protected":false},"author":545,"featured_media":371342,"comment_status":"open","ping_status":"open","sticky":false,"template":"","format":"standard","meta":{"_acf_changed":false,"footnotes":""},"categories":[4],"tags":[188,6542],"class_list":["post-371326","post","type-post","status-publish","format-standard","has-post-thumbnail","hentry","category-storie","tag-cinema","tag-lucca-film-festival"],"acf":[],"yoast_head":"<!-- This site is optimized with the Yoast SEO Premium plugin v24.2 (Yoast SEO v25.6) - https:\/\/yoast.com\/wordpress\/plugins\/seo\/ -->\n<title>Addio a David Lynch, quando da Lucca fece sognare i fan con il sequel di Twin Peaks - intoscana<\/title>\n<meta name=\"description\" content=\"Il grande regista \u00e8 scomparso all&#039;et\u00e0 di 78 anni. Il ricordo delle sue partecipazioni al Lucca Film Festival, con l&#039;annuncio della nuova stagione della sua serie cult, poi\u00a0 l&#039;amore per la campagna toscana e l&#039;affetto dei fan\u00a0\" \/>\n<meta name=\"robots\" content=\"index, follow, max-snippet:-1, max-image-preview:large, max-video-preview:-1\" \/>\n<link rel=\"canonical\" href=\"https:\/\/www.intoscana.it\/it\/addio-a-david-lynch-quando-da-lucca-fece-sognare-i-fan-con-il-sequel-di-twin-peaks\/\" \/>\n<meta property=\"og:locale\" content=\"it_IT\" \/>\n<meta property=\"og:type\" content=\"article\" \/>\n<meta property=\"og:title\" content=\"Addio a David Lynch, quando da Lucca fece sognare i fan con il sequel di Twin Peaks\" \/>\n<meta property=\"og:description\" content=\"Il grande regista \u00e8 scomparso all&#039;et\u00e0 di 78 anni. Il ricordo delle sue partecipazioni al Lucca Film Festival, con l&#039;annuncio della nuova stagione della sua serie cult, poi\u00a0 l&#039;amore per la campagna toscana e l&#039;affetto dei fan\u00a0\" \/>\n<meta property=\"og:url\" content=\"https:\/\/www.intoscana.it\/it\/addio-a-david-lynch-quando-da-lucca-fece-sognare-i-fan-con-il-sequel-di-twin-peaks\/\" \/>\n<meta property=\"og:site_name\" content=\"intoscana\" \/>\n<meta property=\"article:publisher\" content=\"https:\/\/www.facebook.com\/intoscana.it\" \/>\n<meta property=\"article:published_time\" content=\"2025-01-17T13:34:03+00:00\" \/>\n<meta property=\"og:image\" content=\"https:\/\/www.intoscana.it\/wp-content\/uploads\/IMG_8091.jpg\" \/>\n\t<meta property=\"og:image:width\" content=\"1600\" \/>\n\t<meta property=\"og:image:height\" content=\"1066\" \/>\n\t<meta property=\"og:image:type\" content=\"image\/jpeg\" \/>\n<meta name=\"author\" content=\"Clara D&#039;Acunto\" \/>\n<meta name=\"twitter:card\" content=\"summary_large_image\" \/>\n<meta name=\"twitter:creator\" content=\"@intoscana\" \/>\n<meta name=\"twitter:site\" content=\"@intoscana\" \/>\n<meta name=\"twitter:label1\" content=\"Written by\" \/>\n\t<meta name=\"twitter:data1\" content=\"Clara D&#039;Acunto\" \/>\n\t<meta name=\"twitter:label2\" content=\"Est. reading time\" \/>\n\t<meta name=\"twitter:data2\" content=\"5 minuti\" \/>\n<script type=\"application\/ld+json\" class=\"yoast-schema-graph\">{\"@context\":\"https:\/\/schema.org\",\"@graph\":[{\"@type\":\"WebPage\",\"@id\":\"https:\/\/www.intoscana.it\/it\/addio-a-david-lynch-quando-da-lucca-fece-sognare-i-fan-con-il-sequel-di-twin-peaks\/\",\"url\":\"https:\/\/www.intoscana.it\/it\/addio-a-david-lynch-quando-da-lucca-fece-sognare-i-fan-con-il-sequel-di-twin-peaks\/\",\"name\":\"Addio a David Lynch, quando da Lucca fece sognare i fan con il sequel di Twin Peaks - intoscana\",\"isPartOf\":{\"@id\":\"https:\/\/www.intoscana.it\/it\/#website\"},\"primaryImageOfPage\":{\"@id\":\"https:\/\/www.intoscana.it\/it\/addio-a-david-lynch-quando-da-lucca-fece-sognare-i-fan-con-il-sequel-di-twin-peaks\/#primaryimage\"},\"image\":{\"@id\":\"https:\/\/www.intoscana.it\/it\/addio-a-david-lynch-quando-da-lucca-fece-sognare-i-fan-con-il-sequel-di-twin-peaks\/#primaryimage\"},\"thumbnailUrl\":\"https:\/\/www.intoscana.it\/wp-content\/uploads\/IMG_8091.jpg\",\"datePublished\":\"2025-01-17T13:34:03+00:00\",\"author\":{\"@id\":\"https:\/\/www.intoscana.it\/it\/#\/schema\/person\/137419af9ef5d385bde52864a841e6ce\"},\"description\":\"Il grande regista \u00e8 scomparso all'et\u00e0 di 78 anni. Il ricordo delle sue partecipazioni al Lucca Film Festival, con l'annuncio della nuova stagione della sua serie cult, poi\u00a0 l'amore per la campagna toscana e l'affetto dei fan\u00a0\",\"breadcrumb\":{\"@id\":\"https:\/\/www.intoscana.it\/it\/addio-a-david-lynch-quando-da-lucca-fece-sognare-i-fan-con-il-sequel-di-twin-peaks\/#breadcrumb\"},\"inLanguage\":\"it-IT\",\"potentialAction\":[{\"@type\":\"ReadAction\",\"target\":[\"https:\/\/www.intoscana.it\/it\/addio-a-david-lynch-quando-da-lucca-fece-sognare-i-fan-con-il-sequel-di-twin-peaks\/\"]}]},{\"@type\":\"ImageObject\",\"inLanguage\":\"it-IT\",\"@id\":\"https:\/\/www.intoscana.it\/it\/addio-a-david-lynch-quando-da-lucca-fece-sognare-i-fan-con-il-sequel-di-twin-peaks\/#primaryimage\",\"url\":\"https:\/\/www.intoscana.it\/wp-content\/uploads\/IMG_8091.jpg\",\"contentUrl\":\"https:\/\/www.intoscana.it\/wp-content\/uploads\/IMG_8091.jpg\",\"width\":1600,\"height\":1066},{\"@type\":\"BreadcrumbList\",\"@id\":\"https:\/\/www.intoscana.it\/it\/addio-a-david-lynch-quando-da-lucca-fece-sognare-i-fan-con-il-sequel-di-twin-peaks\/#breadcrumb\",\"itemListElement\":[{\"@type\":\"ListItem\",\"position\":1,\"name\":\"Home\",\"item\":\"https:\/\/www.intoscana.it\/it\/\"},{\"@type\":\"ListItem\",\"position\":2,\"name\":\"Addio a David Lynch, quando da Lucca fece sognare i fan con il sequel di Twin Peaks\"}]},{\"@type\":\"WebSite\",\"@id\":\"https:\/\/www.intoscana.it\/it\/#website\",\"url\":\"https:\/\/www.intoscana.it\/it\/\",\"name\":\"intoscana\",\"description\":\"\",\"potentialAction\":[{\"@type\":\"SearchAction\",\"target\":{\"@type\":\"EntryPoint\",\"urlTemplate\":\"https:\/\/www.intoscana.it\/it\/?s={search_term_string}\"},\"query-input\":{\"@type\":\"PropertyValueSpecification\",\"valueRequired\":true,\"valueName\":\"search_term_string\"}}],\"inLanguage\":\"it-IT\"},{\"@type\":\"Person\",\"@id\":\"https:\/\/www.intoscana.it\/it\/#\/schema\/person\/137419af9ef5d385bde52864a841e6ce\",\"name\":\"Clara D'Acunto\",\"url\":\"https:\/\/www.intoscana.it\/it\/author\/clara-d_acunto\/\"}]}<\/script>\n<!-- \/ Yoast SEO Premium plugin. -->","yoast_head_json":{"title":"Addio a David Lynch, quando da Lucca fece sognare i fan con il sequel di Twin Peaks - intoscana","description":"Il grande regista \u00e8 scomparso all'et\u00e0 di 78 anni. Il ricordo delle sue partecipazioni al Lucca Film Festival, con l'annuncio della nuova stagione della sua serie cult, poi\u00a0 l'amore per la campagna toscana e l'affetto dei fan\u00a0","robots":{"index":"index","follow":"follow","max-snippet":"max-snippet:-1","max-image-preview":"max-image-preview:large","max-video-preview":"max-video-preview:-1"},"canonical":"https:\/\/www.intoscana.it\/it\/addio-a-david-lynch-quando-da-lucca-fece-sognare-i-fan-con-il-sequel-di-twin-peaks\/","og_locale":"it_IT","og_type":"article","og_title":"Addio a David Lynch, quando da Lucca fece sognare i fan con il sequel di Twin Peaks","og_description":"Il grande regista \u00e8 scomparso all'et\u00e0 di 78 anni. Il ricordo delle sue partecipazioni al Lucca Film Festival, con l'annuncio della nuova stagione della sua serie cult, poi\u00a0 l'amore per la campagna toscana e l'affetto dei fan\u00a0","og_url":"https:\/\/www.intoscana.it\/it\/addio-a-david-lynch-quando-da-lucca-fece-sognare-i-fan-con-il-sequel-di-twin-peaks\/","og_site_name":"intoscana","article_publisher":"https:\/\/www.facebook.com\/intoscana.it","article_published_time":"2025-01-17T13:34:03+00:00","og_image":[{"width":1600,"height":1066,"url":"https:\/\/www.intoscana.it\/wp-content\/uploads\/IMG_8091.jpg","type":"image\/jpeg"}],"author":"Clara D'Acunto","twitter_card":"summary_large_image","twitter_creator":"@intoscana","twitter_site":"@intoscana","twitter_misc":{"Written by":"Clara D'Acunto","Est. reading time":"5 minuti"},"schema":{"@context":"https:\/\/schema.org","@graph":[{"@type":"WebPage","@id":"https:\/\/www.intoscana.it\/it\/addio-a-david-lynch-quando-da-lucca-fece-sognare-i-fan-con-il-sequel-di-twin-peaks\/","url":"https:\/\/www.intoscana.it\/it\/addio-a-david-lynch-quando-da-lucca-fece-sognare-i-fan-con-il-sequel-di-twin-peaks\/","name":"Addio a David Lynch, quando da Lucca fece sognare i fan con il sequel di Twin Peaks - intoscana","isPartOf":{"@id":"https:\/\/www.intoscana.it\/it\/#website"},"primaryImageOfPage":{"@id":"https:\/\/www.intoscana.it\/it\/addio-a-david-lynch-quando-da-lucca-fece-sognare-i-fan-con-il-sequel-di-twin-peaks\/#primaryimage"},"image":{"@id":"https:\/\/www.intoscana.it\/it\/addio-a-david-lynch-quando-da-lucca-fece-sognare-i-fan-con-il-sequel-di-twin-peaks\/#primaryimage"},"thumbnailUrl":"https:\/\/www.intoscana.it\/wp-content\/uploads\/IMG_8091.jpg","datePublished":"2025-01-17T13:34:03+00:00","author":{"@id":"https:\/\/www.intoscana.it\/it\/#\/schema\/person\/137419af9ef5d385bde52864a841e6ce"},"description":"Il grande regista \u00e8 scomparso all'et\u00e0 di 78 anni. Il ricordo delle sue partecipazioni al Lucca Film Festival, con l'annuncio della nuova stagione della sua serie cult, poi\u00a0 l'amore per la campagna toscana e l'affetto dei fan\u00a0","breadcrumb":{"@id":"https:\/\/www.intoscana.it\/it\/addio-a-david-lynch-quando-da-lucca-fece-sognare-i-fan-con-il-sequel-di-twin-peaks\/#breadcrumb"},"inLanguage":"it-IT","potentialAction":[{"@type":"ReadAction","target":["https:\/\/www.intoscana.it\/it\/addio-a-david-lynch-quando-da-lucca-fece-sognare-i-fan-con-il-sequel-di-twin-peaks\/"]}]},{"@type":"ImageObject","inLanguage":"it-IT","@id":"https:\/\/www.intoscana.it\/it\/addio-a-david-lynch-quando-da-lucca-fece-sognare-i-fan-con-il-sequel-di-twin-peaks\/#primaryimage","url":"https:\/\/www.intoscana.it\/wp-content\/uploads\/IMG_8091.jpg","contentUrl":"https:\/\/www.intoscana.it\/wp-content\/uploads\/IMG_8091.jpg","width":1600,"height":1066},{"@type":"BreadcrumbList","@id":"https:\/\/www.intoscana.it\/it\/addio-a-david-lynch-quando-da-lucca-fece-sognare-i-fan-con-il-sequel-di-twin-peaks\/#breadcrumb","itemListElement":[{"@type":"ListItem","position":1,"name":"Home","item":"https:\/\/www.intoscana.it\/it\/"},{"@type":"ListItem","position":2,"name":"Addio a David Lynch, quando da Lucca fece sognare i fan con il sequel di Twin Peaks"}]},{"@type":"WebSite","@id":"https:\/\/www.intoscana.it\/it\/#website","url":"https:\/\/www.intoscana.it\/it\/","name":"intoscana","description":"","potentialAction":[{"@type":"SearchAction","target":{"@type":"EntryPoint","urlTemplate":"https:\/\/www.intoscana.it\/it\/?s={search_term_string}"},"query-input":{"@type":"PropertyValueSpecification","valueRequired":true,"valueName":"search_term_string"}}],"inLanguage":"it-IT"},{"@type":"Person","@id":"https:\/\/www.intoscana.it\/it\/#\/schema\/person\/137419af9ef5d385bde52864a841e6ce","name":"Clara D'Acunto","url":"https:\/\/www.intoscana.it\/it\/author\/clara-d_acunto\/"}]}},"_links":{"self":[{"href":"https:\/\/www.intoscana.it\/it\/wp-json\/wp\/v2\/posts\/371326","targetHints":{"allow":["GET"]}}],"collection":[{"href":"https:\/\/www.intoscana.it\/it\/wp-json\/wp\/v2\/posts"}],"about":[{"href":"https:\/\/www.intoscana.it\/it\/wp-json\/wp\/v2\/types\/post"}],"author":[{"embeddable":true,"href":"https:\/\/www.intoscana.it\/it\/wp-json\/wp\/v2\/users\/545"}],"replies":[{"embeddable":true,"href":"https:\/\/www.intoscana.it\/it\/wp-json\/wp\/v2\/comments?post=371326"}],"version-history":[{"count":5,"href":"https:\/\/www.intoscana.it\/it\/wp-json\/wp\/v2\/posts\/371326\/revisions"}],"predecessor-version":[{"id":371348,"href":"https:\/\/www.intoscana.it\/it\/wp-json\/wp\/v2\/posts\/371326\/revisions\/371348"}],"wp:featuredmedia":[{"embeddable":true,"href":"https:\/\/www.intoscana.it\/it\/wp-json\/wp\/v2\/media\/371342"}],"wp:attachment":[{"href":"https:\/\/www.intoscana.it\/it\/wp-json\/wp\/v2\/media?parent=371326"}],"wp:term":[{"taxonomy":"category","embeddable":true,"href":"https:\/\/www.intoscana.it\/it\/wp-json\/wp\/v2\/categories?post=371326"},{"taxonomy":"post_tag","embeddable":true,"href":"https:\/\/www.intoscana.it\/it\/wp-json\/wp\/v2\/tags?post=371326"}],"curies":[{"name":"wp","href":"https:\/\/api.w.org\/{rel}","templated":true}]}}