{"id":371448,"date":"2025-01-20T16:08:45","date_gmt":"2025-01-20T15:08:45","guid":{"rendered":"https:\/\/www.intoscana.it\/it\/?p=371448"},"modified":"2025-01-20T16:30:41","modified_gmt":"2025-01-20T15:30:41","slug":"il-tecno-pop-interstellare-di-andrea-tabacco-il-cantautore-che-viene-dal-futuro","status":"publish","type":"post","link":"https:\/\/www.intoscana.it\/it\/il-tecno-pop-interstellare-di-andrea-tabacco-il-cantautore-che-viene-dal-futuro\/","title":{"rendered":"Il tecno pop interstellare di Andrea Tabacco: il cantautore che viene dal futuro"},"content":{"rendered":"<p>L\u2019avventura musicale di <strong>Andrea Tabacco<\/strong> comincia nel 2001 quando inizia a cantare e a scrivere canzoni con gli <strong>Elton Junk,<\/strong> il\u00a0quartetto senese che compone nella quiete delle colline del Chianti<strong><em> \u201cMoods\u201d<\/em><\/strong>, il loro rivoluzionario debutto.<\/p>\n<p>&#8220;Eravamo tutti amici e avevamo avuto gi\u00e0 esperienze musicali in altri gruppi. &#8211;<strong> ci ha raccontato Andrea &#8211;<\/strong> Io al momento ero senza una band cos\u00ec mi chiesero di unirmi a loro. Mi ricordo che in quel periodo eravamo tutti presi da influenze simili e quindi <strong>venne fuori questa cosa un po&#8217; Art Rock, fuori dai canoni della musica<\/strong> che andava a quel tempo. Io cantavo in inglese, era un tipo di musica che non si basava sul genere ma voleva unire tanti generi insieme a seconda del sentimento delle canzoni&#8221;.<\/p>\n<p>Nel 2003 <strong>Andrea e gli Elton Junk si trasferiscono a Bologna<\/strong> e fanno uscire l\u2019EP <strong><em>\u201cPiss on a dead tree and watch it grow\u201d<\/em><\/strong>. Collaborano con il <strong>centro sociale XM24<\/strong> alla realizzazione concerti e sale prova autogestite, dando origine nel 2005<strong> collettivo Frigotecniche<\/strong> che da dieci anni porta nella citt\u00e0 artisti da tutto il mondo. Gli <strong>Elton Junk<\/strong> vincono le selezioni di<strong> Arezzo Wave<\/strong> poi firmano un contratto discografico con <strong>Forears Records<\/strong> che li accompagner\u00e0 per due dischi.<\/p>\n<figure id=\"post-371447 media-371447\" class=\"align-none\"><img decoding=\"async\" src=\"https:\/\/www.intoscana.it\/wp-content\/uploads\/IMG_8388.jpg\" alt=\"\" \/><\/figure>\n<div class=\"titleimg\">Andrea Tabacco al SNR &#8211; \u00a9 Matteo Lotti<\/div>\n<p>Successivamente nel 2011 <strong>Andrea decide di prendersi una pausa dagli Elton Junk<\/strong> e di esplorare nuove strade debuttando con <strong>un progetto solista.<\/strong><\/p>\n<p>&#8220;Nel mio nuovo progetto c&#8217;\u00e8 sicuramente<strong> la voglia di cantare in italiano anche se per me \u00e8 una sfida<\/strong> perch\u00e9 lo trovo pi\u00f9 difficile rispetto all&#8217;inglese &#8211;<strong> ha proseguito Andrea Tabacco<\/strong> &#8211; lo faccio per essere pi\u00f9 chiaro nella comunicazione. C&#8217;\u00e8 anche la necessit\u00e0 di portare avanti un progetto da solo perch\u00e9 mi sentivo rallentato dal gruppo in un momento in cui volevo essere indipendente nella produzione musicale. Faccio tutto da solo scrivo le canzoni, gli arrangiamenti, le registrazioni, i video. Sicuramente \u00e8 impegnativo ma mi ci trovo bene. Portarlo dal vivo non \u00e8 stato semplice perch\u00e9 <strong>non mi piacciono i progetti di elettronica in cui si pigia un bottone e fa tutto il computer, volevo che fosse un&#8217;interazione dal vivo<\/strong>. Il mio computer ce la fa a stento a fare tutto quello che gli chiedo, ma si \u00e8 rivelato un buon alleato.&#8221;<p><span class=\"citazione\">David Lynch raccontava che per trovare le idee bisogna andare a pesca. Anche io penso che sia cos\u00ec, la canzone ti arriva da un altrove, sta a te essere percettivo in quel momento<\/span><\/p><\/p>\n<p><strong>Nel 2018 arriva l\u2019album<em> &#8220;Tempeste Lunari&#8221;<\/em> ho letto che \u00e8 un disco dedicato all&#8217;universo femminile&#8230;<\/strong><\/p>\n<p>Non mi permetto di parlarne in maniera cos\u00ec esperta, per\u00f2 appunto \u00e8 un universo che mi affascina<strong>. Credo che \u00a0ognuno di noi abbia una parte maschile e una femminile<\/strong>. Ho visto dopo aver scritto quelle canzoni che era un tema ricorrente. Certo <strong>per me \u00e8 un grande mistero l&#8217;universo femminile<\/strong> e quindi ho cercato di immergermi in una narrazione che non fosse quella classica del gruppo rock testosteronico, ma di andare a cercare atmosfere pi\u00f9 soffuse e misteriose.<\/p>\n<p><strong>Ho notato che i testi delle tue canzoni sono sempre molto originali, diversi dalle classiche canzoni che parlano d&#8217;amore o di sfighe personali, tu cerchi di andare\u00a0<\/strong><b>altrove<\/b><\/p>\n<p>Personalmente nel momento in cui mi metto a scrivere il testo per me \u00e8 sempre un evento straordinario. Di solito mi vengono in mente una parola o una frase, da cui poi costruisco tutto il resto della canzone. <strong>David Lynch raccontava che per trovare le idee bisogna andare a pesca<\/strong>. Anche io penso che sia cos\u00ec, la canzone ti arriva da un altrove, sta a te essere percettivo in quel momento. <strong>Non scrivo mai il testo prima svincolato dalla musica, parto da un beat poi vengono fuori degli accordi<\/strong> e l\u00ec magari succede che arriva la melodia, la parola e costruisco tutte le liriche. <strong>Viene tutto in maniera abbastanza alluvionale col tempo.\u00a0<\/strong><\/p>\n<p><strong>So che sta per uscire un tuo nuovo singolo, raccontami qualcosa di pi\u00f9<\/strong><\/p>\n<p>Uscir\u00e0 a febbraio, lo so che \u00e8 un mese un po&#8217; cos\u00ec perch\u00e9 c&#8217;\u00e8 il <a href=\"https:\/\/www.intoscana.it\/it\/sanremo-2025-la-pattuglia-toscana-con-gabbani-irama-e-lucio-corsi\/\" target=\"_blank\" rel=\"noopener\"><strong>Festival di Sanremo,<\/strong><\/a> ma tanto non \u00e8 che il mio pubblico sia quello sanremese. Si intitoler\u00e0<strong><em> &#8220;Multiverso&#8221;<\/em><\/strong> e parler\u00e0 della possibilit\u00e0 di <strong>cambiare la propria vita, cambiando la propria energia interiore<\/strong> e la nostra reazione alle cose che ci succedono di giorno in giorno. <strong>\u00c8 un augurio a me stesso e agli ascoltatori,<\/strong> \u00e8 una specie di portafortuna. <strong>Io credo nel potere delle canzoni di cambiarci la vita. <\/strong><\/p>\n<p>La musica per me sicuramente \u00e8 un modo per <strong>poter cambiare le emozioni e entrare in mondi paralleli<\/strong>. Se ci pensi <strong>basta una canzone per cambiarti completamente l&#8217;umore della giornata<\/strong> e questo poter evocativo \u00e8 difficile trovarlo in altre forme di espressione. Da qualche parte ho letto che la pittura \u00e8 il mondo in cui l&#8217;essere umano cambia lo spazio, mentre la musica \u00e8 il modo con cui l&#8217;essere umano decora il tempo. <strong>\u00c8 impalpabile ma allo stesso tempo potente.\u00a0<\/strong><\/p>\n<p><strong>Prossimi progetti?<\/strong><\/p>\n<p>Ho un live con un progetto parallelo, un gruppo agli inizi che si chiama <strong>Gli Operai.<\/strong> Con loro far\u00f2 una data al <strong>WIP di Terranova Bracciolini il 1\u00b0 di febbraio<\/strong> e un&#8217;altra il 21 febbraio sempre nel senese. Siamo un trio e facciamo canzoni in italiano,<strong> la differenza per me \u00e8 che qui mollo un po&#8217; pi\u00f9 le briglie sul lato della composizione musicale<\/strong> e mi concentro pi\u00f9 sui testi. Si collega al mio progetto solista, \u00e8 diverso ma siamo sempre sulla stessa linea come suggestioni.<\/p>\n<figure id=\"post-371446 media-371446\" class=\"align-none\"><img decoding=\"async\" src=\"https:\/\/www.intoscana.it\/wp-content\/uploads\/IMG_8387.jpg\" alt=\"\" \/><\/figure>\n<div class=\"titleimg\">Andrea Tabacco al SNR &#8211; \u00a9 Matteo Lotti<\/div>\n","protected":false},"excerpt":{"rendered":"<p>Viaggio nell&#8217;universo musicale di Andrea Tabacco erede ideale di Alberto Camerini che propone al pubblico il suo mix tra il pop e l&#8217;elettronica e testi surreali<\/p>\n","protected":false},"author":518,"featured_media":371445,"comment_status":"open","ping_status":"open","sticky":false,"template":"","format":"standard","meta":{"_acf_changed":false,"footnotes":""},"categories":[14],"tags":[3138],"class_list":["post-371448","post","type-post","status-publish","format-standard","has-post-thumbnail","hentry","category-musica","tag-interviste-agli-artisti"],"acf":[],"yoast_head":"<!-- This site is optimized with the Yoast SEO Premium plugin v24.2 (Yoast SEO v25.6) - https:\/\/yoast.com\/wordpress\/plugins\/seo\/ -->\n<title>Il tecno pop interstellare di Andrea Tabacco: il cantautore che viene dal futuro - intoscana<\/title>\n<meta name=\"description\" content=\"Viaggio nell&#039;universo musicale di Andrea Tabacco &quot;erede&quot; di Alberto Camerini che propone al pubblico il suo mix tra il pop e l&#039;elettronica\" \/>\n<meta name=\"robots\" content=\"index, follow, max-snippet:-1, max-image-preview:large, max-video-preview:-1\" \/>\n<link rel=\"canonical\" href=\"https:\/\/www.intoscana.it\/it\/il-tecno-pop-interstellare-di-andrea-tabacco-il-cantautore-che-viene-dal-futuro\/\" \/>\n<meta property=\"og:locale\" content=\"it_IT\" \/>\n<meta property=\"og:type\" content=\"article\" \/>\n<meta property=\"og:title\" content=\"Il tecno pop interstellare di Andrea Tabacco: il cantautore che viene dal futuro\" \/>\n<meta property=\"og:description\" content=\"Viaggio nell&#039;universo musicale di Andrea Tabacco &quot;erede&quot; di Alberto Camerini che propone al pubblico il suo mix tra il pop e l&#039;elettronica\" \/>\n<meta property=\"og:url\" content=\"https:\/\/www.intoscana.it\/it\/il-tecno-pop-interstellare-di-andrea-tabacco-il-cantautore-che-viene-dal-futuro\/\" \/>\n<meta property=\"og:site_name\" content=\"intoscana\" \/>\n<meta property=\"article:publisher\" content=\"https:\/\/www.facebook.com\/intoscana.it\" \/>\n<meta property=\"article:published_time\" content=\"2025-01-20T15:08:45+00:00\" \/>\n<meta property=\"article:modified_time\" content=\"2025-01-20T15:30:41+00:00\" \/>\n<meta property=\"og:image\" content=\"https:\/\/www.intoscana.it\/wp-content\/uploads\/466977868_545510644891016_6643190531661882_n.jpg\" \/>\n\t<meta property=\"og:image:width\" content=\"2048\" \/>\n\t<meta property=\"og:image:height\" content=\"1153\" \/>\n\t<meta property=\"og:image:type\" content=\"image\/jpeg\" \/>\n<meta name=\"author\" content=\"Costanza Baldini\" \/>\n<meta name=\"twitter:card\" content=\"summary_large_image\" \/>\n<meta name=\"twitter:creator\" content=\"@intoscana\" \/>\n<meta name=\"twitter:site\" content=\"@intoscana\" \/>\n<meta name=\"twitter:label1\" content=\"Written by\" \/>\n\t<meta name=\"twitter:data1\" content=\"Costanza Baldini\" \/>\n\t<meta name=\"twitter:label2\" content=\"Est. reading time\" \/>\n\t<meta name=\"twitter:data2\" content=\"6 minuti\" \/>\n<script type=\"application\/ld+json\" class=\"yoast-schema-graph\">{\"@context\":\"https:\/\/schema.org\",\"@graph\":[{\"@type\":\"WebPage\",\"@id\":\"https:\/\/www.intoscana.it\/it\/il-tecno-pop-interstellare-di-andrea-tabacco-il-cantautore-che-viene-dal-futuro\/\",\"url\":\"https:\/\/www.intoscana.it\/it\/il-tecno-pop-interstellare-di-andrea-tabacco-il-cantautore-che-viene-dal-futuro\/\",\"name\":\"Il tecno pop interstellare di Andrea Tabacco: il cantautore che viene dal futuro - intoscana\",\"isPartOf\":{\"@id\":\"https:\/\/www.intoscana.it\/it\/#website\"},\"primaryImageOfPage\":{\"@id\":\"https:\/\/www.intoscana.it\/it\/il-tecno-pop-interstellare-di-andrea-tabacco-il-cantautore-che-viene-dal-futuro\/#primaryimage\"},\"image\":{\"@id\":\"https:\/\/www.intoscana.it\/it\/il-tecno-pop-interstellare-di-andrea-tabacco-il-cantautore-che-viene-dal-futuro\/#primaryimage\"},\"thumbnailUrl\":\"https:\/\/www.intoscana.it\/wp-content\/uploads\/466977868_545510644891016_6643190531661882_n.jpg\",\"datePublished\":\"2025-01-20T15:08:45+00:00\",\"dateModified\":\"2025-01-20T15:30:41+00:00\",\"author\":{\"@id\":\"https:\/\/www.intoscana.it\/it\/#\/schema\/person\/d469f35f09739bdf00bf5dd3f0647a82\"},\"description\":\"Viaggio nell'universo musicale di Andrea Tabacco \\\"erede\\\" di Alberto Camerini che propone al pubblico il suo mix tra il pop e l'elettronica\",\"breadcrumb\":{\"@id\":\"https:\/\/www.intoscana.it\/it\/il-tecno-pop-interstellare-di-andrea-tabacco-il-cantautore-che-viene-dal-futuro\/#breadcrumb\"},\"inLanguage\":\"it-IT\",\"potentialAction\":[{\"@type\":\"ReadAction\",\"target\":[\"https:\/\/www.intoscana.it\/it\/il-tecno-pop-interstellare-di-andrea-tabacco-il-cantautore-che-viene-dal-futuro\/\"]}]},{\"@type\":\"ImageObject\",\"inLanguage\":\"it-IT\",\"@id\":\"https:\/\/www.intoscana.it\/it\/il-tecno-pop-interstellare-di-andrea-tabacco-il-cantautore-che-viene-dal-futuro\/#primaryimage\",\"url\":\"https:\/\/www.intoscana.it\/wp-content\/uploads\/466977868_545510644891016_6643190531661882_n.jpg\",\"contentUrl\":\"https:\/\/www.intoscana.it\/wp-content\/uploads\/466977868_545510644891016_6643190531661882_n.jpg\",\"width\":2048,\"height\":1153,\"caption\":\"Andrea Tabacco al SNR\"},{\"@type\":\"BreadcrumbList\",\"@id\":\"https:\/\/www.intoscana.it\/it\/il-tecno-pop-interstellare-di-andrea-tabacco-il-cantautore-che-viene-dal-futuro\/#breadcrumb\",\"itemListElement\":[{\"@type\":\"ListItem\",\"position\":1,\"name\":\"Home\",\"item\":\"https:\/\/www.intoscana.it\/it\/\"},{\"@type\":\"ListItem\",\"position\":2,\"name\":\"Il tecno pop interstellare di Andrea Tabacco: il cantautore che viene dal futuro\"}]},{\"@type\":\"WebSite\",\"@id\":\"https:\/\/www.intoscana.it\/it\/#website\",\"url\":\"https:\/\/www.intoscana.it\/it\/\",\"name\":\"intoscana\",\"description\":\"\",\"potentialAction\":[{\"@type\":\"SearchAction\",\"target\":{\"@type\":\"EntryPoint\",\"urlTemplate\":\"https:\/\/www.intoscana.it\/it\/?s={search_term_string}\"},\"query-input\":{\"@type\":\"PropertyValueSpecification\",\"valueRequired\":true,\"valueName\":\"search_term_string\"}}],\"inLanguage\":\"it-IT\"},{\"@type\":\"Person\",\"@id\":\"https:\/\/www.intoscana.it\/it\/#\/schema\/person\/d469f35f09739bdf00bf5dd3f0647a82\",\"name\":\"Costanza Baldini\",\"url\":\"https:\/\/www.intoscana.it\/it\/author\/costanza-baldini\/\"}]}<\/script>\n<!-- \/ Yoast SEO Premium plugin. -->","yoast_head_json":{"title":"Il tecno pop interstellare di Andrea Tabacco: il cantautore che viene dal futuro - intoscana","description":"Viaggio nell'universo musicale di Andrea Tabacco \"erede\" di Alberto Camerini che propone al pubblico il suo mix tra il pop e l'elettronica","robots":{"index":"index","follow":"follow","max-snippet":"max-snippet:-1","max-image-preview":"max-image-preview:large","max-video-preview":"max-video-preview:-1"},"canonical":"https:\/\/www.intoscana.it\/it\/il-tecno-pop-interstellare-di-andrea-tabacco-il-cantautore-che-viene-dal-futuro\/","og_locale":"it_IT","og_type":"article","og_title":"Il tecno pop interstellare di Andrea Tabacco: il cantautore che viene dal futuro","og_description":"Viaggio nell'universo musicale di Andrea Tabacco \"erede\" di Alberto Camerini che propone al pubblico il suo mix tra il pop e l'elettronica","og_url":"https:\/\/www.intoscana.it\/it\/il-tecno-pop-interstellare-di-andrea-tabacco-il-cantautore-che-viene-dal-futuro\/","og_site_name":"intoscana","article_publisher":"https:\/\/www.facebook.com\/intoscana.it","article_published_time":"2025-01-20T15:08:45+00:00","article_modified_time":"2025-01-20T15:30:41+00:00","og_image":[{"width":2048,"height":1153,"url":"https:\/\/www.intoscana.it\/wp-content\/uploads\/466977868_545510644891016_6643190531661882_n.jpg","type":"image\/jpeg"}],"author":"Costanza Baldini","twitter_card":"summary_large_image","twitter_creator":"@intoscana","twitter_site":"@intoscana","twitter_misc":{"Written by":"Costanza Baldini","Est. reading time":"6 minuti"},"schema":{"@context":"https:\/\/schema.org","@graph":[{"@type":"WebPage","@id":"https:\/\/www.intoscana.it\/it\/il-tecno-pop-interstellare-di-andrea-tabacco-il-cantautore-che-viene-dal-futuro\/","url":"https:\/\/www.intoscana.it\/it\/il-tecno-pop-interstellare-di-andrea-tabacco-il-cantautore-che-viene-dal-futuro\/","name":"Il tecno pop interstellare di Andrea Tabacco: il cantautore che viene dal futuro - intoscana","isPartOf":{"@id":"https:\/\/www.intoscana.it\/it\/#website"},"primaryImageOfPage":{"@id":"https:\/\/www.intoscana.it\/it\/il-tecno-pop-interstellare-di-andrea-tabacco-il-cantautore-che-viene-dal-futuro\/#primaryimage"},"image":{"@id":"https:\/\/www.intoscana.it\/it\/il-tecno-pop-interstellare-di-andrea-tabacco-il-cantautore-che-viene-dal-futuro\/#primaryimage"},"thumbnailUrl":"https:\/\/www.intoscana.it\/wp-content\/uploads\/466977868_545510644891016_6643190531661882_n.jpg","datePublished":"2025-01-20T15:08:45+00:00","dateModified":"2025-01-20T15:30:41+00:00","author":{"@id":"https:\/\/www.intoscana.it\/it\/#\/schema\/person\/d469f35f09739bdf00bf5dd3f0647a82"},"description":"Viaggio nell'universo musicale di Andrea Tabacco \"erede\" di Alberto Camerini che propone al pubblico il suo mix tra il pop e l'elettronica","breadcrumb":{"@id":"https:\/\/www.intoscana.it\/it\/il-tecno-pop-interstellare-di-andrea-tabacco-il-cantautore-che-viene-dal-futuro\/#breadcrumb"},"inLanguage":"it-IT","potentialAction":[{"@type":"ReadAction","target":["https:\/\/www.intoscana.it\/it\/il-tecno-pop-interstellare-di-andrea-tabacco-il-cantautore-che-viene-dal-futuro\/"]}]},{"@type":"ImageObject","inLanguage":"it-IT","@id":"https:\/\/www.intoscana.it\/it\/il-tecno-pop-interstellare-di-andrea-tabacco-il-cantautore-che-viene-dal-futuro\/#primaryimage","url":"https:\/\/www.intoscana.it\/wp-content\/uploads\/466977868_545510644891016_6643190531661882_n.jpg","contentUrl":"https:\/\/www.intoscana.it\/wp-content\/uploads\/466977868_545510644891016_6643190531661882_n.jpg","width":2048,"height":1153,"caption":"Andrea Tabacco al SNR"},{"@type":"BreadcrumbList","@id":"https:\/\/www.intoscana.it\/it\/il-tecno-pop-interstellare-di-andrea-tabacco-il-cantautore-che-viene-dal-futuro\/#breadcrumb","itemListElement":[{"@type":"ListItem","position":1,"name":"Home","item":"https:\/\/www.intoscana.it\/it\/"},{"@type":"ListItem","position":2,"name":"Il tecno pop interstellare di Andrea Tabacco: il cantautore che viene dal futuro"}]},{"@type":"WebSite","@id":"https:\/\/www.intoscana.it\/it\/#website","url":"https:\/\/www.intoscana.it\/it\/","name":"intoscana","description":"","potentialAction":[{"@type":"SearchAction","target":{"@type":"EntryPoint","urlTemplate":"https:\/\/www.intoscana.it\/it\/?s={search_term_string}"},"query-input":{"@type":"PropertyValueSpecification","valueRequired":true,"valueName":"search_term_string"}}],"inLanguage":"it-IT"},{"@type":"Person","@id":"https:\/\/www.intoscana.it\/it\/#\/schema\/person\/d469f35f09739bdf00bf5dd3f0647a82","name":"Costanza Baldini","url":"https:\/\/www.intoscana.it\/it\/author\/costanza-baldini\/"}]}},"_links":{"self":[{"href":"https:\/\/www.intoscana.it\/it\/wp-json\/wp\/v2\/posts\/371448","targetHints":{"allow":["GET"]}}],"collection":[{"href":"https:\/\/www.intoscana.it\/it\/wp-json\/wp\/v2\/posts"}],"about":[{"href":"https:\/\/www.intoscana.it\/it\/wp-json\/wp\/v2\/types\/post"}],"author":[{"embeddable":true,"href":"https:\/\/www.intoscana.it\/it\/wp-json\/wp\/v2\/users\/518"}],"replies":[{"embeddable":true,"href":"https:\/\/www.intoscana.it\/it\/wp-json\/wp\/v2\/comments?post=371448"}],"version-history":[{"count":5,"href":"https:\/\/www.intoscana.it\/it\/wp-json\/wp\/v2\/posts\/371448\/revisions"}],"predecessor-version":[{"id":371577,"href":"https:\/\/www.intoscana.it\/it\/wp-json\/wp\/v2\/posts\/371448\/revisions\/371577"}],"wp:featuredmedia":[{"embeddable":true,"href":"https:\/\/www.intoscana.it\/it\/wp-json\/wp\/v2\/media\/371445"}],"wp:attachment":[{"href":"https:\/\/www.intoscana.it\/it\/wp-json\/wp\/v2\/media?parent=371448"}],"wp:term":[{"taxonomy":"category","embeddable":true,"href":"https:\/\/www.intoscana.it\/it\/wp-json\/wp\/v2\/categories?post=371448"},{"taxonomy":"post_tag","embeddable":true,"href":"https:\/\/www.intoscana.it\/it\/wp-json\/wp\/v2\/tags?post=371448"}],"curies":[{"name":"wp","href":"https:\/\/api.w.org\/{rel}","templated":true}]}}