{"id":371608,"date":"2025-01-21T11:46:35","date_gmt":"2025-01-21T10:46:35","guid":{"rendered":"https:\/\/www.intoscana.it\/it\/?p=371608"},"modified":"2025-01-21T12:45:16","modified_gmt":"2025-01-21T11:45:16","slug":"un-libro-racconta-san-giovanni-delle-contee-il-paese-che-non-esiste","status":"publish","type":"post","link":"https:\/\/www.intoscana.it\/it\/un-libro-racconta-san-giovanni-delle-contee-il-paese-che-non-esiste\/","title":{"rendered":"Un libro racconta San Giovanni delle Contee il &#8220;paese che non esiste&#8221;"},"content":{"rendered":"<p><strong>San Giovanni delle Contee<\/strong> in provincia di Grosseto \u00e8 un paesino che si trova nell&#8217;estremo sud della Toscana, vicino a<strong> Sovana, Sorano e Pitigliano<\/strong>, a un passo dal<strong> lago di Bolsena,<\/strong> tra l&#8217;<strong>Umbria<\/strong> e il <strong>Lazio.<\/strong><\/p>\n<p>\u00c8 un territorio di confine, in passato<strong> terra di briganti<\/strong> e di persone che si rifugiavano qui con lo scopo di non essere trovate, talmente isolato che <strong>neanche il Covid \u00e8 riuscito ad arrivare<\/strong> fino a questo mucchio di case.<\/p>\n<p>Non c&#8217;\u00e8 ospedale, non c&#8217;\u00e8 scuola, non c&#8217;\u00e8 niente, <strong>San Giovanni delle Contee \u00e8<\/strong> <strong>un paese quasi archetipico<\/strong> simbolo della profonda provincia italiana.<\/p>\n<p>Ma spesso <strong>\u00e8 dal vuoto che nascono le idee migliori e pi\u00f9 creative<\/strong>. Nasce cos\u00ec il libro autoprodotto: <strong><em>&#8220;Questo paese non esiste&#8221; <\/em><\/strong>un<strong> progetto di cinque &#8220;folli&#8221; creativi<\/strong> che hanno cercato di raccontare attraverso<strong> fotografie, testo e illustrazioni<\/strong> la storia di <strong>San Giovanni delle Contee.<\/strong><\/p>\n<p>Gli autori sono lo scrittore <strong>Tommaso Ciuffoletti,<\/strong> il fotografo<strong>\u00a0Lorenzo Ferroni<\/strong>, la grafica e illustratrice<strong> Claudia Bessi<\/strong>, <strong>Costanza Ciattini<\/strong> che ha curato la direzione artistica e <strong>Claudia Paladini <\/strong>che si \u00e8 occupata dell&#8217;editing fotografico.<\/p>\n<h3>Ecco la nostra intervista a Tommaso Ciuffoletti<\/h3>\n<p><strong>Ciao Tommaso! Com&#8217;\u00e8 nata l&#8217;idea di questo libro? E come si \u00e8 formata la &#8220;squadra&#8221; che ha lavorato insieme?<\/strong><\/p>\n<p>Chi ha dato la prima spinta che poi ha fatto rotolare tutto in modo spontaneo, \u00e8 stata <strong>Costanza Ciattini<\/strong>. Costanza \u00e8 un&#8217;artista fiorentina che realizza in particolare splendidi collage. Attraverso giri di conoscenze comuni avevo visto i suoi lavori e le avevo chiesto di realizzare un&#8217;etichetta per un vino molto particolare che realizzo insieme ad alcuni amici. Lei ha cos\u00ec conosciuto <strong>San Giovanni delle Contee<\/strong> e tutto quello che stiamo facendo per animare di iniziative questo piccolo paese. Un giorno mi ha invitato a pranzo insieme ad un gruppo di suoi amici e mi ha chiesto di raccontare loro ci\u00f2 che per me significa San Giovanni. La scintilla \u00e8 scaturita da quel pranzo, dal vino e dalle parole. Forse anche dalla luce, perch\u00e9 era uno di quei giorni in cui Firenze sa essere davvero bella. E cos\u00ec abbiano iniziato a sognare prima e realizzare poi quel progetto. Il team comprende, oltre Costanza e me: <strong>Claudia Bessi,<\/strong> illustratrice, <strong>Claudia Paladini,<\/strong> che ha curato l&#8217;editing fotografico del libro, e <strong>Lorenzo Ferroni,<\/strong> fotografo.<p><span class=\"citazione\">correre bambino per San Giovanni delle Contee mi ha insegnato alcune cose: la prima \u00e8 che la bellezza pi\u00f9 grande \u00e8 quella che offre la natura<\/span><\/p><\/p>\n<p><strong>Qual \u00e8 stata la reazione degli abitanti di San Giovanni a questo progetto?<\/strong><\/p>\n<p>In effetti dedicare un libro a <strong>San Giovanni delle Contee<\/strong> \u00e8 un&#8217;idea piuttosto strampalata, ma io sono figlio di un sognatore, mio padre<strong> Zeffiro, sangiovannese DOC<\/strong>. E poi credo che ormai i sangiovannesi si siano abituati a vedermi spuntare con idee insensate e quindi non si sorprendono pi\u00f9! A parte scherzi, anche se magari inizialmente c&#8217;era una certa ritrosia a farsi ritrarre in foto &#8211; quella ritrosia che per\u00f2 si accompagna sempre alla curiosit\u00e0 di vedere poi com&#8217;\u00e8 venuto lo scatto una volta che questo \u00e8 stato fatto &#8211; beh &#8230; <strong>ben presto hanno aperto ogni porta<\/strong> e anzi, hanno aperto anche archivi delle loro vecchie foto, alcune delle quali hanno arricchito il libro.<\/p>\n<p><strong>Tu sei cresciuto a San Giovanni delle Conteee,\u00a0un paese che tu non esiti a definire &#8220;brutto&#8221; un luogo in cui non succede mai niente. In che modo crescere in questo &#8220;vuoto&#8221; ti ha formato?<\/strong><\/p>\n<p><strong>\u00c8 un paese che non fa niente per sedurti,<\/strong> nella sua semplicit\u00e0 \u00e8 per\u00f2 il suo fascino.<strong> Ci sono quei paesi bellini, anche un po&#8217; infiocchettati<\/strong>, che sembrano fatti proprio per sedurti &#8230; ma a me quasi mai affascinano. Sono un po&#8217; come quelle persone che si sforzano e fanno di tutto per piacerti, spesso ottenendo esattamente l&#8217;effetto opposto. San Giovanni delle Contee \u00e8 invece un paese che non fa niente per sedurti; \u00e8 in questo, estremamente sincero. E poi \u00e8 vero che nel tempo &#8211; complici amministrazioni locali poco serie &#8211; sono stati costruiti anche edifici e spazi proprio brutti. Il paese ne ha risentito, ma rimane un paese che conserva delle bellezze che sono nascoste, devi andare a cercarle e a me questo piace. Cos\u00ec come mi piace l&#8217;estrema libert\u00e0 che un luogo cos\u00ec lontano da tutto ti garantisce. Forse in questo,<strong> correre bambino per San Giovanni delle Contee<\/strong> mi ha insegnato alcune cose: la prima \u00e8 che<strong> la bellezza pi\u00f9 grande \u00e8 quella che offre la natura,<\/strong> coi suoi boschi, i suoi fiumi, i suoi paesaggi, la seconda \u00e8 che gli uomini spesso fanno danni a cui poi non \u00e8 facile rimediare\u00a0\u00a0(e in questo pubblico e privato non fanno differenza) e infine mi ha insegnato che <strong>essere gli ultimi degli ultimi \u00e8 un destino a cui \u00e8 giusto ribellarsi!<\/strong><\/p>\n<figure id=\"post-371656 media-371656\" class=\"align-none\"><img decoding=\"async\" src=\"https:\/\/www.intoscana.it\/wp-content\/uploads\/disfida2023.webp\" alt=\"\" \/><\/figure>\n<div class=\"titleimg\">Disfida delle Contee del 2023 &#8211; \u00a9 Andrea Moretti<\/div>\n<p><strong>Il vostro libro\u00a0si concentra anche sulla produzione del vino, che per\u00f2 non \u00e8 &#8220;romanticizzata&#8221; o &#8220;mitizzata&#8221; come capita spesso in Toscana, ma che proviene dalla cos\u00ec detta &#8220;Mezzadria&#8221;, spiegaci di cosa si tratta<\/strong><\/p>\n<p>In effetti <strong>gli\u00a0infiocchettamenti\u00a0del marketing a me danno una certa uggia.<\/strong> Non amo molto quelle storie da brochure aziendale che raccontano di passati agricoli mitici e idilliaci e quei raffazzonamenti folclorici ad uso e consumo dei turisti. La verit\u00e0 \u00e8 che la storia secolare dell&#8217;agricoltura e del vino in Italia (come nella gran parte dei paesi del Mediterraneo) \u00e8 quella della mezzadria,<strong> un contratto agricolo di origine medievale ed in vigore fino alla fine degli anni &#8217;60 del secolo scorso.<\/strong> Un contratto molto semplice: <em>&#8220;io sono il padrone della terra e di tutto ci\u00f2 che vi sta sopra, tu sei il mezzadro a cui io concedo di lavorarla: a fine stagione met\u00e0 raccolto sar\u00e0 tuo e met\u00e0 sar\u00e0 mio, quindi fa&#8217; che la terra produca tanto, perch\u00e9 se non sar\u00f2 soddisfatto del tuo lavoro, caccer\u00f2 te e la tua famiglia dalla mia terra&#8221;<\/em>. <strong>Era questa la regola spietata della mezzadria<\/strong> e la conseguenza era una e semplice: si doveva produrre tanto, la qualit\u00e0 non era contemplata. Ecco quando si racconta il vino in Italia, escludere la mezzadria \u00e8 la norma. Peccato sia stato il principale contratto agricolo in vigore negli ultimi non anni o decenni: ma secoli!<\/p>\n<p><strong>Vi siete &#8220;inventati&#8221; a fine giugno la &#8220;Disfida delle contee&#8221;, raccontaci cosa succede a San Giovanni delle Contee<\/strong><\/p>\n<p>Io e miei due amici, <strong>Olmo Fratini e Tommaso Furzi,<\/strong> abbiamo iniziato a produrre vino in modo clandestino, ben sapendo della forza che il vino ha per raccontare un luogo. Poi nel 2021 ci siamo messi in regola e oggi facciamo un vino ufficiale a tutti gli effetti. Ma vogliamo rendere omaggio invece a quella <strong>storia secolare del vino italiano che ancora a San Giovanni delle Contee sopravvive<\/strong> nelle tante vigne e nelle tante cantine dove ogni persona fa il vino per s\u00e9 e non per venderlo. <strong>Persone che non hanno studiato enologia, ma che pure sanno curare una vigna, sanno potare, vendemmiare<\/strong>, sanno condurre una fermentazione, svinare etc&#8230; E allora l&#8217;ultimo weekend di giugno invitiamo in paese tantissimi professionisti del vino, persone di assoluta caratura, tra critici, giornalisti, produttori, importatori etc.. E lo facciamo per far degustare loro e far loro giudicare i vini contadini fatti dai paesani. Una degustazione serissima, come si fa nei grandi concorsi internazionali, solo fatta per giudicare umilissimi vini contadini. Pieni di difetti, magari, eppure bellissimi nella loro sincerit\u00e0.<\/p>\n<p><strong>Dove \u00e8 possibile acquistare il libro?<\/strong><\/p>\n<p><strong>Il libro \u00e8 stato autoprodotto<\/strong> per una precisa<strong> scelta di indipendenza totale.<\/strong> A Firenze potete trovarlo alla<a href=\"https:\/\/www.libreriabrac.net\" target=\"_blank\" rel=\"noopener\"><strong> Libreria Brac<\/strong><\/a>, che ci ha sostenuto quando ancora questo progetto era solo un&#8217;idea apparentemente folle. E poi lo si pu\u00f2 trovare ancora &#8211; sono rimaste pochissime copie &#8211; su\u00a0<a href=\"http:\/\/www.questopaesenonesiste.it\" target=\"_blank\" rel=\"noopener\"><strong>www.questopaesenonesiste.it.<\/strong><\/a><\/p>\n<div class=\"titleimg\">\n<figure id=\"post-371654 media-371654\" class=\"align-none\"><img decoding=\"async\" src=\"https:\/\/www.intoscana.it\/wp-content\/uploads\/IMG-20250120-WA0024-e1737455892328.jpg\" alt=\"\" \/><\/figure>\n<div class=\"titleimg\">La presentazione del libro alla Liberia Brac di Firenze<\/div>\n<\/div>\n<div class=\"titleimg\"><\/div>\n","protected":false},"excerpt":{"rendered":"<p>Dall&#8217;idea di cinque creativi nasce il progetto di un libro per raccontare un paese situato all&#8217;estremo sud della Toscana, per dimostrare che la bellezza pu\u00f2 nascere anche in luoghi &#8220;dimenticati&#8221;<\/p>\n","protected":false},"author":518,"featured_media":371647,"comment_status":"open","ping_status":"open","sticky":false,"template":"","format":"standard","meta":{"_acf_changed":false,"footnotes":""},"categories":[493],"tags":[3136,210],"class_list":["post-371608","post","type-post","status-publish","format-standard","has-post-thumbnail","hentry","category-cultura","tag-interviste","tag-libri"],"acf":[],"yoast_head":"<!-- This site is optimized with the Yoast SEO Premium plugin v24.2 (Yoast SEO v25.6) - https:\/\/yoast.com\/wordpress\/plugins\/seo\/ -->\n<title>Un libro racconta San Giovanni delle Contee il &quot;paese che non esiste&quot; - intoscana<\/title>\n<meta name=\"description\" content=\"Dall&#039;idea di cinque creativi nasce il progetto di un libro per raccontare un paese situato all&#039;estremo sud della Toscana\" \/>\n<meta name=\"robots\" content=\"index, follow, max-snippet:-1, max-image-preview:large, max-video-preview:-1\" \/>\n<link rel=\"canonical\" href=\"https:\/\/www.intoscana.it\/it\/un-libro-racconta-san-giovanni-delle-contee-il-paese-che-non-esiste\/\" \/>\n<meta property=\"og:locale\" content=\"it_IT\" \/>\n<meta property=\"og:type\" content=\"article\" \/>\n<meta property=\"og:title\" content=\"Un libro racconta San Giovanni delle Contee il &quot;paese che non esiste&quot;\" \/>\n<meta property=\"og:description\" content=\"Dall&#039;idea di cinque creativi nasce il progetto di un libro per raccontare un paese situato all&#039;estremo sud della Toscana\" \/>\n<meta property=\"og:url\" content=\"https:\/\/www.intoscana.it\/it\/un-libro-racconta-san-giovanni-delle-contee-il-paese-che-non-esiste\/\" \/>\n<meta property=\"og:site_name\" content=\"intoscana\" \/>\n<meta property=\"article:publisher\" content=\"https:\/\/www.facebook.com\/intoscana.it\" \/>\n<meta property=\"article:published_time\" content=\"2025-01-21T10:46:35+00:00\" \/>\n<meta property=\"article:modified_time\" content=\"2025-01-21T11:45:16+00:00\" \/>\n<meta property=\"og:image\" content=\"https:\/\/www.intoscana.it\/wp-content\/uploads\/076A1703.jpg\" \/>\n\t<meta property=\"og:image:width\" content=\"1920\" \/>\n\t<meta property=\"og:image:height\" content=\"1281\" \/>\n\t<meta property=\"og:image:type\" content=\"image\/jpeg\" \/>\n<meta name=\"author\" content=\"Costanza Baldini\" \/>\n<meta name=\"twitter:card\" content=\"summary_large_image\" \/>\n<meta name=\"twitter:creator\" content=\"@intoscana\" \/>\n<meta name=\"twitter:site\" content=\"@intoscana\" \/>\n<meta name=\"twitter:label1\" content=\"Written by\" \/>\n\t<meta name=\"twitter:data1\" content=\"Costanza Baldini\" \/>\n\t<meta name=\"twitter:label2\" content=\"Est. reading time\" \/>\n\t<meta name=\"twitter:data2\" content=\"8 minuti\" \/>\n<script type=\"application\/ld+json\" class=\"yoast-schema-graph\">{\"@context\":\"https:\/\/schema.org\",\"@graph\":[{\"@type\":\"WebPage\",\"@id\":\"https:\/\/www.intoscana.it\/it\/un-libro-racconta-san-giovanni-delle-contee-il-paese-che-non-esiste\/\",\"url\":\"https:\/\/www.intoscana.it\/it\/un-libro-racconta-san-giovanni-delle-contee-il-paese-che-non-esiste\/\",\"name\":\"Un libro racconta San Giovanni delle Contee il \\\"paese che non esiste\\\" - intoscana\",\"isPartOf\":{\"@id\":\"https:\/\/www.intoscana.it\/it\/#website\"},\"primaryImageOfPage\":{\"@id\":\"https:\/\/www.intoscana.it\/it\/un-libro-racconta-san-giovanni-delle-contee-il-paese-che-non-esiste\/#primaryimage\"},\"image\":{\"@id\":\"https:\/\/www.intoscana.it\/it\/un-libro-racconta-san-giovanni-delle-contee-il-paese-che-non-esiste\/#primaryimage\"},\"thumbnailUrl\":\"https:\/\/www.intoscana.it\/wp-content\/uploads\/076A1703.jpg\",\"datePublished\":\"2025-01-21T10:46:35+00:00\",\"dateModified\":\"2025-01-21T11:45:16+00:00\",\"author\":{\"@id\":\"https:\/\/www.intoscana.it\/it\/#\/schema\/person\/d469f35f09739bdf00bf5dd3f0647a82\"},\"description\":\"Dall'idea di cinque creativi nasce il progetto di un libro per raccontare un paese situato all'estremo sud della Toscana\",\"breadcrumb\":{\"@id\":\"https:\/\/www.intoscana.it\/it\/un-libro-racconta-san-giovanni-delle-contee-il-paese-che-non-esiste\/#breadcrumb\"},\"inLanguage\":\"it-IT\",\"potentialAction\":[{\"@type\":\"ReadAction\",\"target\":[\"https:\/\/www.intoscana.it\/it\/un-libro-racconta-san-giovanni-delle-contee-il-paese-che-non-esiste\/\"]}]},{\"@type\":\"ImageObject\",\"inLanguage\":\"it-IT\",\"@id\":\"https:\/\/www.intoscana.it\/it\/un-libro-racconta-san-giovanni-delle-contee-il-paese-che-non-esiste\/#primaryimage\",\"url\":\"https:\/\/www.intoscana.it\/wp-content\/uploads\/076A1703.jpg\",\"contentUrl\":\"https:\/\/www.intoscana.it\/wp-content\/uploads\/076A1703.jpg\",\"width\":1920,\"height\":1281},{\"@type\":\"BreadcrumbList\",\"@id\":\"https:\/\/www.intoscana.it\/it\/un-libro-racconta-san-giovanni-delle-contee-il-paese-che-non-esiste\/#breadcrumb\",\"itemListElement\":[{\"@type\":\"ListItem\",\"position\":1,\"name\":\"Home\",\"item\":\"https:\/\/www.intoscana.it\/it\/\"},{\"@type\":\"ListItem\",\"position\":2,\"name\":\"Un libro racconta San Giovanni delle Contee il &#8220;paese che non esiste&#8221;\"}]},{\"@type\":\"WebSite\",\"@id\":\"https:\/\/www.intoscana.it\/it\/#website\",\"url\":\"https:\/\/www.intoscana.it\/it\/\",\"name\":\"intoscana\",\"description\":\"\",\"potentialAction\":[{\"@type\":\"SearchAction\",\"target\":{\"@type\":\"EntryPoint\",\"urlTemplate\":\"https:\/\/www.intoscana.it\/it\/?s={search_term_string}\"},\"query-input\":{\"@type\":\"PropertyValueSpecification\",\"valueRequired\":true,\"valueName\":\"search_term_string\"}}],\"inLanguage\":\"it-IT\"},{\"@type\":\"Person\",\"@id\":\"https:\/\/www.intoscana.it\/it\/#\/schema\/person\/d469f35f09739bdf00bf5dd3f0647a82\",\"name\":\"Costanza Baldini\",\"url\":\"https:\/\/www.intoscana.it\/it\/author\/costanza-baldini\/\"}]}<\/script>\n<!-- \/ Yoast SEO Premium plugin. -->","yoast_head_json":{"title":"Un libro racconta San Giovanni delle Contee il \"paese che non esiste\" - intoscana","description":"Dall'idea di cinque creativi nasce il progetto di un libro per raccontare un paese situato all'estremo sud della Toscana","robots":{"index":"index","follow":"follow","max-snippet":"max-snippet:-1","max-image-preview":"max-image-preview:large","max-video-preview":"max-video-preview:-1"},"canonical":"https:\/\/www.intoscana.it\/it\/un-libro-racconta-san-giovanni-delle-contee-il-paese-che-non-esiste\/","og_locale":"it_IT","og_type":"article","og_title":"Un libro racconta San Giovanni delle Contee il \"paese che non esiste\"","og_description":"Dall'idea di cinque creativi nasce il progetto di un libro per raccontare un paese situato all'estremo sud della Toscana","og_url":"https:\/\/www.intoscana.it\/it\/un-libro-racconta-san-giovanni-delle-contee-il-paese-che-non-esiste\/","og_site_name":"intoscana","article_publisher":"https:\/\/www.facebook.com\/intoscana.it","article_published_time":"2025-01-21T10:46:35+00:00","article_modified_time":"2025-01-21T11:45:16+00:00","og_image":[{"width":1920,"height":1281,"url":"https:\/\/www.intoscana.it\/wp-content\/uploads\/076A1703.jpg","type":"image\/jpeg"}],"author":"Costanza Baldini","twitter_card":"summary_large_image","twitter_creator":"@intoscana","twitter_site":"@intoscana","twitter_misc":{"Written by":"Costanza Baldini","Est. reading time":"8 minuti"},"schema":{"@context":"https:\/\/schema.org","@graph":[{"@type":"WebPage","@id":"https:\/\/www.intoscana.it\/it\/un-libro-racconta-san-giovanni-delle-contee-il-paese-che-non-esiste\/","url":"https:\/\/www.intoscana.it\/it\/un-libro-racconta-san-giovanni-delle-contee-il-paese-che-non-esiste\/","name":"Un libro racconta San Giovanni delle Contee il \"paese che non esiste\" - intoscana","isPartOf":{"@id":"https:\/\/www.intoscana.it\/it\/#website"},"primaryImageOfPage":{"@id":"https:\/\/www.intoscana.it\/it\/un-libro-racconta-san-giovanni-delle-contee-il-paese-che-non-esiste\/#primaryimage"},"image":{"@id":"https:\/\/www.intoscana.it\/it\/un-libro-racconta-san-giovanni-delle-contee-il-paese-che-non-esiste\/#primaryimage"},"thumbnailUrl":"https:\/\/www.intoscana.it\/wp-content\/uploads\/076A1703.jpg","datePublished":"2025-01-21T10:46:35+00:00","dateModified":"2025-01-21T11:45:16+00:00","author":{"@id":"https:\/\/www.intoscana.it\/it\/#\/schema\/person\/d469f35f09739bdf00bf5dd3f0647a82"},"description":"Dall'idea di cinque creativi nasce il progetto di un libro per raccontare un paese situato all'estremo sud della Toscana","breadcrumb":{"@id":"https:\/\/www.intoscana.it\/it\/un-libro-racconta-san-giovanni-delle-contee-il-paese-che-non-esiste\/#breadcrumb"},"inLanguage":"it-IT","potentialAction":[{"@type":"ReadAction","target":["https:\/\/www.intoscana.it\/it\/un-libro-racconta-san-giovanni-delle-contee-il-paese-che-non-esiste\/"]}]},{"@type":"ImageObject","inLanguage":"it-IT","@id":"https:\/\/www.intoscana.it\/it\/un-libro-racconta-san-giovanni-delle-contee-il-paese-che-non-esiste\/#primaryimage","url":"https:\/\/www.intoscana.it\/wp-content\/uploads\/076A1703.jpg","contentUrl":"https:\/\/www.intoscana.it\/wp-content\/uploads\/076A1703.jpg","width":1920,"height":1281},{"@type":"BreadcrumbList","@id":"https:\/\/www.intoscana.it\/it\/un-libro-racconta-san-giovanni-delle-contee-il-paese-che-non-esiste\/#breadcrumb","itemListElement":[{"@type":"ListItem","position":1,"name":"Home","item":"https:\/\/www.intoscana.it\/it\/"},{"@type":"ListItem","position":2,"name":"Un libro racconta San Giovanni delle Contee il &#8220;paese che non esiste&#8221;"}]},{"@type":"WebSite","@id":"https:\/\/www.intoscana.it\/it\/#website","url":"https:\/\/www.intoscana.it\/it\/","name":"intoscana","description":"","potentialAction":[{"@type":"SearchAction","target":{"@type":"EntryPoint","urlTemplate":"https:\/\/www.intoscana.it\/it\/?s={search_term_string}"},"query-input":{"@type":"PropertyValueSpecification","valueRequired":true,"valueName":"search_term_string"}}],"inLanguage":"it-IT"},{"@type":"Person","@id":"https:\/\/www.intoscana.it\/it\/#\/schema\/person\/d469f35f09739bdf00bf5dd3f0647a82","name":"Costanza Baldini","url":"https:\/\/www.intoscana.it\/it\/author\/costanza-baldini\/"}]}},"_links":{"self":[{"href":"https:\/\/www.intoscana.it\/it\/wp-json\/wp\/v2\/posts\/371608","targetHints":{"allow":["GET"]}}],"collection":[{"href":"https:\/\/www.intoscana.it\/it\/wp-json\/wp\/v2\/posts"}],"about":[{"href":"https:\/\/www.intoscana.it\/it\/wp-json\/wp\/v2\/types\/post"}],"author":[{"embeddable":true,"href":"https:\/\/www.intoscana.it\/it\/wp-json\/wp\/v2\/users\/518"}],"replies":[{"embeddable":true,"href":"https:\/\/www.intoscana.it\/it\/wp-json\/wp\/v2\/comments?post=371608"}],"version-history":[{"count":5,"href":"https:\/\/www.intoscana.it\/it\/wp-json\/wp\/v2\/posts\/371608\/revisions"}],"predecessor-version":[{"id":371686,"href":"https:\/\/www.intoscana.it\/it\/wp-json\/wp\/v2\/posts\/371608\/revisions\/371686"}],"wp:featuredmedia":[{"embeddable":true,"href":"https:\/\/www.intoscana.it\/it\/wp-json\/wp\/v2\/media\/371647"}],"wp:attachment":[{"href":"https:\/\/www.intoscana.it\/it\/wp-json\/wp\/v2\/media?parent=371608"}],"wp:term":[{"taxonomy":"category","embeddable":true,"href":"https:\/\/www.intoscana.it\/it\/wp-json\/wp\/v2\/categories?post=371608"},{"taxonomy":"post_tag","embeddable":true,"href":"https:\/\/www.intoscana.it\/it\/wp-json\/wp\/v2\/tags?post=371608"}],"curies":[{"name":"wp","href":"https:\/\/api.w.org\/{rel}","templated":true}]}}