{"id":371723,"date":"2025-01-21T15:01:40","date_gmt":"2025-01-21T14:01:40","guid":{"rendered":"https:\/\/www.intoscana.it\/it\/?p=371723"},"modified":"2025-01-22T15:13:11","modified_gmt":"2025-01-22T14:13:11","slug":"di-pari-passo-contro-gli-stereotipi-limpegno-della-provincia-di-livorno-per-la-parita-di-genere","status":"publish","type":"post","link":"https:\/\/www.intoscana.it\/it\/di-pari-passo-contro-gli-stereotipi-limpegno-della-provincia-di-livorno-per-la-parita-di-genere\/","title":{"rendered":"Di \u201cPari passo\u201d contro gli stereotipi: l&#8217;impegno della Provincia di Livorno per la parit\u00e0 di genere"},"content":{"rendered":"<p>Supporto ai Comuni per redigere <strong>Bilanci di genere<\/strong> e animazione territoriale per famiglie, studentesse e studenti, docenti di scuole di ogni ordine e grado per promuovere<strong> la cultura delle pari opportunit\u00e0<\/strong>.\u00a0Sono le principali azioni di<strong> \u201cPari passo\u201d, il progetto triennale della Provincia di Livorno<\/strong> che \u00e8 stato presentato oggi, sostenuto dalla <strong>Regione Toscana<\/strong> nell\u2019ambito del rifinanziamento, attraverso i fondi del PR FSE+2021-2027, della sua legge sulla cittadinanza di genere.<\/p>\n<p><em>\u201cIl rifinanziamento della legge regionale 16\/2009 &#8216;Cittadinanza di genere&#8217;<\/em> \u2013 ha spiegato l\u2019assessora regionale alle pari opportunit\u00e0 <strong>Alessandra Nardini<\/strong>\u00a0&#8211; <em>era una impegno che ci eravamo presi in questa legislatura perch\u00e9 crediamo fermamente che combattere e prevenire discriminazioni e disuguaglianze di genere, fino al drammatico fenomeno della violenza contro le donne, in tutte le forme in cui essa si manifesta, sia un preciso dovere delle istituzioni. Se vogliamo farlo concretamente dobbiamo partire dall&#8217;educazione, dal rimuovere pregiudizi, destrutturare stereotipi e ruoli di genere. S<\/em><em>iamo partiti nel 2022 con un primo bando, che allora definimmo sperimentale, che andava a rifinanziare la nostra legge regionale con complessivi 800mila euro a livello regionale, ed oggi non solo confermiamo il rifinanziamento ma lo incrementiamo notevolmente e diamo continuit\u00e0 a questi interventi, attraverso un bando triennale finanziato con <strong>5,7 milioni a livello regionale\u201d.<\/strong><\/em><\/p>\n<h3>Oltre 550mila euro per Bilanci di genere e attivit\u00e0 nelle scuole<\/h3>\n<p>Grazie alla partecipazione al bando regionale lanciato nella scorsa primavera, la Provincia di Livorno ha ottenuto un contributo di circa <strong>552mila euro<\/strong>, e le prime azioni del progetto hanno preso il via in questi giorni. Saranno realizzate attivit\u00e0, coordinate dalla Provincia, di coinvolgimento, condivisione nonch\u00e9 affiancamento sul <strong>Bilancio di Genere dei Comuni del territorio provinciale,<\/strong> a cui seguir\u00e0 la redazione, per i tre anni di durata del progetto, del Bilancio di genere in uno degli enti coinvolti.<\/p>\n<p>Per quanto riguarda le scuole, le attivit\u00e0 saranno diversificate in base al livello scolastico: <mark>nelle primarie e medie ci saranno laboratori creativi mentre agli studenti e alle studentesse delle superiori saranno proposte proiezioni cinematografiche,<\/mark> cui seguiranno approfondimenti e confronti. Tre i temi conduttori delle attivit\u00e0, per affrontare la parit\u00e0 di genere su fronti diversi: il primo tema sar\u00e0 la<strong> storia, il secondo le scienze, infine la cittadinanza attiva e il lavoro.<\/strong> Previsti seminari tematici sul superamento degli stereotipi rivolti ai docenti delle scuole d\u2019infanzia e primarie, e ai genitori.<\/p>\n<h3>Il Bilancio di genere per le amministrazioni locali<\/h3>\n<p><em>\u201cLa Provincia di Livorno<\/em> \u2013 ha dichiarato la presidente della Provincia <strong>Sandra Scarpellini<\/strong> &#8211; <em>ha una lunga esperienza sul tema del Bilancio di genere, che come Ente abbiamo iniziato ad elaborare da oltre 10 anni. Uno strumento importante che aiuta a rileggere le politiche pubbliche per evidenziarne il valore istituzionale e l\u2019impatto di genere e della distribuzione delle risorse sulle vite delle donne e degli uomini, nonch\u00e9 sulla qualit\u00e0 complessiva del contesto sociale. Per questo pensiamo sia utile mettere a disposizione dei Comuni la nostra esperienza, condividendo le buone pratiche e lavorando non solo sulla redazione dei Bilanci di Genere, ma anche sulla formazione del personale delle singole Amministrazioni.&#8221;<\/em><\/p>\n<p>I Comuni che al momento hanno dato la loro adesione al progetto sui bilanci di genere sono <strong>Livorno, Cecina, Collesalvetti, Marciana, Castagneto Carducci e San Vincenzo.<\/strong><br \/>\nGrazie ai progetti finanziati negli anni scorsi dalla legge regionale, la Provincia di Livorno ha portato il tema della cittadinanza di genere in tutte le scuole del territorio. Nell\u2019ultimo triennio, il lavoro sulla lotta agli stereotipi ha coinvolto oltre <strong>700 utenti, tra istituti comprensivi e scuole superiori.<\/strong><\/p>\n<p>Con il progetto \u201cPari passo\u201d si apre un nuovo programma di azioni, con alcune attivit\u00e0 avviate proprio nei giorni scorsi. La prima ha visto la Provincia impegnata in un incontro introduttivo sulla redazione del bilancio di genere con il Comune di Collesalvetti, mentre la seconda fa parte del progetto rivolto alle scuole, con la proiezione del film \u201cIl diritto di contare\u201d (2016) di Theodore Melfi presso l&#8217;ITIS Galileo Galilei di Livorno.<\/p>\n<div class=\"rt-btn-wrapper rt-btn-wrapper--right-align\">\n<div class=\"a2a_kit a2a_kit_size_32 a2a_default_style\" data-a2a-title=\"Di \u201cPari passo\u201d contro gli stereotipi. La Provincia di Livorno per la parit\u00e0 di genere\"><\/div>\n<\/div>\n","protected":false},"excerpt":{"rendered":"<p>Il progetto presentato oggi \u00e8 sostenuto dalla Regione nell&#8217;ambito del rifinanziamento della legge regionale 16 sulla cittadinanza di genere<\/p>\n","protected":false},"author":525,"featured_media":371726,"comment_status":"open","ping_status":"open","sticky":false,"template":"","format":"standard","meta":{"_acf_changed":false,"footnotes":""},"categories":[494],"tags":[273,5641,151],"class_list":["post-371723","post","type-post","status-publish","format-standard","has-post-thumbnail","hentry","category-attualita","tag-livorno","tag-pari-opportunita","tag-regione-toscana"],"acf":[],"yoast_head":"<!-- This site is optimized with the Yoast SEO Premium plugin v24.2 (Yoast SEO v25.6) - https:\/\/yoast.com\/wordpress\/plugins\/seo\/ -->\n<title>Di \u201cPari passo\u201d contro gli stereotipi: l&#039;impegno della Provincia di Livorno per la parit\u00e0 di genere - intoscana<\/title>\n<meta name=\"robots\" content=\"index, follow, max-snippet:-1, max-image-preview:large, max-video-preview:-1\" \/>\n<link rel=\"canonical\" href=\"https:\/\/www.intoscana.it\/it\/di-pari-passo-contro-gli-stereotipi-limpegno-della-provincia-di-livorno-per-la-parita-di-genere\/\" \/>\n<meta property=\"og:locale\" content=\"it_IT\" \/>\n<meta property=\"og:type\" content=\"article\" \/>\n<meta property=\"og:title\" content=\"Di \u201cPari passo\u201d contro gli stereotipi: l&#039;impegno della Provincia di Livorno per la parit\u00e0 di genere\" \/>\n<meta property=\"og:description\" content=\"Il progetto presentato oggi \u00e8 sostenuto dalla Regione nell&#039;ambito del rifinanziamento della legge regionale 16 sulla cittadinanza di genere\" \/>\n<meta property=\"og:url\" content=\"https:\/\/www.intoscana.it\/it\/di-pari-passo-contro-gli-stereotipi-limpegno-della-provincia-di-livorno-per-la-parita-di-genere\/\" \/>\n<meta property=\"og:site_name\" content=\"intoscana\" \/>\n<meta property=\"article:publisher\" content=\"https:\/\/www.facebook.com\/intoscana.it\" \/>\n<meta property=\"article:published_time\" content=\"2025-01-21T14:01:40+00:00\" \/>\n<meta property=\"article:modified_time\" content=\"2025-01-22T14:13:11+00:00\" \/>\n<meta property=\"og:image\" content=\"https:\/\/www.intoscana.it\/wp-content\/uploads\/nardini-scarpellini-legge-16-livorno-gennaio-2025.jpg\" \/>\n\t<meta property=\"og:image:width\" content=\"973\" \/>\n\t<meta property=\"og:image:height\" content=\"719\" \/>\n\t<meta property=\"og:image:type\" content=\"image\/jpeg\" \/>\n<meta name=\"author\" content=\"Redazione\" \/>\n<meta name=\"twitter:card\" content=\"summary_large_image\" \/>\n<meta name=\"twitter:creator\" content=\"@intoscana\" \/>\n<meta name=\"twitter:site\" content=\"@intoscana\" \/>\n<meta name=\"twitter:label1\" content=\"Written by\" \/>\n\t<meta name=\"twitter:data1\" content=\"Redazione\" \/>\n\t<meta name=\"twitter:label2\" content=\"Est. reading time\" \/>\n\t<meta name=\"twitter:data2\" content=\"4 minuti\" \/>\n<script type=\"application\/ld+json\" class=\"yoast-schema-graph\">{\"@context\":\"https:\/\/schema.org\",\"@graph\":[{\"@type\":\"WebPage\",\"@id\":\"https:\/\/www.intoscana.it\/it\/di-pari-passo-contro-gli-stereotipi-limpegno-della-provincia-di-livorno-per-la-parita-di-genere\/\",\"url\":\"https:\/\/www.intoscana.it\/it\/di-pari-passo-contro-gli-stereotipi-limpegno-della-provincia-di-livorno-per-la-parita-di-genere\/\",\"name\":\"Di \u201cPari passo\u201d contro gli stereotipi: l'impegno della Provincia di Livorno per la parit\u00e0 di genere - intoscana\",\"isPartOf\":{\"@id\":\"https:\/\/www.intoscana.it\/it\/#website\"},\"primaryImageOfPage\":{\"@id\":\"https:\/\/www.intoscana.it\/it\/di-pari-passo-contro-gli-stereotipi-limpegno-della-provincia-di-livorno-per-la-parita-di-genere\/#primaryimage\"},\"image\":{\"@id\":\"https:\/\/www.intoscana.it\/it\/di-pari-passo-contro-gli-stereotipi-limpegno-della-provincia-di-livorno-per-la-parita-di-genere\/#primaryimage\"},\"thumbnailUrl\":\"https:\/\/www.intoscana.it\/wp-content\/uploads\/nardini-scarpellini-legge-16-livorno-gennaio-2025.jpg\",\"datePublished\":\"2025-01-21T14:01:40+00:00\",\"dateModified\":\"2025-01-22T14:13:11+00:00\",\"author\":{\"@id\":\"https:\/\/www.intoscana.it\/it\/#\/schema\/person\/9223810753230f20bd670fdd322661f8\"},\"breadcrumb\":{\"@id\":\"https:\/\/www.intoscana.it\/it\/di-pari-passo-contro-gli-stereotipi-limpegno-della-provincia-di-livorno-per-la-parita-di-genere\/#breadcrumb\"},\"inLanguage\":\"it-IT\",\"potentialAction\":[{\"@type\":\"ReadAction\",\"target\":[\"https:\/\/www.intoscana.it\/it\/di-pari-passo-contro-gli-stereotipi-limpegno-della-provincia-di-livorno-per-la-parita-di-genere\/\"]}]},{\"@type\":\"ImageObject\",\"inLanguage\":\"it-IT\",\"@id\":\"https:\/\/www.intoscana.it\/it\/di-pari-passo-contro-gli-stereotipi-limpegno-della-provincia-di-livorno-per-la-parita-di-genere\/#primaryimage\",\"url\":\"https:\/\/www.intoscana.it\/wp-content\/uploads\/nardini-scarpellini-legge-16-livorno-gennaio-2025.jpg\",\"contentUrl\":\"https:\/\/www.intoscana.it\/wp-content\/uploads\/nardini-scarpellini-legge-16-livorno-gennaio-2025.jpg\",\"width\":973,\"height\":719},{\"@type\":\"BreadcrumbList\",\"@id\":\"https:\/\/www.intoscana.it\/it\/di-pari-passo-contro-gli-stereotipi-limpegno-della-provincia-di-livorno-per-la-parita-di-genere\/#breadcrumb\",\"itemListElement\":[{\"@type\":\"ListItem\",\"position\":1,\"name\":\"Home\",\"item\":\"https:\/\/www.intoscana.it\/it\/\"},{\"@type\":\"ListItem\",\"position\":2,\"name\":\"Di \u201cPari passo\u201d contro gli stereotipi: l&#8217;impegno della Provincia di Livorno per la parit\u00e0 di genere\"}]},{\"@type\":\"WebSite\",\"@id\":\"https:\/\/www.intoscana.it\/it\/#website\",\"url\":\"https:\/\/www.intoscana.it\/it\/\",\"name\":\"intoscana\",\"description\":\"\",\"potentialAction\":[{\"@type\":\"SearchAction\",\"target\":{\"@type\":\"EntryPoint\",\"urlTemplate\":\"https:\/\/www.intoscana.it\/it\/?s={search_term_string}\"},\"query-input\":{\"@type\":\"PropertyValueSpecification\",\"valueRequired\":true,\"valueName\":\"search_term_string\"}}],\"inLanguage\":\"it-IT\"},{\"@type\":\"Person\",\"@id\":\"https:\/\/www.intoscana.it\/it\/#\/schema\/person\/9223810753230f20bd670fdd322661f8\",\"name\":\"Redazione\",\"url\":\"https:\/\/www.intoscana.it\/it\/author\/redazione\/\"}]}<\/script>\n<!-- \/ Yoast SEO Premium plugin. -->","yoast_head_json":{"title":"Di \u201cPari passo\u201d contro gli stereotipi: l'impegno della Provincia di Livorno per la parit\u00e0 di genere - intoscana","robots":{"index":"index","follow":"follow","max-snippet":"max-snippet:-1","max-image-preview":"max-image-preview:large","max-video-preview":"max-video-preview:-1"},"canonical":"https:\/\/www.intoscana.it\/it\/di-pari-passo-contro-gli-stereotipi-limpegno-della-provincia-di-livorno-per-la-parita-di-genere\/","og_locale":"it_IT","og_type":"article","og_title":"Di \u201cPari passo\u201d contro gli stereotipi: l'impegno della Provincia di Livorno per la parit\u00e0 di genere","og_description":"Il progetto presentato oggi \u00e8 sostenuto dalla Regione nell'ambito del rifinanziamento della legge regionale 16 sulla cittadinanza di genere","og_url":"https:\/\/www.intoscana.it\/it\/di-pari-passo-contro-gli-stereotipi-limpegno-della-provincia-di-livorno-per-la-parita-di-genere\/","og_site_name":"intoscana","article_publisher":"https:\/\/www.facebook.com\/intoscana.it","article_published_time":"2025-01-21T14:01:40+00:00","article_modified_time":"2025-01-22T14:13:11+00:00","og_image":[{"width":973,"height":719,"url":"https:\/\/www.intoscana.it\/wp-content\/uploads\/nardini-scarpellini-legge-16-livorno-gennaio-2025.jpg","type":"image\/jpeg"}],"author":"Redazione","twitter_card":"summary_large_image","twitter_creator":"@intoscana","twitter_site":"@intoscana","twitter_misc":{"Written by":"Redazione","Est. reading time":"4 minuti"},"schema":{"@context":"https:\/\/schema.org","@graph":[{"@type":"WebPage","@id":"https:\/\/www.intoscana.it\/it\/di-pari-passo-contro-gli-stereotipi-limpegno-della-provincia-di-livorno-per-la-parita-di-genere\/","url":"https:\/\/www.intoscana.it\/it\/di-pari-passo-contro-gli-stereotipi-limpegno-della-provincia-di-livorno-per-la-parita-di-genere\/","name":"Di \u201cPari passo\u201d contro gli stereotipi: l'impegno della Provincia di Livorno per la parit\u00e0 di genere - intoscana","isPartOf":{"@id":"https:\/\/www.intoscana.it\/it\/#website"},"primaryImageOfPage":{"@id":"https:\/\/www.intoscana.it\/it\/di-pari-passo-contro-gli-stereotipi-limpegno-della-provincia-di-livorno-per-la-parita-di-genere\/#primaryimage"},"image":{"@id":"https:\/\/www.intoscana.it\/it\/di-pari-passo-contro-gli-stereotipi-limpegno-della-provincia-di-livorno-per-la-parita-di-genere\/#primaryimage"},"thumbnailUrl":"https:\/\/www.intoscana.it\/wp-content\/uploads\/nardini-scarpellini-legge-16-livorno-gennaio-2025.jpg","datePublished":"2025-01-21T14:01:40+00:00","dateModified":"2025-01-22T14:13:11+00:00","author":{"@id":"https:\/\/www.intoscana.it\/it\/#\/schema\/person\/9223810753230f20bd670fdd322661f8"},"breadcrumb":{"@id":"https:\/\/www.intoscana.it\/it\/di-pari-passo-contro-gli-stereotipi-limpegno-della-provincia-di-livorno-per-la-parita-di-genere\/#breadcrumb"},"inLanguage":"it-IT","potentialAction":[{"@type":"ReadAction","target":["https:\/\/www.intoscana.it\/it\/di-pari-passo-contro-gli-stereotipi-limpegno-della-provincia-di-livorno-per-la-parita-di-genere\/"]}]},{"@type":"ImageObject","inLanguage":"it-IT","@id":"https:\/\/www.intoscana.it\/it\/di-pari-passo-contro-gli-stereotipi-limpegno-della-provincia-di-livorno-per-la-parita-di-genere\/#primaryimage","url":"https:\/\/www.intoscana.it\/wp-content\/uploads\/nardini-scarpellini-legge-16-livorno-gennaio-2025.jpg","contentUrl":"https:\/\/www.intoscana.it\/wp-content\/uploads\/nardini-scarpellini-legge-16-livorno-gennaio-2025.jpg","width":973,"height":719},{"@type":"BreadcrumbList","@id":"https:\/\/www.intoscana.it\/it\/di-pari-passo-contro-gli-stereotipi-limpegno-della-provincia-di-livorno-per-la-parita-di-genere\/#breadcrumb","itemListElement":[{"@type":"ListItem","position":1,"name":"Home","item":"https:\/\/www.intoscana.it\/it\/"},{"@type":"ListItem","position":2,"name":"Di \u201cPari passo\u201d contro gli stereotipi: l&#8217;impegno della Provincia di Livorno per la parit\u00e0 di genere"}]},{"@type":"WebSite","@id":"https:\/\/www.intoscana.it\/it\/#website","url":"https:\/\/www.intoscana.it\/it\/","name":"intoscana","description":"","potentialAction":[{"@type":"SearchAction","target":{"@type":"EntryPoint","urlTemplate":"https:\/\/www.intoscana.it\/it\/?s={search_term_string}"},"query-input":{"@type":"PropertyValueSpecification","valueRequired":true,"valueName":"search_term_string"}}],"inLanguage":"it-IT"},{"@type":"Person","@id":"https:\/\/www.intoscana.it\/it\/#\/schema\/person\/9223810753230f20bd670fdd322661f8","name":"Redazione","url":"https:\/\/www.intoscana.it\/it\/author\/redazione\/"}]}},"_links":{"self":[{"href":"https:\/\/www.intoscana.it\/it\/wp-json\/wp\/v2\/posts\/371723","targetHints":{"allow":["GET"]}}],"collection":[{"href":"https:\/\/www.intoscana.it\/it\/wp-json\/wp\/v2\/posts"}],"about":[{"href":"https:\/\/www.intoscana.it\/it\/wp-json\/wp\/v2\/types\/post"}],"author":[{"embeddable":true,"href":"https:\/\/www.intoscana.it\/it\/wp-json\/wp\/v2\/users\/525"}],"replies":[{"embeddable":true,"href":"https:\/\/www.intoscana.it\/it\/wp-json\/wp\/v2\/comments?post=371723"}],"version-history":[{"count":6,"href":"https:\/\/www.intoscana.it\/it\/wp-json\/wp\/v2\/posts\/371723\/revisions"}],"predecessor-version":[{"id":371872,"href":"https:\/\/www.intoscana.it\/it\/wp-json\/wp\/v2\/posts\/371723\/revisions\/371872"}],"wp:featuredmedia":[{"embeddable":true,"href":"https:\/\/www.intoscana.it\/it\/wp-json\/wp\/v2\/media\/371726"}],"wp:attachment":[{"href":"https:\/\/www.intoscana.it\/it\/wp-json\/wp\/v2\/media?parent=371723"}],"wp:term":[{"taxonomy":"category","embeddable":true,"href":"https:\/\/www.intoscana.it\/it\/wp-json\/wp\/v2\/categories?post=371723"},{"taxonomy":"post_tag","embeddable":true,"href":"https:\/\/www.intoscana.it\/it\/wp-json\/wp\/v2\/tags?post=371723"}],"curies":[{"name":"wp","href":"https:\/\/api.w.org\/{rel}","templated":true}]}}