{"id":372191,"date":"2025-01-24T17:21:24","date_gmt":"2025-01-24T16:21:24","guid":{"rendered":"https:\/\/www.intoscana.it\/it\/?p=372191"},"modified":"2025-01-24T17:23:07","modified_gmt":"2025-01-24T16:23:07","slug":"collesalvetti-inaugurato-il-nuovo-ponte-sul-torrente-morra","status":"publish","type":"post","link":"https:\/\/www.intoscana.it\/it\/collesalvetti-inaugurato-il-nuovo-ponte-sul-torrente-morra\/","title":{"rendered":"Collesalvetti, inaugurato il nuovo ponte sul torrente Morra"},"content":{"rendered":"<p>Inaugurato il nuovo <strong>ponte<\/strong> sul torrente Morra in localit\u00e0 Crocino, a <strong>Collesalvetti<\/strong>. <mark>&#8220;Un\u2019altra tappa nella ricostruzione delle infrastrutture gravemente danneggiate o distrutte dalla drammatica alluvione del settembre 2017 che coinvolse Livorno e la sua area&#8221;,<\/mark> ha spiegato il presidente della Regione, <strong>Eugenio Giani<\/strong>, nel corso della cerimonia a cui hanno parteicipato l&#8217;assessore regionale alle Infrastrutture Stefano Baccelli e la sindaca di Collesalvetti, Sara Paoli. &#8220;L\u2019impegno della Regione &#8211; continua &#8211;\u00a0 ha permesso di mettere in sicurezza, ad esempio, quelli che erano gli spazi tombati del rio Ardenza e del rio Maggiore ed iniziare la realizzazione del ponte ad arcata unica in localit\u00e0 Tre Ponti a Livorno&#8221;.<\/p>\n<p>La ricostruzione della struttura rientra nel piano straordinario degli interventi concernenti il post alluvione. <mark>Il nuovo ponte, in sostituzione del precedente soprapassaggio a guado, \u00e8 lungo circa 160 metri. Il costo dell\u2019opera, sostenuto dalla Regione, ammonta a circa 1 milione 600 mila euro complessivi.<\/mark><\/p>\n<p>Come puntualizza l\u2019assessore regionale alle Infrastrutture, <strong>Stefano Baccelli<\/strong>, &#8220;per le qualit\u00e0 ingegneristiche ed architettoniche, condivise anche con la Soprintendenza, questo intervento \u00e8 veramente rilevante. La Regione si \u00e8 fatta carico di tutte le situazioni e delle criticit\u00e0 connesse all\u2019alluvione del 2017, dei danni da esso provocati, e la ricostruzione del ponte rientra in questo progetto\u201d.<\/p>\n<p>Il <strong>ponte<\/strong> \u00e8 stato realizzato con una struttura in calcestruzzo armato. Le spalle sono collegate a fondazioni realizzate con micropali aventi 16 metri di profondit\u00e0. L\u2019impalcato \u00e8 in calcestruzzo armato con cavi di precompressione post-tesi, con vincolo di cerniera in corrispondenza delle spallette. Anche sul piano strutturale, dunque, \u00e8 un\u2019opera all\u2019avanguardia.<\/p>\n","protected":false},"excerpt":{"rendered":"<p>La struttura fu distrutta dall&#8217;alluvione, ora \u00e8 stata ricostruita grazie a un investimento della Regione di 1 milione 600 mila euro<\/p>\n","protected":false},"author":525,"featured_media":372193,"comment_status":"open","ping_status":"open","sticky":false,"template":"","format":"standard","meta":{"_acf_changed":false,"footnotes":""},"categories":[494],"tags":[158,273,1577,4818],"class_list":["post-372191","post","type-post","status-publish","format-standard","has-post-thumbnail","hentry","category-attualita","tag-eugenio-giani","tag-livorno","tag-muoversi-in-toscana","tag-stefano-baccelli"],"acf":[],"yoast_head":"<!-- This site is optimized with the Yoast SEO Premium plugin v24.2 (Yoast SEO v25.6) - https:\/\/yoast.com\/wordpress\/plugins\/seo\/ -->\n<title>Collesalvetti, inaugurato il nuovo ponte sul torrente Morra - intoscana<\/title>\n<meta name=\"robots\" content=\"index, follow, max-snippet:-1, max-image-preview:large, max-video-preview:-1\" \/>\n<link rel=\"canonical\" href=\"https:\/\/www.intoscana.it\/it\/collesalvetti-inaugurato-il-nuovo-ponte-sul-torrente-morra\/\" \/>\n<meta property=\"og:locale\" content=\"it_IT\" \/>\n<meta property=\"og:type\" content=\"article\" \/>\n<meta property=\"og:title\" content=\"Collesalvetti, inaugurato il nuovo ponte sul torrente Morra\" \/>\n<meta property=\"og:description\" content=\"La struttura fu distrutta dall&#039;alluvione, ora \u00e8 stata ricostruita grazie a un investimento della Regione di 1 milione 600 mila euro\" \/>\n<meta property=\"og:url\" content=\"https:\/\/www.intoscana.it\/it\/collesalvetti-inaugurato-il-nuovo-ponte-sul-torrente-morra\/\" \/>\n<meta property=\"og:site_name\" content=\"intoscana\" \/>\n<meta property=\"article:publisher\" content=\"https:\/\/www.facebook.com\/intoscana.it\" \/>\n<meta property=\"article:published_time\" content=\"2025-01-24T16:21:24+00:00\" \/>\n<meta property=\"article:modified_time\" content=\"2025-01-24T16:23:07+00:00\" \/>\n<meta property=\"og:image\" content=\"https:\/\/www.intoscana.it\/wp-content\/uploads\/ponte-morra-scaled.jpeg\" \/>\n\t<meta property=\"og:image:width\" content=\"2048\" \/>\n\t<meta property=\"og:image:height\" content=\"1366\" \/>\n\t<meta property=\"og:image:type\" content=\"image\/jpeg\" \/>\n<meta name=\"author\" content=\"Redazione\" \/>\n<meta name=\"twitter:card\" content=\"summary_large_image\" \/>\n<meta name=\"twitter:creator\" content=\"@intoscana\" \/>\n<meta name=\"twitter:site\" content=\"@intoscana\" \/>\n<meta name=\"twitter:label1\" content=\"Written by\" \/>\n\t<meta name=\"twitter:data1\" content=\"Redazione\" \/>\n\t<meta name=\"twitter:label2\" content=\"Est. reading time\" \/>\n\t<meta name=\"twitter:data2\" content=\"2 minuti\" \/>\n<script type=\"application\/ld+json\" class=\"yoast-schema-graph\">{\"@context\":\"https:\/\/schema.org\",\"@graph\":[{\"@type\":\"WebPage\",\"@id\":\"https:\/\/www.intoscana.it\/it\/collesalvetti-inaugurato-il-nuovo-ponte-sul-torrente-morra\/\",\"url\":\"https:\/\/www.intoscana.it\/it\/collesalvetti-inaugurato-il-nuovo-ponte-sul-torrente-morra\/\",\"name\":\"Collesalvetti, inaugurato il nuovo ponte sul torrente Morra - intoscana\",\"isPartOf\":{\"@id\":\"https:\/\/www.intoscana.it\/it\/#website\"},\"primaryImageOfPage\":{\"@id\":\"https:\/\/www.intoscana.it\/it\/collesalvetti-inaugurato-il-nuovo-ponte-sul-torrente-morra\/#primaryimage\"},\"image\":{\"@id\":\"https:\/\/www.intoscana.it\/it\/collesalvetti-inaugurato-il-nuovo-ponte-sul-torrente-morra\/#primaryimage\"},\"thumbnailUrl\":\"https:\/\/www.intoscana.it\/wp-content\/uploads\/ponte-morra-scaled.jpeg\",\"datePublished\":\"2025-01-24T16:21:24+00:00\",\"dateModified\":\"2025-01-24T16:23:07+00:00\",\"author\":{\"@id\":\"https:\/\/www.intoscana.it\/it\/#\/schema\/person\/9223810753230f20bd670fdd322661f8\"},\"breadcrumb\":{\"@id\":\"https:\/\/www.intoscana.it\/it\/collesalvetti-inaugurato-il-nuovo-ponte-sul-torrente-morra\/#breadcrumb\"},\"inLanguage\":\"it-IT\",\"potentialAction\":[{\"@type\":\"ReadAction\",\"target\":[\"https:\/\/www.intoscana.it\/it\/collesalvetti-inaugurato-il-nuovo-ponte-sul-torrente-morra\/\"]}]},{\"@type\":\"ImageObject\",\"inLanguage\":\"it-IT\",\"@id\":\"https:\/\/www.intoscana.it\/it\/collesalvetti-inaugurato-il-nuovo-ponte-sul-torrente-morra\/#primaryimage\",\"url\":\"https:\/\/www.intoscana.it\/wp-content\/uploads\/ponte-morra-scaled.jpeg\",\"contentUrl\":\"https:\/\/www.intoscana.it\/wp-content\/uploads\/ponte-morra-scaled.jpeg\",\"width\":2048,\"height\":1366},{\"@type\":\"BreadcrumbList\",\"@id\":\"https:\/\/www.intoscana.it\/it\/collesalvetti-inaugurato-il-nuovo-ponte-sul-torrente-morra\/#breadcrumb\",\"itemListElement\":[{\"@type\":\"ListItem\",\"position\":1,\"name\":\"Home\",\"item\":\"https:\/\/www.intoscana.it\/it\/\"},{\"@type\":\"ListItem\",\"position\":2,\"name\":\"Collesalvetti, inaugurato il nuovo ponte sul torrente Morra\"}]},{\"@type\":\"WebSite\",\"@id\":\"https:\/\/www.intoscana.it\/it\/#website\",\"url\":\"https:\/\/www.intoscana.it\/it\/\",\"name\":\"intoscana\",\"description\":\"\",\"potentialAction\":[{\"@type\":\"SearchAction\",\"target\":{\"@type\":\"EntryPoint\",\"urlTemplate\":\"https:\/\/www.intoscana.it\/it\/?s={search_term_string}\"},\"query-input\":{\"@type\":\"PropertyValueSpecification\",\"valueRequired\":true,\"valueName\":\"search_term_string\"}}],\"inLanguage\":\"it-IT\"},{\"@type\":\"Person\",\"@id\":\"https:\/\/www.intoscana.it\/it\/#\/schema\/person\/9223810753230f20bd670fdd322661f8\",\"name\":\"Redazione\",\"url\":\"https:\/\/www.intoscana.it\/it\/author\/redazione\/\"}]}<\/script>\n<!-- \/ Yoast SEO Premium plugin. -->","yoast_head_json":{"title":"Collesalvetti, inaugurato il nuovo ponte sul torrente Morra - intoscana","robots":{"index":"index","follow":"follow","max-snippet":"max-snippet:-1","max-image-preview":"max-image-preview:large","max-video-preview":"max-video-preview:-1"},"canonical":"https:\/\/www.intoscana.it\/it\/collesalvetti-inaugurato-il-nuovo-ponte-sul-torrente-morra\/","og_locale":"it_IT","og_type":"article","og_title":"Collesalvetti, inaugurato il nuovo ponte sul torrente Morra","og_description":"La struttura fu distrutta dall'alluvione, ora \u00e8 stata ricostruita grazie a un investimento della Regione di 1 milione 600 mila euro","og_url":"https:\/\/www.intoscana.it\/it\/collesalvetti-inaugurato-il-nuovo-ponte-sul-torrente-morra\/","og_site_name":"intoscana","article_publisher":"https:\/\/www.facebook.com\/intoscana.it","article_published_time":"2025-01-24T16:21:24+00:00","article_modified_time":"2025-01-24T16:23:07+00:00","og_image":[{"width":2048,"height":1366,"url":"https:\/\/www.intoscana.it\/wp-content\/uploads\/ponte-morra-scaled.jpeg","type":"image\/jpeg"}],"author":"Redazione","twitter_card":"summary_large_image","twitter_creator":"@intoscana","twitter_site":"@intoscana","twitter_misc":{"Written by":"Redazione","Est. reading time":"2 minuti"},"schema":{"@context":"https:\/\/schema.org","@graph":[{"@type":"WebPage","@id":"https:\/\/www.intoscana.it\/it\/collesalvetti-inaugurato-il-nuovo-ponte-sul-torrente-morra\/","url":"https:\/\/www.intoscana.it\/it\/collesalvetti-inaugurato-il-nuovo-ponte-sul-torrente-morra\/","name":"Collesalvetti, inaugurato il nuovo ponte sul torrente Morra - intoscana","isPartOf":{"@id":"https:\/\/www.intoscana.it\/it\/#website"},"primaryImageOfPage":{"@id":"https:\/\/www.intoscana.it\/it\/collesalvetti-inaugurato-il-nuovo-ponte-sul-torrente-morra\/#primaryimage"},"image":{"@id":"https:\/\/www.intoscana.it\/it\/collesalvetti-inaugurato-il-nuovo-ponte-sul-torrente-morra\/#primaryimage"},"thumbnailUrl":"https:\/\/www.intoscana.it\/wp-content\/uploads\/ponte-morra-scaled.jpeg","datePublished":"2025-01-24T16:21:24+00:00","dateModified":"2025-01-24T16:23:07+00:00","author":{"@id":"https:\/\/www.intoscana.it\/it\/#\/schema\/person\/9223810753230f20bd670fdd322661f8"},"breadcrumb":{"@id":"https:\/\/www.intoscana.it\/it\/collesalvetti-inaugurato-il-nuovo-ponte-sul-torrente-morra\/#breadcrumb"},"inLanguage":"it-IT","potentialAction":[{"@type":"ReadAction","target":["https:\/\/www.intoscana.it\/it\/collesalvetti-inaugurato-il-nuovo-ponte-sul-torrente-morra\/"]}]},{"@type":"ImageObject","inLanguage":"it-IT","@id":"https:\/\/www.intoscana.it\/it\/collesalvetti-inaugurato-il-nuovo-ponte-sul-torrente-morra\/#primaryimage","url":"https:\/\/www.intoscana.it\/wp-content\/uploads\/ponte-morra-scaled.jpeg","contentUrl":"https:\/\/www.intoscana.it\/wp-content\/uploads\/ponte-morra-scaled.jpeg","width":2048,"height":1366},{"@type":"BreadcrumbList","@id":"https:\/\/www.intoscana.it\/it\/collesalvetti-inaugurato-il-nuovo-ponte-sul-torrente-morra\/#breadcrumb","itemListElement":[{"@type":"ListItem","position":1,"name":"Home","item":"https:\/\/www.intoscana.it\/it\/"},{"@type":"ListItem","position":2,"name":"Collesalvetti, inaugurato il nuovo ponte sul torrente Morra"}]},{"@type":"WebSite","@id":"https:\/\/www.intoscana.it\/it\/#website","url":"https:\/\/www.intoscana.it\/it\/","name":"intoscana","description":"","potentialAction":[{"@type":"SearchAction","target":{"@type":"EntryPoint","urlTemplate":"https:\/\/www.intoscana.it\/it\/?s={search_term_string}"},"query-input":{"@type":"PropertyValueSpecification","valueRequired":true,"valueName":"search_term_string"}}],"inLanguage":"it-IT"},{"@type":"Person","@id":"https:\/\/www.intoscana.it\/it\/#\/schema\/person\/9223810753230f20bd670fdd322661f8","name":"Redazione","url":"https:\/\/www.intoscana.it\/it\/author\/redazione\/"}]}},"_links":{"self":[{"href":"https:\/\/www.intoscana.it\/it\/wp-json\/wp\/v2\/posts\/372191","targetHints":{"allow":["GET"]}}],"collection":[{"href":"https:\/\/www.intoscana.it\/it\/wp-json\/wp\/v2\/posts"}],"about":[{"href":"https:\/\/www.intoscana.it\/it\/wp-json\/wp\/v2\/types\/post"}],"author":[{"embeddable":true,"href":"https:\/\/www.intoscana.it\/it\/wp-json\/wp\/v2\/users\/525"}],"replies":[{"embeddable":true,"href":"https:\/\/www.intoscana.it\/it\/wp-json\/wp\/v2\/comments?post=372191"}],"version-history":[{"count":1,"href":"https:\/\/www.intoscana.it\/it\/wp-json\/wp\/v2\/posts\/372191\/revisions"}],"predecessor-version":[{"id":372194,"href":"https:\/\/www.intoscana.it\/it\/wp-json\/wp\/v2\/posts\/372191\/revisions\/372194"}],"wp:featuredmedia":[{"embeddable":true,"href":"https:\/\/www.intoscana.it\/it\/wp-json\/wp\/v2\/media\/372193"}],"wp:attachment":[{"href":"https:\/\/www.intoscana.it\/it\/wp-json\/wp\/v2\/media?parent=372191"}],"wp:term":[{"taxonomy":"category","embeddable":true,"href":"https:\/\/www.intoscana.it\/it\/wp-json\/wp\/v2\/categories?post=372191"},{"taxonomy":"post_tag","embeddable":true,"href":"https:\/\/www.intoscana.it\/it\/wp-json\/wp\/v2\/tags?post=372191"}],"curies":[{"name":"wp","href":"https:\/\/api.w.org\/{rel}","templated":true}]}}