{"id":372402,"date":"2025-01-28T09:35:38","date_gmt":"2025-01-28T08:35:38","guid":{"rendered":"https:\/\/www.intoscana.it\/it\/?p=372402"},"modified":"2025-01-28T09:55:14","modified_gmt":"2025-01-28T08:55:14","slug":"una-notte-di-musica-e-sperimentazione-a-scandicci-con-aether-la-12esima-edizione-del-dio-drone-festival","status":"publish","type":"post","link":"https:\/\/www.intoscana.it\/it\/una-notte-di-musica-e-sperimentazione-a-scandicci-con-aether-la-12esima-edizione-del-dio-drone-festival\/","title":{"rendered":"Una notte di musica e sperimentazione a Scandicci con &#8220;Aether&#8221; la 12esima edizione del Dio Drone Festival"},"content":{"rendered":"<p><strong>Sabato 1\u00b0 febbraio<\/strong> al <strong>Teatro Aurora di Scandicci<\/strong> arriva la dodicesima edizione del <strong>Dio Drone Festival,<\/strong> la rassegna organizzata dall&#8217;omonima<strong> label fiorentina<\/strong> punto di riferimento per le<strong> sonorit\u00e0 pi\u00f9 estreme nostrane ed internazionali.<\/strong><\/p>\n<p><em><strong>&#8220;AETHER&#8221;<\/strong> \u00e8 <\/em>il nome della serata che vuole rappresentare <strong>l\u2019unione alchemica di quattro elementi<\/strong> simili e diversi tra loro.<\/p>\n<p>Protagonisti della notte di musica e sperimentazione: <strong>Abul Mogard, Egle Sommacal, Ramon Moro e N\u00e0resh\u00a0Ran.<\/strong><\/p>\n<p><em>&#8220;Dio Drone nasce 12 anni fa in un momento in cui mi sembrava che a Firenze non ci fosse spazio per le sonorit\u00e0 che io amavo &#8211;<\/em><strong> ci ha raccontato N\u00e0resh Ran fondatore della Dio Drone<\/strong><em>&#8211; c&#8217;erano musicisti in giro che apprezzavo moltissimo e non riuscivo mai a sentirli live perch\u00e9 non c&#8217;erano situazioni giuste in cui esprimersi. Quindi ho pensato che poteva essere un&#8217;idea metterci insieme e diventare noi stessi la scena che non esisteva. Questo ha portato sia alla creazione di concerti e piccoli eventi, ma soprattutto alla collaborazione tra musicisti che ha fatto nascere progetti che esistono tutt&#8217;ora. Questo mi sembra gi\u00e0 un bel lascito, da l\u00ec a pensare di investire qualcosa per produrre dischi e cassette su questi progetti il passo \u00e8 stato molto breve. L&#8217;idea era proprio di permettere a qualcuno che aveva belle idee di lasciare un ricordo tangibile del suo percorso e far si che un disco che non sarebbe mai esistito, grazie a Dio Drone, potesse trovare la sua forma fisica nella storia. Penso in questi anni di essere riuscito a dare un piccolo contributo alla scena pi\u00f9 sperimentale e pi\u00f9 &#8216;spinta&#8217;. Magari sono riuscito ad accendere qualche faro su progetti che valeva la pena mettere in luce.&#8221;<\/em><\/p>\n<h3>I protagonisti del Dio Drone Festival 2025<\/h3>\n<p><strong>Abul Mogard,<\/strong> ritenuto uno dei pi\u00f9 grandi enigmi della scena musicale elettronica, \u00e8 l&#8217;alter ego di <strong>Guido Zen, musicista nostrano di base romana<\/strong>, conosciuto per i suoi acclamati album e concerti in prestigiose venues e festival internazionali, tra cui il <strong>Berlin Atonal, Centre Pompidou (Parigi) e il londinese Southbank Centre.<\/strong> Autore di colonne sonore cinematografiche e sonorizzazioni, con la propria arte e le numerose collaborazioni illustri &#8211; tra tutte l&#8217;ultima con <strong>Rafael Anton Irisarri<\/strong> &#8211; ha contribuito a regalare al mondo della musica elettronica una forte nuova identit\u00e0, solida ed eterea al tempo stesso, composta di evocative sonorit\u00e0 rarefatte e incontrovertibili come le onde del mare.<\/p>\n<p><strong>Egle Sommacal<\/strong> \u00e8 lo storico chitarrista dei<strong> Massimo Volume<\/strong> e collaboratore di <strong>Ulan Bator e Wu Ming Contingent,<\/strong> che nel suo percorso solista sviluppa il proprio interesse per la chitarra sotto ogni possibile sfaccettatura. Dai sentieri acustici dei primi dischi marchiati con il proprio nome, ai pedali condivisi con <strong>Dagger Moth<\/strong> nel duo<strong> A Bad Day,<\/strong> infine al nuovo inedito esperimento per sola chitarra elettrica che vedr\u00e0 per la prima volta la luce sul palco del Dio Drone Festival. Forte di una tensione elettromagnetica che pu\u00f2 solo scaricarsi nella nuda terra.<\/p>\n<p><strong>Ramon Moro \u00e8 un trombettista, sperimentatore e compositore<\/strong> dall&#8217;impronta stilistica estremamente particolare e dal ricchissimo percorso artistico. Gi\u00e0 in circolo nel sistema vascolare diodronico con l&#8217;album<strong><em> Calima<\/em> <\/strong>(2022), in cui la delicatezza del soffio nelle sue armi di ottone scivola in perfetto equilibrio con un marcato imprinting black metal e atmosferico. Aria pura che diventa suono.<\/p>\n<p><strong>N\u00e0resh Ran<\/strong> nato grazie a un fortunato giro di tarocchi e cresciuto musicalmente dai dischi punk e hardcore dei primi 90&#8217;s, NR porta per la prima volta i propri strumenti sul palco del <strong>Dio Drone Festival<\/strong> insieme agli spettri del suo nuovo album <strong><em>Praesens<\/em><\/strong>, in uscito a gennaio 2025 per Toten Schwan e Breathe Plastic Records. Un personale e intimo esorcismo di ricordi tra fiamme di synth e voci.<\/p>\n<h3>Rivedi la nostra intervista a N\u00e0resh Ran<\/h3>\n<p><iframe loading=\"lazy\" title=\"YouTube video player\" src=\"https:\/\/www.youtube.com\/embed\/N0R1uYTjeE4?si=5fX4PGTrMaFvH1Pb\" width=\"800\" height=\"450\" frameborder=\"0\" allowfullscreen=\"allowfullscreen\"><\/iframe><\/p>\n","protected":false},"excerpt":{"rendered":"<p>Al Teatro Aurora di Scandicci sabato 1\u00b0 febbraio in concerto per il Dio Drone Festival Abul Mogard, Egle Sommacal, Ramon Moro e N\u00e0resh\u00a0Ran<\/p>\n","protected":false},"author":518,"featured_media":372406,"comment_status":"open","ping_status":"open","sticky":false,"template":"","format":"standard","meta":{"_acf_changed":false,"footnotes":""},"categories":[14],"tags":[216,4474,401],"class_list":["post-372402","post","type-post","status-publish","format-standard","has-post-thumbnail","hentry","category-musica","tag-concerti","tag-eventi","tag-scandicci"],"acf":[],"yoast_head":"<!-- This site is optimized with the Yoast SEO Premium plugin v24.2 (Yoast SEO v25.6) - https:\/\/yoast.com\/wordpress\/plugins\/seo\/ -->\n<title>Una notte di musica e sperimentazione a Scandicci con &quot;Aether&quot; la 12esima edizione del Dio Drone Festival - intoscana<\/title>\n<meta name=\"description\" content=\"Al Teatro Aurora di Scandicci sabato 1\u00b0 febbraio in concerto per il Dio Drone Festival Abul Mogard, Egle Sommacal, Ramon Moro e N\u00e0resh\u00a0Ran\" \/>\n<meta name=\"robots\" content=\"index, follow, max-snippet:-1, max-image-preview:large, max-video-preview:-1\" \/>\n<link rel=\"canonical\" href=\"https:\/\/www.intoscana.it\/it\/una-notte-di-musica-e-sperimentazione-a-scandicci-con-aether-la-12esima-edizione-del-dio-drone-festival\/\" \/>\n<meta property=\"og:locale\" content=\"it_IT\" \/>\n<meta property=\"og:type\" content=\"article\" \/>\n<meta property=\"og:title\" content=\"Una notte di musica e sperimentazione a Scandicci con &quot;Aether&quot; la 12esima edizione del Dio Drone Festival\" \/>\n<meta property=\"og:description\" content=\"Al Teatro Aurora di Scandicci sabato 1\u00b0 febbraio in concerto per il Dio Drone Festival Abul Mogard, Egle Sommacal, Ramon Moro e N\u00e0resh\u00a0Ran\" \/>\n<meta property=\"og:url\" content=\"https:\/\/www.intoscana.it\/it\/una-notte-di-musica-e-sperimentazione-a-scandicci-con-aether-la-12esima-edizione-del-dio-drone-festival\/\" \/>\n<meta property=\"og:site_name\" content=\"intoscana\" \/>\n<meta property=\"article:publisher\" content=\"https:\/\/www.facebook.com\/intoscana.it\" \/>\n<meta property=\"article:published_time\" content=\"2025-01-28T08:35:38+00:00\" \/>\n<meta property=\"article:modified_time\" content=\"2025-01-28T08:55:14+00:00\" \/>\n<meta property=\"og:image\" content=\"https:\/\/www.intoscana.it\/wp-content\/uploads\/foto-e1738050659341.jpeg\" \/>\n\t<meta property=\"og:image:width\" content=\"1053\" \/>\n\t<meta property=\"og:image:height\" content=\"934\" \/>\n\t<meta property=\"og:image:type\" content=\"image\/jpeg\" \/>\n<meta name=\"author\" content=\"Costanza Baldini\" \/>\n<meta name=\"twitter:card\" content=\"summary_large_image\" \/>\n<meta name=\"twitter:creator\" content=\"@intoscana\" \/>\n<meta name=\"twitter:site\" content=\"@intoscana\" \/>\n<meta name=\"twitter:label1\" content=\"Written by\" \/>\n\t<meta name=\"twitter:data1\" content=\"Costanza Baldini\" \/>\n\t<meta name=\"twitter:label2\" content=\"Est. reading time\" \/>\n\t<meta name=\"twitter:data2\" content=\"4 minuti\" \/>\n<script type=\"application\/ld+json\" class=\"yoast-schema-graph\">{\"@context\":\"https:\/\/schema.org\",\"@graph\":[{\"@type\":\"WebPage\",\"@id\":\"https:\/\/www.intoscana.it\/it\/una-notte-di-musica-e-sperimentazione-a-scandicci-con-aether-la-12esima-edizione-del-dio-drone-festival\/\",\"url\":\"https:\/\/www.intoscana.it\/it\/una-notte-di-musica-e-sperimentazione-a-scandicci-con-aether-la-12esima-edizione-del-dio-drone-festival\/\",\"name\":\"Una notte di musica e sperimentazione a Scandicci con \\\"Aether\\\" la 12esima edizione del Dio Drone Festival - intoscana\",\"isPartOf\":{\"@id\":\"https:\/\/www.intoscana.it\/it\/#website\"},\"primaryImageOfPage\":{\"@id\":\"https:\/\/www.intoscana.it\/it\/una-notte-di-musica-e-sperimentazione-a-scandicci-con-aether-la-12esima-edizione-del-dio-drone-festival\/#primaryimage\"},\"image\":{\"@id\":\"https:\/\/www.intoscana.it\/it\/una-notte-di-musica-e-sperimentazione-a-scandicci-con-aether-la-12esima-edizione-del-dio-drone-festival\/#primaryimage\"},\"thumbnailUrl\":\"https:\/\/www.intoscana.it\/wp-content\/uploads\/foto-e1738050659341.jpeg\",\"datePublished\":\"2025-01-28T08:35:38+00:00\",\"dateModified\":\"2025-01-28T08:55:14+00:00\",\"author\":{\"@id\":\"https:\/\/www.intoscana.it\/it\/#\/schema\/person\/d469f35f09739bdf00bf5dd3f0647a82\"},\"description\":\"Al Teatro Aurora di Scandicci sabato 1\u00b0 febbraio in concerto per il Dio Drone Festival Abul Mogard, Egle Sommacal, Ramon Moro e N\u00e0resh\u00a0Ran\",\"breadcrumb\":{\"@id\":\"https:\/\/www.intoscana.it\/it\/una-notte-di-musica-e-sperimentazione-a-scandicci-con-aether-la-12esima-edizione-del-dio-drone-festival\/#breadcrumb\"},\"inLanguage\":\"it-IT\",\"potentialAction\":[{\"@type\":\"ReadAction\",\"target\":[\"https:\/\/www.intoscana.it\/it\/una-notte-di-musica-e-sperimentazione-a-scandicci-con-aether-la-12esima-edizione-del-dio-drone-festival\/\"]}]},{\"@type\":\"ImageObject\",\"inLanguage\":\"it-IT\",\"@id\":\"https:\/\/www.intoscana.it\/it\/una-notte-di-musica-e-sperimentazione-a-scandicci-con-aether-la-12esima-edizione-del-dio-drone-festival\/#primaryimage\",\"url\":\"https:\/\/www.intoscana.it\/wp-content\/uploads\/foto-e1738050659341.jpeg\",\"contentUrl\":\"https:\/\/www.intoscana.it\/wp-content\/uploads\/foto-e1738050659341.jpeg\",\"width\":1053,\"height\":934},{\"@type\":\"BreadcrumbList\",\"@id\":\"https:\/\/www.intoscana.it\/it\/una-notte-di-musica-e-sperimentazione-a-scandicci-con-aether-la-12esima-edizione-del-dio-drone-festival\/#breadcrumb\",\"itemListElement\":[{\"@type\":\"ListItem\",\"position\":1,\"name\":\"Home\",\"item\":\"https:\/\/www.intoscana.it\/it\/\"},{\"@type\":\"ListItem\",\"position\":2,\"name\":\"Una notte di musica e sperimentazione a Scandicci con &#8220;Aether&#8221; la 12esima edizione del Dio Drone Festival\"}]},{\"@type\":\"WebSite\",\"@id\":\"https:\/\/www.intoscana.it\/it\/#website\",\"url\":\"https:\/\/www.intoscana.it\/it\/\",\"name\":\"intoscana\",\"description\":\"\",\"potentialAction\":[{\"@type\":\"SearchAction\",\"target\":{\"@type\":\"EntryPoint\",\"urlTemplate\":\"https:\/\/www.intoscana.it\/it\/?s={search_term_string}\"},\"query-input\":{\"@type\":\"PropertyValueSpecification\",\"valueRequired\":true,\"valueName\":\"search_term_string\"}}],\"inLanguage\":\"it-IT\"},{\"@type\":\"Person\",\"@id\":\"https:\/\/www.intoscana.it\/it\/#\/schema\/person\/d469f35f09739bdf00bf5dd3f0647a82\",\"name\":\"Costanza Baldini\",\"url\":\"https:\/\/www.intoscana.it\/it\/author\/costanza-baldini\/\"}]}<\/script>\n<!-- \/ Yoast SEO Premium plugin. -->","yoast_head_json":{"title":"Una notte di musica e sperimentazione a Scandicci con \"Aether\" la 12esima edizione del Dio Drone Festival - intoscana","description":"Al Teatro Aurora di Scandicci sabato 1\u00b0 febbraio in concerto per il Dio Drone Festival Abul Mogard, Egle Sommacal, Ramon Moro e N\u00e0resh\u00a0Ran","robots":{"index":"index","follow":"follow","max-snippet":"max-snippet:-1","max-image-preview":"max-image-preview:large","max-video-preview":"max-video-preview:-1"},"canonical":"https:\/\/www.intoscana.it\/it\/una-notte-di-musica-e-sperimentazione-a-scandicci-con-aether-la-12esima-edizione-del-dio-drone-festival\/","og_locale":"it_IT","og_type":"article","og_title":"Una notte di musica e sperimentazione a Scandicci con \"Aether\" la 12esima edizione del Dio Drone Festival","og_description":"Al Teatro Aurora di Scandicci sabato 1\u00b0 febbraio in concerto per il Dio Drone Festival Abul Mogard, Egle Sommacal, Ramon Moro e N\u00e0resh\u00a0Ran","og_url":"https:\/\/www.intoscana.it\/it\/una-notte-di-musica-e-sperimentazione-a-scandicci-con-aether-la-12esima-edizione-del-dio-drone-festival\/","og_site_name":"intoscana","article_publisher":"https:\/\/www.facebook.com\/intoscana.it","article_published_time":"2025-01-28T08:35:38+00:00","article_modified_time":"2025-01-28T08:55:14+00:00","og_image":[{"width":1053,"height":934,"url":"https:\/\/www.intoscana.it\/wp-content\/uploads\/foto-e1738050659341.jpeg","type":"image\/jpeg"}],"author":"Costanza Baldini","twitter_card":"summary_large_image","twitter_creator":"@intoscana","twitter_site":"@intoscana","twitter_misc":{"Written by":"Costanza Baldini","Est. reading time":"4 minuti"},"schema":{"@context":"https:\/\/schema.org","@graph":[{"@type":"WebPage","@id":"https:\/\/www.intoscana.it\/it\/una-notte-di-musica-e-sperimentazione-a-scandicci-con-aether-la-12esima-edizione-del-dio-drone-festival\/","url":"https:\/\/www.intoscana.it\/it\/una-notte-di-musica-e-sperimentazione-a-scandicci-con-aether-la-12esima-edizione-del-dio-drone-festival\/","name":"Una notte di musica e sperimentazione a Scandicci con \"Aether\" la 12esima edizione del Dio Drone Festival - intoscana","isPartOf":{"@id":"https:\/\/www.intoscana.it\/it\/#website"},"primaryImageOfPage":{"@id":"https:\/\/www.intoscana.it\/it\/una-notte-di-musica-e-sperimentazione-a-scandicci-con-aether-la-12esima-edizione-del-dio-drone-festival\/#primaryimage"},"image":{"@id":"https:\/\/www.intoscana.it\/it\/una-notte-di-musica-e-sperimentazione-a-scandicci-con-aether-la-12esima-edizione-del-dio-drone-festival\/#primaryimage"},"thumbnailUrl":"https:\/\/www.intoscana.it\/wp-content\/uploads\/foto-e1738050659341.jpeg","datePublished":"2025-01-28T08:35:38+00:00","dateModified":"2025-01-28T08:55:14+00:00","author":{"@id":"https:\/\/www.intoscana.it\/it\/#\/schema\/person\/d469f35f09739bdf00bf5dd3f0647a82"},"description":"Al Teatro Aurora di Scandicci sabato 1\u00b0 febbraio in concerto per il Dio Drone Festival Abul Mogard, Egle Sommacal, Ramon Moro e N\u00e0resh\u00a0Ran","breadcrumb":{"@id":"https:\/\/www.intoscana.it\/it\/una-notte-di-musica-e-sperimentazione-a-scandicci-con-aether-la-12esima-edizione-del-dio-drone-festival\/#breadcrumb"},"inLanguage":"it-IT","potentialAction":[{"@type":"ReadAction","target":["https:\/\/www.intoscana.it\/it\/una-notte-di-musica-e-sperimentazione-a-scandicci-con-aether-la-12esima-edizione-del-dio-drone-festival\/"]}]},{"@type":"ImageObject","inLanguage":"it-IT","@id":"https:\/\/www.intoscana.it\/it\/una-notte-di-musica-e-sperimentazione-a-scandicci-con-aether-la-12esima-edizione-del-dio-drone-festival\/#primaryimage","url":"https:\/\/www.intoscana.it\/wp-content\/uploads\/foto-e1738050659341.jpeg","contentUrl":"https:\/\/www.intoscana.it\/wp-content\/uploads\/foto-e1738050659341.jpeg","width":1053,"height":934},{"@type":"BreadcrumbList","@id":"https:\/\/www.intoscana.it\/it\/una-notte-di-musica-e-sperimentazione-a-scandicci-con-aether-la-12esima-edizione-del-dio-drone-festival\/#breadcrumb","itemListElement":[{"@type":"ListItem","position":1,"name":"Home","item":"https:\/\/www.intoscana.it\/it\/"},{"@type":"ListItem","position":2,"name":"Una notte di musica e sperimentazione a Scandicci con &#8220;Aether&#8221; la 12esima edizione del Dio Drone Festival"}]},{"@type":"WebSite","@id":"https:\/\/www.intoscana.it\/it\/#website","url":"https:\/\/www.intoscana.it\/it\/","name":"intoscana","description":"","potentialAction":[{"@type":"SearchAction","target":{"@type":"EntryPoint","urlTemplate":"https:\/\/www.intoscana.it\/it\/?s={search_term_string}"},"query-input":{"@type":"PropertyValueSpecification","valueRequired":true,"valueName":"search_term_string"}}],"inLanguage":"it-IT"},{"@type":"Person","@id":"https:\/\/www.intoscana.it\/it\/#\/schema\/person\/d469f35f09739bdf00bf5dd3f0647a82","name":"Costanza Baldini","url":"https:\/\/www.intoscana.it\/it\/author\/costanza-baldini\/"}]}},"_links":{"self":[{"href":"https:\/\/www.intoscana.it\/it\/wp-json\/wp\/v2\/posts\/372402","targetHints":{"allow":["GET"]}}],"collection":[{"href":"https:\/\/www.intoscana.it\/it\/wp-json\/wp\/v2\/posts"}],"about":[{"href":"https:\/\/www.intoscana.it\/it\/wp-json\/wp\/v2\/types\/post"}],"author":[{"embeddable":true,"href":"https:\/\/www.intoscana.it\/it\/wp-json\/wp\/v2\/users\/518"}],"replies":[{"embeddable":true,"href":"https:\/\/www.intoscana.it\/it\/wp-json\/wp\/v2\/comments?post=372402"}],"version-history":[{"count":5,"href":"https:\/\/www.intoscana.it\/it\/wp-json\/wp\/v2\/posts\/372402\/revisions"}],"predecessor-version":[{"id":372445,"href":"https:\/\/www.intoscana.it\/it\/wp-json\/wp\/v2\/posts\/372402\/revisions\/372445"}],"wp:featuredmedia":[{"embeddable":true,"href":"https:\/\/www.intoscana.it\/it\/wp-json\/wp\/v2\/media\/372406"}],"wp:attachment":[{"href":"https:\/\/www.intoscana.it\/it\/wp-json\/wp\/v2\/media?parent=372402"}],"wp:term":[{"taxonomy":"category","embeddable":true,"href":"https:\/\/www.intoscana.it\/it\/wp-json\/wp\/v2\/categories?post=372402"},{"taxonomy":"post_tag","embeddable":true,"href":"https:\/\/www.intoscana.it\/it\/wp-json\/wp\/v2\/tags?post=372402"}],"curies":[{"name":"wp","href":"https:\/\/api.w.org\/{rel}","templated":true}]}}