{"id":372412,"date":"2025-01-28T12:56:26","date_gmt":"2025-01-28T11:56:26","guid":{"rendered":"https:\/\/www.intoscana.it\/it\/?p=372412"},"modified":"2025-01-28T12:56:26","modified_gmt":"2025-01-28T11:56:26","slug":"il-ritorno-dei-vanarin-in-toscana-per-due-date-con-il-nuovo-album-hazy-days","status":"publish","type":"post","link":"https:\/\/www.intoscana.it\/it\/il-ritorno-dei-vanarin-in-toscana-per-due-date-con-il-nuovo-album-hazy-days\/","title":{"rendered":"Il ritorno dei Vanarin\u00a0in Toscana per due date con il nuovo album &#8220;Hazy Days&#8221;\u00a0"},"content":{"rendered":"<p><strong>Vanarin la band<\/strong> psych-pop di radici italo-inglesi, composta da<strong> David Paysden, Marco Sciacqua, Massimo Mantovani e Marco Brena<\/strong> \u00e8 pronta a tornare in Toscana per due date (venerd\u00ec <strong>31 gennaio al GOB di Viareggio<\/strong> e sabato<strong>\u00a01\u00b0 febbraio all&#8217;Ex Fila di Firenze<\/strong>) per presentare il nuovo disco<strong><em> &#8220;Hazy Days&#8221;.<\/em><\/strong><\/p>\n<p>Il loro sound \u00e8 caratterizzato da influenze <strong>brit-pop, r\u2019n\u2019b e neo soul,<\/strong> con un\u00a0risultato di stampo internazionale.<\/p>\n<p>Il progetto ha alle spalle<strong> tour in tutta Italia<\/strong> aprendo ad artisti del calibro di <strong>Thurston Moore, Public Image Ltd, Battles<\/strong> e non solo. Inoltre negli anni hanno partecipato a numerosi festival in Italia, tra cui <strong>MI AMI Festival, Siren Festival e Radio Onda D\u2019urto<\/strong>, ma anche all\u2019estero.<\/p>\n<p>Il 17 gennaio 2025 \u00e8 uscito per <strong>Dischi Sotterranei<\/strong> il terzo album<strong> <em>&#8220;Hazy Days&#8221;<\/em><\/strong> in cui\u00a0il gruppo si rivela nel pieno della maturit\u00e0 espressiva, dando alla luce un concept dove ogni brano rappresenta<strong> una fotografia dell\u2019attuale evoluzione umana,<\/strong> divisa continuamente tra momenti di <strong>lucidit\u00e0 e smarrimento, speranza e disincanto<\/strong>, in <strong>un&#8217;epoca sempre pi\u00f9 nebulosa<\/strong> e di difficile orientamento, dominata dalla tecnologia.<\/p>\n<h3>Ecco la nostra intervista a David Paysden<\/h3>\n<p><strong><em>&#8220;Hazy Days&#8221;<\/em> \u00e8 il titolo del vostro disco, giorni nebulosi un po&#8217; come quelli che stiamo vivendo adesso&#8230;<\/strong><\/p>\n<p>Assolutamente s\u00ec, il titolo dipende dal fatto che <strong>tutto il disco \u00e8 una rappresentazione dell&#8217;inconscio,<\/strong> ogni pezzo fa riferimento a un pensiero sulla societ\u00e0 e su come ci sentiamo rispetto ai cambiamenti. Ci sono tematiche anche pi\u00f9 classiche, per esempio <strong><em>What we said<\/em>\u00a0<\/strong>\u00e8 dedicato\u00a0al pensiero ossessivo nei momenti di tensione con la persona che ami,<strong> <em>My Circle<\/em><\/strong> invece parla della difficolt\u00e0 di mantenere la privacy, un cerchio di sicurezza che la gente sembra sempre voler invadere in un momento in cui siamo sempre connessi. L&#8217;ultimo brano <strong><em>&#8220;Memories&#8221;<\/em> <\/strong>invece raccoglie frammenti e pensieri che rappresentano <strong>la mia giovent\u00f9 in Inghilterra, dove sono cresciuto<\/strong> da piccolo. Io sono arrivato a Bergamo a nove anni.<\/p>\n<p><strong>Nonostante queste tematiche abbastanza\u00a0complesse devo dire che \u00e8 un disco molto fresco, per esempio &#8220;Falling under&#8221; il mio pezzo preferito, mette di buon umore, \u00e8 un disco molto &#8216;feel good&#8217; si potrebbe dire<\/strong><\/p>\n<p>Ricarde tutto nell&#8217;ironia di parlare di tematiche introspettive, senza renderle pesanti all&#8217;ascolto.\u00a0C&#8217;\u00e8 anche da dire che <strong>pi\u00f9 cresci pi\u00f9 i pensieri che hai sulle cose che ti stanno attorno non sono n\u00e8 belli n\u00e8 brutti,<\/strong>\u00a0ma piuttosto neutrali.<\/p>\n<p><strong>Siete al terzo disco, come vi siete conosciuti?<\/strong><\/p>\n<p><strong>Ci siamo conosciuti tutti a Bergamo,<\/strong> in diverse situazioni musicali. Il giro a Bergamo \u00e8 quello, ci metti poco a conoscere tutti.<strong> C&#8217;\u00e8 stata una sorta di attrazione,<\/strong> ci siamo incontrati per caso e abbiamo capito che c&#8217;era una sintonia cos\u00ec abbiamo deciso di fare musica insieme.<\/p>\n<p><iframe loading=\"lazy\" title=\"YouTube video player\" src=\"https:\/\/www.youtube.com\/embed\/eiBzRFoJ1dg?si=eWYahIrPCV3y_rNz\" width=\"800\" height=\"450\" frameborder=\"0\" allowfullscreen=\"allowfullscreen\"><span data-mce-type=\"bookmark\" style=\"display: inline-block; width: 0px; overflow: hidden; line-height: 0;\" class=\"mce_SELRES_start\">\ufeff<\/span><\/iframe><\/p>\n<p><strong>Forse avevate anche influenze musicali simili come i Tame Impala o gli Hot Chip<\/strong><\/p>\n<p>La cosa che \u00e8 divertente \u00e8 che in realt\u00e0 i<strong> Tame Impala<\/strong> ci piacciono ma non sono mai stati una nostra fonte di ispirazione, nonostante spesso veniamo associati a loro. In realt\u00e0 abbiamo molte pi\u00f9 <strong>influenze vintage<\/strong> come i <strong>Beatles<\/strong> per esempio, dai quali forse anche i Tame Impala hanno preso forte ispirazione. Sono pi\u00f9 i Beatles che ci legano. Tra i contemporanei ci piace molto <strong>Blood Orange, James Blake.<\/strong><\/p>\n<p><strong>Avete un bel tour davanti, \u00e8 difficile per voi riuscire a suonare in giro, farvi conoscere, come vivete la situazione?<\/strong><\/p>\n<p>Per noi la situazione \u00e8 un po&#8217; particolare, senza volerci montare la testa, credo che<strong> siamo una delle poche band\u00a0rimaste in Italia che fanno musica in inglese<\/strong>. Sicuramente \u00e8 molto pi\u00f9 difficile farci conoscere da una persona &#8216;media&#8217;, giustamente, \u00e8 normale.<strong> Per noi \u00e8 una sfida, farci capire e comprendere.<\/strong> Per il resto quando riusciamo a suonare e catturare l&#8217;attenzione\u00a0le cose poi vengono da s\u00e9 ed<strong> \u00e8 sempre bellissimo scoprire che una persona ha ascoltato il nostro disco e gli \u00e8 piaciuto.<\/strong><\/p>\n<p><strong>Ma il nome Vanarin\u00a0da cosa nasce? So che la domanda sul nome non si dovrebbe mai fare&#8230;<\/strong><\/p>\n<p>Il problema \u00e8 che non ho mai una storia da raccontare quando mi fanno questa domanda. E&#8217; venuto da s\u00e8,\u00a0<strong>mi piaceva\u00a0la sua musicalit\u00e0.<\/strong> Pu\u00f2 significare tutto e niente, su un dizionario urbano avevo trovato che poteva significare <strong>sia euforia che malinconia, un mix di significati.<\/strong><\/p>\n<h3>I prossimi concerti all&#8217;Exfila<\/h3>\n<p>Le serate della rassegna Connections X all&#8217;Exfila\u00a0proseguiranno il 14 febbraio con Annibale Night , in concerto <strong>Tanks &amp;Tears\u00a0(IT), Punchlove\u00a0(USA) e Julee (FR)<\/strong>. L&#8217;8 marzo in concerto <strong>Coca Puma (IT)<\/strong>, il 29 marzo Annibale Night con <strong>Menades (FR), Sleap-E\u00a0(IT)<\/strong>, il 5 aprile in concerto <strong>Lo-Fi Le Fusa<\/strong> (Vincitori dell&#8217;ultimo Rock Contest), <strong>Cassandra (IT).<\/strong> Il 19 aprile Annibale Night in concerto <strong>Getdown Services (GB), Laventure (FR).<\/strong> Il 10 maggio <strong>Pellegrino &amp; Zodyaco (IT).\u00a0<\/strong> Il 17 maggio Annibale Fest a sorpresa (More TBA).<\/p>\n<figure id=\"post-372415 media-372415\" class=\"align-none\"><img decoding=\"async\" src=\"https:\/\/www.intoscana.it\/wp-content\/uploads\/VANARIN_Ph.-1_Credit-by-Andrea-Benedetta-Bonaschi-scaled.jpeg\" alt=\"\" \/><\/figure>\n<div class=\"titleimg\">VANARIN &#8211; \u00a9 Andrea Benedetta Bonaschi<\/div>\n","protected":false},"excerpt":{"rendered":"<p>Venerd\u00ec 31 gennaio al GOB di Viareggio e sabato 1\u00b0 febbraio all&#8217;Ex Fila di Firenze la band psych-pop di radici italo-inglesi torna in Toscana per presentare il nuovo disco &#8220;Hazy Days&#8221;<\/p>\n","protected":false},"author":518,"featured_media":372416,"comment_status":"open","ping_status":"open","sticky":false,"template":"","format":"standard","meta":{"_acf_changed":false,"footnotes":""},"categories":[14],"tags":[216,3138],"class_list":["post-372412","post","type-post","status-publish","format-standard","has-post-thumbnail","hentry","category-musica","tag-concerti","tag-interviste-agli-artisti"],"acf":[],"yoast_head":"<!-- This site is optimized with the Yoast SEO Premium plugin v24.2 (Yoast SEO v25.6) - https:\/\/yoast.com\/wordpress\/plugins\/seo\/ -->\n<title>Il ritorno dei Vanarin\u00a0in Toscana per due date con il nuovo album &quot;Hazy Days&quot;\u00a0 - intoscana<\/title>\n<meta name=\"description\" content=\"Venerd\u00ec 31 gennaio al GOB di Viareggio e sabato 1\u00b0 febbraio all&#039;Ex Fila di Firenze la band psych-pop di radici italo-inglesi torna in Toscana\" \/>\n<meta name=\"robots\" content=\"index, follow, max-snippet:-1, max-image-preview:large, max-video-preview:-1\" \/>\n<link rel=\"canonical\" href=\"https:\/\/www.intoscana.it\/it\/il-ritorno-dei-vanarin-in-toscana-per-due-date-con-il-nuovo-album-hazy-days\/\" \/>\n<meta property=\"og:locale\" content=\"it_IT\" \/>\n<meta property=\"og:type\" content=\"article\" \/>\n<meta property=\"og:title\" content=\"Il ritorno dei Vanarin\u00a0in Toscana per due date con il nuovo album &quot;Hazy Days&quot;\u00a0\" \/>\n<meta property=\"og:description\" content=\"Venerd\u00ec 31 gennaio al GOB di Viareggio e sabato 1\u00b0 febbraio all&#039;Ex Fila di Firenze la band psych-pop di radici italo-inglesi torna in Toscana\" \/>\n<meta property=\"og:url\" content=\"https:\/\/www.intoscana.it\/it\/il-ritorno-dei-vanarin-in-toscana-per-due-date-con-il-nuovo-album-hazy-days\/\" \/>\n<meta property=\"og:site_name\" content=\"intoscana\" \/>\n<meta property=\"article:publisher\" content=\"https:\/\/www.facebook.com\/intoscana.it\" \/>\n<meta property=\"article:published_time\" content=\"2025-01-28T11:56:26+00:00\" \/>\n<meta property=\"og:image\" content=\"https:\/\/www.intoscana.it\/wp-content\/uploads\/VANARIN_Ph.-2_Credit-by-Andrea-Benedetta-Bonaschi-scaled.jpeg\" \/>\n\t<meta property=\"og:image:width\" content=\"2048\" \/>\n\t<meta property=\"og:image:height\" content=\"1366\" \/>\n\t<meta property=\"og:image:type\" content=\"image\/jpeg\" \/>\n<meta name=\"author\" content=\"Costanza Baldini\" \/>\n<meta name=\"twitter:card\" content=\"summary_large_image\" \/>\n<meta name=\"twitter:creator\" content=\"@intoscana\" \/>\n<meta name=\"twitter:site\" content=\"@intoscana\" \/>\n<meta name=\"twitter:label1\" content=\"Written by\" \/>\n\t<meta name=\"twitter:data1\" content=\"Costanza Baldini\" \/>\n\t<meta name=\"twitter:label2\" content=\"Est. reading time\" \/>\n\t<meta name=\"twitter:data2\" content=\"5 minuti\" \/>\n<script type=\"application\/ld+json\" class=\"yoast-schema-graph\">{\"@context\":\"https:\/\/schema.org\",\"@graph\":[{\"@type\":\"WebPage\",\"@id\":\"https:\/\/www.intoscana.it\/it\/il-ritorno-dei-vanarin-in-toscana-per-due-date-con-il-nuovo-album-hazy-days\/\",\"url\":\"https:\/\/www.intoscana.it\/it\/il-ritorno-dei-vanarin-in-toscana-per-due-date-con-il-nuovo-album-hazy-days\/\",\"name\":\"Il ritorno dei Vanarin\u00a0in Toscana per due date con il nuovo album \\\"Hazy Days\\\"\u00a0 - intoscana\",\"isPartOf\":{\"@id\":\"https:\/\/www.intoscana.it\/it\/#website\"},\"primaryImageOfPage\":{\"@id\":\"https:\/\/www.intoscana.it\/it\/il-ritorno-dei-vanarin-in-toscana-per-due-date-con-il-nuovo-album-hazy-days\/#primaryimage\"},\"image\":{\"@id\":\"https:\/\/www.intoscana.it\/it\/il-ritorno-dei-vanarin-in-toscana-per-due-date-con-il-nuovo-album-hazy-days\/#primaryimage\"},\"thumbnailUrl\":\"https:\/\/www.intoscana.it\/wp-content\/uploads\/VANARIN_Ph.-2_Credit-by-Andrea-Benedetta-Bonaschi-scaled.jpeg\",\"datePublished\":\"2025-01-28T11:56:26+00:00\",\"author\":{\"@id\":\"https:\/\/www.intoscana.it\/it\/#\/schema\/person\/d469f35f09739bdf00bf5dd3f0647a82\"},\"description\":\"Venerd\u00ec 31 gennaio al GOB di Viareggio e sabato 1\u00b0 febbraio all'Ex Fila di Firenze la band psych-pop di radici italo-inglesi torna in Toscana\",\"breadcrumb\":{\"@id\":\"https:\/\/www.intoscana.it\/it\/il-ritorno-dei-vanarin-in-toscana-per-due-date-con-il-nuovo-album-hazy-days\/#breadcrumb\"},\"inLanguage\":\"it-IT\",\"potentialAction\":[{\"@type\":\"ReadAction\",\"target\":[\"https:\/\/www.intoscana.it\/it\/il-ritorno-dei-vanarin-in-toscana-per-due-date-con-il-nuovo-album-hazy-days\/\"]}]},{\"@type\":\"ImageObject\",\"inLanguage\":\"it-IT\",\"@id\":\"https:\/\/www.intoscana.it\/it\/il-ritorno-dei-vanarin-in-toscana-per-due-date-con-il-nuovo-album-hazy-days\/#primaryimage\",\"url\":\"https:\/\/www.intoscana.it\/wp-content\/uploads\/VANARIN_Ph.-2_Credit-by-Andrea-Benedetta-Bonaschi-scaled.jpeg\",\"contentUrl\":\"https:\/\/www.intoscana.it\/wp-content\/uploads\/VANARIN_Ph.-2_Credit-by-Andrea-Benedetta-Bonaschi-scaled.jpeg\",\"width\":2048,\"height\":1366},{\"@type\":\"BreadcrumbList\",\"@id\":\"https:\/\/www.intoscana.it\/it\/il-ritorno-dei-vanarin-in-toscana-per-due-date-con-il-nuovo-album-hazy-days\/#breadcrumb\",\"itemListElement\":[{\"@type\":\"ListItem\",\"position\":1,\"name\":\"Home\",\"item\":\"https:\/\/www.intoscana.it\/it\/\"},{\"@type\":\"ListItem\",\"position\":2,\"name\":\"Il ritorno dei Vanarin\u00a0in Toscana per due date con il nuovo album &#8220;Hazy Days&#8221;\u00a0\"}]},{\"@type\":\"WebSite\",\"@id\":\"https:\/\/www.intoscana.it\/it\/#website\",\"url\":\"https:\/\/www.intoscana.it\/it\/\",\"name\":\"intoscana\",\"description\":\"\",\"potentialAction\":[{\"@type\":\"SearchAction\",\"target\":{\"@type\":\"EntryPoint\",\"urlTemplate\":\"https:\/\/www.intoscana.it\/it\/?s={search_term_string}\"},\"query-input\":{\"@type\":\"PropertyValueSpecification\",\"valueRequired\":true,\"valueName\":\"search_term_string\"}}],\"inLanguage\":\"it-IT\"},{\"@type\":\"Person\",\"@id\":\"https:\/\/www.intoscana.it\/it\/#\/schema\/person\/d469f35f09739bdf00bf5dd3f0647a82\",\"name\":\"Costanza Baldini\",\"url\":\"https:\/\/www.intoscana.it\/it\/author\/costanza-baldini\/\"}]}<\/script>\n<!-- \/ Yoast SEO Premium plugin. -->","yoast_head_json":{"title":"Il ritorno dei Vanarin\u00a0in Toscana per due date con il nuovo album \"Hazy Days\"\u00a0 - intoscana","description":"Venerd\u00ec 31 gennaio al GOB di Viareggio e sabato 1\u00b0 febbraio all'Ex Fila di Firenze la band psych-pop di radici italo-inglesi torna in Toscana","robots":{"index":"index","follow":"follow","max-snippet":"max-snippet:-1","max-image-preview":"max-image-preview:large","max-video-preview":"max-video-preview:-1"},"canonical":"https:\/\/www.intoscana.it\/it\/il-ritorno-dei-vanarin-in-toscana-per-due-date-con-il-nuovo-album-hazy-days\/","og_locale":"it_IT","og_type":"article","og_title":"Il ritorno dei Vanarin\u00a0in Toscana per due date con il nuovo album \"Hazy Days\"\u00a0","og_description":"Venerd\u00ec 31 gennaio al GOB di Viareggio e sabato 1\u00b0 febbraio all'Ex Fila di Firenze la band psych-pop di radici italo-inglesi torna in Toscana","og_url":"https:\/\/www.intoscana.it\/it\/il-ritorno-dei-vanarin-in-toscana-per-due-date-con-il-nuovo-album-hazy-days\/","og_site_name":"intoscana","article_publisher":"https:\/\/www.facebook.com\/intoscana.it","article_published_time":"2025-01-28T11:56:26+00:00","og_image":[{"width":2048,"height":1366,"url":"https:\/\/www.intoscana.it\/wp-content\/uploads\/VANARIN_Ph.-2_Credit-by-Andrea-Benedetta-Bonaschi-scaled.jpeg","type":"image\/jpeg"}],"author":"Costanza Baldini","twitter_card":"summary_large_image","twitter_creator":"@intoscana","twitter_site":"@intoscana","twitter_misc":{"Written by":"Costanza Baldini","Est. reading time":"5 minuti"},"schema":{"@context":"https:\/\/schema.org","@graph":[{"@type":"WebPage","@id":"https:\/\/www.intoscana.it\/it\/il-ritorno-dei-vanarin-in-toscana-per-due-date-con-il-nuovo-album-hazy-days\/","url":"https:\/\/www.intoscana.it\/it\/il-ritorno-dei-vanarin-in-toscana-per-due-date-con-il-nuovo-album-hazy-days\/","name":"Il ritorno dei Vanarin\u00a0in Toscana per due date con il nuovo album \"Hazy Days\"\u00a0 - intoscana","isPartOf":{"@id":"https:\/\/www.intoscana.it\/it\/#website"},"primaryImageOfPage":{"@id":"https:\/\/www.intoscana.it\/it\/il-ritorno-dei-vanarin-in-toscana-per-due-date-con-il-nuovo-album-hazy-days\/#primaryimage"},"image":{"@id":"https:\/\/www.intoscana.it\/it\/il-ritorno-dei-vanarin-in-toscana-per-due-date-con-il-nuovo-album-hazy-days\/#primaryimage"},"thumbnailUrl":"https:\/\/www.intoscana.it\/wp-content\/uploads\/VANARIN_Ph.-2_Credit-by-Andrea-Benedetta-Bonaschi-scaled.jpeg","datePublished":"2025-01-28T11:56:26+00:00","author":{"@id":"https:\/\/www.intoscana.it\/it\/#\/schema\/person\/d469f35f09739bdf00bf5dd3f0647a82"},"description":"Venerd\u00ec 31 gennaio al GOB di Viareggio e sabato 1\u00b0 febbraio all'Ex Fila di Firenze la band psych-pop di radici italo-inglesi torna in Toscana","breadcrumb":{"@id":"https:\/\/www.intoscana.it\/it\/il-ritorno-dei-vanarin-in-toscana-per-due-date-con-il-nuovo-album-hazy-days\/#breadcrumb"},"inLanguage":"it-IT","potentialAction":[{"@type":"ReadAction","target":["https:\/\/www.intoscana.it\/it\/il-ritorno-dei-vanarin-in-toscana-per-due-date-con-il-nuovo-album-hazy-days\/"]}]},{"@type":"ImageObject","inLanguage":"it-IT","@id":"https:\/\/www.intoscana.it\/it\/il-ritorno-dei-vanarin-in-toscana-per-due-date-con-il-nuovo-album-hazy-days\/#primaryimage","url":"https:\/\/www.intoscana.it\/wp-content\/uploads\/VANARIN_Ph.-2_Credit-by-Andrea-Benedetta-Bonaschi-scaled.jpeg","contentUrl":"https:\/\/www.intoscana.it\/wp-content\/uploads\/VANARIN_Ph.-2_Credit-by-Andrea-Benedetta-Bonaschi-scaled.jpeg","width":2048,"height":1366},{"@type":"BreadcrumbList","@id":"https:\/\/www.intoscana.it\/it\/il-ritorno-dei-vanarin-in-toscana-per-due-date-con-il-nuovo-album-hazy-days\/#breadcrumb","itemListElement":[{"@type":"ListItem","position":1,"name":"Home","item":"https:\/\/www.intoscana.it\/it\/"},{"@type":"ListItem","position":2,"name":"Il ritorno dei Vanarin\u00a0in Toscana per due date con il nuovo album &#8220;Hazy Days&#8221;\u00a0"}]},{"@type":"WebSite","@id":"https:\/\/www.intoscana.it\/it\/#website","url":"https:\/\/www.intoscana.it\/it\/","name":"intoscana","description":"","potentialAction":[{"@type":"SearchAction","target":{"@type":"EntryPoint","urlTemplate":"https:\/\/www.intoscana.it\/it\/?s={search_term_string}"},"query-input":{"@type":"PropertyValueSpecification","valueRequired":true,"valueName":"search_term_string"}}],"inLanguage":"it-IT"},{"@type":"Person","@id":"https:\/\/www.intoscana.it\/it\/#\/schema\/person\/d469f35f09739bdf00bf5dd3f0647a82","name":"Costanza Baldini","url":"https:\/\/www.intoscana.it\/it\/author\/costanza-baldini\/"}]}},"_links":{"self":[{"href":"https:\/\/www.intoscana.it\/it\/wp-json\/wp\/v2\/posts\/372412","targetHints":{"allow":["GET"]}}],"collection":[{"href":"https:\/\/www.intoscana.it\/it\/wp-json\/wp\/v2\/posts"}],"about":[{"href":"https:\/\/www.intoscana.it\/it\/wp-json\/wp\/v2\/types\/post"}],"author":[{"embeddable":true,"href":"https:\/\/www.intoscana.it\/it\/wp-json\/wp\/v2\/users\/518"}],"replies":[{"embeddable":true,"href":"https:\/\/www.intoscana.it\/it\/wp-json\/wp\/v2\/comments?post=372412"}],"version-history":[{"count":5,"href":"https:\/\/www.intoscana.it\/it\/wp-json\/wp\/v2\/posts\/372412\/revisions"}],"predecessor-version":[{"id":372519,"href":"https:\/\/www.intoscana.it\/it\/wp-json\/wp\/v2\/posts\/372412\/revisions\/372519"}],"wp:featuredmedia":[{"embeddable":true,"href":"https:\/\/www.intoscana.it\/it\/wp-json\/wp\/v2\/media\/372416"}],"wp:attachment":[{"href":"https:\/\/www.intoscana.it\/it\/wp-json\/wp\/v2\/media?parent=372412"}],"wp:term":[{"taxonomy":"category","embeddable":true,"href":"https:\/\/www.intoscana.it\/it\/wp-json\/wp\/v2\/categories?post=372412"},{"taxonomy":"post_tag","embeddable":true,"href":"https:\/\/www.intoscana.it\/it\/wp-json\/wp\/v2\/tags?post=372412"}],"curies":[{"name":"wp","href":"https:\/\/api.w.org\/{rel}","templated":true}]}}