{"id":372664,"date":"2025-01-29T16:32:17","date_gmt":"2025-01-29T15:32:17","guid":{"rendered":"https:\/\/www.intoscana.it\/it\/?p=372664"},"modified":"2025-01-31T11:37:26","modified_gmt":"2025-01-31T10:37:26","slug":"invest-in-tuscany-progetti-e-strategie-nellappuntamento-annuale","status":"publish","type":"post","link":"https:\/\/www.intoscana.it\/it\/invest-in-tuscany-progetti-e-strategie-nellappuntamento-annuale\/","title":{"rendered":"Invest in Tuscany, progetti e strategie nel meeting annuale"},"content":{"rendered":"<p><mark>Attrazione di investimenti dall&#8217;estero, competitivit\u00e0 e strategie per la crescita economica<\/mark> saranno al centro dell\u2019appuntamento annuale di <strong>Invest in Tuscany<\/strong>. Lo sportello che si occupa di seguire le aziende nazionali e internazionali intenzionate a venire in Toscana fa il punto per il 2025.<\/p>\n<p>Venerd\u00ec 31 gennaio sar\u00e0 l\u2019occasione per presentare <strong>ricerche esclusive su trend e scenari<\/strong> insieme alle nuove strategie di <strong>attrazione investimenti esteri<\/strong>. L\u2019evento \u00e8 in programma a partire dalle 10.30 a Palazzo Borghese, a Firenze. L&#8217;annual meeting di <strong>Invest in Tuscany<\/strong> organizzato con The European House \u00e8 moderato dalla giornalista Silvia Sgaravatti\u00a0 e si articoler\u00e0 in pi\u00f9 <a href=\"https:\/\/www.toscana-notizie.it\/documents\/735693\/19128125\/PROGRAMMA+ANNUAL+MEETING+2025+%283%29.pdf\/56a385ef-7cd7-eeea-e1c0-2381addd53cc?t=1738147925809\" target=\"_blank\" rel=\"noopener\">interventi e tavole rotonde<\/a>.<\/p>\n<p>Ad aprire l&#8217;appuntamento annuale di <strong>Invest in Tuscany<\/strong> i saluti istituzionali del presidente della Regione Toscana, <strong>Eugenio Giani<\/strong>\u00a0e del presidente di Confindustria Toscana <strong>Maurizio Bigazzi<\/strong>.<\/p>\n<h3>Il rapporto dell&#8217;osservatorio sulle imprese estere<\/h3>\n<div class=\"page\" title=\"Page 1\">\n<div class=\"layoutArea\">\n<div class=\"column\">\n<p>Al centro della mattinata la presentazione del <strong>Rapporto dell\u2019Osservatorio Imprese Estere<\/strong> dedicato ai territori con <strong>un focus sulla Toscana<\/strong>. Ad illustrare lo studio <strong>Alessandro Faramondi <\/strong>(ISTAT).<\/p>\n<p>Altri due passaggi importanti della mattina saranno l&#8217;intervento di <strong>Laura Resmini<\/strong> (Universit\u00e0 degli Studi di Milano-Bicocca) con &#8220;<em>La partecipazione delle aziende toscane a controllo estero nelle catene globali del valore<\/em>&#8221; e l&#8217;intervento di <strong>Riccardo Crescenzi<\/strong> (London School of Economics and Political Science) su &#8220;<em>Catene globali del valore e sviluppo regionale. Indicazioni di policy per la Toscana<\/em>&#8220;.<\/p>\n<h3>Il punto di vista di associazioni e investitori<\/h3>\n<p>La mattinata si concluder\u00e0 con una <strong>tavola rotonda<\/strong> che fornir\u00e0 il punto di vista di i<strong>stituzioni, associazioni di categoria e investitori esteri<\/strong>. Interverranno, tra gli altri, <strong>Valentino Valentini<\/strong>, viceministro, Ministero delle Imprese e del Made in Italy; <strong>Paolo Tedeschi <\/strong>(Regione Toscana); <strong>Annalisa Sassi <\/strong>(Confindustria); <strong>Paolo Ruggeri <\/strong>(Nuovo Pignone International). A concludere la mattinata <strong>Filippo Giabbani<\/strong>, dirigente settore attivit\u00e0 internazionali ed Attrazione investimenti, Regione Toscana.<\/p>\n<h3>Come gestire i cambiamenti del mercato del lavoro<\/h3>\n<\/div>\n<\/div>\n<\/div>\n<p>Ad aprire la sessione pomeridiana <strong>Leonardo Marras<\/strong>, assessore all\u2019Economia, Attivit\u00e0 produttive, Politiche del credito e Turismo della Regione Toscana. Si passer\u00e0 poi alla presentazione delle <strong>analisi e delle proposte del Rapporto 2025<\/strong> della Community Toscana con <strong>Pio Parma<\/strong> (TEHA Group).<\/p>\n<p>Seguir\u00e0 la tavola rotonda su &#8220;<em>Come gestire i cambiamenti nel mercato del lavoro in Toscana&#8221; <\/em>con <strong>Paolo Noccioni<\/strong> presidente Baker Hughes \u2013 Nuovo Pignone; <strong>Niccolo\u0300 Moschini<\/strong> (Kering); <strong>Alessandra Petrucci<\/strong> rettrice Universit\u00e0 di Firenze e <strong>Francesca Giovani<\/strong> (Regione Toscana).<\/p>\n<p>Un&#8217;altra tavola rotonda sar\u00e0 poi dedicata al tema &#8220;<em>Nuova energia per il sistema produttivo toscano<\/em>&#8221; con <strong>Georges Madessis<\/strong> (INEOS Inovyn), <strong>Giorgio Graditi<\/strong> (ENEA &#8211; Agenzia nazionale per le nuove tecnologie, l\u2019energia e lo sviluppo economico sostenibile) e <strong>David Tei<\/strong> (Regione Toscana). A concludere la sessione l&#8217;intervento di <strong>Antonio Mazzeo<\/strong>, presidente del Consiglio regionale della Toscana.<\/p>\n","protected":false},"excerpt":{"rendered":"<p>Al centro del confronto, venerd\u00ec 31 gennaio, la capacit\u00e0 di attrarre investimenti e la competitivit\u00e0 del tessuto regionale<\/p>\n","protected":false},"author":525,"featured_media":372908,"comment_status":"open","ping_status":"open","sticky":false,"template":"","format":"standard","meta":{"_acf_changed":false,"footnotes":""},"categories":[9],"tags":[4760,211,158,1641,5008],"class_list":["post-372664","post","type-post","status-publish","format-standard","has-post-thumbnail","hentry","category-made-in-toscana","tag-antonio-mazzeo","tag-economia","tag-eugenio-giani","tag-invest-in-tuscany","tag-leonardo-marras"],"acf":[],"yoast_head":"<!-- This site is optimized with the Yoast SEO Premium plugin v24.2 (Yoast SEO v25.6) - https:\/\/yoast.com\/wordpress\/plugins\/seo\/ -->\n<title>Invest in Tuscany, progetti e strategie nel meeting annuale - intoscana<\/title>\n<meta name=\"description\" content=\"Al centro del confronto, venerd\u00ec 31 gennaio, la capacit\u00e0 di attrarre investimenti e la competitivit\u00e0 del tessuto regionale\" \/>\n<meta name=\"robots\" content=\"index, follow, max-snippet:-1, max-image-preview:large, max-video-preview:-1\" \/>\n<link rel=\"canonical\" href=\"https:\/\/www.intoscana.it\/it\/invest-in-tuscany-progetti-e-strategie-nellappuntamento-annuale\/\" \/>\n<meta property=\"og:locale\" content=\"it_IT\" \/>\n<meta property=\"og:type\" content=\"article\" \/>\n<meta property=\"og:title\" content=\"Invest in Tuscany, progetti e strategie nel meeting annuale\" \/>\n<meta property=\"og:description\" content=\"Al centro del confronto, venerd\u00ec 31 gennaio, la capacit\u00e0 di attrarre investimenti e la competitivit\u00e0 del tessuto regionale\" \/>\n<meta property=\"og:url\" content=\"https:\/\/www.intoscana.it\/it\/invest-in-tuscany-progetti-e-strategie-nellappuntamento-annuale\/\" \/>\n<meta property=\"og:site_name\" content=\"intoscana\" \/>\n<meta property=\"article:publisher\" content=\"https:\/\/www.facebook.com\/intoscana.it\" \/>\n<meta property=\"article:published_time\" content=\"2025-01-29T15:32:17+00:00\" \/>\n<meta property=\"article:modified_time\" content=\"2025-01-31T10:37:26+00:00\" \/>\n<meta property=\"og:image\" content=\"https:\/\/www.intoscana.it\/wp-content\/uploads\/WhatsApp-Image-2025-01-31-at-11.29.42.jpeg\" \/>\n\t<meta property=\"og:image:width\" content=\"2048\" \/>\n\t<meta property=\"og:image:height\" content=\"1536\" \/>\n\t<meta property=\"og:image:type\" content=\"image\/jpeg\" \/>\n<meta name=\"author\" content=\"Redazione\" \/>\n<meta name=\"twitter:card\" content=\"summary_large_image\" \/>\n<meta name=\"twitter:creator\" content=\"@intoscana\" \/>\n<meta name=\"twitter:site\" content=\"@intoscana\" \/>\n<meta name=\"twitter:label1\" content=\"Written by\" \/>\n\t<meta name=\"twitter:data1\" content=\"Redazione\" \/>\n\t<meta name=\"twitter:label2\" content=\"Est. reading time\" \/>\n\t<meta name=\"twitter:data2\" content=\"3 minuti\" \/>\n<script type=\"application\/ld+json\" class=\"yoast-schema-graph\">{\"@context\":\"https:\/\/schema.org\",\"@graph\":[{\"@type\":\"WebPage\",\"@id\":\"https:\/\/www.intoscana.it\/it\/invest-in-tuscany-progetti-e-strategie-nellappuntamento-annuale\/\",\"url\":\"https:\/\/www.intoscana.it\/it\/invest-in-tuscany-progetti-e-strategie-nellappuntamento-annuale\/\",\"name\":\"Invest in Tuscany, progetti e strategie nel meeting annuale - intoscana\",\"isPartOf\":{\"@id\":\"https:\/\/www.intoscana.it\/it\/#website\"},\"primaryImageOfPage\":{\"@id\":\"https:\/\/www.intoscana.it\/it\/invest-in-tuscany-progetti-e-strategie-nellappuntamento-annuale\/#primaryimage\"},\"image\":{\"@id\":\"https:\/\/www.intoscana.it\/it\/invest-in-tuscany-progetti-e-strategie-nellappuntamento-annuale\/#primaryimage\"},\"thumbnailUrl\":\"https:\/\/www.intoscana.it\/wp-content\/uploads\/WhatsApp-Image-2025-01-31-at-11.29.42.jpeg\",\"datePublished\":\"2025-01-29T15:32:17+00:00\",\"dateModified\":\"2025-01-31T10:37:26+00:00\",\"author\":{\"@id\":\"https:\/\/www.intoscana.it\/it\/#\/schema\/person\/9223810753230f20bd670fdd322661f8\"},\"description\":\"Al centro del confronto, venerd\u00ec 31 gennaio, la capacit\u00e0 di attrarre investimenti e la competitivit\u00e0 del tessuto regionale\",\"breadcrumb\":{\"@id\":\"https:\/\/www.intoscana.it\/it\/invest-in-tuscany-progetti-e-strategie-nellappuntamento-annuale\/#breadcrumb\"},\"inLanguage\":\"it-IT\",\"potentialAction\":[{\"@type\":\"ReadAction\",\"target\":[\"https:\/\/www.intoscana.it\/it\/invest-in-tuscany-progetti-e-strategie-nellappuntamento-annuale\/\"]}]},{\"@type\":\"ImageObject\",\"inLanguage\":\"it-IT\",\"@id\":\"https:\/\/www.intoscana.it\/it\/invest-in-tuscany-progetti-e-strategie-nellappuntamento-annuale\/#primaryimage\",\"url\":\"https:\/\/www.intoscana.it\/wp-content\/uploads\/WhatsApp-Image-2025-01-31-at-11.29.42.jpeg\",\"contentUrl\":\"https:\/\/www.intoscana.it\/wp-content\/uploads\/WhatsApp-Image-2025-01-31-at-11.29.42.jpeg\",\"width\":2048,\"height\":1536},{\"@type\":\"BreadcrumbList\",\"@id\":\"https:\/\/www.intoscana.it\/it\/invest-in-tuscany-progetti-e-strategie-nellappuntamento-annuale\/#breadcrumb\",\"itemListElement\":[{\"@type\":\"ListItem\",\"position\":1,\"name\":\"Home\",\"item\":\"https:\/\/www.intoscana.it\/it\/\"},{\"@type\":\"ListItem\",\"position\":2,\"name\":\"Invest in Tuscany, progetti e strategie nel meeting annuale\"}]},{\"@type\":\"WebSite\",\"@id\":\"https:\/\/www.intoscana.it\/it\/#website\",\"url\":\"https:\/\/www.intoscana.it\/it\/\",\"name\":\"intoscana\",\"description\":\"\",\"potentialAction\":[{\"@type\":\"SearchAction\",\"target\":{\"@type\":\"EntryPoint\",\"urlTemplate\":\"https:\/\/www.intoscana.it\/it\/?s={search_term_string}\"},\"query-input\":{\"@type\":\"PropertyValueSpecification\",\"valueRequired\":true,\"valueName\":\"search_term_string\"}}],\"inLanguage\":\"it-IT\"},{\"@type\":\"Person\",\"@id\":\"https:\/\/www.intoscana.it\/it\/#\/schema\/person\/9223810753230f20bd670fdd322661f8\",\"name\":\"Redazione\",\"url\":\"https:\/\/www.intoscana.it\/it\/author\/redazione\/\"}]}<\/script>\n<!-- \/ Yoast SEO Premium plugin. -->","yoast_head_json":{"title":"Invest in Tuscany, progetti e strategie nel meeting annuale - intoscana","description":"Al centro del confronto, venerd\u00ec 31 gennaio, la capacit\u00e0 di attrarre investimenti e la competitivit\u00e0 del tessuto regionale","robots":{"index":"index","follow":"follow","max-snippet":"max-snippet:-1","max-image-preview":"max-image-preview:large","max-video-preview":"max-video-preview:-1"},"canonical":"https:\/\/www.intoscana.it\/it\/invest-in-tuscany-progetti-e-strategie-nellappuntamento-annuale\/","og_locale":"it_IT","og_type":"article","og_title":"Invest in Tuscany, progetti e strategie nel meeting annuale","og_description":"Al centro del confronto, venerd\u00ec 31 gennaio, la capacit\u00e0 di attrarre investimenti e la competitivit\u00e0 del tessuto regionale","og_url":"https:\/\/www.intoscana.it\/it\/invest-in-tuscany-progetti-e-strategie-nellappuntamento-annuale\/","og_site_name":"intoscana","article_publisher":"https:\/\/www.facebook.com\/intoscana.it","article_published_time":"2025-01-29T15:32:17+00:00","article_modified_time":"2025-01-31T10:37:26+00:00","og_image":[{"width":2048,"height":1536,"url":"https:\/\/www.intoscana.it\/wp-content\/uploads\/WhatsApp-Image-2025-01-31-at-11.29.42.jpeg","type":"image\/jpeg"}],"author":"Redazione","twitter_card":"summary_large_image","twitter_creator":"@intoscana","twitter_site":"@intoscana","twitter_misc":{"Written by":"Redazione","Est. reading time":"3 minuti"},"schema":{"@context":"https:\/\/schema.org","@graph":[{"@type":"WebPage","@id":"https:\/\/www.intoscana.it\/it\/invest-in-tuscany-progetti-e-strategie-nellappuntamento-annuale\/","url":"https:\/\/www.intoscana.it\/it\/invest-in-tuscany-progetti-e-strategie-nellappuntamento-annuale\/","name":"Invest in Tuscany, progetti e strategie nel meeting annuale - intoscana","isPartOf":{"@id":"https:\/\/www.intoscana.it\/it\/#website"},"primaryImageOfPage":{"@id":"https:\/\/www.intoscana.it\/it\/invest-in-tuscany-progetti-e-strategie-nellappuntamento-annuale\/#primaryimage"},"image":{"@id":"https:\/\/www.intoscana.it\/it\/invest-in-tuscany-progetti-e-strategie-nellappuntamento-annuale\/#primaryimage"},"thumbnailUrl":"https:\/\/www.intoscana.it\/wp-content\/uploads\/WhatsApp-Image-2025-01-31-at-11.29.42.jpeg","datePublished":"2025-01-29T15:32:17+00:00","dateModified":"2025-01-31T10:37:26+00:00","author":{"@id":"https:\/\/www.intoscana.it\/it\/#\/schema\/person\/9223810753230f20bd670fdd322661f8"},"description":"Al centro del confronto, venerd\u00ec 31 gennaio, la capacit\u00e0 di attrarre investimenti e la competitivit\u00e0 del tessuto regionale","breadcrumb":{"@id":"https:\/\/www.intoscana.it\/it\/invest-in-tuscany-progetti-e-strategie-nellappuntamento-annuale\/#breadcrumb"},"inLanguage":"it-IT","potentialAction":[{"@type":"ReadAction","target":["https:\/\/www.intoscana.it\/it\/invest-in-tuscany-progetti-e-strategie-nellappuntamento-annuale\/"]}]},{"@type":"ImageObject","inLanguage":"it-IT","@id":"https:\/\/www.intoscana.it\/it\/invest-in-tuscany-progetti-e-strategie-nellappuntamento-annuale\/#primaryimage","url":"https:\/\/www.intoscana.it\/wp-content\/uploads\/WhatsApp-Image-2025-01-31-at-11.29.42.jpeg","contentUrl":"https:\/\/www.intoscana.it\/wp-content\/uploads\/WhatsApp-Image-2025-01-31-at-11.29.42.jpeg","width":2048,"height":1536},{"@type":"BreadcrumbList","@id":"https:\/\/www.intoscana.it\/it\/invest-in-tuscany-progetti-e-strategie-nellappuntamento-annuale\/#breadcrumb","itemListElement":[{"@type":"ListItem","position":1,"name":"Home","item":"https:\/\/www.intoscana.it\/it\/"},{"@type":"ListItem","position":2,"name":"Invest in Tuscany, progetti e strategie nel meeting annuale"}]},{"@type":"WebSite","@id":"https:\/\/www.intoscana.it\/it\/#website","url":"https:\/\/www.intoscana.it\/it\/","name":"intoscana","description":"","potentialAction":[{"@type":"SearchAction","target":{"@type":"EntryPoint","urlTemplate":"https:\/\/www.intoscana.it\/it\/?s={search_term_string}"},"query-input":{"@type":"PropertyValueSpecification","valueRequired":true,"valueName":"search_term_string"}}],"inLanguage":"it-IT"},{"@type":"Person","@id":"https:\/\/www.intoscana.it\/it\/#\/schema\/person\/9223810753230f20bd670fdd322661f8","name":"Redazione","url":"https:\/\/www.intoscana.it\/it\/author\/redazione\/"}]}},"_links":{"self":[{"href":"https:\/\/www.intoscana.it\/it\/wp-json\/wp\/v2\/posts\/372664","targetHints":{"allow":["GET"]}}],"collection":[{"href":"https:\/\/www.intoscana.it\/it\/wp-json\/wp\/v2\/posts"}],"about":[{"href":"https:\/\/www.intoscana.it\/it\/wp-json\/wp\/v2\/types\/post"}],"author":[{"embeddable":true,"href":"https:\/\/www.intoscana.it\/it\/wp-json\/wp\/v2\/users\/525"}],"replies":[{"embeddable":true,"href":"https:\/\/www.intoscana.it\/it\/wp-json\/wp\/v2\/comments?post=372664"}],"version-history":[{"count":6,"href":"https:\/\/www.intoscana.it\/it\/wp-json\/wp\/v2\/posts\/372664\/revisions"}],"predecessor-version":[{"id":372909,"href":"https:\/\/www.intoscana.it\/it\/wp-json\/wp\/v2\/posts\/372664\/revisions\/372909"}],"wp:featuredmedia":[{"embeddable":true,"href":"https:\/\/www.intoscana.it\/it\/wp-json\/wp\/v2\/media\/372908"}],"wp:attachment":[{"href":"https:\/\/www.intoscana.it\/it\/wp-json\/wp\/v2\/media?parent=372664"}],"wp:term":[{"taxonomy":"category","embeddable":true,"href":"https:\/\/www.intoscana.it\/it\/wp-json\/wp\/v2\/categories?post=372664"},{"taxonomy":"post_tag","embeddable":true,"href":"https:\/\/www.intoscana.it\/it\/wp-json\/wp\/v2\/tags?post=372664"}],"curies":[{"name":"wp","href":"https:\/\/api.w.org\/{rel}","templated":true}]}}