{"id":373357,"date":"2025-02-04T10:29:01","date_gmt":"2025-02-04T09:29:01","guid":{"rendered":"https:\/\/www.intoscana.it\/it\/?p=373357"},"modified":"2025-02-04T10:36:45","modified_gmt":"2025-02-04T09:36:45","slug":"un-anno-di-mostre-e-festival-tra-presente-e-passato-al-santa-maria-della-scala-di-siena","status":"publish","type":"post","link":"https:\/\/www.intoscana.it\/it\/un-anno-di-mostre-e-festival-tra-presente-e-passato-al-santa-maria-della-scala-di-siena\/","title":{"rendered":"Un anno di mostre e festival tra presente e passato al Santa Maria della Scala di Siena"},"content":{"rendered":"<p><strong>Un intreccio tra presente e passato<\/strong> caratterizzer\u00e0 il cartellone 2025 degli appuntamenti artistici del <strong>complesso museale Santa Maria della Scala di Siena.<\/strong><\/p>\n<p><strong>Il confronto tra linguaggi differenti<\/strong> e allo stesso tempo il recupero di elementi meno noti del S<strong>anta Maria della Scala<\/strong> daranno vita a<strong> un mosaico di esperienze<\/strong>, per offrire alle visitatrici e ai visitatori nuove prospettive di lettura del complesso e della sua <strong>storia millenaria.<\/strong><\/p>\n<p><em>&#8220;Questo anno pu\u00f2 essere definito \u201cl\u2019anno del dialogo\u201d &#8211; <\/em>dichiara <strong>Cristiano Leone, Presidente della Fondazione Antico Ospedale Santa Maria della Scala <\/strong><em><strong>&#8211;<\/strong>, in cui ogni iniziativa \u00e8 stata concepita come un punto di incontro tra passato e presente, tra il visibile e il nascosto, tra ci\u00f2 che \u00e8 patrimonio e ci\u00f2 che, in quanto creazione di oggi, sar\u00e0 il patrimonio di domani. Grazie al programma creato &#8211; prosegue Leone -, nel 2025 Santa Maria della Scala si configura come un laboratorio vivo di dialoghi tra epoche, linguaggi e sensibilit\u00e0; abbiamo voluto sviluppare l\u2019intero palinsesto intorno a due assi fondamentali: il dialogo tra patrimonio storico e creazione contemporanea, e la valorizzazione dei tesori custoditi nel complesso museale.&#8221;<\/em><\/p>\n<p><em>&#8220;Nel cuore di un luogo che porta con s\u00e9 un millennio di storia e dedizione alla cura e all&#8217;accoglienza, non pu\u00f2 che essere insita una naturale propensione al dialogo, reso oggi ancora pi\u00f9 forte attraverso la programmazione 2025 <\/em>&#8211; chiosa <strong>Chiara Valdambrini, Direttrice della Fondazione Antico Ospedale Santa Maria della Scala<\/strong>.<em> Ogni istallazione, evento, mostra &#8211; <\/em>prosegue <em>&#8211; diventer\u00e0 eloquente testimone del tempo unendo le generazioni in un&#8217;unica, vibrante narrazione che arricchir\u00e0 il Santa Maria della Scala nella sua metamorfosi verso il futuro.&#8221;<\/em><\/p>\n<h3>L&#8217;installazione di Jacob Hashimoto<\/h3>\n<p>Si comincia con l&#8217;installazione di <strong>Jacob Hashimoto<em> &#8220;Path to the sky&#8221;<\/em><\/strong> che sar\u00e0 ospitata<strong> dal 22 maggio al 28 settembre<\/strong> nella <strong>Corticella<\/strong> e nella <strong>Strada Interna<\/strong>, al terzo livello del museo.<\/p>\n<p>L&#8217;evento \u00e8 curato da<strong> Rapha\u00eblle Blanga<\/strong>, l&#8217;opera, si spiega, <em>&#8220;sar\u00e0 creata appositamente per l&#8217;architettura museale e sar\u00e0 un omaggio alla citt\u00e0, alla sua gente \u00e8 al suo cammino verso il futuro&#8221;.<\/em><\/p>\n<figure id=\"post-373383 media-373383\" class=\"align-none\"><img decoding=\"async\" src=\"https:\/\/www.intoscana.it\/wp-content\/uploads\/01_Hashimoto_dettaglio_istallazione_site_specific.jpg\" alt=\"\" \/><\/figure>\n<p>Jacob Hashimoto<\/p>\n<h3>La grande mostra dedicata al Vecchietta<\/h3>\n<p>La mostra <strong><em>&#8220;Vecchietta al Santa Maria della Scala&#8221;<\/em><\/strong> sar\u00e0 ospitata <strong>da ottobre 2025 a marzo 2026,<\/strong> nelle sale del quarto livello e \u00e8 curata da <strong>Giulio Dalvit<\/strong><\/p>\n<p>Il progetto di mostra si propone di<strong> riunire per la prima volta tutte le opere del Vecchietta<\/strong> originariamente realizzate per lo <strong>Spedale di Santa Maria della Scala<\/strong>, custodite oggi presso diversi istituti cittadini, quali l&#8217;<strong>Opera della Metropolitana, la Pinacoteca nazionale e l&#8217;Archivio di Stato,<\/strong> permettendo cos\u00ec di presentare una panoramica completa della carriera dell&#8217;artista in tutte le sue molteplici espressioni.<\/p>\n<p>Da un lato, attraverso una rigorosa ricostruzione filologica del <strong>rapporto tra le sue opere e gli ambienti storici dello Spedale di Santa Maria della Scala,<\/strong> la mostra costituisce un progetto temporaneo per esaminare le complessit\u00e0 formali e l\u2019innovazione dell\u2019opera dell\u2019artista.<\/p>\n<p>Dall\u2019altro, approfondendo il ruolo del Vecchietta nella<strong> definizione dell\u2019identit\u00e0 visiva dello Spedale,<\/strong> essa si configura anche come un\u2019opportunit\u00e0 per un intervento permanente di <strong>valorizzazione degli spazi storici.<\/strong><\/p>\n<div class=\"titleimg\">\n<figure id=\"post-373390 media-373390\" class=\"align-none\"><img decoding=\"async\" src=\"https:\/\/www.intoscana.it\/wp-content\/uploads\/01_-Affresco_Complesso_museale_Santa_Maria_della_Scala_foto_di_Mauro_Agnesoni-scaled.jpeg\" alt=\"\" \/><\/figure>\n<div class=\"titleimg\">Affresco, foto di Mauro Agnesoni<\/div>\n<\/div>\n<h3>Tutte le mostre al Santa Maria della Scala di Siena<\/h3>\n<p>Tra gli eventi espositivi principali anche una grande mostra dedicata a <strong>Primarosa Cesarini Sforza<\/strong> (15 febbraio &#8211; 8 giugno) <strong><em>&#8220;Giardino di carta. Il filo e il segno: assemblaggi, innesti, libro-diario&#8221;<\/em><\/strong> che dal 1969 svolge una vasta attivit\u00e0 espositiva internazionale.<\/p>\n<p>Da febbraio a dicembre si svolge il progetto espositivo<strong><em> &#8220;Out of the box: in dialogo. dal deposito al museo &#8211; sguardi incrociati al Santa maria della Scala&#8221;<\/em><\/strong>\u00a0che vedr\u00e0 valorizzare il patrimonio del complesso museale, portando alla luce<strong> tesori nascosti attraverso combinazioni inattese.<\/strong><\/p>\n<p>E ancora la mostra dedicata alla collezione di <strong>Francesco Carone<\/strong> dal titolo <strong>&#8220;<em>Le montagne. Il Golgota&#8221;<\/em><\/strong> (11 giugno &#8211; 31 agosto) e la <strong>personale di Gianluca Codeghini<\/strong> (9 luglio &#8211; 28 settembre) in collaborazione con l&#8217;Accademia Musicale Chigiana.<\/p>\n<h3>I festival al Santa Maria della Scala di Siena<\/h3>\n<p>Per quanto riguarda i festival al Santa Maria della Scala <strong>dal 10 al 13 aprile<\/strong> arriva\u00a0<strong><em> &#8220;Parole in cammino&#8221;<\/em><\/strong> il <strong>Festival dell&#8217;italiano e delle lingue d&#8217;Italia<\/strong> in collaborazione con il Comune di Siena.<\/p>\n<p><strong>Dal 3 al 5 ottobre<\/strong> si terr\u00e0 la quinta edizione di <strong>Siena comics for kids, Festival del fumetto per ragazzi, <\/strong>mentre a ottobre 2025 arriver\u00e0 il <strong>Festival di fotografia, Archivi aperti.<\/strong><\/p>\n<p>Infine <strong>dal 13 al 16 novembre<\/strong> la seconda edizione di <em>&#8220;<strong>XENOS. Festival di performance | II edizione Danza, musica, pittura, fotografia, moda, realt\u00e0 virtuale&#8221;<\/strong><\/em><strong>.<\/strong><\/p>\n<p>Dopo il successo della prima edizione, dedicata all<strong>\u2019idea del corpo come memoria vivente<\/strong> &#8211; omaggio ai milioni di uomini e donne che, tra le mura del Santa Maria, hanno curato e sono stati curati &#8211; la seconda edizione compie un ulteriore passo nell\u2019accoglienza della<strong><em> \u201cperformance art\u201d<\/em> <\/strong>come <strong>linguaggio essenziale del contemporaneo<\/strong>.<\/p>\n<p><strong>Quest\u2019anno sar\u00e0 l\u2019azione stessa<\/strong> &#8211; nelle sue infinite declinazioni, dagli happenings alla pi\u00f9 pura ritualit\u00e0 performativa &#8211;<strong> a instaurare un dialogo ancora pi\u00f9 profondo con le architetture e i capolavori monumentali del complesso<\/strong>, svelando nuovi spazi e aprendo la scena a presenze sempre inedite.<\/p>\n<p>Alla guida del progetto sar\u00e0 ancora una volta<strong> Anna Lea Antolini,<\/strong> il cui sguardo curatoriale continuer\u00e0 a trasformare il <strong>Santa Maria della Scala in un laboratorio vivo di sperimentazione<\/strong> e di incontro.<\/p>\n<figure id=\"post-373385 media-373385\" class=\"align-none\"><img decoding=\"async\" src=\"https:\/\/www.intoscana.it\/wp-content\/uploads\/01_Eros_Cripriani-scaled.jpeg\" alt=\"\" \/><\/figure>\n<div class=\"titleimg\">Eros Cripriani<\/div>\n<p>&nbsp;<\/p>\n<figure id=\"post-373384 media-373384\" class=\"align-none\"><\/figure>\n","protected":false},"excerpt":{"rendered":"<p>Un anno di eventi, festival ed esposizioni a Siena dall&#8217;installazione dell&#8217;artista contemporaneo Jacob Hashimoto alla grande mostra che per la prima volta riunir\u00e0 tutte le opere del Vecchietta<\/p>\n","protected":false},"author":518,"featured_media":373384,"comment_status":"open","ping_status":"open","sticky":false,"template":"","format":"standard","meta":{"_acf_changed":false,"footnotes":""},"categories":[493],"tags":[227,222,246,164],"class_list":["post-373357","post","type-post","status-publish","format-standard","has-post-thumbnail","hentry","category-cultura","tag-arte-contemporanea","tag-mostre","tag-santa-maria-della-scala","tag-siena"],"acf":[],"yoast_head":"<!-- This site is optimized with the Yoast SEO Premium plugin v24.2 (Yoast SEO v25.6) - https:\/\/yoast.com\/wordpress\/plugins\/seo\/ -->\n<title>Un anno di mostre e festival tra presente e passato al Santa Maria della Scala di Siena - intoscana<\/title>\n<meta name=\"description\" content=\"Un anno di mostra a Siena dall&#039;installazione dell&#039;artista contemporaneo Jacob Hashimoto alla grande mostra del Vecchietta\" \/>\n<meta name=\"robots\" content=\"index, follow, max-snippet:-1, max-image-preview:large, max-video-preview:-1\" \/>\n<link rel=\"canonical\" href=\"https:\/\/www.intoscana.it\/it\/un-anno-di-mostre-e-festival-tra-presente-e-passato-al-santa-maria-della-scala-di-siena\/\" \/>\n<meta property=\"og:locale\" content=\"it_IT\" \/>\n<meta property=\"og:type\" content=\"article\" \/>\n<meta property=\"og:title\" content=\"Un anno di mostre e festival tra presente e passato al Santa Maria della Scala di Siena\" \/>\n<meta property=\"og:description\" content=\"Un anno di mostra a Siena dall&#039;installazione dell&#039;artista contemporaneo Jacob Hashimoto alla grande mostra del Vecchietta\" \/>\n<meta property=\"og:url\" content=\"https:\/\/www.intoscana.it\/it\/un-anno-di-mostre-e-festival-tra-presente-e-passato-al-santa-maria-della-scala-di-siena\/\" \/>\n<meta property=\"og:site_name\" content=\"intoscana\" \/>\n<meta property=\"article:publisher\" content=\"https:\/\/www.facebook.com\/intoscana.it\" \/>\n<meta property=\"article:published_time\" content=\"2025-02-04T09:29:01+00:00\" \/>\n<meta property=\"article:modified_time\" content=\"2025-02-04T09:36:45+00:00\" \/>\n<meta property=\"og:image\" content=\"https:\/\/www.intoscana.it\/wp-content\/uploads\/03_Affresco_Complesso_museale_Santa_Maria_della_Scala_foto_di_Mauro_Agnesoni-scaled.jpeg\" \/>\n\t<meta property=\"og:image:width\" content=\"2048\" \/>\n\t<meta property=\"og:image:height\" content=\"1365\" \/>\n\t<meta property=\"og:image:type\" content=\"image\/jpeg\" \/>\n<meta name=\"author\" content=\"Costanza Baldini\" \/>\n<meta name=\"twitter:card\" content=\"summary_large_image\" \/>\n<meta name=\"twitter:creator\" content=\"@intoscana\" \/>\n<meta name=\"twitter:site\" content=\"@intoscana\" \/>\n<meta name=\"twitter:label1\" content=\"Written by\" \/>\n\t<meta name=\"twitter:data1\" content=\"Costanza Baldini\" \/>\n\t<meta name=\"twitter:label2\" content=\"Est. reading time\" \/>\n\t<meta name=\"twitter:data2\" content=\"6 minuti\" \/>\n<script type=\"application\/ld+json\" class=\"yoast-schema-graph\">{\"@context\":\"https:\/\/schema.org\",\"@graph\":[{\"@type\":\"WebPage\",\"@id\":\"https:\/\/www.intoscana.it\/it\/un-anno-di-mostre-e-festival-tra-presente-e-passato-al-santa-maria-della-scala-di-siena\/\",\"url\":\"https:\/\/www.intoscana.it\/it\/un-anno-di-mostre-e-festival-tra-presente-e-passato-al-santa-maria-della-scala-di-siena\/\",\"name\":\"Un anno di mostre e festival tra presente e passato al Santa Maria della Scala di Siena - intoscana\",\"isPartOf\":{\"@id\":\"https:\/\/www.intoscana.it\/it\/#website\"},\"primaryImageOfPage\":{\"@id\":\"https:\/\/www.intoscana.it\/it\/un-anno-di-mostre-e-festival-tra-presente-e-passato-al-santa-maria-della-scala-di-siena\/#primaryimage\"},\"image\":{\"@id\":\"https:\/\/www.intoscana.it\/it\/un-anno-di-mostre-e-festival-tra-presente-e-passato-al-santa-maria-della-scala-di-siena\/#primaryimage\"},\"thumbnailUrl\":\"https:\/\/www.intoscana.it\/wp-content\/uploads\/03_Affresco_Complesso_museale_Santa_Maria_della_Scala_foto_di_Mauro_Agnesoni-scaled.jpeg\",\"datePublished\":\"2025-02-04T09:29:01+00:00\",\"dateModified\":\"2025-02-04T09:36:45+00:00\",\"author\":{\"@id\":\"https:\/\/www.intoscana.it\/it\/#\/schema\/person\/d469f35f09739bdf00bf5dd3f0647a82\"},\"description\":\"Un anno di mostra a Siena dall'installazione dell'artista contemporaneo Jacob Hashimoto alla grande mostra del Vecchietta\",\"breadcrumb\":{\"@id\":\"https:\/\/www.intoscana.it\/it\/un-anno-di-mostre-e-festival-tra-presente-e-passato-al-santa-maria-della-scala-di-siena\/#breadcrumb\"},\"inLanguage\":\"it-IT\",\"potentialAction\":[{\"@type\":\"ReadAction\",\"target\":[\"https:\/\/www.intoscana.it\/it\/un-anno-di-mostre-e-festival-tra-presente-e-passato-al-santa-maria-della-scala-di-siena\/\"]}]},{\"@type\":\"ImageObject\",\"inLanguage\":\"it-IT\",\"@id\":\"https:\/\/www.intoscana.it\/it\/un-anno-di-mostre-e-festival-tra-presente-e-passato-al-santa-maria-della-scala-di-siena\/#primaryimage\",\"url\":\"https:\/\/www.intoscana.it\/wp-content\/uploads\/03_Affresco_Complesso_museale_Santa_Maria_della_Scala_foto_di_Mauro_Agnesoni-scaled.jpeg\",\"contentUrl\":\"https:\/\/www.intoscana.it\/wp-content\/uploads\/03_Affresco_Complesso_museale_Santa_Maria_della_Scala_foto_di_Mauro_Agnesoni-scaled.jpeg\",\"width\":2048,\"height\":1365,\"caption\":\"Santa Maria della Scala\"},{\"@type\":\"BreadcrumbList\",\"@id\":\"https:\/\/www.intoscana.it\/it\/un-anno-di-mostre-e-festival-tra-presente-e-passato-al-santa-maria-della-scala-di-siena\/#breadcrumb\",\"itemListElement\":[{\"@type\":\"ListItem\",\"position\":1,\"name\":\"Home\",\"item\":\"https:\/\/www.intoscana.it\/it\/\"},{\"@type\":\"ListItem\",\"position\":2,\"name\":\"Un anno di mostre e festival tra presente e passato al Santa Maria della Scala di Siena\"}]},{\"@type\":\"WebSite\",\"@id\":\"https:\/\/www.intoscana.it\/it\/#website\",\"url\":\"https:\/\/www.intoscana.it\/it\/\",\"name\":\"intoscana\",\"description\":\"\",\"potentialAction\":[{\"@type\":\"SearchAction\",\"target\":{\"@type\":\"EntryPoint\",\"urlTemplate\":\"https:\/\/www.intoscana.it\/it\/?s={search_term_string}\"},\"query-input\":{\"@type\":\"PropertyValueSpecification\",\"valueRequired\":true,\"valueName\":\"search_term_string\"}}],\"inLanguage\":\"it-IT\"},{\"@type\":\"Person\",\"@id\":\"https:\/\/www.intoscana.it\/it\/#\/schema\/person\/d469f35f09739bdf00bf5dd3f0647a82\",\"name\":\"Costanza Baldini\",\"url\":\"https:\/\/www.intoscana.it\/it\/author\/costanza-baldini\/\"}]}<\/script>\n<!-- \/ Yoast SEO Premium plugin. -->","yoast_head_json":{"title":"Un anno di mostre e festival tra presente e passato al Santa Maria della Scala di Siena - intoscana","description":"Un anno di mostra a Siena dall'installazione dell'artista contemporaneo Jacob Hashimoto alla grande mostra del Vecchietta","robots":{"index":"index","follow":"follow","max-snippet":"max-snippet:-1","max-image-preview":"max-image-preview:large","max-video-preview":"max-video-preview:-1"},"canonical":"https:\/\/www.intoscana.it\/it\/un-anno-di-mostre-e-festival-tra-presente-e-passato-al-santa-maria-della-scala-di-siena\/","og_locale":"it_IT","og_type":"article","og_title":"Un anno di mostre e festival tra presente e passato al Santa Maria della Scala di Siena","og_description":"Un anno di mostra a Siena dall'installazione dell'artista contemporaneo Jacob Hashimoto alla grande mostra del Vecchietta","og_url":"https:\/\/www.intoscana.it\/it\/un-anno-di-mostre-e-festival-tra-presente-e-passato-al-santa-maria-della-scala-di-siena\/","og_site_name":"intoscana","article_publisher":"https:\/\/www.facebook.com\/intoscana.it","article_published_time":"2025-02-04T09:29:01+00:00","article_modified_time":"2025-02-04T09:36:45+00:00","og_image":[{"width":2048,"height":1365,"url":"https:\/\/www.intoscana.it\/wp-content\/uploads\/03_Affresco_Complesso_museale_Santa_Maria_della_Scala_foto_di_Mauro_Agnesoni-scaled.jpeg","type":"image\/jpeg"}],"author":"Costanza Baldini","twitter_card":"summary_large_image","twitter_creator":"@intoscana","twitter_site":"@intoscana","twitter_misc":{"Written by":"Costanza Baldini","Est. reading time":"6 minuti"},"schema":{"@context":"https:\/\/schema.org","@graph":[{"@type":"WebPage","@id":"https:\/\/www.intoscana.it\/it\/un-anno-di-mostre-e-festival-tra-presente-e-passato-al-santa-maria-della-scala-di-siena\/","url":"https:\/\/www.intoscana.it\/it\/un-anno-di-mostre-e-festival-tra-presente-e-passato-al-santa-maria-della-scala-di-siena\/","name":"Un anno di mostre e festival tra presente e passato al Santa Maria della Scala di Siena - intoscana","isPartOf":{"@id":"https:\/\/www.intoscana.it\/it\/#website"},"primaryImageOfPage":{"@id":"https:\/\/www.intoscana.it\/it\/un-anno-di-mostre-e-festival-tra-presente-e-passato-al-santa-maria-della-scala-di-siena\/#primaryimage"},"image":{"@id":"https:\/\/www.intoscana.it\/it\/un-anno-di-mostre-e-festival-tra-presente-e-passato-al-santa-maria-della-scala-di-siena\/#primaryimage"},"thumbnailUrl":"https:\/\/www.intoscana.it\/wp-content\/uploads\/03_Affresco_Complesso_museale_Santa_Maria_della_Scala_foto_di_Mauro_Agnesoni-scaled.jpeg","datePublished":"2025-02-04T09:29:01+00:00","dateModified":"2025-02-04T09:36:45+00:00","author":{"@id":"https:\/\/www.intoscana.it\/it\/#\/schema\/person\/d469f35f09739bdf00bf5dd3f0647a82"},"description":"Un anno di mostra a Siena dall'installazione dell'artista contemporaneo Jacob Hashimoto alla grande mostra del Vecchietta","breadcrumb":{"@id":"https:\/\/www.intoscana.it\/it\/un-anno-di-mostre-e-festival-tra-presente-e-passato-al-santa-maria-della-scala-di-siena\/#breadcrumb"},"inLanguage":"it-IT","potentialAction":[{"@type":"ReadAction","target":["https:\/\/www.intoscana.it\/it\/un-anno-di-mostre-e-festival-tra-presente-e-passato-al-santa-maria-della-scala-di-siena\/"]}]},{"@type":"ImageObject","inLanguage":"it-IT","@id":"https:\/\/www.intoscana.it\/it\/un-anno-di-mostre-e-festival-tra-presente-e-passato-al-santa-maria-della-scala-di-siena\/#primaryimage","url":"https:\/\/www.intoscana.it\/wp-content\/uploads\/03_Affresco_Complesso_museale_Santa_Maria_della_Scala_foto_di_Mauro_Agnesoni-scaled.jpeg","contentUrl":"https:\/\/www.intoscana.it\/wp-content\/uploads\/03_Affresco_Complesso_museale_Santa_Maria_della_Scala_foto_di_Mauro_Agnesoni-scaled.jpeg","width":2048,"height":1365,"caption":"Santa Maria della Scala"},{"@type":"BreadcrumbList","@id":"https:\/\/www.intoscana.it\/it\/un-anno-di-mostre-e-festival-tra-presente-e-passato-al-santa-maria-della-scala-di-siena\/#breadcrumb","itemListElement":[{"@type":"ListItem","position":1,"name":"Home","item":"https:\/\/www.intoscana.it\/it\/"},{"@type":"ListItem","position":2,"name":"Un anno di mostre e festival tra presente e passato al Santa Maria della Scala di Siena"}]},{"@type":"WebSite","@id":"https:\/\/www.intoscana.it\/it\/#website","url":"https:\/\/www.intoscana.it\/it\/","name":"intoscana","description":"","potentialAction":[{"@type":"SearchAction","target":{"@type":"EntryPoint","urlTemplate":"https:\/\/www.intoscana.it\/it\/?s={search_term_string}"},"query-input":{"@type":"PropertyValueSpecification","valueRequired":true,"valueName":"search_term_string"}}],"inLanguage":"it-IT"},{"@type":"Person","@id":"https:\/\/www.intoscana.it\/it\/#\/schema\/person\/d469f35f09739bdf00bf5dd3f0647a82","name":"Costanza Baldini","url":"https:\/\/www.intoscana.it\/it\/author\/costanza-baldini\/"}]}},"_links":{"self":[{"href":"https:\/\/www.intoscana.it\/it\/wp-json\/wp\/v2\/posts\/373357","targetHints":{"allow":["GET"]}}],"collection":[{"href":"https:\/\/www.intoscana.it\/it\/wp-json\/wp\/v2\/posts"}],"about":[{"href":"https:\/\/www.intoscana.it\/it\/wp-json\/wp\/v2\/types\/post"}],"author":[{"embeddable":true,"href":"https:\/\/www.intoscana.it\/it\/wp-json\/wp\/v2\/users\/518"}],"replies":[{"embeddable":true,"href":"https:\/\/www.intoscana.it\/it\/wp-json\/wp\/v2\/comments?post=373357"}],"version-history":[{"count":5,"href":"https:\/\/www.intoscana.it\/it\/wp-json\/wp\/v2\/posts\/373357\/revisions"}],"predecessor-version":[{"id":373394,"href":"https:\/\/www.intoscana.it\/it\/wp-json\/wp\/v2\/posts\/373357\/revisions\/373394"}],"wp:featuredmedia":[{"embeddable":true,"href":"https:\/\/www.intoscana.it\/it\/wp-json\/wp\/v2\/media\/373384"}],"wp:attachment":[{"href":"https:\/\/www.intoscana.it\/it\/wp-json\/wp\/v2\/media?parent=373357"}],"wp:term":[{"taxonomy":"category","embeddable":true,"href":"https:\/\/www.intoscana.it\/it\/wp-json\/wp\/v2\/categories?post=373357"},{"taxonomy":"post_tag","embeddable":true,"href":"https:\/\/www.intoscana.it\/it\/wp-json\/wp\/v2\/tags?post=373357"}],"curies":[{"name":"wp","href":"https:\/\/api.w.org\/{rel}","templated":true}]}}