{"id":373489,"date":"2025-02-04T15:20:33","date_gmt":"2025-02-04T14:20:33","guid":{"rendered":"https:\/\/www.intoscana.it\/it\/?p=373489"},"modified":"2025-02-05T18:04:00","modified_gmt":"2025-02-05T17:04:00","slug":"lotta-agli-stereotipi-di-genere-10mila-studenti-della-provincia-di-grosseto-nel-progetto-artemisia","status":"publish","type":"post","link":"https:\/\/www.intoscana.it\/it\/lotta-agli-stereotipi-di-genere-10mila-studenti-della-provincia-di-grosseto-nel-progetto-artemisia\/","title":{"rendered":"Lotta agli stereotipi di genere: 10mila studenti della provincia di Grosseto nel progetto Artemisia"},"content":{"rendered":"<p>Dai laboratori di gioco per la scuola dell\u2019infanzia sui ruoli maschio-femmina, all\u2019utilizzo delle arti visive per riflettere sull\u2019immagine della donna nella comunicazione. E ancora: dalla prevenzione del Revenge porn, agli incontri sulla grammatica al femminile e l\u2019hate speech, fino ai laboratori sulla storia dell\u2019emancipazione della donna nella societ\u00e0, nel lavoro, nei diritti, nella politica e nelle istituzioni. Sono le lezioni di <mark>\u201cArtemisia: la tela della parit\u00e0\u201d, il progetto che la Provincia di Grosseto nei prossimi tre anni porter\u00e0 all\u2019interno delle scuole di ogni ordine e grado del territorio per promuovere la parit\u00e0 di genere e la lotta agli stereotipi, coinvolgendo fino a 10mila studentesse e studenti.<\/mark><\/p>\n<p>Il progetto \u201cArtemisia\u201d \u00e8 finanziato dalla <strong>Regione Toscana<\/strong> attraverso i fondi della programmazione regionale FSE+2021-2027 ed \u00e8 attuato in coerenza alla legge sulla cittadinanza di genere (l.r. 16\/2009). <mark>Grazie alla partecipazione al bando regionale lanciato nella scorsa primavera, la Provincia di Grosseto ha ottenuto un contributo di circa 443mila euro.<\/mark><\/p>\n<p>Le azioni attraverso cui si sviluppa sono state presentate questa mattina, a Palazzo Aldobrandeschi, sede della Provincia di Grosseto, dall\u2019assessora regionale alle Pari opportunit\u00e0 <strong>Alessandra Nardini<\/strong> e dal presidente <strong>Francesco Limatola<\/strong>. \u00a0Partito operativamente lo scorso 16 dicembre, con il primo laboratorio di drammatizzazione \u201cBarbabl\u00f9\u201d presso il teatro di Castel del Piano per la scuola secondaria di primo grado, \u201cArtemisia\u201d <mark>proseguir\u00e0 nei prossimi 3 anni con un calendario serrato di appuntamenti, rivolti alle scuole di tutti i 28 Comuni del territorio provinciale, coinvolgendo le quattro conferenze zonali per l\u2019educazione e l\u2019istruzione.<\/mark><\/p>\n<h3><em>I percorsi<\/em><\/h3>\n<p>Sono stati pensati percorsi differenziati per la scuola dell\u2019infanzia, primaria, secondaria di primo e secondo grado e con ulteriori differenziazioni relativamente alle classi frequentate. I laboratori sono progettati e realizzati con il fondamentale intervento di diverse associazioni del territorio: <mark>Olympia De Gouges; Anima Scenica Teatro; Mandalavita aps; Kansass\u00ecti aps; Raccontincontri; Isgrec e la partecipazione della Consigliera di Parit\u00e0 provinciale.<\/mark><\/p>\n<p>\u201cIl rifinanziamento della legge regionale 16\/2009 &#8216;Cittadinanza di genere&#8217; \u2013 dichiara l\u2019assessora regionale\u00a0<strong>Alessandra Nardini\u00a0<\/strong>&#8211; era una impegno che ci eravamo presi in questa legislatura perch\u00e9 crediamo fermamente che combattere e prevenire discriminazioni e disuguaglianze di genere, fino al drammatico fenomeno della violenza contro le donne, in tutte le forme in cui essa si manifesta, sia un preciso dovere delle istituzioni\u201d. \u201cEcco perch\u00e9 \u2013 spiega l\u2019assessora &#8211; <mark>siamo partiti nel 2022 con un primo bando, che allora definimmo sperimentale, che andava a rifinanziare la nostra legge regionale con complessivi 800mila euro a livello regionale, ed oggi non solo confermiamo il rifinanziamento ma lo incrementiamo notevolmente e diamo continuit\u00e0 a questi interventi, attraverso un bando triennale finanziato con 5,7 milioni a livello regionale\u201d.<\/mark><\/p>\n<p>\u201cArtemisia &#8211; -commenta il presidente della Provincia, <strong>Francesco Limatola<\/strong> &#8211;\u00a0 \u00e8 importante per la capillarit\u00e0 che riesce a raggiungere arrivando ad un numero davvero elevato di giovani coinvolti nelle diverse fasce di et\u00e0. Ed \u00e8 <mark>la prima volta che entreremo con i laboratori anche nelle scuole dell\u2019infanzia lavorando con le bambine e i bambini dai 3 ai 6 anni di et\u00e0. Ringrazio la Regione Toscana per l\u2019attenzione riservata ad un tema cos\u00ec importante\u201d.<\/mark><\/p>\n","protected":false},"excerpt":{"rendered":"<p>Finanziato dalla Regione Toscana, sono previsti laboratori e lezioni nei prossimi tre anni nelle scuole di ogni ordine e grado<\/p>\n","protected":false},"author":525,"featured_media":373516,"comment_status":"open","ping_status":"open","sticky":false,"template":"","format":"standard","meta":{"_acf_changed":false,"footnotes":""},"categories":[494],"tags":[6226,361,4583,6040],"class_list":["post-373489","post","type-post","status-publish","format-standard","has-post-thumbnail","hentry","category-attualita","tag-alessandra-nardini","tag-formazione","tag-grosseto","tag-stereotipi-di-genere"],"acf":[],"yoast_head":"<!-- This site is optimized with the Yoast SEO Premium plugin v24.2 (Yoast SEO v25.6) - https:\/\/yoast.com\/wordpress\/plugins\/seo\/ -->\n<title>Lotta agli stereotipi di genere: 10mila studenti della provincia di Grosseto nel progetto Artemisia - intoscana<\/title>\n<meta name=\"description\" content=\"Finanziato dalla Regione Toscana, sono previsti laboratori e lezioni nei prossimi tre anni nelle scuole di ogni ordine e grado\" \/>\n<meta name=\"robots\" content=\"index, follow, max-snippet:-1, max-image-preview:large, max-video-preview:-1\" \/>\n<link rel=\"canonical\" href=\"https:\/\/www.intoscana.it\/it\/lotta-agli-stereotipi-di-genere-10mila-studenti-della-provincia-di-grosseto-nel-progetto-artemisia\/\" \/>\n<meta property=\"og:locale\" content=\"it_IT\" \/>\n<meta property=\"og:type\" content=\"article\" \/>\n<meta property=\"og:title\" content=\"Lotta agli stereotipi di genere: 10mila studenti della provincia di Grosseto nel progetto Artemisia\" \/>\n<meta property=\"og:description\" content=\"Finanziato dalla Regione Toscana, sono previsti laboratori e lezioni nei prossimi tre anni nelle scuole di ogni ordine e grado\" \/>\n<meta property=\"og:url\" content=\"https:\/\/www.intoscana.it\/it\/lotta-agli-stereotipi-di-genere-10mila-studenti-della-provincia-di-grosseto-nel-progetto-artemisia\/\" \/>\n<meta property=\"og:site_name\" content=\"intoscana\" \/>\n<meta property=\"article:publisher\" content=\"https:\/\/www.facebook.com\/intoscana.it\" \/>\n<meta property=\"article:published_time\" content=\"2025-02-04T14:20:33+00:00\" \/>\n<meta property=\"article:modified_time\" content=\"2025-02-05T17:04:00+00:00\" \/>\n<meta property=\"og:image\" content=\"https:\/\/www.intoscana.it\/wp-content\/uploads\/Nardini-legge-16-Grosseto-febbraio-2025.jpg\" \/>\n\t<meta property=\"og:image:width\" content=\"1200\" \/>\n\t<meta property=\"og:image:height\" content=\"805\" \/>\n\t<meta property=\"og:image:type\" content=\"image\/jpeg\" \/>\n<meta name=\"author\" content=\"Redazione\" \/>\n<meta name=\"twitter:card\" content=\"summary_large_image\" \/>\n<meta name=\"twitter:creator\" content=\"@intoscana\" \/>\n<meta name=\"twitter:site\" content=\"@intoscana\" \/>\n<meta name=\"twitter:label1\" content=\"Written by\" \/>\n\t<meta name=\"twitter:data1\" content=\"Redazione\" \/>\n\t<meta name=\"twitter:label2\" content=\"Est. reading time\" \/>\n\t<meta name=\"twitter:data2\" content=\"3 minuti\" \/>\n<script type=\"application\/ld+json\" class=\"yoast-schema-graph\">{\"@context\":\"https:\/\/schema.org\",\"@graph\":[{\"@type\":\"WebPage\",\"@id\":\"https:\/\/www.intoscana.it\/it\/lotta-agli-stereotipi-di-genere-10mila-studenti-della-provincia-di-grosseto-nel-progetto-artemisia\/\",\"url\":\"https:\/\/www.intoscana.it\/it\/lotta-agli-stereotipi-di-genere-10mila-studenti-della-provincia-di-grosseto-nel-progetto-artemisia\/\",\"name\":\"Lotta agli stereotipi di genere: 10mila studenti della provincia di Grosseto nel progetto Artemisia - intoscana\",\"isPartOf\":{\"@id\":\"https:\/\/www.intoscana.it\/it\/#website\"},\"primaryImageOfPage\":{\"@id\":\"https:\/\/www.intoscana.it\/it\/lotta-agli-stereotipi-di-genere-10mila-studenti-della-provincia-di-grosseto-nel-progetto-artemisia\/#primaryimage\"},\"image\":{\"@id\":\"https:\/\/www.intoscana.it\/it\/lotta-agli-stereotipi-di-genere-10mila-studenti-della-provincia-di-grosseto-nel-progetto-artemisia\/#primaryimage\"},\"thumbnailUrl\":\"https:\/\/www.intoscana.it\/wp-content\/uploads\/Nardini-legge-16-Grosseto-febbraio-2025.jpg\",\"datePublished\":\"2025-02-04T14:20:33+00:00\",\"dateModified\":\"2025-02-05T17:04:00+00:00\",\"author\":{\"@id\":\"https:\/\/www.intoscana.it\/it\/#\/schema\/person\/9223810753230f20bd670fdd322661f8\"},\"description\":\"Finanziato dalla Regione Toscana, sono previsti laboratori e lezioni nei prossimi tre anni nelle scuole di ogni ordine e grado\",\"breadcrumb\":{\"@id\":\"https:\/\/www.intoscana.it\/it\/lotta-agli-stereotipi-di-genere-10mila-studenti-della-provincia-di-grosseto-nel-progetto-artemisia\/#breadcrumb\"},\"inLanguage\":\"it-IT\",\"potentialAction\":[{\"@type\":\"ReadAction\",\"target\":[\"https:\/\/www.intoscana.it\/it\/lotta-agli-stereotipi-di-genere-10mila-studenti-della-provincia-di-grosseto-nel-progetto-artemisia\/\"]}]},{\"@type\":\"ImageObject\",\"inLanguage\":\"it-IT\",\"@id\":\"https:\/\/www.intoscana.it\/it\/lotta-agli-stereotipi-di-genere-10mila-studenti-della-provincia-di-grosseto-nel-progetto-artemisia\/#primaryimage\",\"url\":\"https:\/\/www.intoscana.it\/wp-content\/uploads\/Nardini-legge-16-Grosseto-febbraio-2025.jpg\",\"contentUrl\":\"https:\/\/www.intoscana.it\/wp-content\/uploads\/Nardini-legge-16-Grosseto-febbraio-2025.jpg\",\"width\":1200,\"height\":805},{\"@type\":\"BreadcrumbList\",\"@id\":\"https:\/\/www.intoscana.it\/it\/lotta-agli-stereotipi-di-genere-10mila-studenti-della-provincia-di-grosseto-nel-progetto-artemisia\/#breadcrumb\",\"itemListElement\":[{\"@type\":\"ListItem\",\"position\":1,\"name\":\"Home\",\"item\":\"https:\/\/www.intoscana.it\/it\/\"},{\"@type\":\"ListItem\",\"position\":2,\"name\":\"Lotta agli stereotipi di genere: 10mila studenti della provincia di Grosseto nel progetto Artemisia\"}]},{\"@type\":\"WebSite\",\"@id\":\"https:\/\/www.intoscana.it\/it\/#website\",\"url\":\"https:\/\/www.intoscana.it\/it\/\",\"name\":\"intoscana\",\"description\":\"\",\"potentialAction\":[{\"@type\":\"SearchAction\",\"target\":{\"@type\":\"EntryPoint\",\"urlTemplate\":\"https:\/\/www.intoscana.it\/it\/?s={search_term_string}\"},\"query-input\":{\"@type\":\"PropertyValueSpecification\",\"valueRequired\":true,\"valueName\":\"search_term_string\"}}],\"inLanguage\":\"it-IT\"},{\"@type\":\"Person\",\"@id\":\"https:\/\/www.intoscana.it\/it\/#\/schema\/person\/9223810753230f20bd670fdd322661f8\",\"name\":\"Redazione\",\"url\":\"https:\/\/www.intoscana.it\/it\/author\/redazione\/\"}]}<\/script>\n<!-- \/ Yoast SEO Premium plugin. -->","yoast_head_json":{"title":"Lotta agli stereotipi di genere: 10mila studenti della provincia di Grosseto nel progetto Artemisia - intoscana","description":"Finanziato dalla Regione Toscana, sono previsti laboratori e lezioni nei prossimi tre anni nelle scuole di ogni ordine e grado","robots":{"index":"index","follow":"follow","max-snippet":"max-snippet:-1","max-image-preview":"max-image-preview:large","max-video-preview":"max-video-preview:-1"},"canonical":"https:\/\/www.intoscana.it\/it\/lotta-agli-stereotipi-di-genere-10mila-studenti-della-provincia-di-grosseto-nel-progetto-artemisia\/","og_locale":"it_IT","og_type":"article","og_title":"Lotta agli stereotipi di genere: 10mila studenti della provincia di Grosseto nel progetto Artemisia","og_description":"Finanziato dalla Regione Toscana, sono previsti laboratori e lezioni nei prossimi tre anni nelle scuole di ogni ordine e grado","og_url":"https:\/\/www.intoscana.it\/it\/lotta-agli-stereotipi-di-genere-10mila-studenti-della-provincia-di-grosseto-nel-progetto-artemisia\/","og_site_name":"intoscana","article_publisher":"https:\/\/www.facebook.com\/intoscana.it","article_published_time":"2025-02-04T14:20:33+00:00","article_modified_time":"2025-02-05T17:04:00+00:00","og_image":[{"width":1200,"height":805,"url":"https:\/\/www.intoscana.it\/wp-content\/uploads\/Nardini-legge-16-Grosseto-febbraio-2025.jpg","type":"image\/jpeg"}],"author":"Redazione","twitter_card":"summary_large_image","twitter_creator":"@intoscana","twitter_site":"@intoscana","twitter_misc":{"Written by":"Redazione","Est. reading time":"3 minuti"},"schema":{"@context":"https:\/\/schema.org","@graph":[{"@type":"WebPage","@id":"https:\/\/www.intoscana.it\/it\/lotta-agli-stereotipi-di-genere-10mila-studenti-della-provincia-di-grosseto-nel-progetto-artemisia\/","url":"https:\/\/www.intoscana.it\/it\/lotta-agli-stereotipi-di-genere-10mila-studenti-della-provincia-di-grosseto-nel-progetto-artemisia\/","name":"Lotta agli stereotipi di genere: 10mila studenti della provincia di Grosseto nel progetto Artemisia - intoscana","isPartOf":{"@id":"https:\/\/www.intoscana.it\/it\/#website"},"primaryImageOfPage":{"@id":"https:\/\/www.intoscana.it\/it\/lotta-agli-stereotipi-di-genere-10mila-studenti-della-provincia-di-grosseto-nel-progetto-artemisia\/#primaryimage"},"image":{"@id":"https:\/\/www.intoscana.it\/it\/lotta-agli-stereotipi-di-genere-10mila-studenti-della-provincia-di-grosseto-nel-progetto-artemisia\/#primaryimage"},"thumbnailUrl":"https:\/\/www.intoscana.it\/wp-content\/uploads\/Nardini-legge-16-Grosseto-febbraio-2025.jpg","datePublished":"2025-02-04T14:20:33+00:00","dateModified":"2025-02-05T17:04:00+00:00","author":{"@id":"https:\/\/www.intoscana.it\/it\/#\/schema\/person\/9223810753230f20bd670fdd322661f8"},"description":"Finanziato dalla Regione Toscana, sono previsti laboratori e lezioni nei prossimi tre anni nelle scuole di ogni ordine e grado","breadcrumb":{"@id":"https:\/\/www.intoscana.it\/it\/lotta-agli-stereotipi-di-genere-10mila-studenti-della-provincia-di-grosseto-nel-progetto-artemisia\/#breadcrumb"},"inLanguage":"it-IT","potentialAction":[{"@type":"ReadAction","target":["https:\/\/www.intoscana.it\/it\/lotta-agli-stereotipi-di-genere-10mila-studenti-della-provincia-di-grosseto-nel-progetto-artemisia\/"]}]},{"@type":"ImageObject","inLanguage":"it-IT","@id":"https:\/\/www.intoscana.it\/it\/lotta-agli-stereotipi-di-genere-10mila-studenti-della-provincia-di-grosseto-nel-progetto-artemisia\/#primaryimage","url":"https:\/\/www.intoscana.it\/wp-content\/uploads\/Nardini-legge-16-Grosseto-febbraio-2025.jpg","contentUrl":"https:\/\/www.intoscana.it\/wp-content\/uploads\/Nardini-legge-16-Grosseto-febbraio-2025.jpg","width":1200,"height":805},{"@type":"BreadcrumbList","@id":"https:\/\/www.intoscana.it\/it\/lotta-agli-stereotipi-di-genere-10mila-studenti-della-provincia-di-grosseto-nel-progetto-artemisia\/#breadcrumb","itemListElement":[{"@type":"ListItem","position":1,"name":"Home","item":"https:\/\/www.intoscana.it\/it\/"},{"@type":"ListItem","position":2,"name":"Lotta agli stereotipi di genere: 10mila studenti della provincia di Grosseto nel progetto Artemisia"}]},{"@type":"WebSite","@id":"https:\/\/www.intoscana.it\/it\/#website","url":"https:\/\/www.intoscana.it\/it\/","name":"intoscana","description":"","potentialAction":[{"@type":"SearchAction","target":{"@type":"EntryPoint","urlTemplate":"https:\/\/www.intoscana.it\/it\/?s={search_term_string}"},"query-input":{"@type":"PropertyValueSpecification","valueRequired":true,"valueName":"search_term_string"}}],"inLanguage":"it-IT"},{"@type":"Person","@id":"https:\/\/www.intoscana.it\/it\/#\/schema\/person\/9223810753230f20bd670fdd322661f8","name":"Redazione","url":"https:\/\/www.intoscana.it\/it\/author\/redazione\/"}]}},"_links":{"self":[{"href":"https:\/\/www.intoscana.it\/it\/wp-json\/wp\/v2\/posts\/373489","targetHints":{"allow":["GET"]}}],"collection":[{"href":"https:\/\/www.intoscana.it\/it\/wp-json\/wp\/v2\/posts"}],"about":[{"href":"https:\/\/www.intoscana.it\/it\/wp-json\/wp\/v2\/types\/post"}],"author":[{"embeddable":true,"href":"https:\/\/www.intoscana.it\/it\/wp-json\/wp\/v2\/users\/525"}],"replies":[{"embeddable":true,"href":"https:\/\/www.intoscana.it\/it\/wp-json\/wp\/v2\/comments?post=373489"}],"version-history":[{"count":5,"href":"https:\/\/www.intoscana.it\/it\/wp-json\/wp\/v2\/posts\/373489\/revisions"}],"predecessor-version":[{"id":373820,"href":"https:\/\/www.intoscana.it\/it\/wp-json\/wp\/v2\/posts\/373489\/revisions\/373820"}],"wp:featuredmedia":[{"embeddable":true,"href":"https:\/\/www.intoscana.it\/it\/wp-json\/wp\/v2\/media\/373516"}],"wp:attachment":[{"href":"https:\/\/www.intoscana.it\/it\/wp-json\/wp\/v2\/media?parent=373489"}],"wp:term":[{"taxonomy":"category","embeddable":true,"href":"https:\/\/www.intoscana.it\/it\/wp-json\/wp\/v2\/categories?post=373489"},{"taxonomy":"post_tag","embeddable":true,"href":"https:\/\/www.intoscana.it\/it\/wp-json\/wp\/v2\/tags?post=373489"}],"curies":[{"name":"wp","href":"https:\/\/api.w.org\/{rel}","templated":true}]}}