{"id":373996,"date":"2025-04-22T12:46:52","date_gmt":"2025-04-22T10:46:52","guid":{"rendered":"https:\/\/www.intoscana.it\/it\/?p=373996"},"modified":"2025-04-22T15:58:59","modified_gmt":"2025-04-22T13:58:59","slug":"mida-89-la-mostra-internazionale-dellartigianato-sempre-piu-internazionale-500-espositori-da-tutto-il-mondo","status":"publish","type":"post","link":"https:\/\/www.intoscana.it\/it\/mida-89-la-mostra-internazionale-dellartigianato-sempre-piu-internazionale-500-espositori-da-tutto-il-mondo\/","title":{"rendered":"MIDA 89 la Mostra Internazionale dell&#8217;Artigianato sempre pi\u00f9 internazionale: oltre 500 espositori da tutto il mondo"},"content":{"rendered":"<p><strong>Firenze<\/strong> si prepara ad accogliere una nuova edizione del <strong>MIDA 89 la Mostra Internazionale dell\u2019Artigianato<\/strong>, l\u2019evento che ogni anno trasforma la citt\u00e0 in una<strong> vetrina globale delle arti e dei mestieri. <\/strong><\/p>\n<p><strong>Dal 25 aprile al primo maggio<\/strong> la <strong>Fortezza da Basso<\/strong> ospiter\u00e0 <strong>artigiani, designer e creativi provenienti da tutto il mondo,<\/strong> offrendo al pubblico un<strong> viaggio tra tradizione e innovazione.<\/strong><\/p>\n<p><strong>Dalle antiche tecniche manifatturiere alle sperimentazioni pi\u00f9 audaci<\/strong>, la manifestazione si conferma un <strong>punto di riferimento per chi ama l\u2019unicit\u00e0 del fatto a mano<\/strong> e il valore del saper fare. Un appuntamento imperdibile per scoprire<strong> l\u2019anima pi\u00f9 autentica dell\u2019artigianato<\/strong> e lasciarsi ispirare dalla <strong>bellezza della creativit\u00e0 senza confini.<\/strong><\/p>\n<p><em>\u201cLa Mostra Internazionale dell\u2019Artigianato \u00e8 un appuntamento per tutti i cittadini, un pezzo importante della nostra identit\u00e0 che ormai fa parte del nostro dna. La rassegna si \u00e8 fortemente valorizzata e rinnovata in questi anni, al punto che \u00e8 proprio sulla Mostra e sull\u2019artigianato che in qualche modo Firenze Fiera gioca molto della sua capacit\u00e0 di rendere la Fortezza da Basso un centro espositivo di livello internazionale, come dimostrano gli stand internazionali presenti e come conferma il richiamo di qualit\u00e0 dell\u2019enogastronomia alla Mostra\u201d <\/em><strong>ha affermato il presidente della Regione Toscana Eugenio Giani.<\/strong><\/p>\n<p>Il presidente, ricordando le origini della mostra, <strong>nata nel 1932 come fiera primaverile che si svolgeva al Parterre,<\/strong> ha sottolineato il respiro internazionale dell\u2019appuntamento in Fortezza, dove nel frattempo continuano i lavori per il nuovo padiglione Bellavista: <em>\u201cQuando sar\u00e0 pronto avremo non solo spazi per le fiere ma anche per grandi congressi, perch\u00e9 l&#8217;attivit\u00e0 congressistica potr\u00e0 contare sulla raddoppiata capacit\u00e0 nel padiglione Bellavista. La Fortezza, fra fiere e congressi, potr\u00e0 sviluppare la sua attivit\u00e0 365 giorni l&#8217;anno: i percorsi sui camminamenti sopra le mura ne faranno non solo un centro fieristico e congressuale ma anche un luogo di Firenze con le bellezze che la citt\u00e0 pu\u00f2 offrire\u201d.\u00a0<\/em><\/p>\n<p><strong>Giani ha rivolto i complimenti al presidente di Firenze Fiera, Lorenzo Beccatini<\/strong> e al Cda dell\u2019ente:<em> \u201cCome socio maggioritario di Firenze Fiera sono davvero contento, perch\u00e9 superati i tre anni della pandemia i numeri ci portano a pi\u00f9 di due milioni di utile; c&#8217;\u00e8 da abbattere il dedito di quei tre anni, ma per il resto l&#8217;andamento corrente della societ\u00e0 \u00e8 molto buono. Siamo ormai a 24 e pi\u00f9 milioni di fatturato annuo, il che significa che questa \u00e8 una societ\u00e0 autenticamente sana. Come Regione Toscana, a fronte di un piano industriale ben definito che sta maturando, manifestiamo la volont\u00e0 quest&#8217;anno di aumentare il capitale sociale\u201d. <\/em><\/p>\n<p><strong>Saranno presenti oltre 500 espositori<\/strong> su una superficie di 35mila metri quadrati, per <strong>un\u2019edizione con una forte \u2018vocazione\u2019 internazionale<\/strong>, grazie anche ai rapporti stretti avviati con le principali <strong>Camere di Commercio Italiane all\u2019estero<\/strong> per la partecipazione di espositori provenienti da molti paesi tra i quali: <strong>Francia, Spagna, Egitto, Marocco, Cina, India, Pakistan, Vietnam, Singapore.<\/strong><\/p>\n<p><em>\u201cNel corso di questi 89 anni che ha visto lo sviluppo di una cultura industriale e il passaggio all\u2019era digitale, gli artigiani hanno avuto un ruolo fondamentale nel traghettare valori identitari nella complessa evoluzione sociale, dimostrando una capacit\u00e0 ad adattarsi e rinnovarsi facendo leva su: creativit\u00e0, passione e relazioni\u201d,<\/em><strong> &#8211; ha dichiarato Lorenzo Becattini, presidente di Firenze Fiera &#8211; <\/strong><em>\u00c8 da qui che dobbiamo ripartire se vogliamo costruire il futuro. \u00c8 questa la nostra responsabilit\u00e0 come organizzatori di una Fiera dedicata internazionale: costruire un progetto collettivo, insieme a istituzioni e associazioni, perch\u00e9 ancora una volta i lavori artigiani rappresentano una prospettiva nell\u2019attuale stato di incertezza in cui ci troviamo\u201d.<\/em><\/p>\n<figure id=\"post-374000 media-374000\" class=\"align-none\"><img decoding=\"async\" src=\"https:\/\/www.intoscana.it\/wp-content\/uploads\/1_MIDA-Iran.jpg\" alt=\"\" \/><\/figure>\n<div class=\"titleimg\">MIDA Iran<\/div>\n<h3>Tutte le novit\u00e0 della Mostra Internazionale dell&#8217;Artigianato 89<\/h3>\n<p>Tra le iniziative in calendario,ricco di proposte tra <strong>convegni, workshop, laboratori e officine esperienziali<\/strong>, un\u2019anticipazione su alcuni appuntamenti.<\/p>\n<p><em><strong>\u201cCON\u2022TE\u2022NE\u2022RE dall\u2019oggetto al corpo. Varianti di scala nell&#8217;Artigianato e nel Design\u201d<\/strong> <\/em>\u00e8 il titolo della mostra promossa da <strong>Fondazione CR Firenze e realizzata da OMA, Associazione Osservatorio dei Mestieri d\u2019Arte<\/strong> in collaborazione con ADI (Associazione per il Disegno Industriale, Delegazione Toscana) e il patrocinio della Regione Toscana e del Comune di Firenze.<\/p>\n<p>Nella <strong>Sala della Volta nei quartieri Monumentali,<\/strong> l\u2019esposizione esplorer\u00e0 il <strong>tema del contenimento come funzione e significato simbolico<\/strong>, attraverso l&#8217;evoluzione degli oggetti di artigianato e design che racchiudono, accolgono e custodiscono.<\/p>\n<p>Il percorso espositivo partir\u00e0 dagli <strong>utensili pi\u00f9 antichi, come i vasi e le anfore<\/strong>, per arrivare agli <strong>oggetti contemporanei<\/strong> che, pur rispondendo agli stessi principi, acquisiscono nuove scale, materiali e funzioni: <strong>secr\u00e9taire, cassettiere, poltrone, vasche da bagno, librerie.<\/strong><\/p>\n<p>Sulla scia del successo delle ultime edizioni, in collaborazione con la <strong>Scuola le Arti Orafe<\/strong>, <strong>MIDA 2025 allestir\u00e0 nel suggestivo spazio della Polveriera<\/strong> <strong>un\u2019area dedicata alla didattica<\/strong> con la presentazione dei lavori realizzati da studenti e docenti; accompagnata, inoltre, da <strong>un calendario di dimostrazioni sulle lavorazioni<\/strong> di incassatura, incisione, smalto, modellazione cere, CAD e disegno del <strong>gioiello,<\/strong> eseguite dal vivo dagli allievi e maestri orafi.<\/p>\n<p>A completamento, la mostra dei vincitori del <strong>Concorso internazionale Preziosa Young 2024,<\/strong> nato come costola di <strong>PREZIOSA | Florence Jewellery Week<\/strong> allo scopo di sostenere le <strong>nuove generazioni di artigiani, designer e artisti<\/strong> che esplorano e sperimentano, intercettando e anticipando le istanze attuali e future del<strong> gioiello.<\/strong><\/p>\n<p>Saranno in mostra le proposte dei tre vincitori: la statunitense<strong> Margo Csip\u0151, l\u2019israeliana Yasmin Zehavi e la sudcoreana YeJin Choi<\/strong>.<\/p>\n<figure id=\"post-373998 media-373998\" class=\"align-none\"><img decoding=\"async\" src=\"https:\/\/www.intoscana.it\/wp-content\/uploads\/1_MIDA-Il-Gusto.jpg\" alt=\"\" \/><\/figure>\n<div class=\"titleimg\">MIDA Il Gusto<\/div>\n","protected":false},"excerpt":{"rendered":"<p>Dal 25 aprile al 1\u00b0 maggio la Fortezza da Basso ospiter\u00e0 artigiani, designer e creativi, offrendo al pubblico una vetrina globale delle arti e dei mestieri<\/p>\n","protected":false},"author":518,"featured_media":96188,"comment_status":"open","ping_status":"open","sticky":false,"template":"","format":"standard","meta":{"_acf_changed":false,"footnotes":""},"categories":[9],"tags":[278,4474,202,5894],"class_list":["post-373996","post","type-post","status-publish","format-standard","has-post-thumbnail","hentry","category-made-in-toscana","tag-artigianato","tag-eventi","tag-firenze","tag-mostra-internazionale-dellartigianato"],"acf":[],"yoast_head":"<!-- This site is optimized with the Yoast SEO Premium plugin v24.2 (Yoast SEO v25.6) - https:\/\/yoast.com\/wordpress\/plugins\/seo\/ -->\n<title>MIDA 89 la Mostra Internazionale dell&#039;Artigianato sempre pi\u00f9 internazionale: oltre 500 espositori da tutto il mondo - intoscana<\/title>\n<meta name=\"description\" content=\"Dal 25 aprile al 1\u00b0 maggio la Fortezza da Basso ospiter\u00e0 artigiani, designer e creativi provenienti da tutto il mondo, una vetrina globale\" \/>\n<meta name=\"robots\" content=\"index, follow, max-snippet:-1, max-image-preview:large, max-video-preview:-1\" \/>\n<link rel=\"canonical\" href=\"https:\/\/www.intoscana.it\/it\/mida-89-la-mostra-internazionale-dellartigianato-sempre-piu-internazionale-500-espositori-da-tutto-il-mondo\/\" \/>\n<meta property=\"og:locale\" content=\"it_IT\" \/>\n<meta property=\"og:type\" content=\"article\" \/>\n<meta property=\"og:title\" content=\"MIDA 89 la Mostra Internazionale dell&#039;Artigianato sempre pi\u00f9 internazionale: oltre 500 espositori da tutto il mondo\" \/>\n<meta property=\"og:description\" content=\"Dal 25 aprile al 1\u00b0 maggio la Fortezza da Basso ospiter\u00e0 artigiani, designer e creativi provenienti da tutto il mondo, una vetrina globale\" \/>\n<meta property=\"og:url\" content=\"https:\/\/www.intoscana.it\/it\/mida-89-la-mostra-internazionale-dellartigianato-sempre-piu-internazionale-500-espositori-da-tutto-il-mondo\/\" \/>\n<meta property=\"og:site_name\" content=\"intoscana\" \/>\n<meta property=\"article:publisher\" content=\"https:\/\/www.facebook.com\/intoscana.it\" \/>\n<meta property=\"article:published_time\" content=\"2025-04-22T10:46:52+00:00\" \/>\n<meta property=\"article:modified_time\" content=\"2025-04-22T13:58:59+00:00\" \/>\n<meta property=\"og:image\" content=\"https:\/\/www.intoscana.it\/wp-content\/uploads\/artigiano_scarpe.jpg\" \/>\n\t<meta property=\"og:image:width\" content=\"2000\" \/>\n\t<meta property=\"og:image:height\" content=\"1335\" \/>\n\t<meta property=\"og:image:type\" content=\"image\/jpeg\" \/>\n<meta name=\"author\" content=\"Costanza Baldini\" \/>\n<meta name=\"twitter:card\" content=\"summary_large_image\" \/>\n<meta name=\"twitter:creator\" content=\"@intoscana\" \/>\n<meta name=\"twitter:site\" content=\"@intoscana\" \/>\n<meta name=\"twitter:label1\" content=\"Written by\" \/>\n\t<meta name=\"twitter:data1\" content=\"Costanza Baldini\" \/>\n\t<meta name=\"twitter:label2\" content=\"Est. reading time\" \/>\n\t<meta name=\"twitter:data2\" content=\"6 minuti\" \/>\n<script type=\"application\/ld+json\" class=\"yoast-schema-graph\">{\"@context\":\"https:\/\/schema.org\",\"@graph\":[{\"@type\":\"WebPage\",\"@id\":\"https:\/\/www.intoscana.it\/it\/mida-89-la-mostra-internazionale-dellartigianato-sempre-piu-internazionale-500-espositori-da-tutto-il-mondo\/\",\"url\":\"https:\/\/www.intoscana.it\/it\/mida-89-la-mostra-internazionale-dellartigianato-sempre-piu-internazionale-500-espositori-da-tutto-il-mondo\/\",\"name\":\"MIDA 89 la Mostra Internazionale dell'Artigianato sempre pi\u00f9 internazionale: oltre 500 espositori da tutto il mondo - intoscana\",\"isPartOf\":{\"@id\":\"https:\/\/www.intoscana.it\/it\/#website\"},\"primaryImageOfPage\":{\"@id\":\"https:\/\/www.intoscana.it\/it\/mida-89-la-mostra-internazionale-dellartigianato-sempre-piu-internazionale-500-espositori-da-tutto-il-mondo\/#primaryimage\"},\"image\":{\"@id\":\"https:\/\/www.intoscana.it\/it\/mida-89-la-mostra-internazionale-dellartigianato-sempre-piu-internazionale-500-espositori-da-tutto-il-mondo\/#primaryimage\"},\"thumbnailUrl\":\"https:\/\/www.intoscana.it\/wp-content\/uploads\/artigiano_scarpe.jpg\",\"datePublished\":\"2025-04-22T10:46:52+00:00\",\"dateModified\":\"2025-04-22T13:58:59+00:00\",\"author\":{\"@id\":\"https:\/\/www.intoscana.it\/it\/#\/schema\/person\/d469f35f09739bdf00bf5dd3f0647a82\"},\"description\":\"Dal 25 aprile al 1\u00b0 maggio la Fortezza da Basso ospiter\u00e0 artigiani, designer e creativi provenienti da tutto il mondo, una vetrina globale\",\"breadcrumb\":{\"@id\":\"https:\/\/www.intoscana.it\/it\/mida-89-la-mostra-internazionale-dellartigianato-sempre-piu-internazionale-500-espositori-da-tutto-il-mondo\/#breadcrumb\"},\"inLanguage\":\"it-IT\",\"potentialAction\":[{\"@type\":\"ReadAction\",\"target\":[\"https:\/\/www.intoscana.it\/it\/mida-89-la-mostra-internazionale-dellartigianato-sempre-piu-internazionale-500-espositori-da-tutto-il-mondo\/\"]}]},{\"@type\":\"ImageObject\",\"inLanguage\":\"it-IT\",\"@id\":\"https:\/\/www.intoscana.it\/it\/mida-89-la-mostra-internazionale-dellartigianato-sempre-piu-internazionale-500-espositori-da-tutto-il-mondo\/#primaryimage\",\"url\":\"https:\/\/www.intoscana.it\/wp-content\/uploads\/artigiano_scarpe.jpg\",\"contentUrl\":\"https:\/\/www.intoscana.it\/wp-content\/uploads\/artigiano_scarpe.jpg\",\"width\":2000,\"height\":1335},{\"@type\":\"BreadcrumbList\",\"@id\":\"https:\/\/www.intoscana.it\/it\/mida-89-la-mostra-internazionale-dellartigianato-sempre-piu-internazionale-500-espositori-da-tutto-il-mondo\/#breadcrumb\",\"itemListElement\":[{\"@type\":\"ListItem\",\"position\":1,\"name\":\"Home\",\"item\":\"https:\/\/www.intoscana.it\/it\/\"},{\"@type\":\"ListItem\",\"position\":2,\"name\":\"MIDA 89 la Mostra Internazionale dell&#8217;Artigianato sempre pi\u00f9 internazionale: oltre 500 espositori da tutto il mondo\"}]},{\"@type\":\"WebSite\",\"@id\":\"https:\/\/www.intoscana.it\/it\/#website\",\"url\":\"https:\/\/www.intoscana.it\/it\/\",\"name\":\"intoscana\",\"description\":\"\",\"potentialAction\":[{\"@type\":\"SearchAction\",\"target\":{\"@type\":\"EntryPoint\",\"urlTemplate\":\"https:\/\/www.intoscana.it\/it\/?s={search_term_string}\"},\"query-input\":{\"@type\":\"PropertyValueSpecification\",\"valueRequired\":true,\"valueName\":\"search_term_string\"}}],\"inLanguage\":\"it-IT\"},{\"@type\":\"Person\",\"@id\":\"https:\/\/www.intoscana.it\/it\/#\/schema\/person\/d469f35f09739bdf00bf5dd3f0647a82\",\"name\":\"Costanza Baldini\",\"url\":\"https:\/\/www.intoscana.it\/it\/author\/costanza-baldini\/\"}]}<\/script>\n<!-- \/ Yoast SEO Premium plugin. -->","yoast_head_json":{"title":"MIDA 89 la Mostra Internazionale dell'Artigianato sempre pi\u00f9 internazionale: oltre 500 espositori da tutto il mondo - intoscana","description":"Dal 25 aprile al 1\u00b0 maggio la Fortezza da Basso ospiter\u00e0 artigiani, designer e creativi provenienti da tutto il mondo, una vetrina globale","robots":{"index":"index","follow":"follow","max-snippet":"max-snippet:-1","max-image-preview":"max-image-preview:large","max-video-preview":"max-video-preview:-1"},"canonical":"https:\/\/www.intoscana.it\/it\/mida-89-la-mostra-internazionale-dellartigianato-sempre-piu-internazionale-500-espositori-da-tutto-il-mondo\/","og_locale":"it_IT","og_type":"article","og_title":"MIDA 89 la Mostra Internazionale dell'Artigianato sempre pi\u00f9 internazionale: oltre 500 espositori da tutto il mondo","og_description":"Dal 25 aprile al 1\u00b0 maggio la Fortezza da Basso ospiter\u00e0 artigiani, designer e creativi provenienti da tutto il mondo, una vetrina globale","og_url":"https:\/\/www.intoscana.it\/it\/mida-89-la-mostra-internazionale-dellartigianato-sempre-piu-internazionale-500-espositori-da-tutto-il-mondo\/","og_site_name":"intoscana","article_publisher":"https:\/\/www.facebook.com\/intoscana.it","article_published_time":"2025-04-22T10:46:52+00:00","article_modified_time":"2025-04-22T13:58:59+00:00","og_image":[{"width":2000,"height":1335,"url":"https:\/\/www.intoscana.it\/wp-content\/uploads\/artigiano_scarpe.jpg","type":"image\/jpeg"}],"author":"Costanza Baldini","twitter_card":"summary_large_image","twitter_creator":"@intoscana","twitter_site":"@intoscana","twitter_misc":{"Written by":"Costanza Baldini","Est. reading time":"6 minuti"},"schema":{"@context":"https:\/\/schema.org","@graph":[{"@type":"WebPage","@id":"https:\/\/www.intoscana.it\/it\/mida-89-la-mostra-internazionale-dellartigianato-sempre-piu-internazionale-500-espositori-da-tutto-il-mondo\/","url":"https:\/\/www.intoscana.it\/it\/mida-89-la-mostra-internazionale-dellartigianato-sempre-piu-internazionale-500-espositori-da-tutto-il-mondo\/","name":"MIDA 89 la Mostra Internazionale dell'Artigianato sempre pi\u00f9 internazionale: oltre 500 espositori da tutto il mondo - intoscana","isPartOf":{"@id":"https:\/\/www.intoscana.it\/it\/#website"},"primaryImageOfPage":{"@id":"https:\/\/www.intoscana.it\/it\/mida-89-la-mostra-internazionale-dellartigianato-sempre-piu-internazionale-500-espositori-da-tutto-il-mondo\/#primaryimage"},"image":{"@id":"https:\/\/www.intoscana.it\/it\/mida-89-la-mostra-internazionale-dellartigianato-sempre-piu-internazionale-500-espositori-da-tutto-il-mondo\/#primaryimage"},"thumbnailUrl":"https:\/\/www.intoscana.it\/wp-content\/uploads\/artigiano_scarpe.jpg","datePublished":"2025-04-22T10:46:52+00:00","dateModified":"2025-04-22T13:58:59+00:00","author":{"@id":"https:\/\/www.intoscana.it\/it\/#\/schema\/person\/d469f35f09739bdf00bf5dd3f0647a82"},"description":"Dal 25 aprile al 1\u00b0 maggio la Fortezza da Basso ospiter\u00e0 artigiani, designer e creativi provenienti da tutto il mondo, una vetrina globale","breadcrumb":{"@id":"https:\/\/www.intoscana.it\/it\/mida-89-la-mostra-internazionale-dellartigianato-sempre-piu-internazionale-500-espositori-da-tutto-il-mondo\/#breadcrumb"},"inLanguage":"it-IT","potentialAction":[{"@type":"ReadAction","target":["https:\/\/www.intoscana.it\/it\/mida-89-la-mostra-internazionale-dellartigianato-sempre-piu-internazionale-500-espositori-da-tutto-il-mondo\/"]}]},{"@type":"ImageObject","inLanguage":"it-IT","@id":"https:\/\/www.intoscana.it\/it\/mida-89-la-mostra-internazionale-dellartigianato-sempre-piu-internazionale-500-espositori-da-tutto-il-mondo\/#primaryimage","url":"https:\/\/www.intoscana.it\/wp-content\/uploads\/artigiano_scarpe.jpg","contentUrl":"https:\/\/www.intoscana.it\/wp-content\/uploads\/artigiano_scarpe.jpg","width":2000,"height":1335},{"@type":"BreadcrumbList","@id":"https:\/\/www.intoscana.it\/it\/mida-89-la-mostra-internazionale-dellartigianato-sempre-piu-internazionale-500-espositori-da-tutto-il-mondo\/#breadcrumb","itemListElement":[{"@type":"ListItem","position":1,"name":"Home","item":"https:\/\/www.intoscana.it\/it\/"},{"@type":"ListItem","position":2,"name":"MIDA 89 la Mostra Internazionale dell&#8217;Artigianato sempre pi\u00f9 internazionale: oltre 500 espositori da tutto il mondo"}]},{"@type":"WebSite","@id":"https:\/\/www.intoscana.it\/it\/#website","url":"https:\/\/www.intoscana.it\/it\/","name":"intoscana","description":"","potentialAction":[{"@type":"SearchAction","target":{"@type":"EntryPoint","urlTemplate":"https:\/\/www.intoscana.it\/it\/?s={search_term_string}"},"query-input":{"@type":"PropertyValueSpecification","valueRequired":true,"valueName":"search_term_string"}}],"inLanguage":"it-IT"},{"@type":"Person","@id":"https:\/\/www.intoscana.it\/it\/#\/schema\/person\/d469f35f09739bdf00bf5dd3f0647a82","name":"Costanza Baldini","url":"https:\/\/www.intoscana.it\/it\/author\/costanza-baldini\/"}]}},"_links":{"self":[{"href":"https:\/\/www.intoscana.it\/it\/wp-json\/wp\/v2\/posts\/373996","targetHints":{"allow":["GET"]}}],"collection":[{"href":"https:\/\/www.intoscana.it\/it\/wp-json\/wp\/v2\/posts"}],"about":[{"href":"https:\/\/www.intoscana.it\/it\/wp-json\/wp\/v2\/types\/post"}],"author":[{"embeddable":true,"href":"https:\/\/www.intoscana.it\/it\/wp-json\/wp\/v2\/users\/518"}],"replies":[{"embeddable":true,"href":"https:\/\/www.intoscana.it\/it\/wp-json\/wp\/v2\/comments?post=373996"}],"version-history":[{"count":5,"href":"https:\/\/www.intoscana.it\/it\/wp-json\/wp\/v2\/posts\/373996\/revisions"}],"predecessor-version":[{"id":382702,"href":"https:\/\/www.intoscana.it\/it\/wp-json\/wp\/v2\/posts\/373996\/revisions\/382702"}],"wp:featuredmedia":[{"embeddable":true,"href":"https:\/\/www.intoscana.it\/it\/wp-json\/wp\/v2\/media\/96188"}],"wp:attachment":[{"href":"https:\/\/www.intoscana.it\/it\/wp-json\/wp\/v2\/media?parent=373996"}],"wp:term":[{"taxonomy":"category","embeddable":true,"href":"https:\/\/www.intoscana.it\/it\/wp-json\/wp\/v2\/categories?post=373996"},{"taxonomy":"post_tag","embeddable":true,"href":"https:\/\/www.intoscana.it\/it\/wp-json\/wp\/v2\/tags?post=373996"}],"curies":[{"name":"wp","href":"https:\/\/api.w.org\/{rel}","templated":true}]}}