{"id":374044,"date":"2025-02-07T12:46:28","date_gmt":"2025-02-07T11:46:28","guid":{"rendered":"https:\/\/www.intoscana.it\/it\/?p=374044"},"modified":"2025-02-07T12:46:28","modified_gmt":"2025-02-07T11:46:28","slug":"far-rinascere-il-monte-pisano-accordo-tra-regione-scapigliato-e-comunita-bosco-per-dimenticare-lincendio","status":"publish","type":"post","link":"https:\/\/www.intoscana.it\/it\/far-rinascere-il-monte-pisano-accordo-tra-regione-scapigliato-e-comunita-bosco-per-dimenticare-lincendio\/","title":{"rendered":"Far rinascere il Monte Pisano: accordo tra Regione, Scapigliato e comunit\u00e0 Bosco per dimenticare l&#8217;incendio"},"content":{"rendered":"<div class=\"rt-page__content rt-page-content--left\">\n<div class=\"rt-page__content-text\">\n<p>L&#8217;obiettivo \u00e8 la rinascita del <strong>Monte Pisano<\/strong> per accelerare la ripresa degli ecosistemi e migliorare il grado di biodiversit\u00e0 in alcune delle aree colpite dall&#8217;incendio boschivo di Calci del settembre del 2018. Cos\u00ec nasce il <mark>protocollo d\u2019intesa tra la Regione, la Societ\u00e0 Scapigliato srl e la Comunit\u00e0 del Bosco del Monte Pisano ETS.<\/mark><\/p>\n<figure id=\"post-374048 media-374048\" class=\"align-none\"><img decoding=\"async\" src=\"https:\/\/www.intoscana.it\/wp-content\/uploads\/Saccardi-Monte-pisano-firma-scaled.jpeg\" alt=\"\" \/><\/figure>\n<div class=\"titleimg\"><\/div>\n<p>La societ\u00e0 <strong>Scapigliato<\/strong> si \u00e8 resa disponibile a <mark>finanziare gli interventi di ripristino dei boschi percorsi dal fuoco tramite la gestione forestale sostenibile con le modalit\u00e0 di intervento \u201ccloser to nature\u201d secondo le \u201cLinee guida della Commissione Europea sulla gestione forestale\u201d. La <strong>Regione Toscana<\/strong>, da parte sua, si impegna nell\u2019indirizzare, supervisionare e monitorare l\u2019attuazione corretta e funzionale delle attivit\u00e0 previste da un Piano di interventi oltre che a verificare la regolare esecuzione dei lavori. La <strong>Comunit\u00e0 del Bosco<\/strong>, infine, si impegna alla progettazione tecnica e alla realizzazione operativa degli interventi individuati.<\/p>\n<p>\u201cOggi \u2013 ha detto la vicepresidente e assessora all\u2019agroalimentare Stefania Saccardi &#8211; diamo sostanza a un\u2019intesa alla quale stiamo lavorando da tempo e grazie alla quale [mark]potr\u00e0 proseguire l\u2019opera di ripristino e difesa del territorio, secondo un modello adottato sul Monte Pisano, che vede la collaborazione e la sinergia di diversi soggetti<\/mark> attraverso l\u2019opera che la Comunit\u00e0 del Bosco sta attuando. Un lavoro che rappresenta un vero e proprio <strong>modello virtuoso<\/strong> da diffondere e replicare in altri contesti regionali che sono stati oggetto di calamit\u00e0 naturali, oppure in aree ad alto rischio di incendio boschivo o soggette a gravi fenomeni di dissesto idrogeologico\u201d.<\/p>\n<p>Gli interventi di ripristino del patrimonio forestale e di prevenzione degli incendi boschivi, cos\u00ec come individuati nel \u201cPiano di Gestione del complesso forestale della Comunit\u00e0 del Bosco del Monte Pisano\u201d e nel \u201cPiano specifico di prevenzione AIB dei Monti Pisani\u201d saranno <mark>attuati su aree boschive private e pubbliche, nella disponibilit\u00e0 della Comunit\u00e0 del Bosco, di enti e cittadini soci della Comunit\u00e0.<\/mark><\/p>\n<p>&nbsp;<\/p>\n<\/div>\n<\/div>\n<div class=\"rt-btn-wrapper rt-btn-wrapper--right-align\">\n<div class=\"a2a_kit a2a_kit_size_32 a2a_default_style\" data-a2a-title=\"Monte Pisano, si accelera ripresa: firmata intesa con Societ\u00e0 Scapigliato e Comunit\u00e0 Bosco\"><\/div>\n<\/div>\n","protected":false},"excerpt":{"rendered":"<p>Firmata l&#8217;intesa, Saccardi: &#8220;Proseguire l\u2019opera di ripristino e difesa del territorio con la collaborazione e la sinergia di diversi soggetti. Un lavoro che rappresenta un modello virtuoso da diffondere e replicare&#8221;<\/p>\n","protected":false},"author":525,"featured_media":374050,"comment_status":"open","ping_status":"open","sticky":false,"template":"","format":"standard","meta":{"_acf_changed":false,"footnotes":""},"categories":[19],"tags":[4619,4769],"class_list":["post-374044","post","type-post","status-publish","format-standard","has-post-thumbnail","hentry","category-ambiente","tag-monte-pisano","tag-stefania-saccardi"],"acf":[],"yoast_head":"<!-- This site is optimized with the Yoast SEO Premium plugin v24.2 (Yoast SEO v25.6) - https:\/\/yoast.com\/wordpress\/plugins\/seo\/ -->\n<title>Far rinascere il Monte Pisano: accordo tra Regione, Scapigliato e comunit\u00e0 Bosco per dimenticare l&#039;incendio - intoscana<\/title>\n<meta name=\"description\" content=\"Firmata l&#039;intesa, Saccardi: &quot;Proseguire l\u2019opera di ripristino e difesa del territorio con la collaborazione e la sinergia di diversi soggetti. Un lavoro che rappresenta un modello virtuoso da diffondere e replicare&quot;\" \/>\n<meta name=\"robots\" content=\"index, follow, max-snippet:-1, max-image-preview:large, max-video-preview:-1\" \/>\n<link rel=\"canonical\" href=\"https:\/\/www.intoscana.it\/it\/far-rinascere-il-monte-pisano-accordo-tra-regione-scapigliato-e-comunita-bosco-per-dimenticare-lincendio\/\" \/>\n<meta property=\"og:locale\" content=\"it_IT\" \/>\n<meta property=\"og:type\" content=\"article\" \/>\n<meta property=\"og:title\" content=\"Far rinascere il Monte Pisano: accordo tra Regione, Scapigliato e comunit\u00e0 Bosco per dimenticare l&#039;incendio\" \/>\n<meta property=\"og:description\" content=\"Firmata l&#039;intesa, Saccardi: &quot;Proseguire l\u2019opera di ripristino e difesa del territorio con la collaborazione e la sinergia di diversi soggetti. Un lavoro che rappresenta un modello virtuoso da diffondere e replicare&quot;\" \/>\n<meta property=\"og:url\" content=\"https:\/\/www.intoscana.it\/it\/far-rinascere-il-monte-pisano-accordo-tra-regione-scapigliato-e-comunita-bosco-per-dimenticare-lincendio\/\" \/>\n<meta property=\"og:site_name\" content=\"intoscana\" \/>\n<meta property=\"article:publisher\" content=\"https:\/\/www.facebook.com\/intoscana.it\" \/>\n<meta property=\"article:published_time\" content=\"2025-02-07T11:46:28+00:00\" \/>\n<meta property=\"og:image\" content=\"https:\/\/www.intoscana.it\/wp-content\/uploads\/riforestazione-monte-pisano-.png\" \/>\n\t<meta property=\"og:image:width\" content=\"377\" \/>\n\t<meta property=\"og:image:height\" content=\"284\" \/>\n\t<meta property=\"og:image:type\" content=\"image\/png\" \/>\n<meta name=\"author\" content=\"Redazione\" \/>\n<meta name=\"twitter:card\" content=\"summary_large_image\" \/>\n<meta name=\"twitter:creator\" content=\"@intoscana\" \/>\n<meta name=\"twitter:site\" content=\"@intoscana\" \/>\n<meta name=\"twitter:label1\" content=\"Written by\" \/>\n\t<meta name=\"twitter:data1\" content=\"Redazione\" \/>\n\t<meta name=\"twitter:label2\" content=\"Est. reading time\" \/>\n\t<meta name=\"twitter:data2\" content=\"3 minuti\" \/>\n<script type=\"application\/ld+json\" class=\"yoast-schema-graph\">{\"@context\":\"https:\/\/schema.org\",\"@graph\":[{\"@type\":\"WebPage\",\"@id\":\"https:\/\/www.intoscana.it\/it\/far-rinascere-il-monte-pisano-accordo-tra-regione-scapigliato-e-comunita-bosco-per-dimenticare-lincendio\/\",\"url\":\"https:\/\/www.intoscana.it\/it\/far-rinascere-il-monte-pisano-accordo-tra-regione-scapigliato-e-comunita-bosco-per-dimenticare-lincendio\/\",\"name\":\"Far rinascere il Monte Pisano: accordo tra Regione, Scapigliato e comunit\u00e0 Bosco per dimenticare l'incendio - intoscana\",\"isPartOf\":{\"@id\":\"https:\/\/www.intoscana.it\/it\/#website\"},\"primaryImageOfPage\":{\"@id\":\"https:\/\/www.intoscana.it\/it\/far-rinascere-il-monte-pisano-accordo-tra-regione-scapigliato-e-comunita-bosco-per-dimenticare-lincendio\/#primaryimage\"},\"image\":{\"@id\":\"https:\/\/www.intoscana.it\/it\/far-rinascere-il-monte-pisano-accordo-tra-regione-scapigliato-e-comunita-bosco-per-dimenticare-lincendio\/#primaryimage\"},\"thumbnailUrl\":\"https:\/\/www.intoscana.it\/wp-content\/uploads\/riforestazione-monte-pisano-.png\",\"datePublished\":\"2025-02-07T11:46:28+00:00\",\"author\":{\"@id\":\"https:\/\/www.intoscana.it\/it\/#\/schema\/person\/9223810753230f20bd670fdd322661f8\"},\"description\":\"Firmata l'intesa, Saccardi: \\\"Proseguire l\u2019opera di ripristino e difesa del territorio con la collaborazione e la sinergia di diversi soggetti. Un lavoro che rappresenta un modello virtuoso da diffondere e replicare\\\"\",\"breadcrumb\":{\"@id\":\"https:\/\/www.intoscana.it\/it\/far-rinascere-il-monte-pisano-accordo-tra-regione-scapigliato-e-comunita-bosco-per-dimenticare-lincendio\/#breadcrumb\"},\"inLanguage\":\"it-IT\",\"potentialAction\":[{\"@type\":\"ReadAction\",\"target\":[\"https:\/\/www.intoscana.it\/it\/far-rinascere-il-monte-pisano-accordo-tra-regione-scapigliato-e-comunita-bosco-per-dimenticare-lincendio\/\"]}]},{\"@type\":\"ImageObject\",\"inLanguage\":\"it-IT\",\"@id\":\"https:\/\/www.intoscana.it\/it\/far-rinascere-il-monte-pisano-accordo-tra-regione-scapigliato-e-comunita-bosco-per-dimenticare-lincendio\/#primaryimage\",\"url\":\"https:\/\/www.intoscana.it\/wp-content\/uploads\/riforestazione-monte-pisano-.png\",\"contentUrl\":\"https:\/\/www.intoscana.it\/wp-content\/uploads\/riforestazione-monte-pisano-.png\",\"width\":377,\"height\":284},{\"@type\":\"BreadcrumbList\",\"@id\":\"https:\/\/www.intoscana.it\/it\/far-rinascere-il-monte-pisano-accordo-tra-regione-scapigliato-e-comunita-bosco-per-dimenticare-lincendio\/#breadcrumb\",\"itemListElement\":[{\"@type\":\"ListItem\",\"position\":1,\"name\":\"Home\",\"item\":\"https:\/\/www.intoscana.it\/it\/\"},{\"@type\":\"ListItem\",\"position\":2,\"name\":\"Far rinascere il Monte Pisano: accordo tra Regione, Scapigliato e comunit\u00e0 Bosco per dimenticare l&#8217;incendio\"}]},{\"@type\":\"WebSite\",\"@id\":\"https:\/\/www.intoscana.it\/it\/#website\",\"url\":\"https:\/\/www.intoscana.it\/it\/\",\"name\":\"intoscana\",\"description\":\"\",\"potentialAction\":[{\"@type\":\"SearchAction\",\"target\":{\"@type\":\"EntryPoint\",\"urlTemplate\":\"https:\/\/www.intoscana.it\/it\/?s={search_term_string}\"},\"query-input\":{\"@type\":\"PropertyValueSpecification\",\"valueRequired\":true,\"valueName\":\"search_term_string\"}}],\"inLanguage\":\"it-IT\"},{\"@type\":\"Person\",\"@id\":\"https:\/\/www.intoscana.it\/it\/#\/schema\/person\/9223810753230f20bd670fdd322661f8\",\"name\":\"Redazione\",\"url\":\"https:\/\/www.intoscana.it\/it\/author\/redazione\/\"}]}<\/script>\n<!-- \/ Yoast SEO Premium plugin. -->","yoast_head_json":{"title":"Far rinascere il Monte Pisano: accordo tra Regione, Scapigliato e comunit\u00e0 Bosco per dimenticare l'incendio - intoscana","description":"Firmata l'intesa, Saccardi: \"Proseguire l\u2019opera di ripristino e difesa del territorio con la collaborazione e la sinergia di diversi soggetti. Un lavoro che rappresenta un modello virtuoso da diffondere e replicare\"","robots":{"index":"index","follow":"follow","max-snippet":"max-snippet:-1","max-image-preview":"max-image-preview:large","max-video-preview":"max-video-preview:-1"},"canonical":"https:\/\/www.intoscana.it\/it\/far-rinascere-il-monte-pisano-accordo-tra-regione-scapigliato-e-comunita-bosco-per-dimenticare-lincendio\/","og_locale":"it_IT","og_type":"article","og_title":"Far rinascere il Monte Pisano: accordo tra Regione, Scapigliato e comunit\u00e0 Bosco per dimenticare l'incendio","og_description":"Firmata l'intesa, Saccardi: \"Proseguire l\u2019opera di ripristino e difesa del territorio con la collaborazione e la sinergia di diversi soggetti. Un lavoro che rappresenta un modello virtuoso da diffondere e replicare\"","og_url":"https:\/\/www.intoscana.it\/it\/far-rinascere-il-monte-pisano-accordo-tra-regione-scapigliato-e-comunita-bosco-per-dimenticare-lincendio\/","og_site_name":"intoscana","article_publisher":"https:\/\/www.facebook.com\/intoscana.it","article_published_time":"2025-02-07T11:46:28+00:00","og_image":[{"width":377,"height":284,"url":"https:\/\/www.intoscana.it\/wp-content\/uploads\/riforestazione-monte-pisano-.png","type":"image\/png"}],"author":"Redazione","twitter_card":"summary_large_image","twitter_creator":"@intoscana","twitter_site":"@intoscana","twitter_misc":{"Written by":"Redazione","Est. reading time":"3 minuti"},"schema":{"@context":"https:\/\/schema.org","@graph":[{"@type":"WebPage","@id":"https:\/\/www.intoscana.it\/it\/far-rinascere-il-monte-pisano-accordo-tra-regione-scapigliato-e-comunita-bosco-per-dimenticare-lincendio\/","url":"https:\/\/www.intoscana.it\/it\/far-rinascere-il-monte-pisano-accordo-tra-regione-scapigliato-e-comunita-bosco-per-dimenticare-lincendio\/","name":"Far rinascere il Monte Pisano: accordo tra Regione, Scapigliato e comunit\u00e0 Bosco per dimenticare l'incendio - intoscana","isPartOf":{"@id":"https:\/\/www.intoscana.it\/it\/#website"},"primaryImageOfPage":{"@id":"https:\/\/www.intoscana.it\/it\/far-rinascere-il-monte-pisano-accordo-tra-regione-scapigliato-e-comunita-bosco-per-dimenticare-lincendio\/#primaryimage"},"image":{"@id":"https:\/\/www.intoscana.it\/it\/far-rinascere-il-monte-pisano-accordo-tra-regione-scapigliato-e-comunita-bosco-per-dimenticare-lincendio\/#primaryimage"},"thumbnailUrl":"https:\/\/www.intoscana.it\/wp-content\/uploads\/riforestazione-monte-pisano-.png","datePublished":"2025-02-07T11:46:28+00:00","author":{"@id":"https:\/\/www.intoscana.it\/it\/#\/schema\/person\/9223810753230f20bd670fdd322661f8"},"description":"Firmata l'intesa, Saccardi: \"Proseguire l\u2019opera di ripristino e difesa del territorio con la collaborazione e la sinergia di diversi soggetti. Un lavoro che rappresenta un modello virtuoso da diffondere e replicare\"","breadcrumb":{"@id":"https:\/\/www.intoscana.it\/it\/far-rinascere-il-monte-pisano-accordo-tra-regione-scapigliato-e-comunita-bosco-per-dimenticare-lincendio\/#breadcrumb"},"inLanguage":"it-IT","potentialAction":[{"@type":"ReadAction","target":["https:\/\/www.intoscana.it\/it\/far-rinascere-il-monte-pisano-accordo-tra-regione-scapigliato-e-comunita-bosco-per-dimenticare-lincendio\/"]}]},{"@type":"ImageObject","inLanguage":"it-IT","@id":"https:\/\/www.intoscana.it\/it\/far-rinascere-il-monte-pisano-accordo-tra-regione-scapigliato-e-comunita-bosco-per-dimenticare-lincendio\/#primaryimage","url":"https:\/\/www.intoscana.it\/wp-content\/uploads\/riforestazione-monte-pisano-.png","contentUrl":"https:\/\/www.intoscana.it\/wp-content\/uploads\/riforestazione-monte-pisano-.png","width":377,"height":284},{"@type":"BreadcrumbList","@id":"https:\/\/www.intoscana.it\/it\/far-rinascere-il-monte-pisano-accordo-tra-regione-scapigliato-e-comunita-bosco-per-dimenticare-lincendio\/#breadcrumb","itemListElement":[{"@type":"ListItem","position":1,"name":"Home","item":"https:\/\/www.intoscana.it\/it\/"},{"@type":"ListItem","position":2,"name":"Far rinascere il Monte Pisano: accordo tra Regione, Scapigliato e comunit\u00e0 Bosco per dimenticare l&#8217;incendio"}]},{"@type":"WebSite","@id":"https:\/\/www.intoscana.it\/it\/#website","url":"https:\/\/www.intoscana.it\/it\/","name":"intoscana","description":"","potentialAction":[{"@type":"SearchAction","target":{"@type":"EntryPoint","urlTemplate":"https:\/\/www.intoscana.it\/it\/?s={search_term_string}"},"query-input":{"@type":"PropertyValueSpecification","valueRequired":true,"valueName":"search_term_string"}}],"inLanguage":"it-IT"},{"@type":"Person","@id":"https:\/\/www.intoscana.it\/it\/#\/schema\/person\/9223810753230f20bd670fdd322661f8","name":"Redazione","url":"https:\/\/www.intoscana.it\/it\/author\/redazione\/"}]}},"_links":{"self":[{"href":"https:\/\/www.intoscana.it\/it\/wp-json\/wp\/v2\/posts\/374044","targetHints":{"allow":["GET"]}}],"collection":[{"href":"https:\/\/www.intoscana.it\/it\/wp-json\/wp\/v2\/posts"}],"about":[{"href":"https:\/\/www.intoscana.it\/it\/wp-json\/wp\/v2\/types\/post"}],"author":[{"embeddable":true,"href":"https:\/\/www.intoscana.it\/it\/wp-json\/wp\/v2\/users\/525"}],"replies":[{"embeddable":true,"href":"https:\/\/www.intoscana.it\/it\/wp-json\/wp\/v2\/comments?post=374044"}],"version-history":[{"count":5,"href":"https:\/\/www.intoscana.it\/it\/wp-json\/wp\/v2\/posts\/374044\/revisions"}],"predecessor-version":[{"id":374055,"href":"https:\/\/www.intoscana.it\/it\/wp-json\/wp\/v2\/posts\/374044\/revisions\/374055"}],"wp:featuredmedia":[{"embeddable":true,"href":"https:\/\/www.intoscana.it\/it\/wp-json\/wp\/v2\/media\/374050"}],"wp:attachment":[{"href":"https:\/\/www.intoscana.it\/it\/wp-json\/wp\/v2\/media?parent=374044"}],"wp:term":[{"taxonomy":"category","embeddable":true,"href":"https:\/\/www.intoscana.it\/it\/wp-json\/wp\/v2\/categories?post=374044"},{"taxonomy":"post_tag","embeddable":true,"href":"https:\/\/www.intoscana.it\/it\/wp-json\/wp\/v2\/tags?post=374044"}],"curies":[{"name":"wp","href":"https:\/\/api.w.org\/{rel}","templated":true}]}}