{"id":374145,"date":"2025-02-08T09:23:46","date_gmt":"2025-02-08T08:23:46","guid":{"rendered":"https:\/\/www.intoscana.it\/it\/?p=374145"},"modified":"2025-02-08T09:23:46","modified_gmt":"2025-02-08T08:23:46","slug":"la-scienza-diventa-danza-allombra-della-torre-di-pisa-luniversita-mette-in-scena-lo-spettacolo-dei-quibit","status":"publish","type":"post","link":"https:\/\/www.intoscana.it\/it\/la-scienza-diventa-danza-allombra-della-torre-di-pisa-luniversita-mette-in-scena-lo-spettacolo-dei-quibit\/","title":{"rendered":"La scienza diventa danza all&#8217;ombra della Torre di Pisa: l&#8217;Universit\u00e0 mette in scena lo spettacolo dei &#8220;quibit&#8221;"},"content":{"rendered":"<p>La danza incontra la fisica quantistica e la mette in scena in piazza dei Miracoli a <strong>Pisa<\/strong>. Ogni ballerino e ballerina diventa un qubit di un computer quantistico e lo spettacolo si trasforma in luce proiettate sulle mura del Camposanto monumentale dietro la Torre pendente di Pisa. \u00c8 la <strong>&#8220;danza dei qubit&#8221;<\/strong> che andr\u00e0 in scena mercoled\u00ec 12 febbraio dalle 17e45 fino alle 19 . L&#8217;evento apre a Pisa l\u2019anno internazionale della scienza e tecnologie quantistiche\u00a0 inaugurato il 4 febbraio scorso con una cerimonia ufficiale a Parigi.<\/p>\n<p>L\u2019anno del quantum \u00e8 stato stabilito dall\u2019Unesco per celebrare i <mark>100 anni dall\u2019inizio dello sviluppo della meccanica quantistica. Una teoria fisica fondamentale che continua a incuriosire e che ben si presta ad una contaminazione artistica.<\/mark><\/p>\n<figure id=\"post-374150 media-374150\" class=\"align-none\"><img decoding=\"async\" src=\"https:\/\/www.intoscana.it\/wp-content\/uploads\/QuBitDance_25_IT.jpg\" alt=\"\" \/><\/figure>\n<div class=\"titleimg\"><\/div>\n<p>A partire da un\u2019idea nata alla Sherbrooke University in Canada, i movimenti dei danzatori e delle danzatrici riprodurranno un formalismo matematico utilizzato per rappresentare visivamente lo stato quantistico. Nella seconda parte del programma, dalle 18,15 una coreografia di luci sar\u00e0 proiettata sulle mura sud del Camposanto monumentale, con la collaborazione dell\u2019Opera Primaziale. <mark>Si tratta dell\u2019evoluzione temporale della \u201cfunzione d&#8217;onda\u201d, uno tra i pi\u00f9 semplici processi quantistici chiamato <em>quantum walk<\/em>.<\/mark> Il videomapping rappresenta la probabilit\u00e0 di trovare una particella quantistica in una regione di spazio, una volta fatta una misura. I pattern luminosi saranno tanto pi\u00f9 intensi quanto pi\u00f9 grande sar\u00e0 la probabilit\u00e0 calcolata mediante la celebre equazione di Schroedinger.<\/p>\n<p>\u201cLa danza dei qubit visualizza in maniera intuitiva la matematica della fisica quantistica attraverso la danza, per coinvolgere in prima persona il pubblico, e le immagini, per formare un ricordo vivido nella memoria di chi assister\u00e0 &#8211; racconta la professoressa <strong>Maril\u00f9 Chiofalo<\/strong> dell\u2019Universit\u00e0 di Pisa &#8211; Da anni con il mio gruppo di ricerca esploriamo in collaborazioni internazionali metodi per raccontare la scienza anche attraverso i linguaggi dell\u2019arte che, come la matematica, sono estremamente densi e compatti. Un esempio \u00e8 l\u2019installazione interattiva <strong>Quantum Jungle<\/strong> di Robin Baumgarten liberamente visitabile prima a Palazzo Blu e adesso al Polo Fibonacci dell\u2019Ateneo\u201d.<\/p>\n<p>In caso di maltempo, l\u2019evento sar\u00e0 rimandato al 26 febbraio con lo stesso orario.<\/p>\n","protected":false},"excerpt":{"rendered":"<p>Appuntamento mercoled\u00ec 12 febbraio in piazza dei Miracoli. L&#8217;evento apre\u00a0l\u2019anno internazionale delle tecnologie quantistiche per celebrare i 100 anni dall\u2019inizio dello sviluppo della teoria fisica<\/p>\n","protected":false},"author":525,"featured_media":343474,"comment_status":"open","ping_status":"open","sticky":false,"template":"","format":"standard","meta":{"_acf_changed":false,"footnotes":""},"categories":[475],"tags":[5564,213,368],"class_list":["post-374145","post","type-post","status-publish","format-standard","has-post-thumbnail","hentry","category-innovazione","tag-danza","tag-ricerca","tag-universita-di-pisa"],"acf":[],"yoast_head":"<!-- This site is optimized with the Yoast SEO Premium plugin v24.2 (Yoast SEO v25.6) - https:\/\/yoast.com\/wordpress\/plugins\/seo\/ -->\n<title>La scienza diventa danza all&#039;ombra della Torre di Pisa: l&#039;Universit\u00e0 mette in scena lo spettacolo dei &quot;quibit&quot; - intoscana<\/title>\n<meta name=\"description\" content=\"Appuntamento mercoled\u00ec 12 febbraio in piazza dei Miracoli. L&#039;evento apre\u00a0l\u2019anno internazionale delle tecnologie quantistiche per celebrare i 100 anni dall\u2019inizio dello sviluppo della teoria fisica\" \/>\n<meta name=\"robots\" content=\"index, follow, max-snippet:-1, max-image-preview:large, max-video-preview:-1\" \/>\n<link rel=\"canonical\" href=\"https:\/\/www.intoscana.it\/it\/la-scienza-diventa-danza-allombra-della-torre-di-pisa-luniversita-mette-in-scena-lo-spettacolo-dei-quibit\/\" \/>\n<meta property=\"og:locale\" content=\"it_IT\" \/>\n<meta property=\"og:type\" content=\"article\" \/>\n<meta property=\"og:title\" content=\"La scienza diventa danza all&#039;ombra della Torre di Pisa: l&#039;Universit\u00e0 mette in scena lo spettacolo dei &quot;quibit&quot;\" \/>\n<meta property=\"og:description\" content=\"Appuntamento mercoled\u00ec 12 febbraio in piazza dei Miracoli. L&#039;evento apre\u00a0l\u2019anno internazionale delle tecnologie quantistiche per celebrare i 100 anni dall\u2019inizio dello sviluppo della teoria fisica\" \/>\n<meta property=\"og:url\" content=\"https:\/\/www.intoscana.it\/it\/la-scienza-diventa-danza-allombra-della-torre-di-pisa-luniversita-mette-in-scena-lo-spettacolo-dei-quibit\/\" \/>\n<meta property=\"og:site_name\" content=\"intoscana\" \/>\n<meta property=\"article:publisher\" content=\"https:\/\/www.facebook.com\/intoscana.it\" \/>\n<meta property=\"article:published_time\" content=\"2025-02-08T08:23:46+00:00\" \/>\n<meta property=\"og:image\" content=\"https:\/\/www.intoscana.it\/wp-content\/uploads\/AdobeStock_194175254.jpeg\" \/>\n\t<meta property=\"og:image:width\" content=\"1920\" \/>\n\t<meta property=\"og:image:height\" content=\"1280\" \/>\n\t<meta property=\"og:image:type\" content=\"image\/jpeg\" \/>\n<meta name=\"author\" content=\"Redazione\" \/>\n<meta name=\"twitter:card\" content=\"summary_large_image\" \/>\n<meta name=\"twitter:creator\" content=\"@intoscana\" \/>\n<meta name=\"twitter:site\" content=\"@intoscana\" \/>\n<meta name=\"twitter:label1\" content=\"Written by\" \/>\n\t<meta name=\"twitter:data1\" content=\"Redazione\" \/>\n\t<meta name=\"twitter:label2\" content=\"Est. reading time\" \/>\n\t<meta name=\"twitter:data2\" content=\"3 minuti\" \/>\n<script type=\"application\/ld+json\" class=\"yoast-schema-graph\">{\"@context\":\"https:\/\/schema.org\",\"@graph\":[{\"@type\":\"WebPage\",\"@id\":\"https:\/\/www.intoscana.it\/it\/la-scienza-diventa-danza-allombra-della-torre-di-pisa-luniversita-mette-in-scena-lo-spettacolo-dei-quibit\/\",\"url\":\"https:\/\/www.intoscana.it\/it\/la-scienza-diventa-danza-allombra-della-torre-di-pisa-luniversita-mette-in-scena-lo-spettacolo-dei-quibit\/\",\"name\":\"La scienza diventa danza all'ombra della Torre di Pisa: l'Universit\u00e0 mette in scena lo spettacolo dei \\\"quibit\\\" - intoscana\",\"isPartOf\":{\"@id\":\"https:\/\/www.intoscana.it\/it\/#website\"},\"primaryImageOfPage\":{\"@id\":\"https:\/\/www.intoscana.it\/it\/la-scienza-diventa-danza-allombra-della-torre-di-pisa-luniversita-mette-in-scena-lo-spettacolo-dei-quibit\/#primaryimage\"},\"image\":{\"@id\":\"https:\/\/www.intoscana.it\/it\/la-scienza-diventa-danza-allombra-della-torre-di-pisa-luniversita-mette-in-scena-lo-spettacolo-dei-quibit\/#primaryimage\"},\"thumbnailUrl\":\"https:\/\/www.intoscana.it\/wp-content\/uploads\/AdobeStock_194175254.jpeg\",\"datePublished\":\"2025-02-08T08:23:46+00:00\",\"author\":{\"@id\":\"https:\/\/www.intoscana.it\/it\/#\/schema\/person\/9223810753230f20bd670fdd322661f8\"},\"description\":\"Appuntamento mercoled\u00ec 12 febbraio in piazza dei Miracoli. L'evento apre\u00a0l\u2019anno internazionale delle tecnologie quantistiche per celebrare i 100 anni dall\u2019inizio dello sviluppo della teoria fisica\",\"breadcrumb\":{\"@id\":\"https:\/\/www.intoscana.it\/it\/la-scienza-diventa-danza-allombra-della-torre-di-pisa-luniversita-mette-in-scena-lo-spettacolo-dei-quibit\/#breadcrumb\"},\"inLanguage\":\"it-IT\",\"potentialAction\":[{\"@type\":\"ReadAction\",\"target\":[\"https:\/\/www.intoscana.it\/it\/la-scienza-diventa-danza-allombra-della-torre-di-pisa-luniversita-mette-in-scena-lo-spettacolo-dei-quibit\/\"]}]},{\"@type\":\"ImageObject\",\"inLanguage\":\"it-IT\",\"@id\":\"https:\/\/www.intoscana.it\/it\/la-scienza-diventa-danza-allombra-della-torre-di-pisa-luniversita-mette-in-scena-lo-spettacolo-dei-quibit\/#primaryimage\",\"url\":\"https:\/\/www.intoscana.it\/wp-content\/uploads\/AdobeStock_194175254.jpeg\",\"contentUrl\":\"https:\/\/www.intoscana.it\/wp-content\/uploads\/AdobeStock_194175254.jpeg\",\"width\":1920,\"height\":1280,\"caption\":\"La Torre di Pisa\"},{\"@type\":\"BreadcrumbList\",\"@id\":\"https:\/\/www.intoscana.it\/it\/la-scienza-diventa-danza-allombra-della-torre-di-pisa-luniversita-mette-in-scena-lo-spettacolo-dei-quibit\/#breadcrumb\",\"itemListElement\":[{\"@type\":\"ListItem\",\"position\":1,\"name\":\"Home\",\"item\":\"https:\/\/www.intoscana.it\/it\/\"},{\"@type\":\"ListItem\",\"position\":2,\"name\":\"La scienza diventa danza all&#8217;ombra della Torre di Pisa: l&#8217;Universit\u00e0 mette in scena lo spettacolo dei &#8220;quibit&#8221;\"}]},{\"@type\":\"WebSite\",\"@id\":\"https:\/\/www.intoscana.it\/it\/#website\",\"url\":\"https:\/\/www.intoscana.it\/it\/\",\"name\":\"intoscana\",\"description\":\"\",\"potentialAction\":[{\"@type\":\"SearchAction\",\"target\":{\"@type\":\"EntryPoint\",\"urlTemplate\":\"https:\/\/www.intoscana.it\/it\/?s={search_term_string}\"},\"query-input\":{\"@type\":\"PropertyValueSpecification\",\"valueRequired\":true,\"valueName\":\"search_term_string\"}}],\"inLanguage\":\"it-IT\"},{\"@type\":\"Person\",\"@id\":\"https:\/\/www.intoscana.it\/it\/#\/schema\/person\/9223810753230f20bd670fdd322661f8\",\"name\":\"Redazione\",\"url\":\"https:\/\/www.intoscana.it\/it\/author\/redazione\/\"}]}<\/script>\n<!-- \/ Yoast SEO Premium plugin. -->","yoast_head_json":{"title":"La scienza diventa danza all'ombra della Torre di Pisa: l'Universit\u00e0 mette in scena lo spettacolo dei \"quibit\" - intoscana","description":"Appuntamento mercoled\u00ec 12 febbraio in piazza dei Miracoli. L'evento apre\u00a0l\u2019anno internazionale delle tecnologie quantistiche per celebrare i 100 anni dall\u2019inizio dello sviluppo della teoria fisica","robots":{"index":"index","follow":"follow","max-snippet":"max-snippet:-1","max-image-preview":"max-image-preview:large","max-video-preview":"max-video-preview:-1"},"canonical":"https:\/\/www.intoscana.it\/it\/la-scienza-diventa-danza-allombra-della-torre-di-pisa-luniversita-mette-in-scena-lo-spettacolo-dei-quibit\/","og_locale":"it_IT","og_type":"article","og_title":"La scienza diventa danza all'ombra della Torre di Pisa: l'Universit\u00e0 mette in scena lo spettacolo dei \"quibit\"","og_description":"Appuntamento mercoled\u00ec 12 febbraio in piazza dei Miracoli. L'evento apre\u00a0l\u2019anno internazionale delle tecnologie quantistiche per celebrare i 100 anni dall\u2019inizio dello sviluppo della teoria fisica","og_url":"https:\/\/www.intoscana.it\/it\/la-scienza-diventa-danza-allombra-della-torre-di-pisa-luniversita-mette-in-scena-lo-spettacolo-dei-quibit\/","og_site_name":"intoscana","article_publisher":"https:\/\/www.facebook.com\/intoscana.it","article_published_time":"2025-02-08T08:23:46+00:00","og_image":[{"width":1920,"height":1280,"url":"https:\/\/www.intoscana.it\/wp-content\/uploads\/AdobeStock_194175254.jpeg","type":"image\/jpeg"}],"author":"Redazione","twitter_card":"summary_large_image","twitter_creator":"@intoscana","twitter_site":"@intoscana","twitter_misc":{"Written by":"Redazione","Est. reading time":"3 minuti"},"schema":{"@context":"https:\/\/schema.org","@graph":[{"@type":"WebPage","@id":"https:\/\/www.intoscana.it\/it\/la-scienza-diventa-danza-allombra-della-torre-di-pisa-luniversita-mette-in-scena-lo-spettacolo-dei-quibit\/","url":"https:\/\/www.intoscana.it\/it\/la-scienza-diventa-danza-allombra-della-torre-di-pisa-luniversita-mette-in-scena-lo-spettacolo-dei-quibit\/","name":"La scienza diventa danza all'ombra della Torre di Pisa: l'Universit\u00e0 mette in scena lo spettacolo dei \"quibit\" - intoscana","isPartOf":{"@id":"https:\/\/www.intoscana.it\/it\/#website"},"primaryImageOfPage":{"@id":"https:\/\/www.intoscana.it\/it\/la-scienza-diventa-danza-allombra-della-torre-di-pisa-luniversita-mette-in-scena-lo-spettacolo-dei-quibit\/#primaryimage"},"image":{"@id":"https:\/\/www.intoscana.it\/it\/la-scienza-diventa-danza-allombra-della-torre-di-pisa-luniversita-mette-in-scena-lo-spettacolo-dei-quibit\/#primaryimage"},"thumbnailUrl":"https:\/\/www.intoscana.it\/wp-content\/uploads\/AdobeStock_194175254.jpeg","datePublished":"2025-02-08T08:23:46+00:00","author":{"@id":"https:\/\/www.intoscana.it\/it\/#\/schema\/person\/9223810753230f20bd670fdd322661f8"},"description":"Appuntamento mercoled\u00ec 12 febbraio in piazza dei Miracoli. L'evento apre\u00a0l\u2019anno internazionale delle tecnologie quantistiche per celebrare i 100 anni dall\u2019inizio dello sviluppo della teoria fisica","breadcrumb":{"@id":"https:\/\/www.intoscana.it\/it\/la-scienza-diventa-danza-allombra-della-torre-di-pisa-luniversita-mette-in-scena-lo-spettacolo-dei-quibit\/#breadcrumb"},"inLanguage":"it-IT","potentialAction":[{"@type":"ReadAction","target":["https:\/\/www.intoscana.it\/it\/la-scienza-diventa-danza-allombra-della-torre-di-pisa-luniversita-mette-in-scena-lo-spettacolo-dei-quibit\/"]}]},{"@type":"ImageObject","inLanguage":"it-IT","@id":"https:\/\/www.intoscana.it\/it\/la-scienza-diventa-danza-allombra-della-torre-di-pisa-luniversita-mette-in-scena-lo-spettacolo-dei-quibit\/#primaryimage","url":"https:\/\/www.intoscana.it\/wp-content\/uploads\/AdobeStock_194175254.jpeg","contentUrl":"https:\/\/www.intoscana.it\/wp-content\/uploads\/AdobeStock_194175254.jpeg","width":1920,"height":1280,"caption":"La Torre di Pisa"},{"@type":"BreadcrumbList","@id":"https:\/\/www.intoscana.it\/it\/la-scienza-diventa-danza-allombra-della-torre-di-pisa-luniversita-mette-in-scena-lo-spettacolo-dei-quibit\/#breadcrumb","itemListElement":[{"@type":"ListItem","position":1,"name":"Home","item":"https:\/\/www.intoscana.it\/it\/"},{"@type":"ListItem","position":2,"name":"La scienza diventa danza all&#8217;ombra della Torre di Pisa: l&#8217;Universit\u00e0 mette in scena lo spettacolo dei &#8220;quibit&#8221;"}]},{"@type":"WebSite","@id":"https:\/\/www.intoscana.it\/it\/#website","url":"https:\/\/www.intoscana.it\/it\/","name":"intoscana","description":"","potentialAction":[{"@type":"SearchAction","target":{"@type":"EntryPoint","urlTemplate":"https:\/\/www.intoscana.it\/it\/?s={search_term_string}"},"query-input":{"@type":"PropertyValueSpecification","valueRequired":true,"valueName":"search_term_string"}}],"inLanguage":"it-IT"},{"@type":"Person","@id":"https:\/\/www.intoscana.it\/it\/#\/schema\/person\/9223810753230f20bd670fdd322661f8","name":"Redazione","url":"https:\/\/www.intoscana.it\/it\/author\/redazione\/"}]}},"_links":{"self":[{"href":"https:\/\/www.intoscana.it\/it\/wp-json\/wp\/v2\/posts\/374145","targetHints":{"allow":["GET"]}}],"collection":[{"href":"https:\/\/www.intoscana.it\/it\/wp-json\/wp\/v2\/posts"}],"about":[{"href":"https:\/\/www.intoscana.it\/it\/wp-json\/wp\/v2\/types\/post"}],"author":[{"embeddable":true,"href":"https:\/\/www.intoscana.it\/it\/wp-json\/wp\/v2\/users\/525"}],"replies":[{"embeddable":true,"href":"https:\/\/www.intoscana.it\/it\/wp-json\/wp\/v2\/comments?post=374145"}],"version-history":[{"count":5,"href":"https:\/\/www.intoscana.it\/it\/wp-json\/wp\/v2\/posts\/374145\/revisions"}],"predecessor-version":[{"id":374154,"href":"https:\/\/www.intoscana.it\/it\/wp-json\/wp\/v2\/posts\/374145\/revisions\/374154"}],"wp:featuredmedia":[{"embeddable":true,"href":"https:\/\/www.intoscana.it\/it\/wp-json\/wp\/v2\/media\/343474"}],"wp:attachment":[{"href":"https:\/\/www.intoscana.it\/it\/wp-json\/wp\/v2\/media?parent=374145"}],"wp:term":[{"taxonomy":"category","embeddable":true,"href":"https:\/\/www.intoscana.it\/it\/wp-json\/wp\/v2\/categories?post=374145"},{"taxonomy":"post_tag","embeddable":true,"href":"https:\/\/www.intoscana.it\/it\/wp-json\/wp\/v2\/tags?post=374145"}],"curies":[{"name":"wp","href":"https:\/\/api.w.org\/{rel}","templated":true}]}}