{"id":374180,"date":"2025-02-08T15:41:02","date_gmt":"2025-02-08T14:41:02","guid":{"rendered":"https:\/\/www.intoscana.it\/it\/?p=374180"},"modified":"2025-02-10T12:51:39","modified_gmt":"2025-02-10T11:51:39","slug":"terminati-i-lavori-sulla-strada-dellorecchiella-intervento-importante-per-la-viabilita-della-garfagnana","status":"publish","type":"post","link":"https:\/\/www.intoscana.it\/it\/terminati-i-lavori-sulla-strada-dellorecchiella-intervento-importante-per-la-viabilita-della-garfagnana\/","title":{"rendered":"Terminati i lavori sulla strada dell&#8217;Orecchiella: intervento importante per la viabilit\u00e0 della Garfagnana"},"content":{"rendered":"<p>Conclusi i lavori del primo lotto della <strong>strada dell\u2019Orecchiella<\/strong>, in provincia di Lucca, nei comuni di San Romano e Villa Collemandina. Sabato 9 febbraio il presidente <strong>Eugenio Giani<\/strong>, insieme all\u2019assessore alle infrastrutture e mobilit\u00e0 <strong>Stefano Baccelli<\/strong>, \u00e8 tornato in Garfagnana, nel cuore del Parco naturale, accolto dalla sindaca di San Romano, Raffaella Mariani, per <mark>inaugurare il tratto di circa 6 chilometri, da Corfino fino al Parco, rimesso in sicurezza e allargato per consentire una maggiore funzionalit\u00e0 e fruibilit\u00e0 del percorso.<\/mark> Presenti anche i sindaci di Villa Collemandina, Francesco Pioli, e di Castelnuovo Garfagnana, Andrea Tagliasacchi, oltre ai tecnici responsabili del progetto.<\/p>\n<figure id=\"post-374183 media-374183\" class=\"align-none\"><img decoding=\"async\" src=\"https:\/\/www.intoscana.it\/wp-content\/uploads\/strada-orecchiella_1.jpg\" alt=\"\" \/><\/figure>\n<p>L\u2019importo complessivo stanziato dalla <strong>Regione Toscana<\/strong> \u00e8 di 2 milioni e 200mila euro e riguarda 12 chilometri di percorso fino a Caprignana. Il secondo lotto dei lavori per gli altri 6 chilometri \u00e8 gi\u00e0 a gara. Il rifacimento di questo tratto importante della viabilit\u00e0 in Garfagnana \u00e8 stato reso possibile grazie all\u2019accordo approvato tra Regione Toscana e i Comuni di San Romano in Garfagnana e Villa Collemandina.<\/p>\n<p>\u201cUn passo avanti importante per la viabilit\u00e0 e i collegamenti di tutta quest\u2019area\u201d,\u00a0ha detto <strong>Giani<\/strong>. \u201c\u00c8 la valorizzazione della <strong>Toscana diffusa<\/strong> a cui tengo molto, nello specifico a questo territorio, che mi sta molto a cuore. <mark>Oggi vediamo il completamento del primo lotto che comprende il tratto fra Corfino e l\u2019Orecchiella, un investimento importante che migliora l&#8217;accesso alla straordinaria riserva, nel Parco dell\u2019Appennino tosco-emiliano\u201d.<\/mark> Un investimento, ha proseguito il presidente, &#8220;che dimostra come la Regione voglia essere accanto ai comuni della Garfagnana per il miglioramento dei collegamenti in un territorio ad altissimo valore ambientale e ad alto potenziale turistico, un vero scrigno verde nella nostra Regione\u201d.<\/p>\n<p>\u201c\u00c8 nostra volont\u00e0 \u2013 ha sottolineato l\u2019assessore <strong>Baccelli<\/strong> \u2013 migliorare la\u00a0viabilit\u00e0 in quest&#8217;area della Garfagnana di grande valore ambientale e paesaggistico. La strada dell\u2019Orecchiella diventer\u00e0 pi\u00f9 larga e pi\u00f9 sicura a vantaggio di chi frequenta questi luoghi straordinari nella Toscana diffusa\u201d.<\/p>\n<h3><em>Il tour del presidente in Garfagnana<\/em><\/h3>\n<p>Durante la mattinata il presidente si \u00e8 recato anche al <strong>lago di Pontecosi<\/strong>, nel Comune di Pieve Fosciana, con il sindaco Francesco Angelini. Giani ha sottolineato <mark>l\u2019impegno per la riqualificazione dell\u2019invaso da parte di Regione Toscana, che nell\u2019ultima variazione di bilancio ha stanziato 300 mila euro per gli interventi di riqualificazione delle sponde del lago e di messa in sicurezza dell&#8217;abitato.<\/mark> Il progetto, ha fatto sapere il sindaco, ha gi\u00e0 avuto il via libera della conferenza di servizi.<\/p>\n<p>L\u2019intervento fa parte di un pi\u00f9 ampio progetto di rinnovamento del lago e dei percorsi interni al paese, che mira ad una valorizzazione dell\u2019area dal punto di vista paesaggistico.<\/p>\n<p>Il presidente durante il sopralluogo ha fatto tappa anche a <strong>Villa Collemandina<\/strong> dove sono a buon punto i lavori di recupero dell\u2019anfiteatro. L\u2019intervento si inserisce all\u2019interno dei 39 progetti Programma innovativo nazionale per la Qualit\u00e0 dell\u2019abitare che riguardano la <strong>Valle del Serchio<\/strong> finalizzati alla valorizzazione del territorio incluso dall\u2019Unione Comuni Garfagnana e dall\u2019Unione dei Comuni Media Valle del Serchio. Il progetto di recupero dell\u2019<strong>anfiteatro<\/strong>, attualmente ad oltre il 50 per cento di realizzazione, riguarda <mark>una serie di interventi di sistemazione, tra cui la realizzazione di muri di contenimento, il rimodellamento del terreno e il recupero di eventuali reperti storici.<\/mark> Sono inoltre previsti percorsi pedonali e aree attrezzate pavimentate con materiali eco compatibili, e la messa a dimora di piante e siepi.<\/p>\n<p>Il costo complessivo \u00e8 di 500mila euro di cui oltre 360mila euro da Pnrr, circa 60mila euro dalla Regione e il resto con fondi privati.<\/p>\n<p>&nbsp;<\/p>\n","protected":false},"excerpt":{"rendered":"<p>Inaugurato il tratto di circa 6 chilometri, da Corfino fino al Parco. Giani: &#8220;Un passo avanti importante per i collegamenti di tutta quest\u2019area. \u00c8 la valorizzazione della Toscana diffusa&#8221;. Sopralluogo anche al lago di Pontecosi e all\u2019anfiteatro di Villa Collemandina<\/p>\n<div class=\"row has-sidebar\">\n<div id=\"column-2\" class=\"col-md-12 col-lg-9 portlet-column portlet-column-first\">\n<div class=\"rt-page__content rt-page-content--left\">\n<div class=\"rt-page__content-text\"><\/div>\n<\/div>\n<\/div>\n<\/div>\n","protected":false},"author":525,"featured_media":374184,"comment_status":"open","ping_status":"open","sticky":false,"template":"","format":"standard","meta":{"_acf_changed":false,"footnotes":""},"categories":[494],"tags":[158,4437,1577,4818],"class_list":["post-374180","post","type-post","status-publish","format-standard","has-post-thumbnail","hentry","category-attualita","tag-eugenio-giani","tag-garfagnana","tag-muoversi-in-toscana","tag-stefano-baccelli"],"acf":[],"yoast_head":"<!-- This site is optimized with the Yoast SEO Premium plugin v24.2 (Yoast SEO v25.6) - https:\/\/yoast.com\/wordpress\/plugins\/seo\/ -->\n<title>Terminati i lavori sulla strada dell&#039;Orecchiella: intervento importante per la viabilit\u00e0 della Garfagnana - intoscana<\/title>\n<meta name=\"description\" content=\"Inaugurato il tratto di circa 6 chilometri, da Corfino fino al Parco. Giani: &quot;Un passo avanti importante per i collegamenti di tutta quest\u2019area. \u00c8 la valorizzazione della Toscana diffusa&quot;. Sopralluogo anche al lago di Pontecosi e all\u2019anfiteatro di Villa Collemandina\" \/>\n<meta name=\"robots\" content=\"index, follow, max-snippet:-1, max-image-preview:large, max-video-preview:-1\" \/>\n<link rel=\"canonical\" href=\"https:\/\/www.intoscana.it\/it\/terminati-i-lavori-sulla-strada-dellorecchiella-intervento-importante-per-la-viabilita-della-garfagnana\/\" \/>\n<meta property=\"og:locale\" content=\"it_IT\" \/>\n<meta property=\"og:type\" content=\"article\" \/>\n<meta property=\"og:title\" content=\"Terminati i lavori sulla strada dell&#039;Orecchiella: intervento importante per la viabilit\u00e0 della Garfagnana\" \/>\n<meta property=\"og:description\" content=\"Inaugurato il tratto di circa 6 chilometri, da Corfino fino al Parco. Giani: &quot;Un passo avanti importante per i collegamenti di tutta quest\u2019area. \u00c8 la valorizzazione della Toscana diffusa&quot;. Sopralluogo anche al lago di Pontecosi e all\u2019anfiteatro di Villa Collemandina\" \/>\n<meta property=\"og:url\" content=\"https:\/\/www.intoscana.it\/it\/terminati-i-lavori-sulla-strada-dellorecchiella-intervento-importante-per-la-viabilita-della-garfagnana\/\" \/>\n<meta property=\"og:site_name\" content=\"intoscana\" \/>\n<meta property=\"article:publisher\" content=\"https:\/\/www.facebook.com\/intoscana.it\" \/>\n<meta property=\"article:published_time\" content=\"2025-02-08T14:41:02+00:00\" \/>\n<meta property=\"article:modified_time\" content=\"2025-02-10T11:51:39+00:00\" \/>\n<meta property=\"og:image\" content=\"https:\/\/www.intoscana.it\/wp-content\/uploads\/strada-orecchiella_2.jpeg\" \/>\n\t<meta property=\"og:image:width\" content=\"1331\" \/>\n\t<meta property=\"og:image:height\" content=\"965\" \/>\n\t<meta property=\"og:image:type\" content=\"image\/jpeg\" \/>\n<meta name=\"author\" content=\"Redazione\" \/>\n<meta name=\"twitter:card\" content=\"summary_large_image\" \/>\n<meta name=\"twitter:creator\" content=\"@intoscana\" \/>\n<meta name=\"twitter:site\" content=\"@intoscana\" \/>\n<meta name=\"twitter:label1\" content=\"Written by\" \/>\n\t<meta name=\"twitter:data1\" content=\"Redazione\" \/>\n\t<meta name=\"twitter:label2\" content=\"Est. reading time\" \/>\n\t<meta name=\"twitter:data2\" content=\"4 minuti\" \/>\n<script type=\"application\/ld+json\" class=\"yoast-schema-graph\">{\"@context\":\"https:\/\/schema.org\",\"@graph\":[{\"@type\":\"WebPage\",\"@id\":\"https:\/\/www.intoscana.it\/it\/terminati-i-lavori-sulla-strada-dellorecchiella-intervento-importante-per-la-viabilita-della-garfagnana\/\",\"url\":\"https:\/\/www.intoscana.it\/it\/terminati-i-lavori-sulla-strada-dellorecchiella-intervento-importante-per-la-viabilita-della-garfagnana\/\",\"name\":\"Terminati i lavori sulla strada dell'Orecchiella: intervento importante per la viabilit\u00e0 della Garfagnana - intoscana\",\"isPartOf\":{\"@id\":\"https:\/\/www.intoscana.it\/it\/#website\"},\"primaryImageOfPage\":{\"@id\":\"https:\/\/www.intoscana.it\/it\/terminati-i-lavori-sulla-strada-dellorecchiella-intervento-importante-per-la-viabilita-della-garfagnana\/#primaryimage\"},\"image\":{\"@id\":\"https:\/\/www.intoscana.it\/it\/terminati-i-lavori-sulla-strada-dellorecchiella-intervento-importante-per-la-viabilita-della-garfagnana\/#primaryimage\"},\"thumbnailUrl\":\"https:\/\/www.intoscana.it\/wp-content\/uploads\/strada-orecchiella_2.jpeg\",\"datePublished\":\"2025-02-08T14:41:02+00:00\",\"dateModified\":\"2025-02-10T11:51:39+00:00\",\"author\":{\"@id\":\"https:\/\/www.intoscana.it\/it\/#\/schema\/person\/9223810753230f20bd670fdd322661f8\"},\"description\":\"Inaugurato il tratto di circa 6 chilometri, da Corfino fino al Parco. Giani: \\\"Un passo avanti importante per i collegamenti di tutta quest\u2019area. \u00c8 la valorizzazione della Toscana diffusa\\\". Sopralluogo anche al lago di Pontecosi e all\u2019anfiteatro di Villa Collemandina\",\"breadcrumb\":{\"@id\":\"https:\/\/www.intoscana.it\/it\/terminati-i-lavori-sulla-strada-dellorecchiella-intervento-importante-per-la-viabilita-della-garfagnana\/#breadcrumb\"},\"inLanguage\":\"it-IT\",\"potentialAction\":[{\"@type\":\"ReadAction\",\"target\":[\"https:\/\/www.intoscana.it\/it\/terminati-i-lavori-sulla-strada-dellorecchiella-intervento-importante-per-la-viabilita-della-garfagnana\/\"]}]},{\"@type\":\"ImageObject\",\"inLanguage\":\"it-IT\",\"@id\":\"https:\/\/www.intoscana.it\/it\/terminati-i-lavori-sulla-strada-dellorecchiella-intervento-importante-per-la-viabilita-della-garfagnana\/#primaryimage\",\"url\":\"https:\/\/www.intoscana.it\/wp-content\/uploads\/strada-orecchiella_2.jpeg\",\"contentUrl\":\"https:\/\/www.intoscana.it\/wp-content\/uploads\/strada-orecchiella_2.jpeg\",\"width\":1331,\"height\":965},{\"@type\":\"BreadcrumbList\",\"@id\":\"https:\/\/www.intoscana.it\/it\/terminati-i-lavori-sulla-strada-dellorecchiella-intervento-importante-per-la-viabilita-della-garfagnana\/#breadcrumb\",\"itemListElement\":[{\"@type\":\"ListItem\",\"position\":1,\"name\":\"Home\",\"item\":\"https:\/\/www.intoscana.it\/it\/\"},{\"@type\":\"ListItem\",\"position\":2,\"name\":\"Terminati i lavori sulla strada dell&#8217;Orecchiella: intervento importante per la viabilit\u00e0 della Garfagnana\"}]},{\"@type\":\"WebSite\",\"@id\":\"https:\/\/www.intoscana.it\/it\/#website\",\"url\":\"https:\/\/www.intoscana.it\/it\/\",\"name\":\"intoscana\",\"description\":\"\",\"potentialAction\":[{\"@type\":\"SearchAction\",\"target\":{\"@type\":\"EntryPoint\",\"urlTemplate\":\"https:\/\/www.intoscana.it\/it\/?s={search_term_string}\"},\"query-input\":{\"@type\":\"PropertyValueSpecification\",\"valueRequired\":true,\"valueName\":\"search_term_string\"}}],\"inLanguage\":\"it-IT\"},{\"@type\":\"Person\",\"@id\":\"https:\/\/www.intoscana.it\/it\/#\/schema\/person\/9223810753230f20bd670fdd322661f8\",\"name\":\"Redazione\",\"url\":\"https:\/\/www.intoscana.it\/it\/author\/redazione\/\"}]}<\/script>\n<!-- \/ Yoast SEO Premium plugin. -->","yoast_head_json":{"title":"Terminati i lavori sulla strada dell'Orecchiella: intervento importante per la viabilit\u00e0 della Garfagnana - intoscana","description":"Inaugurato il tratto di circa 6 chilometri, da Corfino fino al Parco. Giani: \"Un passo avanti importante per i collegamenti di tutta quest\u2019area. \u00c8 la valorizzazione della Toscana diffusa\". Sopralluogo anche al lago di Pontecosi e all\u2019anfiteatro di Villa Collemandina","robots":{"index":"index","follow":"follow","max-snippet":"max-snippet:-1","max-image-preview":"max-image-preview:large","max-video-preview":"max-video-preview:-1"},"canonical":"https:\/\/www.intoscana.it\/it\/terminati-i-lavori-sulla-strada-dellorecchiella-intervento-importante-per-la-viabilita-della-garfagnana\/","og_locale":"it_IT","og_type":"article","og_title":"Terminati i lavori sulla strada dell'Orecchiella: intervento importante per la viabilit\u00e0 della Garfagnana","og_description":"Inaugurato il tratto di circa 6 chilometri, da Corfino fino al Parco. Giani: \"Un passo avanti importante per i collegamenti di tutta quest\u2019area. \u00c8 la valorizzazione della Toscana diffusa\". Sopralluogo anche al lago di Pontecosi e all\u2019anfiteatro di Villa Collemandina","og_url":"https:\/\/www.intoscana.it\/it\/terminati-i-lavori-sulla-strada-dellorecchiella-intervento-importante-per-la-viabilita-della-garfagnana\/","og_site_name":"intoscana","article_publisher":"https:\/\/www.facebook.com\/intoscana.it","article_published_time":"2025-02-08T14:41:02+00:00","article_modified_time":"2025-02-10T11:51:39+00:00","og_image":[{"width":1331,"height":965,"url":"https:\/\/www.intoscana.it\/wp-content\/uploads\/strada-orecchiella_2.jpeg","type":"image\/jpeg"}],"author":"Redazione","twitter_card":"summary_large_image","twitter_creator":"@intoscana","twitter_site":"@intoscana","twitter_misc":{"Written by":"Redazione","Est. reading time":"4 minuti"},"schema":{"@context":"https:\/\/schema.org","@graph":[{"@type":"WebPage","@id":"https:\/\/www.intoscana.it\/it\/terminati-i-lavori-sulla-strada-dellorecchiella-intervento-importante-per-la-viabilita-della-garfagnana\/","url":"https:\/\/www.intoscana.it\/it\/terminati-i-lavori-sulla-strada-dellorecchiella-intervento-importante-per-la-viabilita-della-garfagnana\/","name":"Terminati i lavori sulla strada dell'Orecchiella: intervento importante per la viabilit\u00e0 della Garfagnana - intoscana","isPartOf":{"@id":"https:\/\/www.intoscana.it\/it\/#website"},"primaryImageOfPage":{"@id":"https:\/\/www.intoscana.it\/it\/terminati-i-lavori-sulla-strada-dellorecchiella-intervento-importante-per-la-viabilita-della-garfagnana\/#primaryimage"},"image":{"@id":"https:\/\/www.intoscana.it\/it\/terminati-i-lavori-sulla-strada-dellorecchiella-intervento-importante-per-la-viabilita-della-garfagnana\/#primaryimage"},"thumbnailUrl":"https:\/\/www.intoscana.it\/wp-content\/uploads\/strada-orecchiella_2.jpeg","datePublished":"2025-02-08T14:41:02+00:00","dateModified":"2025-02-10T11:51:39+00:00","author":{"@id":"https:\/\/www.intoscana.it\/it\/#\/schema\/person\/9223810753230f20bd670fdd322661f8"},"description":"Inaugurato il tratto di circa 6 chilometri, da Corfino fino al Parco. Giani: \"Un passo avanti importante per i collegamenti di tutta quest\u2019area. \u00c8 la valorizzazione della Toscana diffusa\". Sopralluogo anche al lago di Pontecosi e all\u2019anfiteatro di Villa Collemandina","breadcrumb":{"@id":"https:\/\/www.intoscana.it\/it\/terminati-i-lavori-sulla-strada-dellorecchiella-intervento-importante-per-la-viabilita-della-garfagnana\/#breadcrumb"},"inLanguage":"it-IT","potentialAction":[{"@type":"ReadAction","target":["https:\/\/www.intoscana.it\/it\/terminati-i-lavori-sulla-strada-dellorecchiella-intervento-importante-per-la-viabilita-della-garfagnana\/"]}]},{"@type":"ImageObject","inLanguage":"it-IT","@id":"https:\/\/www.intoscana.it\/it\/terminati-i-lavori-sulla-strada-dellorecchiella-intervento-importante-per-la-viabilita-della-garfagnana\/#primaryimage","url":"https:\/\/www.intoscana.it\/wp-content\/uploads\/strada-orecchiella_2.jpeg","contentUrl":"https:\/\/www.intoscana.it\/wp-content\/uploads\/strada-orecchiella_2.jpeg","width":1331,"height":965},{"@type":"BreadcrumbList","@id":"https:\/\/www.intoscana.it\/it\/terminati-i-lavori-sulla-strada-dellorecchiella-intervento-importante-per-la-viabilita-della-garfagnana\/#breadcrumb","itemListElement":[{"@type":"ListItem","position":1,"name":"Home","item":"https:\/\/www.intoscana.it\/it\/"},{"@type":"ListItem","position":2,"name":"Terminati i lavori sulla strada dell&#8217;Orecchiella: intervento importante per la viabilit\u00e0 della Garfagnana"}]},{"@type":"WebSite","@id":"https:\/\/www.intoscana.it\/it\/#website","url":"https:\/\/www.intoscana.it\/it\/","name":"intoscana","description":"","potentialAction":[{"@type":"SearchAction","target":{"@type":"EntryPoint","urlTemplate":"https:\/\/www.intoscana.it\/it\/?s={search_term_string}"},"query-input":{"@type":"PropertyValueSpecification","valueRequired":true,"valueName":"search_term_string"}}],"inLanguage":"it-IT"},{"@type":"Person","@id":"https:\/\/www.intoscana.it\/it\/#\/schema\/person\/9223810753230f20bd670fdd322661f8","name":"Redazione","url":"https:\/\/www.intoscana.it\/it\/author\/redazione\/"}]}},"_links":{"self":[{"href":"https:\/\/www.intoscana.it\/it\/wp-json\/wp\/v2\/posts\/374180","targetHints":{"allow":["GET"]}}],"collection":[{"href":"https:\/\/www.intoscana.it\/it\/wp-json\/wp\/v2\/posts"}],"about":[{"href":"https:\/\/www.intoscana.it\/it\/wp-json\/wp\/v2\/types\/post"}],"author":[{"embeddable":true,"href":"https:\/\/www.intoscana.it\/it\/wp-json\/wp\/v2\/users\/525"}],"replies":[{"embeddable":true,"href":"https:\/\/www.intoscana.it\/it\/wp-json\/wp\/v2\/comments?post=374180"}],"version-history":[{"count":5,"href":"https:\/\/www.intoscana.it\/it\/wp-json\/wp\/v2\/posts\/374180\/revisions"}],"predecessor-version":[{"id":374335,"href":"https:\/\/www.intoscana.it\/it\/wp-json\/wp\/v2\/posts\/374180\/revisions\/374335"}],"wp:featuredmedia":[{"embeddable":true,"href":"https:\/\/www.intoscana.it\/it\/wp-json\/wp\/v2\/media\/374184"}],"wp:attachment":[{"href":"https:\/\/www.intoscana.it\/it\/wp-json\/wp\/v2\/media?parent=374180"}],"wp:term":[{"taxonomy":"category","embeddable":true,"href":"https:\/\/www.intoscana.it\/it\/wp-json\/wp\/v2\/categories?post=374180"},{"taxonomy":"post_tag","embeddable":true,"href":"https:\/\/www.intoscana.it\/it\/wp-json\/wp\/v2\/tags?post=374180"}],"curies":[{"name":"wp","href":"https:\/\/api.w.org\/{rel}","templated":true}]}}