{"id":374209,"date":"2025-02-10T09:03:17","date_gmt":"2025-02-10T08:03:17","guid":{"rendered":"https:\/\/www.intoscana.it\/it\/?p=374209"},"modified":"2025-02-10T09:03:17","modified_gmt":"2025-02-10T08:03:17","slug":"da-viareggio-a-foiano-della-chiana-al-via-il-carnevale-in-toscana","status":"publish","type":"post","link":"https:\/\/www.intoscana.it\/it\/da-viareggio-a-foiano-della-chiana-al-via-il-carnevale-in-toscana\/","title":{"rendered":"Da Viareggio a Foiano della Chiana, al via il Carnevale in Toscana"},"content":{"rendered":"<p>Il maltempo non fermato il <strong>Carnevale in Toscana<\/strong>. A Viareggio, sabato 8 febbraio, <mark>la Burlamacca issata sul pennone di piazza Mazzini ha dato il via ufficiale all\u2019edizione 2025 del Carnevale di Viareggio, la numero 152,\u00a0 dedicata alla pace,<\/mark> con l&#8217;attesa cerimonia ufficiale a cui ha partecipato anche il presidente della Regione, <strong>Eugenio Giani<\/strong>. Il corso mascherato \u00e8 stato rinviato invece al giorno dopo, domenica 9 febbraio, con i giganti di cartapesta che hanno sfilato sui viali a mare.<\/p>\n<h3><em>Il Carnevaledi Viareggio per la pace<\/em><\/h3>\n<p>Tre colpi di cannone e alle 15 \u00e8 iniziata la sfilata dei 9 carri di prima categoria, 4 di seconda categoria, 8 mascherate di gruppo e altrettante isolate. Aspettative alte per <a href=\"https:\/\/www.intoscana.it\/it\/dettaglio-video\/carnevale-di-viareggio-2025-in-anteprima-i-carri-in-sfilata\/\" target=\"_blank\" rel=\"noopener\">le opere dei maestri della cartapesta<\/a>, con un ritorno forte alla satira, che anche questa volta non sono andate disattese.<\/p>\n<p>Alessandro Avanzini in prima categoria sul carro &#8220;Per una sana e robusta Costituzione&#8221; evoca il premierato di Giorgia Meloni. Luca Bertozzi, con il suo carro dal titolo `La grande condottiera\u00b4 parla d tv e della sua signora, Maria De Filippi, mentre la carrista Priscilla Borri ha voluto omaggiare l&#8217;attore <a href=\"https:\/\/www.intoscana.it\/it\/dettaglio-video\/francesco-nuti-un-carro-del-carnevale-di-viareggio-omaggia-il-suo-genio\/\" target=\"_blank\" rel=\"noopener\">Francesco Nuti<\/a>. Le contraddizioni e rischi dei social sono stati lo spunto per la costruzione del carro di Umberto, Stefano, Michele e Jacopo Cinquini dal titolo `Come tu mi vuoi&#8217;. Carlo e Lorenzo Lombardi immaginano invece l&#8217;elezione di una <strong>Papessa<\/strong> in Vaticano, mentre per una societ\u00e0 in cui si ha sempre paura del diverso Jacopo Allegrucci, il campione in carica, cita Frankenstein di Mary Shelley. La <strong>guerra<\/strong> entra nel Carnevale con i carristi Lebigre e Roger con &#8220;La tempesta&#8221;.\u00a0Massimo e Alessandro Breschi evidenziano la solitudine celata dietro la societ\u00e0 iperconnessa. Fabrizio e Valentina Galli con `Gli ultimi eroi dell&#8217;innocenza\u00b4 testimoniano che i bambini sono l&#8217;ultima speranza per un futuro di pace. `Nuova generazione balliamo sul mondo\u00b4 \u00e8 l&#8217;opera di Roberto Vannucci che ha voluto omaggiare gli <strong>anziani<\/strong>. Al termine della sfilata si \u00e8 svolto lo spettacolo pirotecnico.<\/p>\n<figure id=\"post-374212 media-374212\" class=\"align-none\"><img decoding=\"async\" src=\"https:\/\/www.intoscana.it\/wp-content\/uploads\/vlcsnap-2025-02-08-19h52m37s730.jpg\" alt=\"\" \/><\/figure>\n<div class=\"titleimg\"><\/div>\n<p>\u201cL\u2019edizione del Carnevale di quest\u2019anno \u00e8 all\u2019insegna della pace &#8211; ha ricordato il presidente &#8211; e in questo mondo dilaniato dai conflitti ce n\u2019\u00e8 tanto bisogno. Pensiamo al Medio Oriente, all\u2019Ucraina, al Congo e ai tanti focolai che si creano ogni giorno. <mark>Il Carnevale vuole essere invece un luogo di allegria, di ironia, del sentimento di comunit\u00e0 e di partecipazione popolare, quindi di festa e di armonia.<\/mark> E\u2019 molto bello che <strong>Marialina Marcucci<\/strong> quest\u2019anno abbia voluto scegliere il tema della pace, la ringrazio perch\u00e9 ha dimostrato una sensibilit\u00e0 particolare e ricordato che il Carnevale \u00e8 s\u00ec divertimento ma anche riflessione sul mondo che ci circonda\u201d.<\/p>\n<h3><em>Grande festa a Foiano della Chiana, il Carnevale pi\u00f9 antico<\/em><\/h3>\n<p>Taglio del nastro, domenica 9 febbraio, per l\u2019edizione 2025 del <strong>Carnevale di Foiano della Chiana<\/strong>. Il presidente Eugenio Giani con il sindaco Jacopo Franci, accompagnato da Re Giocondo maschera simbolo della festa, ha dato il via alla <mark>manifestazione che per cinque domeniche consecutive, fino al 9 marzo, porter\u00e0 nel borgo medievale carri, maschere e allegria.<\/mark><\/p>\n<figure id=\"post-374211 media-374211\" class=\"align-none\"><img decoding=\"async\" src=\"https:\/\/www.intoscana.it\/wp-content\/uploads\/Eugenio-Giani-al-Carnevale-di-Foiano-della-Chiana.jpeg\" alt=\"\" \/><\/figure>\n<div class=\"titleimg\">Eugenio Giani al Carnevale di Foiano della Chiana<\/div>\n<p>\u201cIl Carnevale di Foiano della Chiana festeggia infatti quest\u2019anno la sua 486\u00aa edizione &#8211; ha detto Giani &#8211; e l\u2019entusiasmo e la partecipazione intorno a questo evento continuano a coinvolgere tantissime persone: \u00e8 un\u2019esplosione di colori e tradizione che continua dal 1539. <mark>Allegria, voglia di stare insieme, espressione del senso di comunit\u00e0 e di appartenenza, ma anche quel saper fare artigiano che si tramanda attraverso le generazioni, punto di forza della nostra Toscana, caratterizzano il Carnevale di Foiano.<\/mark> Un\u2019iniziativa di valore, portata avanti grazie al prezioso lavoro di tanti volontari, che rende ancora pi\u00f9 affascinante e attrattivo il borgo che \u00e8 un esempio della bellezza della Toscana diffusa\u201d.<\/p>\n","protected":false},"excerpt":{"rendered":"<p>Iniaziano le sfilate di carri e maschere, da nord a sud della regione. Il presidente Eugenio Giani alle cerimonie di inaugurazione<\/p>\n","protected":false},"author":525,"featured_media":374213,"comment_status":"open","ping_status":"open","sticky":false,"template":"","format":"standard","meta":{"_acf_changed":false,"footnotes":""},"categories":[493],"tags":[269,6576,1533,158],"class_list":["post-374209","post","type-post","status-publish","format-standard","has-post-thumbnail","hentry","category-cultura","tag-carnevale","tag-carnevale-di-foiano","tag-carnevale-di-viareggio","tag-eugenio-giani"],"acf":[],"yoast_head":"<!-- This site is optimized with the Yoast SEO Premium plugin v24.2 (Yoast SEO v25.6) - https:\/\/yoast.com\/wordpress\/plugins\/seo\/ -->\n<title>Da Viareggio a Foiano della Chiana, al via il Carnevale in Toscana - intoscana<\/title>\n<meta name=\"description\" content=\"Iniaziano le sfilate di carri e maschere, da nord a sud della regione. Il presidente Eugenio Giani alle cerimonie di inaugurazione\" \/>\n<meta name=\"robots\" content=\"index, follow, max-snippet:-1, max-image-preview:large, max-video-preview:-1\" \/>\n<link rel=\"canonical\" href=\"https:\/\/www.intoscana.it\/it\/da-viareggio-a-foiano-della-chiana-al-via-il-carnevale-in-toscana\/\" \/>\n<meta property=\"og:locale\" content=\"it_IT\" \/>\n<meta property=\"og:type\" content=\"article\" \/>\n<meta property=\"og:title\" content=\"Da Viareggio a Foiano della Chiana, al via il Carnevale in Toscana\" \/>\n<meta property=\"og:description\" content=\"Iniaziano le sfilate di carri e maschere, da nord a sud della regione. Il presidente Eugenio Giani alle cerimonie di inaugurazione\" \/>\n<meta property=\"og:url\" content=\"https:\/\/www.intoscana.it\/it\/da-viareggio-a-foiano-della-chiana-al-via-il-carnevale-in-toscana\/\" \/>\n<meta property=\"og:site_name\" content=\"intoscana\" \/>\n<meta property=\"article:publisher\" content=\"https:\/\/www.facebook.com\/intoscana.it\" \/>\n<meta property=\"article:published_time\" content=\"2025-02-10T08:03:17+00:00\" \/>\n<meta property=\"og:image\" content=\"https:\/\/www.intoscana.it\/wp-content\/uploads\/CarnevaleViareggio25-scaled-e1739174155355.jpeg\" \/>\n\t<meta property=\"og:image:width\" content=\"1536\" \/>\n\t<meta property=\"og:image:height\" content=\"918\" \/>\n\t<meta property=\"og:image:type\" content=\"image\/jpeg\" \/>\n<meta name=\"author\" content=\"Redazione\" \/>\n<meta name=\"twitter:card\" content=\"summary_large_image\" \/>\n<meta name=\"twitter:creator\" content=\"@intoscana\" \/>\n<meta name=\"twitter:site\" content=\"@intoscana\" \/>\n<meta name=\"twitter:label1\" content=\"Written by\" \/>\n\t<meta name=\"twitter:data1\" content=\"Redazione\" \/>\n\t<meta name=\"twitter:label2\" content=\"Est. reading time\" \/>\n\t<meta name=\"twitter:data2\" content=\"4 minuti\" \/>\n<script type=\"application\/ld+json\" class=\"yoast-schema-graph\">{\"@context\":\"https:\/\/schema.org\",\"@graph\":[{\"@type\":\"WebPage\",\"@id\":\"https:\/\/www.intoscana.it\/it\/da-viareggio-a-foiano-della-chiana-al-via-il-carnevale-in-toscana\/\",\"url\":\"https:\/\/www.intoscana.it\/it\/da-viareggio-a-foiano-della-chiana-al-via-il-carnevale-in-toscana\/\",\"name\":\"Da Viareggio a Foiano della Chiana, al via il Carnevale in Toscana - intoscana\",\"isPartOf\":{\"@id\":\"https:\/\/www.intoscana.it\/it\/#website\"},\"primaryImageOfPage\":{\"@id\":\"https:\/\/www.intoscana.it\/it\/da-viareggio-a-foiano-della-chiana-al-via-il-carnevale-in-toscana\/#primaryimage\"},\"image\":{\"@id\":\"https:\/\/www.intoscana.it\/it\/da-viareggio-a-foiano-della-chiana-al-via-il-carnevale-in-toscana\/#primaryimage\"},\"thumbnailUrl\":\"https:\/\/www.intoscana.it\/wp-content\/uploads\/CarnevaleViareggio25-scaled-e1739174155355.jpeg\",\"datePublished\":\"2025-02-10T08:03:17+00:00\",\"author\":{\"@id\":\"https:\/\/www.intoscana.it\/it\/#\/schema\/person\/9223810753230f20bd670fdd322661f8\"},\"description\":\"Iniaziano le sfilate di carri e maschere, da nord a sud della regione. Il presidente Eugenio Giani alle cerimonie di inaugurazione\",\"breadcrumb\":{\"@id\":\"https:\/\/www.intoscana.it\/it\/da-viareggio-a-foiano-della-chiana-al-via-il-carnevale-in-toscana\/#breadcrumb\"},\"inLanguage\":\"it-IT\",\"potentialAction\":[{\"@type\":\"ReadAction\",\"target\":[\"https:\/\/www.intoscana.it\/it\/da-viareggio-a-foiano-della-chiana-al-via-il-carnevale-in-toscana\/\"]}]},{\"@type\":\"ImageObject\",\"inLanguage\":\"it-IT\",\"@id\":\"https:\/\/www.intoscana.it\/it\/da-viareggio-a-foiano-della-chiana-al-via-il-carnevale-in-toscana\/#primaryimage\",\"url\":\"https:\/\/www.intoscana.it\/wp-content\/uploads\/CarnevaleViareggio25-scaled-e1739174155355.jpeg\",\"contentUrl\":\"https:\/\/www.intoscana.it\/wp-content\/uploads\/CarnevaleViareggio25-scaled-e1739174155355.jpeg\",\"width\":1536,\"height\":918},{\"@type\":\"BreadcrumbList\",\"@id\":\"https:\/\/www.intoscana.it\/it\/da-viareggio-a-foiano-della-chiana-al-via-il-carnevale-in-toscana\/#breadcrumb\",\"itemListElement\":[{\"@type\":\"ListItem\",\"position\":1,\"name\":\"Home\",\"item\":\"https:\/\/www.intoscana.it\/it\/\"},{\"@type\":\"ListItem\",\"position\":2,\"name\":\"Da Viareggio a Foiano della Chiana, al via il Carnevale in Toscana\"}]},{\"@type\":\"WebSite\",\"@id\":\"https:\/\/www.intoscana.it\/it\/#website\",\"url\":\"https:\/\/www.intoscana.it\/it\/\",\"name\":\"intoscana\",\"description\":\"\",\"potentialAction\":[{\"@type\":\"SearchAction\",\"target\":{\"@type\":\"EntryPoint\",\"urlTemplate\":\"https:\/\/www.intoscana.it\/it\/?s={search_term_string}\"},\"query-input\":{\"@type\":\"PropertyValueSpecification\",\"valueRequired\":true,\"valueName\":\"search_term_string\"}}],\"inLanguage\":\"it-IT\"},{\"@type\":\"Person\",\"@id\":\"https:\/\/www.intoscana.it\/it\/#\/schema\/person\/9223810753230f20bd670fdd322661f8\",\"name\":\"Redazione\",\"url\":\"https:\/\/www.intoscana.it\/it\/author\/redazione\/\"}]}<\/script>\n<!-- \/ Yoast SEO Premium plugin. -->","yoast_head_json":{"title":"Da Viareggio a Foiano della Chiana, al via il Carnevale in Toscana - intoscana","description":"Iniaziano le sfilate di carri e maschere, da nord a sud della regione. Il presidente Eugenio Giani alle cerimonie di inaugurazione","robots":{"index":"index","follow":"follow","max-snippet":"max-snippet:-1","max-image-preview":"max-image-preview:large","max-video-preview":"max-video-preview:-1"},"canonical":"https:\/\/www.intoscana.it\/it\/da-viareggio-a-foiano-della-chiana-al-via-il-carnevale-in-toscana\/","og_locale":"it_IT","og_type":"article","og_title":"Da Viareggio a Foiano della Chiana, al via il Carnevale in Toscana","og_description":"Iniaziano le sfilate di carri e maschere, da nord a sud della regione. Il presidente Eugenio Giani alle cerimonie di inaugurazione","og_url":"https:\/\/www.intoscana.it\/it\/da-viareggio-a-foiano-della-chiana-al-via-il-carnevale-in-toscana\/","og_site_name":"intoscana","article_publisher":"https:\/\/www.facebook.com\/intoscana.it","article_published_time":"2025-02-10T08:03:17+00:00","og_image":[{"width":1536,"height":918,"url":"https:\/\/www.intoscana.it\/wp-content\/uploads\/CarnevaleViareggio25-scaled-e1739174155355.jpeg","type":"image\/jpeg"}],"author":"Redazione","twitter_card":"summary_large_image","twitter_creator":"@intoscana","twitter_site":"@intoscana","twitter_misc":{"Written by":"Redazione","Est. reading time":"4 minuti"},"schema":{"@context":"https:\/\/schema.org","@graph":[{"@type":"WebPage","@id":"https:\/\/www.intoscana.it\/it\/da-viareggio-a-foiano-della-chiana-al-via-il-carnevale-in-toscana\/","url":"https:\/\/www.intoscana.it\/it\/da-viareggio-a-foiano-della-chiana-al-via-il-carnevale-in-toscana\/","name":"Da Viareggio a Foiano della Chiana, al via il Carnevale in Toscana - intoscana","isPartOf":{"@id":"https:\/\/www.intoscana.it\/it\/#website"},"primaryImageOfPage":{"@id":"https:\/\/www.intoscana.it\/it\/da-viareggio-a-foiano-della-chiana-al-via-il-carnevale-in-toscana\/#primaryimage"},"image":{"@id":"https:\/\/www.intoscana.it\/it\/da-viareggio-a-foiano-della-chiana-al-via-il-carnevale-in-toscana\/#primaryimage"},"thumbnailUrl":"https:\/\/www.intoscana.it\/wp-content\/uploads\/CarnevaleViareggio25-scaled-e1739174155355.jpeg","datePublished":"2025-02-10T08:03:17+00:00","author":{"@id":"https:\/\/www.intoscana.it\/it\/#\/schema\/person\/9223810753230f20bd670fdd322661f8"},"description":"Iniaziano le sfilate di carri e maschere, da nord a sud della regione. Il presidente Eugenio Giani alle cerimonie di inaugurazione","breadcrumb":{"@id":"https:\/\/www.intoscana.it\/it\/da-viareggio-a-foiano-della-chiana-al-via-il-carnevale-in-toscana\/#breadcrumb"},"inLanguage":"it-IT","potentialAction":[{"@type":"ReadAction","target":["https:\/\/www.intoscana.it\/it\/da-viareggio-a-foiano-della-chiana-al-via-il-carnevale-in-toscana\/"]}]},{"@type":"ImageObject","inLanguage":"it-IT","@id":"https:\/\/www.intoscana.it\/it\/da-viareggio-a-foiano-della-chiana-al-via-il-carnevale-in-toscana\/#primaryimage","url":"https:\/\/www.intoscana.it\/wp-content\/uploads\/CarnevaleViareggio25-scaled-e1739174155355.jpeg","contentUrl":"https:\/\/www.intoscana.it\/wp-content\/uploads\/CarnevaleViareggio25-scaled-e1739174155355.jpeg","width":1536,"height":918},{"@type":"BreadcrumbList","@id":"https:\/\/www.intoscana.it\/it\/da-viareggio-a-foiano-della-chiana-al-via-il-carnevale-in-toscana\/#breadcrumb","itemListElement":[{"@type":"ListItem","position":1,"name":"Home","item":"https:\/\/www.intoscana.it\/it\/"},{"@type":"ListItem","position":2,"name":"Da Viareggio a Foiano della Chiana, al via il Carnevale in Toscana"}]},{"@type":"WebSite","@id":"https:\/\/www.intoscana.it\/it\/#website","url":"https:\/\/www.intoscana.it\/it\/","name":"intoscana","description":"","potentialAction":[{"@type":"SearchAction","target":{"@type":"EntryPoint","urlTemplate":"https:\/\/www.intoscana.it\/it\/?s={search_term_string}"},"query-input":{"@type":"PropertyValueSpecification","valueRequired":true,"valueName":"search_term_string"}}],"inLanguage":"it-IT"},{"@type":"Person","@id":"https:\/\/www.intoscana.it\/it\/#\/schema\/person\/9223810753230f20bd670fdd322661f8","name":"Redazione","url":"https:\/\/www.intoscana.it\/it\/author\/redazione\/"}]}},"_links":{"self":[{"href":"https:\/\/www.intoscana.it\/it\/wp-json\/wp\/v2\/posts\/374209","targetHints":{"allow":["GET"]}}],"collection":[{"href":"https:\/\/www.intoscana.it\/it\/wp-json\/wp\/v2\/posts"}],"about":[{"href":"https:\/\/www.intoscana.it\/it\/wp-json\/wp\/v2\/types\/post"}],"author":[{"embeddable":true,"href":"https:\/\/www.intoscana.it\/it\/wp-json\/wp\/v2\/users\/525"}],"replies":[{"embeddable":true,"href":"https:\/\/www.intoscana.it\/it\/wp-json\/wp\/v2\/comments?post=374209"}],"version-history":[{"count":4,"href":"https:\/\/www.intoscana.it\/it\/wp-json\/wp\/v2\/posts\/374209\/revisions"}],"predecessor-version":[{"id":374219,"href":"https:\/\/www.intoscana.it\/it\/wp-json\/wp\/v2\/posts\/374209\/revisions\/374219"}],"wp:featuredmedia":[{"embeddable":true,"href":"https:\/\/www.intoscana.it\/it\/wp-json\/wp\/v2\/media\/374213"}],"wp:attachment":[{"href":"https:\/\/www.intoscana.it\/it\/wp-json\/wp\/v2\/media?parent=374209"}],"wp:term":[{"taxonomy":"category","embeddable":true,"href":"https:\/\/www.intoscana.it\/it\/wp-json\/wp\/v2\/categories?post=374209"},{"taxonomy":"post_tag","embeddable":true,"href":"https:\/\/www.intoscana.it\/it\/wp-json\/wp\/v2\/tags?post=374209"}],"curies":[{"name":"wp","href":"https:\/\/api.w.org\/{rel}","templated":true}]}}