{"id":374695,"date":"2025-02-12T15:11:42","date_gmt":"2025-02-12T14:11:42","guid":{"rendered":"https:\/\/www.intoscana.it\/it\/?p=374695"},"modified":"2025-02-12T15:17:07","modified_gmt":"2025-02-12T14:17:07","slug":"la-regione-toscana-per-la-prima-volta-a-testo-la-kermesse-delleditoria-contemporanea","status":"publish","type":"post","link":"https:\/\/www.intoscana.it\/it\/la-regione-toscana-per-la-prima-volta-a-testo-la-kermesse-delleditoria-contemporanea\/","title":{"rendered":"La Regione Toscana per la prima volta a TESTO la kermesse dell\u2019editoria contemporanea"},"content":{"rendered":"<p>Anche la <strong>Regione Toscana<\/strong> sar\u00e0 presente a <strong>TESTO [Come si diventa un libro], l\u2019evento dedicato all\u2019editoria contemporanea<\/strong> eche si terr\u00e0 alla Stazione Leopolda, a Firenze, <strong>dal 28 febbraio al 2 marzo prossimi.<\/strong><\/p>\n<p>La Regione per la prima volta avr\u00e0 un suo spazio dedicato al <a href=\"https:\/\/www.intoscana.it\/it\/e-morto-oliviero-toscani-il-fotografo-che-ha-rivoluzionato-il-mondo-della-comunicazione\/\" target=\"_blank\" rel=\"noopener\"><strong>ricordo di Oliviero Toscani<\/strong><\/a> e del suo impegno a favore della <strong>Toscana delle Donne<\/strong>, il progetto regionale che persegue la parit\u00e0 di genere anche mobilitando protagonisti e protagoniste del mondo culturale.<\/p>\n<p>La Regione ha allestito uno spazio in cui saranno ospitati<strong> incontri dedicati ai vari progetti regionali dedicati alla promozione della lettura<\/strong>, alle biblioteche, alle sue iniziative editoriali e alle attivit\u00e0 della Stamperia Braille.<\/p>\n<p><em>\u201cQuesta \u00e8 una manifestazione \u2013<\/em><strong> ha detto il presidente Eugenio Giani,<\/strong> intervenuto alla presentazione dell\u2019evento che si \u00e8 svolta al Gabinetto Viesseux <em>&#8211; che punta su qualit\u00e0 e profondit\u00e0 dei contenuti e dei messaggi, nella citt\u00e0 che storicamente \u00e8 stata la citt\u00e0 dell&#8217;editoria ai tempi di Firenze capitale. L\u2019obiettivo non \u00e8 inseguire il Salone di Torino ma puntare a una manifestazione di eccellenza sul piano nazionale. E iniziamo quest&#8217;anno come Regione con una prima presenza e un primo contributo con la prospettiva di crescere insieme\u201d.<\/em><\/p>\n<p><em>\u201cPer la prima volta \u2013 <\/em>ha spiegato la <strong>presidente della commissione Cultura del Consiglio regionale Cristina Giachi<\/strong> \u2013<em> la Regione Toscana partecipa a Testo, il salone del libro che alla quarta edizione si \u00e8 gi\u00e0 affermato tra le manifestazioni pi\u00f9 importanti nel settore. Parteciperemo con una riflessione sulle residenze artistiche in Toscana: residenze teatrali, museali, e mediterranee. In Toscana gli artisti trovano un contesto ideale e favorevole per la loro attivit\u00e0. L\u2019idea \u00e8 quella di promuovere un censimento di questi luoghi, e di tracciarne un profilo ideale. La Toscana parteciper\u00e0 anche con un proprio stand, nel quale ospitare eventi a sostegno dell\u2019editoria Toscana, oltre che eventi dedicati alla lettura e alla sua promozione nelle scuole presentando il progetto leggere forte. Un appuntamento da non perdere sar\u00e0 infine quello con la stamperia Braille e il suo straordinario lavoro\u201d.<\/em><\/p>\n<p><strong>Le case editrici presenti in Stazione Leopolda \u2013<\/strong> con una selezione ragionata di libri e novit\u00e0 \u2013<strong> saranno quest\u2019anno 176, di cui 44 alla loro prima edizione<\/strong> di TESTO, oltre 210 gli ospiti che animeranno pi\u00f9 di 200 incontri.<\/p>\n<p><strong>STARE \u00e8 la dichiarazione di intenti di questa edizione<\/strong>, il suo manifesto \u2013 stare ad ascoltare, stare a leggere, stare a pensare \u2013, un invito a fermarsi per contribuire con maggior consapevolezza al dibattito intorno a noi.<\/p>\n<p>Nelle due navate della <strong>Stazione Leopolda<\/strong>, nell\u2019<strong>allestimento curato da Alessandro Moradei,<\/strong> ogni editore propone una selezione di titoli, scelti dal proprio catalogo e tra le novit\u00e0, organizzati su grandi tavoli e librerie.<\/p>\n<p>Grazie al confronto con <strong>editor, redattori e uffici stampa e a visite guidate a cura dei librai,<\/strong> i lettori potranno immergersi nello spirito delle proposte come se esplorassero una grande e variegata libreria.<\/p>\n","protected":false},"excerpt":{"rendered":"<p>La Regione ha allestito uno spazio in cui saranno ospitati incontri dedicati ai vari progetti regionali dedicati alla promozione della lettura, alle biblioteche, alle sue iniziative editoriali e alle attivit\u00e0 della Stamperia Braille<\/p>\n","protected":false},"author":525,"featured_media":371822,"comment_status":"open","ping_status":"open","sticky":false,"template":"","format":"standard","meta":{"_acf_changed":false,"footnotes":""},"categories":[493],"tags":[210,403,151],"class_list":["post-374695","post","type-post","status-publish","format-standard","has-post-thumbnail","hentry","category-cultura","tag-libri","tag-pitti-immagine","tag-regione-toscana"],"acf":[],"yoast_head":"<!-- This site is optimized with the Yoast SEO Premium plugin v24.2 (Yoast SEO v25.6) - https:\/\/yoast.com\/wordpress\/plugins\/seo\/ -->\n<title>La Regione Toscana per la prima volta a TESTO la kermesse dell\u2019editoria contemporanea - intoscana<\/title>\n<meta name=\"description\" content=\"La Regione ha allestito uno spazio in cui saranno ospitati incontri sui vari progetti regionali dedicati alla promozione della lettura\" \/>\n<meta name=\"robots\" content=\"index, follow, max-snippet:-1, max-image-preview:large, max-video-preview:-1\" \/>\n<link rel=\"canonical\" href=\"https:\/\/www.intoscana.it\/it\/la-regione-toscana-per-la-prima-volta-a-testo-la-kermesse-delleditoria-contemporanea\/\" \/>\n<meta property=\"og:locale\" content=\"it_IT\" \/>\n<meta property=\"og:type\" content=\"article\" \/>\n<meta property=\"og:title\" content=\"La Regione Toscana per la prima volta a TESTO la kermesse dell\u2019editoria contemporanea\" \/>\n<meta property=\"og:description\" content=\"La Regione ha allestito uno spazio in cui saranno ospitati incontri sui vari progetti regionali dedicati alla promozione della lettura\" \/>\n<meta property=\"og:url\" content=\"https:\/\/www.intoscana.it\/it\/la-regione-toscana-per-la-prima-volta-a-testo-la-kermesse-delleditoria-contemporanea\/\" \/>\n<meta property=\"og:site_name\" content=\"intoscana\" \/>\n<meta property=\"article:publisher\" content=\"https:\/\/www.facebook.com\/intoscana.it\" \/>\n<meta property=\"article:published_time\" content=\"2025-02-12T14:11:42+00:00\" \/>\n<meta property=\"article:modified_time\" content=\"2025-02-12T14:17:07+00:00\" \/>\n<meta property=\"og:image\" content=\"https:\/\/www.intoscana.it\/wp-content\/uploads\/Ingressi_021.jpg\" \/>\n\t<meta property=\"og:image:width\" content=\"900\" \/>\n\t<meta property=\"og:image:height\" content=\"600\" \/>\n\t<meta property=\"og:image:type\" content=\"image\/jpeg\" \/>\n<meta name=\"author\" content=\"Redazione\" \/>\n<meta name=\"twitter:card\" content=\"summary_large_image\" \/>\n<meta name=\"twitter:creator\" content=\"@intoscana\" \/>\n<meta name=\"twitter:site\" content=\"@intoscana\" \/>\n<meta name=\"twitter:label1\" content=\"Written by\" \/>\n\t<meta name=\"twitter:data1\" content=\"Redazione\" \/>\n\t<meta name=\"twitter:label2\" content=\"Est. reading time\" \/>\n\t<meta name=\"twitter:data2\" content=\"3 minuti\" \/>\n<script type=\"application\/ld+json\" class=\"yoast-schema-graph\">{\"@context\":\"https:\/\/schema.org\",\"@graph\":[{\"@type\":\"WebPage\",\"@id\":\"https:\/\/www.intoscana.it\/it\/la-regione-toscana-per-la-prima-volta-a-testo-la-kermesse-delleditoria-contemporanea\/\",\"url\":\"https:\/\/www.intoscana.it\/it\/la-regione-toscana-per-la-prima-volta-a-testo-la-kermesse-delleditoria-contemporanea\/\",\"name\":\"La Regione Toscana per la prima volta a TESTO la kermesse dell\u2019editoria contemporanea - intoscana\",\"isPartOf\":{\"@id\":\"https:\/\/www.intoscana.it\/it\/#website\"},\"primaryImageOfPage\":{\"@id\":\"https:\/\/www.intoscana.it\/it\/la-regione-toscana-per-la-prima-volta-a-testo-la-kermesse-delleditoria-contemporanea\/#primaryimage\"},\"image\":{\"@id\":\"https:\/\/www.intoscana.it\/it\/la-regione-toscana-per-la-prima-volta-a-testo-la-kermesse-delleditoria-contemporanea\/#primaryimage\"},\"thumbnailUrl\":\"https:\/\/www.intoscana.it\/wp-content\/uploads\/Ingressi_021.jpg\",\"datePublished\":\"2025-02-12T14:11:42+00:00\",\"dateModified\":\"2025-02-12T14:17:07+00:00\",\"author\":{\"@id\":\"https:\/\/www.intoscana.it\/it\/#\/schema\/person\/9223810753230f20bd670fdd322661f8\"},\"description\":\"La Regione ha allestito uno spazio in cui saranno ospitati incontri sui vari progetti regionali dedicati alla promozione della lettura\",\"breadcrumb\":{\"@id\":\"https:\/\/www.intoscana.it\/it\/la-regione-toscana-per-la-prima-volta-a-testo-la-kermesse-delleditoria-contemporanea\/#breadcrumb\"},\"inLanguage\":\"it-IT\",\"potentialAction\":[{\"@type\":\"ReadAction\",\"target\":[\"https:\/\/www.intoscana.it\/it\/la-regione-toscana-per-la-prima-volta-a-testo-la-kermesse-delleditoria-contemporanea\/\"]}]},{\"@type\":\"ImageObject\",\"inLanguage\":\"it-IT\",\"@id\":\"https:\/\/www.intoscana.it\/it\/la-regione-toscana-per-la-prima-volta-a-testo-la-kermesse-delleditoria-contemporanea\/#primaryimage\",\"url\":\"https:\/\/www.intoscana.it\/wp-content\/uploads\/Ingressi_021.jpg\",\"contentUrl\":\"https:\/\/www.intoscana.it\/wp-content\/uploads\/Ingressi_021.jpg\",\"width\":900,\"height\":600,\"caption\":\"Testo\"},{\"@type\":\"BreadcrumbList\",\"@id\":\"https:\/\/www.intoscana.it\/it\/la-regione-toscana-per-la-prima-volta-a-testo-la-kermesse-delleditoria-contemporanea\/#breadcrumb\",\"itemListElement\":[{\"@type\":\"ListItem\",\"position\":1,\"name\":\"Home\",\"item\":\"https:\/\/www.intoscana.it\/it\/\"},{\"@type\":\"ListItem\",\"position\":2,\"name\":\"La Regione Toscana per la prima volta a TESTO la kermesse dell\u2019editoria contemporanea\"}]},{\"@type\":\"WebSite\",\"@id\":\"https:\/\/www.intoscana.it\/it\/#website\",\"url\":\"https:\/\/www.intoscana.it\/it\/\",\"name\":\"intoscana\",\"description\":\"\",\"potentialAction\":[{\"@type\":\"SearchAction\",\"target\":{\"@type\":\"EntryPoint\",\"urlTemplate\":\"https:\/\/www.intoscana.it\/it\/?s={search_term_string}\"},\"query-input\":{\"@type\":\"PropertyValueSpecification\",\"valueRequired\":true,\"valueName\":\"search_term_string\"}}],\"inLanguage\":\"it-IT\"},{\"@type\":\"Person\",\"@id\":\"https:\/\/www.intoscana.it\/it\/#\/schema\/person\/9223810753230f20bd670fdd322661f8\",\"name\":\"Redazione\",\"url\":\"https:\/\/www.intoscana.it\/it\/author\/redazione\/\"}]}<\/script>\n<!-- \/ Yoast SEO Premium plugin. -->","yoast_head_json":{"title":"La Regione Toscana per la prima volta a TESTO la kermesse dell\u2019editoria contemporanea - intoscana","description":"La Regione ha allestito uno spazio in cui saranno ospitati incontri sui vari progetti regionali dedicati alla promozione della lettura","robots":{"index":"index","follow":"follow","max-snippet":"max-snippet:-1","max-image-preview":"max-image-preview:large","max-video-preview":"max-video-preview:-1"},"canonical":"https:\/\/www.intoscana.it\/it\/la-regione-toscana-per-la-prima-volta-a-testo-la-kermesse-delleditoria-contemporanea\/","og_locale":"it_IT","og_type":"article","og_title":"La Regione Toscana per la prima volta a TESTO la kermesse dell\u2019editoria contemporanea","og_description":"La Regione ha allestito uno spazio in cui saranno ospitati incontri sui vari progetti regionali dedicati alla promozione della lettura","og_url":"https:\/\/www.intoscana.it\/it\/la-regione-toscana-per-la-prima-volta-a-testo-la-kermesse-delleditoria-contemporanea\/","og_site_name":"intoscana","article_publisher":"https:\/\/www.facebook.com\/intoscana.it","article_published_time":"2025-02-12T14:11:42+00:00","article_modified_time":"2025-02-12T14:17:07+00:00","og_image":[{"width":900,"height":600,"url":"https:\/\/www.intoscana.it\/wp-content\/uploads\/Ingressi_021.jpg","type":"image\/jpeg"}],"author":"Redazione","twitter_card":"summary_large_image","twitter_creator":"@intoscana","twitter_site":"@intoscana","twitter_misc":{"Written by":"Redazione","Est. reading time":"3 minuti"},"schema":{"@context":"https:\/\/schema.org","@graph":[{"@type":"WebPage","@id":"https:\/\/www.intoscana.it\/it\/la-regione-toscana-per-la-prima-volta-a-testo-la-kermesse-delleditoria-contemporanea\/","url":"https:\/\/www.intoscana.it\/it\/la-regione-toscana-per-la-prima-volta-a-testo-la-kermesse-delleditoria-contemporanea\/","name":"La Regione Toscana per la prima volta a TESTO la kermesse dell\u2019editoria contemporanea - intoscana","isPartOf":{"@id":"https:\/\/www.intoscana.it\/it\/#website"},"primaryImageOfPage":{"@id":"https:\/\/www.intoscana.it\/it\/la-regione-toscana-per-la-prima-volta-a-testo-la-kermesse-delleditoria-contemporanea\/#primaryimage"},"image":{"@id":"https:\/\/www.intoscana.it\/it\/la-regione-toscana-per-la-prima-volta-a-testo-la-kermesse-delleditoria-contemporanea\/#primaryimage"},"thumbnailUrl":"https:\/\/www.intoscana.it\/wp-content\/uploads\/Ingressi_021.jpg","datePublished":"2025-02-12T14:11:42+00:00","dateModified":"2025-02-12T14:17:07+00:00","author":{"@id":"https:\/\/www.intoscana.it\/it\/#\/schema\/person\/9223810753230f20bd670fdd322661f8"},"description":"La Regione ha allestito uno spazio in cui saranno ospitati incontri sui vari progetti regionali dedicati alla promozione della lettura","breadcrumb":{"@id":"https:\/\/www.intoscana.it\/it\/la-regione-toscana-per-la-prima-volta-a-testo-la-kermesse-delleditoria-contemporanea\/#breadcrumb"},"inLanguage":"it-IT","potentialAction":[{"@type":"ReadAction","target":["https:\/\/www.intoscana.it\/it\/la-regione-toscana-per-la-prima-volta-a-testo-la-kermesse-delleditoria-contemporanea\/"]}]},{"@type":"ImageObject","inLanguage":"it-IT","@id":"https:\/\/www.intoscana.it\/it\/la-regione-toscana-per-la-prima-volta-a-testo-la-kermesse-delleditoria-contemporanea\/#primaryimage","url":"https:\/\/www.intoscana.it\/wp-content\/uploads\/Ingressi_021.jpg","contentUrl":"https:\/\/www.intoscana.it\/wp-content\/uploads\/Ingressi_021.jpg","width":900,"height":600,"caption":"Testo"},{"@type":"BreadcrumbList","@id":"https:\/\/www.intoscana.it\/it\/la-regione-toscana-per-la-prima-volta-a-testo-la-kermesse-delleditoria-contemporanea\/#breadcrumb","itemListElement":[{"@type":"ListItem","position":1,"name":"Home","item":"https:\/\/www.intoscana.it\/it\/"},{"@type":"ListItem","position":2,"name":"La Regione Toscana per la prima volta a TESTO la kermesse dell\u2019editoria contemporanea"}]},{"@type":"WebSite","@id":"https:\/\/www.intoscana.it\/it\/#website","url":"https:\/\/www.intoscana.it\/it\/","name":"intoscana","description":"","potentialAction":[{"@type":"SearchAction","target":{"@type":"EntryPoint","urlTemplate":"https:\/\/www.intoscana.it\/it\/?s={search_term_string}"},"query-input":{"@type":"PropertyValueSpecification","valueRequired":true,"valueName":"search_term_string"}}],"inLanguage":"it-IT"},{"@type":"Person","@id":"https:\/\/www.intoscana.it\/it\/#\/schema\/person\/9223810753230f20bd670fdd322661f8","name":"Redazione","url":"https:\/\/www.intoscana.it\/it\/author\/redazione\/"}]}},"_links":{"self":[{"href":"https:\/\/www.intoscana.it\/it\/wp-json\/wp\/v2\/posts\/374695","targetHints":{"allow":["GET"]}}],"collection":[{"href":"https:\/\/www.intoscana.it\/it\/wp-json\/wp\/v2\/posts"}],"about":[{"href":"https:\/\/www.intoscana.it\/it\/wp-json\/wp\/v2\/types\/post"}],"author":[{"embeddable":true,"href":"https:\/\/www.intoscana.it\/it\/wp-json\/wp\/v2\/users\/525"}],"replies":[{"embeddable":true,"href":"https:\/\/www.intoscana.it\/it\/wp-json\/wp\/v2\/comments?post=374695"}],"version-history":[{"count":1,"href":"https:\/\/www.intoscana.it\/it\/wp-json\/wp\/v2\/posts\/374695\/revisions"}],"predecessor-version":[{"id":374696,"href":"https:\/\/www.intoscana.it\/it\/wp-json\/wp\/v2\/posts\/374695\/revisions\/374696"}],"wp:featuredmedia":[{"embeddable":true,"href":"https:\/\/www.intoscana.it\/it\/wp-json\/wp\/v2\/media\/371822"}],"wp:attachment":[{"href":"https:\/\/www.intoscana.it\/it\/wp-json\/wp\/v2\/media?parent=374695"}],"wp:term":[{"taxonomy":"category","embeddable":true,"href":"https:\/\/www.intoscana.it\/it\/wp-json\/wp\/v2\/categories?post=374695"},{"taxonomy":"post_tag","embeddable":true,"href":"https:\/\/www.intoscana.it\/it\/wp-json\/wp\/v2\/tags?post=374695"}],"curies":[{"name":"wp","href":"https:\/\/api.w.org\/{rel}","templated":true}]}}