{"id":374812,"date":"2025-02-13T10:16:26","date_gmt":"2025-02-13T09:16:26","guid":{"rendered":"https:\/\/www.intoscana.it\/it\/?p=374812"},"modified":"2025-02-13T10:22:22","modified_gmt":"2025-02-13T09:22:22","slug":"martedi-18-febbraio-firenze-celebra-anna-maria-luisa-de-medici-lelettrice-palatina","status":"publish","type":"post","link":"https:\/\/www.intoscana.it\/it\/martedi-18-febbraio-firenze-celebra-anna-maria-luisa-de-medici-lelettrice-palatina\/","title":{"rendered":"Marted\u00ec 18 febbraio Firenze celebra Anna Maria Luisa de&#8217; Medici l&#8217;Elettrice Palatina"},"content":{"rendered":"<p><strong>Il 18 febbraio 1743<\/strong> si spense a Firenze<strong> l\u2019ultima discendente della casata granducale, Anna Maria Luisa de\u2019 Medici,<\/strong> conosciuta come l<strong>\u2019Elettrice Palatina<\/strong>.<\/p>\n<p>\u00c8 solo grazie a lei e al suo <a href=\"https:\/\/www.intoscana.it\/it\/anna-maria-luisa-de-medici-eike-schmidt\/\" target=\"_blank\" rel=\"noopener\"><strong>&#8220;Patto di famiglia&#8221;<\/strong><\/a> che oggi a Firenze esistono le<strong> Gallerie degli Uffizi,<\/strong> con quel documento lasci\u00f2 infatti il grande patrimonio artistico dei Medici alla citt\u00e0 di Firenze: <em>&#8220;\u2026Gallerie, Quadri, Statue, Biblioteche, Gioje ed altre cose preziose [\u2026] a condizione espressa che di quello \u00e8 per ornamento dello Stato, per utilit\u00e0 del Pubblico e per attirare la curiosit\u00e0 dei forestieri, e non ne sar\u00e0 nulla trasportato e levato fuori dalla Capitale e dello Stato del Gran Ducato&#8221;.<\/em><\/p>\n<p>Nell\u2019anniversario della morte Firenze le rende omaggio con<strong> l&#8217;ingresso gratuito per tutti nei Musei Civici Fiorentini<\/strong> e <strong>un evento di living history<\/strong> nel quale i visitatori di Palazzo Vecchio potranno <strong>\u201cdialogare\u201d direttamente con l\u2019Elettrice Palatina.<\/strong><\/p>\n<p><strong>Anna Maria Luisa de\u2019 Medici<\/strong> sar\u00e0 impersonata dall&#8217;attrice<strong> Giaele Monaci;<\/strong> l\u2019introduzione alla sua figura e al contesto storico a cura di<strong> Andrea Verga.<\/strong><\/p>\n<p><strong>Marted\u00ec 18 febbraio alle ore 15, 16 e 17 e domenica 23 febbraio ore 10.30, 11.30, 12.30<\/strong><br \/>\n<strong>Museo di Palazzo Vecchio, Piazza Signoria 1, Firenze<\/strong><br \/>\nDurata: 1 ora<br \/>\nCosto: La partecipazione all\u2019incontro del 18 febbraio \u00e8 gratuita. Per la replica del 23 febbraio il costo della partecipazione \u00e8 di \u20ac2,50 (residenti Citt\u00e0 Metropolitana di Firenze) o di \u20ac5 (non residenti Citt\u00e0 Metropolitana di Firenze), oltre al biglietto di ingresso al museo.<\/p>\n<p><strong>La prenotazione \u00e8 obbligatoria. Per informazioni e prenotazioni: 055-2768224 info@musefirenze.it<\/strong><\/p>\n<figure id=\"post-92698 media-92698\" class=\"align-none\"><img decoding=\"async\" src=\"https:\/\/www.intoscana.it\/wp-content\/uploads\/elettrice-palatina-4-e1676735177852.jpg\" alt=\"\" \/><\/figure>\n<div class=\"titleimg\"><em>Anna Maria Luisa de&#8217; Medici, l\u2019Elettrice Palatina<\/em><\/div>\n","protected":false},"excerpt":{"rendered":"<p>Firenze rende omaggio all&#8217;Elettrice Palatina con l&#8217;ingresso gratuito per tutti nei Musei Civici e un evento di living history nel quale i visitatori di Palazzo Vecchio potranno \u201cdialogare\u201d direttamente con Anna Maria Luisa de&#8217; Medici<\/p>\n","protected":false},"author":525,"featured_media":374808,"comment_status":"open","ping_status":"open","sticky":false,"template":"","format":"standard","meta":{"_acf_changed":false,"footnotes":""},"categories":[493],"tags":[4474,202,226],"class_list":["post-374812","post","type-post","status-publish","format-standard","has-post-thumbnail","hentry","category-cultura","tag-eventi","tag-firenze","tag-musei"],"acf":[],"yoast_head":"<!-- This site is optimized with the Yoast SEO Premium plugin v24.2 (Yoast SEO v25.6) - https:\/\/yoast.com\/wordpress\/plugins\/seo\/ -->\n<title>Marted\u00ec 18 febbraio Firenze celebra Anna Maria Luisa de&#039; Medici l&#039;Elettrice Palatina - intoscana<\/title>\n<meta name=\"description\" content=\"Nell\u2019anniversario della morte Firenze le rende omaggio con l&#039;ingresso gratuito per tutti nei Musei Civici e un evento di living history\" \/>\n<meta name=\"robots\" content=\"index, follow, max-snippet:-1, max-image-preview:large, max-video-preview:-1\" \/>\n<link rel=\"canonical\" href=\"https:\/\/www.intoscana.it\/it\/martedi-18-febbraio-firenze-celebra-anna-maria-luisa-de-medici-lelettrice-palatina\/\" \/>\n<meta property=\"og:locale\" content=\"it_IT\" \/>\n<meta property=\"og:type\" content=\"article\" \/>\n<meta property=\"og:title\" content=\"Marted\u00ec 18 febbraio Firenze celebra Anna Maria Luisa de&#039; Medici l&#039;Elettrice Palatina\" \/>\n<meta property=\"og:description\" content=\"Nell\u2019anniversario della morte Firenze le rende omaggio con l&#039;ingresso gratuito per tutti nei Musei Civici e un evento di living history\" \/>\n<meta property=\"og:url\" content=\"https:\/\/www.intoscana.it\/it\/martedi-18-febbraio-firenze-celebra-anna-maria-luisa-de-medici-lelettrice-palatina\/\" \/>\n<meta property=\"og:site_name\" content=\"intoscana\" \/>\n<meta property=\"article:publisher\" content=\"https:\/\/www.facebook.com\/intoscana.it\" \/>\n<meta property=\"article:published_time\" content=\"2025-02-13T09:16:26+00:00\" \/>\n<meta property=\"article:modified_time\" content=\"2025-02-13T09:22:22+00:00\" \/>\n<meta property=\"og:image\" content=\"https:\/\/www.intoscana.it\/wp-content\/uploads\/Elettrice-Palatina_-PH-mattia-marasco-1411-scaled.jpeg\" \/>\n\t<meta property=\"og:image:width\" content=\"2048\" \/>\n\t<meta property=\"og:image:height\" content=\"1366\" \/>\n\t<meta property=\"og:image:type\" content=\"image\/jpeg\" \/>\n<meta name=\"author\" content=\"Redazione\" \/>\n<meta name=\"twitter:card\" content=\"summary_large_image\" \/>\n<meta name=\"twitter:creator\" content=\"@intoscana\" \/>\n<meta name=\"twitter:site\" content=\"@intoscana\" \/>\n<meta name=\"twitter:label1\" content=\"Written by\" \/>\n\t<meta name=\"twitter:data1\" content=\"Redazione\" \/>\n\t<meta name=\"twitter:label2\" content=\"Est. reading time\" \/>\n\t<meta name=\"twitter:data2\" content=\"2 minuti\" \/>\n<script type=\"application\/ld+json\" class=\"yoast-schema-graph\">{\"@context\":\"https:\/\/schema.org\",\"@graph\":[{\"@type\":\"WebPage\",\"@id\":\"https:\/\/www.intoscana.it\/it\/martedi-18-febbraio-firenze-celebra-anna-maria-luisa-de-medici-lelettrice-palatina\/\",\"url\":\"https:\/\/www.intoscana.it\/it\/martedi-18-febbraio-firenze-celebra-anna-maria-luisa-de-medici-lelettrice-palatina\/\",\"name\":\"Marted\u00ec 18 febbraio Firenze celebra Anna Maria Luisa de' Medici l'Elettrice Palatina - intoscana\",\"isPartOf\":{\"@id\":\"https:\/\/www.intoscana.it\/it\/#website\"},\"primaryImageOfPage\":{\"@id\":\"https:\/\/www.intoscana.it\/it\/martedi-18-febbraio-firenze-celebra-anna-maria-luisa-de-medici-lelettrice-palatina\/#primaryimage\"},\"image\":{\"@id\":\"https:\/\/www.intoscana.it\/it\/martedi-18-febbraio-firenze-celebra-anna-maria-luisa-de-medici-lelettrice-palatina\/#primaryimage\"},\"thumbnailUrl\":\"https:\/\/www.intoscana.it\/wp-content\/uploads\/Elettrice-Palatina_-PH-mattia-marasco-1411-scaled.jpeg\",\"datePublished\":\"2025-02-13T09:16:26+00:00\",\"dateModified\":\"2025-02-13T09:22:22+00:00\",\"author\":{\"@id\":\"https:\/\/www.intoscana.it\/it\/#\/schema\/person\/9223810753230f20bd670fdd322661f8\"},\"description\":\"Nell\u2019anniversario della morte Firenze le rende omaggio con l'ingresso gratuito per tutti nei Musei Civici e un evento di living history\",\"breadcrumb\":{\"@id\":\"https:\/\/www.intoscana.it\/it\/martedi-18-febbraio-firenze-celebra-anna-maria-luisa-de-medici-lelettrice-palatina\/#breadcrumb\"},\"inLanguage\":\"it-IT\",\"potentialAction\":[{\"@type\":\"ReadAction\",\"target\":[\"https:\/\/www.intoscana.it\/it\/martedi-18-febbraio-firenze-celebra-anna-maria-luisa-de-medici-lelettrice-palatina\/\"]}]},{\"@type\":\"ImageObject\",\"inLanguage\":\"it-IT\",\"@id\":\"https:\/\/www.intoscana.it\/it\/martedi-18-febbraio-firenze-celebra-anna-maria-luisa-de-medici-lelettrice-palatina\/#primaryimage\",\"url\":\"https:\/\/www.intoscana.it\/wp-content\/uploads\/Elettrice-Palatina_-PH-mattia-marasco-1411-scaled.jpeg\",\"contentUrl\":\"https:\/\/www.intoscana.it\/wp-content\/uploads\/Elettrice-Palatina_-PH-mattia-marasco-1411-scaled.jpeg\",\"width\":2048,\"height\":1366,\"caption\":\"Giaele Monaci nei panni dell'Elettrice Palatina\"},{\"@type\":\"BreadcrumbList\",\"@id\":\"https:\/\/www.intoscana.it\/it\/martedi-18-febbraio-firenze-celebra-anna-maria-luisa-de-medici-lelettrice-palatina\/#breadcrumb\",\"itemListElement\":[{\"@type\":\"ListItem\",\"position\":1,\"name\":\"Home\",\"item\":\"https:\/\/www.intoscana.it\/it\/\"},{\"@type\":\"ListItem\",\"position\":2,\"name\":\"Marted\u00ec 18 febbraio Firenze celebra Anna Maria Luisa de&#8217; Medici l&#8217;Elettrice Palatina\"}]},{\"@type\":\"WebSite\",\"@id\":\"https:\/\/www.intoscana.it\/it\/#website\",\"url\":\"https:\/\/www.intoscana.it\/it\/\",\"name\":\"intoscana\",\"description\":\"\",\"potentialAction\":[{\"@type\":\"SearchAction\",\"target\":{\"@type\":\"EntryPoint\",\"urlTemplate\":\"https:\/\/www.intoscana.it\/it\/?s={search_term_string}\"},\"query-input\":{\"@type\":\"PropertyValueSpecification\",\"valueRequired\":true,\"valueName\":\"search_term_string\"}}],\"inLanguage\":\"it-IT\"},{\"@type\":\"Person\",\"@id\":\"https:\/\/www.intoscana.it\/it\/#\/schema\/person\/9223810753230f20bd670fdd322661f8\",\"name\":\"Redazione\",\"url\":\"https:\/\/www.intoscana.it\/it\/author\/redazione\/\"}]}<\/script>\n<!-- \/ Yoast SEO Premium plugin. -->","yoast_head_json":{"title":"Marted\u00ec 18 febbraio Firenze celebra Anna Maria Luisa de' Medici l'Elettrice Palatina - intoscana","description":"Nell\u2019anniversario della morte Firenze le rende omaggio con l'ingresso gratuito per tutti nei Musei Civici e un evento di living history","robots":{"index":"index","follow":"follow","max-snippet":"max-snippet:-1","max-image-preview":"max-image-preview:large","max-video-preview":"max-video-preview:-1"},"canonical":"https:\/\/www.intoscana.it\/it\/martedi-18-febbraio-firenze-celebra-anna-maria-luisa-de-medici-lelettrice-palatina\/","og_locale":"it_IT","og_type":"article","og_title":"Marted\u00ec 18 febbraio Firenze celebra Anna Maria Luisa de' Medici l'Elettrice Palatina","og_description":"Nell\u2019anniversario della morte Firenze le rende omaggio con l'ingresso gratuito per tutti nei Musei Civici e un evento di living history","og_url":"https:\/\/www.intoscana.it\/it\/martedi-18-febbraio-firenze-celebra-anna-maria-luisa-de-medici-lelettrice-palatina\/","og_site_name":"intoscana","article_publisher":"https:\/\/www.facebook.com\/intoscana.it","article_published_time":"2025-02-13T09:16:26+00:00","article_modified_time":"2025-02-13T09:22:22+00:00","og_image":[{"width":2048,"height":1366,"url":"https:\/\/www.intoscana.it\/wp-content\/uploads\/Elettrice-Palatina_-PH-mattia-marasco-1411-scaled.jpeg","type":"image\/jpeg"}],"author":"Redazione","twitter_card":"summary_large_image","twitter_creator":"@intoscana","twitter_site":"@intoscana","twitter_misc":{"Written by":"Redazione","Est. reading time":"2 minuti"},"schema":{"@context":"https:\/\/schema.org","@graph":[{"@type":"WebPage","@id":"https:\/\/www.intoscana.it\/it\/martedi-18-febbraio-firenze-celebra-anna-maria-luisa-de-medici-lelettrice-palatina\/","url":"https:\/\/www.intoscana.it\/it\/martedi-18-febbraio-firenze-celebra-anna-maria-luisa-de-medici-lelettrice-palatina\/","name":"Marted\u00ec 18 febbraio Firenze celebra Anna Maria Luisa de' Medici l'Elettrice Palatina - intoscana","isPartOf":{"@id":"https:\/\/www.intoscana.it\/it\/#website"},"primaryImageOfPage":{"@id":"https:\/\/www.intoscana.it\/it\/martedi-18-febbraio-firenze-celebra-anna-maria-luisa-de-medici-lelettrice-palatina\/#primaryimage"},"image":{"@id":"https:\/\/www.intoscana.it\/it\/martedi-18-febbraio-firenze-celebra-anna-maria-luisa-de-medici-lelettrice-palatina\/#primaryimage"},"thumbnailUrl":"https:\/\/www.intoscana.it\/wp-content\/uploads\/Elettrice-Palatina_-PH-mattia-marasco-1411-scaled.jpeg","datePublished":"2025-02-13T09:16:26+00:00","dateModified":"2025-02-13T09:22:22+00:00","author":{"@id":"https:\/\/www.intoscana.it\/it\/#\/schema\/person\/9223810753230f20bd670fdd322661f8"},"description":"Nell\u2019anniversario della morte Firenze le rende omaggio con l'ingresso gratuito per tutti nei Musei Civici e un evento di living history","breadcrumb":{"@id":"https:\/\/www.intoscana.it\/it\/martedi-18-febbraio-firenze-celebra-anna-maria-luisa-de-medici-lelettrice-palatina\/#breadcrumb"},"inLanguage":"it-IT","potentialAction":[{"@type":"ReadAction","target":["https:\/\/www.intoscana.it\/it\/martedi-18-febbraio-firenze-celebra-anna-maria-luisa-de-medici-lelettrice-palatina\/"]}]},{"@type":"ImageObject","inLanguage":"it-IT","@id":"https:\/\/www.intoscana.it\/it\/martedi-18-febbraio-firenze-celebra-anna-maria-luisa-de-medici-lelettrice-palatina\/#primaryimage","url":"https:\/\/www.intoscana.it\/wp-content\/uploads\/Elettrice-Palatina_-PH-mattia-marasco-1411-scaled.jpeg","contentUrl":"https:\/\/www.intoscana.it\/wp-content\/uploads\/Elettrice-Palatina_-PH-mattia-marasco-1411-scaled.jpeg","width":2048,"height":1366,"caption":"Giaele Monaci nei panni dell'Elettrice Palatina"},{"@type":"BreadcrumbList","@id":"https:\/\/www.intoscana.it\/it\/martedi-18-febbraio-firenze-celebra-anna-maria-luisa-de-medici-lelettrice-palatina\/#breadcrumb","itemListElement":[{"@type":"ListItem","position":1,"name":"Home","item":"https:\/\/www.intoscana.it\/it\/"},{"@type":"ListItem","position":2,"name":"Marted\u00ec 18 febbraio Firenze celebra Anna Maria Luisa de&#8217; Medici l&#8217;Elettrice Palatina"}]},{"@type":"WebSite","@id":"https:\/\/www.intoscana.it\/it\/#website","url":"https:\/\/www.intoscana.it\/it\/","name":"intoscana","description":"","potentialAction":[{"@type":"SearchAction","target":{"@type":"EntryPoint","urlTemplate":"https:\/\/www.intoscana.it\/it\/?s={search_term_string}"},"query-input":{"@type":"PropertyValueSpecification","valueRequired":true,"valueName":"search_term_string"}}],"inLanguage":"it-IT"},{"@type":"Person","@id":"https:\/\/www.intoscana.it\/it\/#\/schema\/person\/9223810753230f20bd670fdd322661f8","name":"Redazione","url":"https:\/\/www.intoscana.it\/it\/author\/redazione\/"}]}},"_links":{"self":[{"href":"https:\/\/www.intoscana.it\/it\/wp-json\/wp\/v2\/posts\/374812","targetHints":{"allow":["GET"]}}],"collection":[{"href":"https:\/\/www.intoscana.it\/it\/wp-json\/wp\/v2\/posts"}],"about":[{"href":"https:\/\/www.intoscana.it\/it\/wp-json\/wp\/v2\/types\/post"}],"author":[{"embeddable":true,"href":"https:\/\/www.intoscana.it\/it\/wp-json\/wp\/v2\/users\/525"}],"replies":[{"embeddable":true,"href":"https:\/\/www.intoscana.it\/it\/wp-json\/wp\/v2\/comments?post=374812"}],"version-history":[{"count":5,"href":"https:\/\/www.intoscana.it\/it\/wp-json\/wp\/v2\/posts\/374812\/revisions"}],"predecessor-version":[{"id":374824,"href":"https:\/\/www.intoscana.it\/it\/wp-json\/wp\/v2\/posts\/374812\/revisions\/374824"}],"wp:featuredmedia":[{"embeddable":true,"href":"https:\/\/www.intoscana.it\/it\/wp-json\/wp\/v2\/media\/374808"}],"wp:attachment":[{"href":"https:\/\/www.intoscana.it\/it\/wp-json\/wp\/v2\/media?parent=374812"}],"wp:term":[{"taxonomy":"category","embeddable":true,"href":"https:\/\/www.intoscana.it\/it\/wp-json\/wp\/v2\/categories?post=374812"},{"taxonomy":"post_tag","embeddable":true,"href":"https:\/\/www.intoscana.it\/it\/wp-json\/wp\/v2\/tags?post=374812"}],"curies":[{"name":"wp","href":"https:\/\/api.w.org\/{rel}","templated":true}]}}