{"id":375248,"date":"2025-02-15T13:09:13","date_gmt":"2025-02-15T12:09:13","guid":{"rendered":"https:\/\/www.intoscana.it\/it\/?p=375248"},"modified":"2025-02-15T13:09:13","modified_gmt":"2025-02-15T12:09:13","slug":"la-toscana-festeggia-anna-maria-luisa-de-medici-lelettrice-palatina-con-tantissime-iniziative","status":"publish","type":"post","link":"https:\/\/www.intoscana.it\/it\/la-toscana-festeggia-anna-maria-luisa-de-medici-lelettrice-palatina-con-tantissime-iniziative\/","title":{"rendered":"La Toscana festeggia Anna Maria Luisa de Medici l&#8217;Elettrice Palatina con tantissime iniziative"},"content":{"rendered":"<p>Tantissime le inziative in tutta la Toscana il <strong>18 febbraio<\/strong> per ricordare <strong>Anna Maria Luisa de Medici, l&#8217;Elettrice Palatina,\u00a0l\u2019ultima discendente dei Medici granduchi di Toscana<\/strong>, colei che invent\u00f2 la prima forma di tutela del patrimonio, vincolando per sempre le collezioni di opere d\u2019arte della famiglia a Firenze e alla Toscana.<\/p>\n<p><strong>Il programma delle celebrazioni<\/strong> si apre a Firenze con il tradizionale<strong> Corteo Storico Fiorentino con partenza da Palagio di Parte Guelfa<\/strong> alle ore 10.20 direzione Palazzo Vecchio.<\/p>\n<p>Alle 11.00 si svolger\u00e0 la cerimonia di <strong>deposizione della corona di fiori sulla tomba dell\u2019Elettrice Palatina<\/strong> alle <strong>Cappelle Medicee.<\/strong><\/p>\n<p>A seguire, intorno alle 11.30, le autorit\u00e0 e una delegazione del Corteo Storico raggiungeranno la <strong>Rotonda Brunelleschi, sede del Museo de\u2019 Medici,<\/strong> per inaugurare la<strong> mostra dedicata ad Anna Maria Luisa.<\/strong><\/p>\n<p>Al museo (per tutta la giornata del <strong>18 febbraio<\/strong> visitabile ad ingresso gratuito insieme ai <a href=\"https:\/\/www.intoscana.it\/it\/martedi-18-febbraio-firenze-celebra-anna-maria-luisa-de-medici-lelettrice-palatina\/\" target=\"_blank\" rel=\"noopener\"><strong>Musei Civici Fiorentini<\/strong><\/a>) sar\u00e0 esposto<strong> l\u2019originale diario manoscritto di un cronista dell\u2019epoca, Niccol\u00f2 Susier<\/strong>, che descrisse il fatidico momento della scomparsa della Medici.<\/p>\n<p><em>&#8220;La visione e la generosit\u00e0 di Anna Maria Luisa de\u2019 Medici &#8211; <\/em><strong>ha detto il presidente Eugenio Giani<\/strong> <em>&#8211; hanno consolidato pubblicamente il grande patrimonio artistico della Toscana, legandolo per sempre al suo territorio. E con la sua straordinaria lungimiranza, ha reso questo patrimonio accessibile non solo ai cittadini, ma anche ai visitatori &#8220;forestieri&#8221;. Un momento storico di importanza senza pari dunque, che nel contesto italiano, sottolinea l\u2019importanza di attribuire un ruolo di primo piano all\u2019Elettrice Palatina nella storia culturale e politica della Toscana\u201d.<\/em><\/p>\n<p><em>&#8220;Il suo nome \u00e8 indissolubilmente legato al destino di Firenze &#8211;<\/em><strong> ha sottolineato l&#8217;assessora alle tradizioni popolari Letizia Perini <\/strong><em>&#8211; \u00e8 a lei che dobbiamo il privilegio di poter ammirare i tanti tesori d\u2019arte collezionati dalla dinastia medicea, \u00e8 grazie a lei se la nostra citt\u00e0 \u00e8 stata risparmiata dalla spoliazione di capolavori che caratterizzo la storia di tanti altri centri di cultura del Rinascimento italiano&#8221;.<\/em><\/p>\n<h3>Screening mammario gratuito per tutte le donne<\/h3>\n<p>Il <strong>18 febbraio<\/strong> per iniziaitiva della <strong>Regione Toscana<\/strong>, in collaborazione con la <strong>Fondazione Progetti del Cuore<\/strong> alle donne che si saranno prenotate sar\u00e0 offerta la possibilit\u00e0 di <strong>uno screening mammario gratuito<\/strong> presso un ambulatorio mobile installato appositamente in<strong> piazza SS. Annunziata.<\/strong><\/p>\n<p><em>\u201cAbbiamo accolto con molto piacere la proposta del Museo de\u2019 Medici di patrocinare in questa giornata anche gli screening gratuiti al seno \u2013 <\/em><strong>ha detto il presidente Giani<\/strong><em> \u2013 Abbinare le celebrazioni a un gesto concreto \u00e8 il modo pi\u00f9 bello e intelligente per sottolineare il valore della prevenzione a favore di tutte le donne e al tempo stesso per ricordare con valore una donna cos\u00ec grande\u201d.<\/em><\/p>\n<p><em>\u201cNel celebrare una donna come l\u2019Elettrice Palatina \u2013<\/em> ha detto <strong>Cristina Manetti, capo di Gabinetto del presidenza della Regione<\/strong> e ideatrice de la Toscana delle Donne <em>&#8211; che fu definita principessa \u201csaggia e consapevole\u201d, vogliamo ribadire l\u2019importanza della prevenzione per le donne che ogni giorno di pi\u00f9 devono essere appunto consapevoli che la loro salute costituisce un bene primario e collettivo da tutelare e che non deve conoscere ostacoli\u201d.<\/em><\/p>\n<p><em>\u201cNel Giorno dell&#8217;Elettrice Palatina &#8211;<\/em> ha commentato <strong>Daniele Ragone, Amministratore Unico di Progetti del Cuore<\/strong> <em>&#8211; ribadiamo l&#8217;importanza della prevenzione come arma principale contro il tumore al seno. Offrire screening gratuiti in questa giornata speciale, in un contesto ricco di storia come il Museo de&#8217; Medici, assume un significato davvero profondo. Vogliamo ringraziare il Comune di Firenze per averci dato l&#8217;opportunit\u00e0 di diffondere un messaggio cos\u00ec potente: la prevenzione \u00e8 la prima, fondamentale arma contro la malattia. Un grazie a tutte le istituzioni che hanno contribuito a rendere possibile questa giornata di sensibilizzazione.\u201d<\/em><\/p>\n<p><strong>La prenotazione dello screening \u00e8 obbligatoria sul sito<a href=\"http:\/\/www.eventhope.com\" target=\"_blank\" rel=\"noopener\" class=\"broken_link\"> www.eventhope.com.<\/a><\/strong><\/p>\n","protected":false},"excerpt":{"rendered":"<p>Si avvicina il 18 febbraio, giornata delle celebrazioni dell\u2019anniversario dell\u2019Elettrice Palatina, che quest\u2019anno sar\u00e0 dedicata non solo alla cultura e all\u2019arte ma anche alla prevenzione del tumore al seno<\/p>\n","protected":false},"author":525,"featured_media":69685,"comment_status":"open","ping_status":"open","sticky":false,"template":"","format":"standard","meta":{"_acf_changed":false,"footnotes":""},"categories":[493],"tags":[151],"class_list":["post-375248","post","type-post","status-publish","format-standard","has-post-thumbnail","hentry","category-cultura","tag-regione-toscana"],"acf":[],"yoast_head":"<!-- This site is optimized with the Yoast SEO Premium plugin v24.2 (Yoast SEO v25.6) - https:\/\/yoast.com\/wordpress\/plugins\/seo\/ -->\n<title>La Toscana festeggia Anna Maria Luisa de Medici l&#039;Elettrice Palatina con tantissime iniziative - intoscana<\/title>\n<meta name=\"description\" content=\"Si avvicina il 18 febbraio, giornata delle celebrazioni dell\u2019anniversario dell\u2019Elettrice Palatina, con tante iniziative\" \/>\n<meta name=\"robots\" content=\"index, follow, max-snippet:-1, max-image-preview:large, max-video-preview:-1\" \/>\n<link rel=\"canonical\" href=\"https:\/\/www.intoscana.it\/it\/la-toscana-festeggia-anna-maria-luisa-de-medici-lelettrice-palatina-con-tantissime-iniziative\/\" \/>\n<meta property=\"og:locale\" content=\"it_IT\" \/>\n<meta property=\"og:type\" content=\"article\" \/>\n<meta property=\"og:title\" content=\"La Toscana festeggia Anna Maria Luisa de Medici l&#039;Elettrice Palatina con tantissime iniziative\" \/>\n<meta property=\"og:description\" content=\"Si avvicina il 18 febbraio, giornata delle celebrazioni dell\u2019anniversario dell\u2019Elettrice Palatina, con tante iniziative\" \/>\n<meta property=\"og:url\" content=\"https:\/\/www.intoscana.it\/it\/la-toscana-festeggia-anna-maria-luisa-de-medici-lelettrice-palatina-con-tantissime-iniziative\/\" \/>\n<meta property=\"og:site_name\" content=\"intoscana\" \/>\n<meta property=\"article:publisher\" content=\"https:\/\/www.facebook.com\/intoscana.it\" \/>\n<meta property=\"article:published_time\" content=\"2025-02-15T12:09:13+00:00\" \/>\n<meta property=\"og:image\" content=\"https:\/\/www.intoscana.it\/wp-content\/uploads\/elettrice-palatina.jpg\" \/>\n\t<meta property=\"og:image:width\" content=\"600\" \/>\n\t<meta property=\"og:image:height\" content=\"510\" \/>\n\t<meta property=\"og:image:type\" content=\"image\/jpeg\" \/>\n<meta name=\"author\" content=\"Redazione\" \/>\n<meta name=\"twitter:card\" content=\"summary_large_image\" \/>\n<meta name=\"twitter:creator\" content=\"@intoscana\" \/>\n<meta name=\"twitter:site\" content=\"@intoscana\" \/>\n<meta name=\"twitter:label1\" content=\"Written by\" \/>\n\t<meta name=\"twitter:data1\" content=\"Redazione\" \/>\n\t<meta name=\"twitter:label2\" content=\"Est. reading time\" \/>\n\t<meta name=\"twitter:data2\" content=\"4 minuti\" \/>\n<script type=\"application\/ld+json\" class=\"yoast-schema-graph\">{\"@context\":\"https:\/\/schema.org\",\"@graph\":[{\"@type\":\"WebPage\",\"@id\":\"https:\/\/www.intoscana.it\/it\/la-toscana-festeggia-anna-maria-luisa-de-medici-lelettrice-palatina-con-tantissime-iniziative\/\",\"url\":\"https:\/\/www.intoscana.it\/it\/la-toscana-festeggia-anna-maria-luisa-de-medici-lelettrice-palatina-con-tantissime-iniziative\/\",\"name\":\"La Toscana festeggia Anna Maria Luisa de Medici l'Elettrice Palatina con tantissime iniziative - intoscana\",\"isPartOf\":{\"@id\":\"https:\/\/www.intoscana.it\/it\/#website\"},\"primaryImageOfPage\":{\"@id\":\"https:\/\/www.intoscana.it\/it\/la-toscana-festeggia-anna-maria-luisa-de-medici-lelettrice-palatina-con-tantissime-iniziative\/#primaryimage\"},\"image\":{\"@id\":\"https:\/\/www.intoscana.it\/it\/la-toscana-festeggia-anna-maria-luisa-de-medici-lelettrice-palatina-con-tantissime-iniziative\/#primaryimage\"},\"thumbnailUrl\":\"https:\/\/www.intoscana.it\/wp-content\/uploads\/elettrice-palatina.jpg\",\"datePublished\":\"2025-02-15T12:09:13+00:00\",\"author\":{\"@id\":\"https:\/\/www.intoscana.it\/it\/#\/schema\/person\/9223810753230f20bd670fdd322661f8\"},\"description\":\"Si avvicina il 18 febbraio, giornata delle celebrazioni dell\u2019anniversario dell\u2019Elettrice Palatina, con tante iniziative\",\"breadcrumb\":{\"@id\":\"https:\/\/www.intoscana.it\/it\/la-toscana-festeggia-anna-maria-luisa-de-medici-lelettrice-palatina-con-tantissime-iniziative\/#breadcrumb\"},\"inLanguage\":\"it-IT\",\"potentialAction\":[{\"@type\":\"ReadAction\",\"target\":[\"https:\/\/www.intoscana.it\/it\/la-toscana-festeggia-anna-maria-luisa-de-medici-lelettrice-palatina-con-tantissime-iniziative\/\"]}]},{\"@type\":\"ImageObject\",\"inLanguage\":\"it-IT\",\"@id\":\"https:\/\/www.intoscana.it\/it\/la-toscana-festeggia-anna-maria-luisa-de-medici-lelettrice-palatina-con-tantissime-iniziative\/#primaryimage\",\"url\":\"https:\/\/www.intoscana.it\/wp-content\/uploads\/elettrice-palatina.jpg\",\"contentUrl\":\"https:\/\/www.intoscana.it\/wp-content\/uploads\/elettrice-palatina.jpg\",\"width\":600,\"height\":510},{\"@type\":\"BreadcrumbList\",\"@id\":\"https:\/\/www.intoscana.it\/it\/la-toscana-festeggia-anna-maria-luisa-de-medici-lelettrice-palatina-con-tantissime-iniziative\/#breadcrumb\",\"itemListElement\":[{\"@type\":\"ListItem\",\"position\":1,\"name\":\"Home\",\"item\":\"https:\/\/www.intoscana.it\/it\/\"},{\"@type\":\"ListItem\",\"position\":2,\"name\":\"La Toscana festeggia Anna Maria Luisa de Medici l&#8217;Elettrice Palatina con tantissime iniziative\"}]},{\"@type\":\"WebSite\",\"@id\":\"https:\/\/www.intoscana.it\/it\/#website\",\"url\":\"https:\/\/www.intoscana.it\/it\/\",\"name\":\"intoscana\",\"description\":\"\",\"potentialAction\":[{\"@type\":\"SearchAction\",\"target\":{\"@type\":\"EntryPoint\",\"urlTemplate\":\"https:\/\/www.intoscana.it\/it\/?s={search_term_string}\"},\"query-input\":{\"@type\":\"PropertyValueSpecification\",\"valueRequired\":true,\"valueName\":\"search_term_string\"}}],\"inLanguage\":\"it-IT\"},{\"@type\":\"Person\",\"@id\":\"https:\/\/www.intoscana.it\/it\/#\/schema\/person\/9223810753230f20bd670fdd322661f8\",\"name\":\"Redazione\",\"url\":\"https:\/\/www.intoscana.it\/it\/author\/redazione\/\"}]}<\/script>\n<!-- \/ Yoast SEO Premium plugin. -->","yoast_head_json":{"title":"La Toscana festeggia Anna Maria Luisa de Medici l'Elettrice Palatina con tantissime iniziative - intoscana","description":"Si avvicina il 18 febbraio, giornata delle celebrazioni dell\u2019anniversario dell\u2019Elettrice Palatina, con tante iniziative","robots":{"index":"index","follow":"follow","max-snippet":"max-snippet:-1","max-image-preview":"max-image-preview:large","max-video-preview":"max-video-preview:-1"},"canonical":"https:\/\/www.intoscana.it\/it\/la-toscana-festeggia-anna-maria-luisa-de-medici-lelettrice-palatina-con-tantissime-iniziative\/","og_locale":"it_IT","og_type":"article","og_title":"La Toscana festeggia Anna Maria Luisa de Medici l'Elettrice Palatina con tantissime iniziative","og_description":"Si avvicina il 18 febbraio, giornata delle celebrazioni dell\u2019anniversario dell\u2019Elettrice Palatina, con tante iniziative","og_url":"https:\/\/www.intoscana.it\/it\/la-toscana-festeggia-anna-maria-luisa-de-medici-lelettrice-palatina-con-tantissime-iniziative\/","og_site_name":"intoscana","article_publisher":"https:\/\/www.facebook.com\/intoscana.it","article_published_time":"2025-02-15T12:09:13+00:00","og_image":[{"width":600,"height":510,"url":"https:\/\/www.intoscana.it\/wp-content\/uploads\/elettrice-palatina.jpg","type":"image\/jpeg"}],"author":"Redazione","twitter_card":"summary_large_image","twitter_creator":"@intoscana","twitter_site":"@intoscana","twitter_misc":{"Written by":"Redazione","Est. reading time":"4 minuti"},"schema":{"@context":"https:\/\/schema.org","@graph":[{"@type":"WebPage","@id":"https:\/\/www.intoscana.it\/it\/la-toscana-festeggia-anna-maria-luisa-de-medici-lelettrice-palatina-con-tantissime-iniziative\/","url":"https:\/\/www.intoscana.it\/it\/la-toscana-festeggia-anna-maria-luisa-de-medici-lelettrice-palatina-con-tantissime-iniziative\/","name":"La Toscana festeggia Anna Maria Luisa de Medici l'Elettrice Palatina con tantissime iniziative - intoscana","isPartOf":{"@id":"https:\/\/www.intoscana.it\/it\/#website"},"primaryImageOfPage":{"@id":"https:\/\/www.intoscana.it\/it\/la-toscana-festeggia-anna-maria-luisa-de-medici-lelettrice-palatina-con-tantissime-iniziative\/#primaryimage"},"image":{"@id":"https:\/\/www.intoscana.it\/it\/la-toscana-festeggia-anna-maria-luisa-de-medici-lelettrice-palatina-con-tantissime-iniziative\/#primaryimage"},"thumbnailUrl":"https:\/\/www.intoscana.it\/wp-content\/uploads\/elettrice-palatina.jpg","datePublished":"2025-02-15T12:09:13+00:00","author":{"@id":"https:\/\/www.intoscana.it\/it\/#\/schema\/person\/9223810753230f20bd670fdd322661f8"},"description":"Si avvicina il 18 febbraio, giornata delle celebrazioni dell\u2019anniversario dell\u2019Elettrice Palatina, con tante iniziative","breadcrumb":{"@id":"https:\/\/www.intoscana.it\/it\/la-toscana-festeggia-anna-maria-luisa-de-medici-lelettrice-palatina-con-tantissime-iniziative\/#breadcrumb"},"inLanguage":"it-IT","potentialAction":[{"@type":"ReadAction","target":["https:\/\/www.intoscana.it\/it\/la-toscana-festeggia-anna-maria-luisa-de-medici-lelettrice-palatina-con-tantissime-iniziative\/"]}]},{"@type":"ImageObject","inLanguage":"it-IT","@id":"https:\/\/www.intoscana.it\/it\/la-toscana-festeggia-anna-maria-luisa-de-medici-lelettrice-palatina-con-tantissime-iniziative\/#primaryimage","url":"https:\/\/www.intoscana.it\/wp-content\/uploads\/elettrice-palatina.jpg","contentUrl":"https:\/\/www.intoscana.it\/wp-content\/uploads\/elettrice-palatina.jpg","width":600,"height":510},{"@type":"BreadcrumbList","@id":"https:\/\/www.intoscana.it\/it\/la-toscana-festeggia-anna-maria-luisa-de-medici-lelettrice-palatina-con-tantissime-iniziative\/#breadcrumb","itemListElement":[{"@type":"ListItem","position":1,"name":"Home","item":"https:\/\/www.intoscana.it\/it\/"},{"@type":"ListItem","position":2,"name":"La Toscana festeggia Anna Maria Luisa de Medici l&#8217;Elettrice Palatina con tantissime iniziative"}]},{"@type":"WebSite","@id":"https:\/\/www.intoscana.it\/it\/#website","url":"https:\/\/www.intoscana.it\/it\/","name":"intoscana","description":"","potentialAction":[{"@type":"SearchAction","target":{"@type":"EntryPoint","urlTemplate":"https:\/\/www.intoscana.it\/it\/?s={search_term_string}"},"query-input":{"@type":"PropertyValueSpecification","valueRequired":true,"valueName":"search_term_string"}}],"inLanguage":"it-IT"},{"@type":"Person","@id":"https:\/\/www.intoscana.it\/it\/#\/schema\/person\/9223810753230f20bd670fdd322661f8","name":"Redazione","url":"https:\/\/www.intoscana.it\/it\/author\/redazione\/"}]}},"_links":{"self":[{"href":"https:\/\/www.intoscana.it\/it\/wp-json\/wp\/v2\/posts\/375248","targetHints":{"allow":["GET"]}}],"collection":[{"href":"https:\/\/www.intoscana.it\/it\/wp-json\/wp\/v2\/posts"}],"about":[{"href":"https:\/\/www.intoscana.it\/it\/wp-json\/wp\/v2\/types\/post"}],"author":[{"embeddable":true,"href":"https:\/\/www.intoscana.it\/it\/wp-json\/wp\/v2\/users\/525"}],"replies":[{"embeddable":true,"href":"https:\/\/www.intoscana.it\/it\/wp-json\/wp\/v2\/comments?post=375248"}],"version-history":[{"count":5,"href":"https:\/\/www.intoscana.it\/it\/wp-json\/wp\/v2\/posts\/375248\/revisions"}],"predecessor-version":[{"id":375253,"href":"https:\/\/www.intoscana.it\/it\/wp-json\/wp\/v2\/posts\/375248\/revisions\/375253"}],"wp:featuredmedia":[{"embeddable":true,"href":"https:\/\/www.intoscana.it\/it\/wp-json\/wp\/v2\/media\/69685"}],"wp:attachment":[{"href":"https:\/\/www.intoscana.it\/it\/wp-json\/wp\/v2\/media?parent=375248"}],"wp:term":[{"taxonomy":"category","embeddable":true,"href":"https:\/\/www.intoscana.it\/it\/wp-json\/wp\/v2\/categories?post=375248"},{"taxonomy":"post_tag","embeddable":true,"href":"https:\/\/www.intoscana.it\/it\/wp-json\/wp\/v2\/tags?post=375248"}],"curies":[{"name":"wp","href":"https:\/\/api.w.org\/{rel}","templated":true}]}}