{"id":375382,"date":"2025-02-17T15:43:20","date_gmt":"2025-02-17T14:43:20","guid":{"rendered":"https:\/\/www.intoscana.it\/it\/?p=375382"},"modified":"2025-02-17T16:20:54","modified_gmt":"2025-02-17T15:20:54","slug":"le-grandi-sfide-della-mobilita-tra-firenze-e-prato-un-futuro-su-ferro-e-gomma","status":"publish","type":"post","link":"https:\/\/www.intoscana.it\/it\/le-grandi-sfide-della-mobilita-tra-firenze-e-prato-un-futuro-su-ferro-e-gomma\/","title":{"rendered":"Le grandi sfide della mobilit\u00e0 tra Firenze e Prato: un futuro su ferro e gomma"},"content":{"rendered":"<p>La <strong>Toscana<\/strong> si prepara a una svolta infrastrutturale senza precedenti. Nel cuore dell\u2019area metropolitana Firenze-Prato, la pi\u00f9 densamente popolata della regione con oltre <strong>800.000 abitanti<\/strong>, e una concentrazione di <strong>attivit\u00e0 manifatturiere e terziarie<\/strong> tra le pi\u00f9 rilevanti della regione, si delineano le direttrici della mobilit\u00e0 del futuro. Un tema cruciale al centro dell\u2019incontro <strong><em>Prospettiva FI-PO<\/em><\/strong>, tenutosi nella Sala Pegaso di Palazzo Strozzi Sacrati a Firenze, con la partecipazione del presidente della Regione <strong>Eugenio Giani<\/strong>, dell\u2019assessore regionale alle infrastrutture e mobilit\u00e0 <strong>Stefano Baccelli,<\/strong> dell\u2019assessora alla mobilit\u00e0 del Comune di Prato Cristina Sanz\u00f2, della consigliera della Citt\u00e0 metropolitana di Firenze Alessandra Innocenti e di rappresentanti di RFI e Autostrade per l\u2019Italia.<\/p>\n<h3>Una strategia per decongestionare l\u2019area metropolitana<\/h3>\n<p>L\u2019area Firenze-Prato ha vissuto negli ultimi decenni una crescita demografica e produttiva che ha reso sempre pi\u00f9 urgente un piano di infrastrutturazione mirato. &#8220;<em>Abbiamo delineato una strategia per dare un orizzonte chiaro alla mobilit\u00e0 del futuro<\/em> \u2013 ha dichiarato il presidente Eugenio Giani \u2013 <em>con interventi su gomma e su ferro che mirano a rendere il trasporto pi\u00f9 efficiente e sostenibile<\/em>&#8220;.<\/p>\n<p>Tra le opere chiave, la <strong>terza corsia dell\u2019autostrada A11<\/strong> \u00e8 ormai vicina alla partenza: un intervento che punta a migliorare i flussi di traffico tra Firenze e Prato, alleggerendo la pressione sulla rete viaria esistente. A questo si aggiunge il n<strong>uovo ponte tra Signa e Lastra a Signa<\/strong>: la posa della prima pietra \u00e8 prevista entro l&#8217;autunno. Ma il vero cambiamento arriva dal potenziamento del <strong>trasporto su ferro,<\/strong> con un\u2019importante espansione delle tramvie e della rete ferroviaria regionale.<\/p>\n<h3>La rivoluzione della &#8220;cura del ferro&#8221;<\/h3>\n<p>Al centro della strategia regionale c\u2019\u00e8 un massiccio investimento sulla mobilit\u00e0 sostenibile, con la creazione di <strong>nuove linee tramviarie<\/strong> e il rafforzamento dei collegamenti ferroviari. Il <strong>Metro-Tram<\/strong>, che collegher\u00e0 Prato all\u2019aeroporto di Peretola con un primo lotto fino a Campi Bisenzio, rappresenta un passo decisivo in questa direzione. &#8220;<em>Si tratta di un\u2019infrastruttura innovativa<\/em> \u2013 ha sottolineato l\u2019assessore Baccelli \u2013 c<em>he trasformer\u00e0 <strong>viale Guidoni in un vero hub multimodale<\/strong>, integrando bus, tram, ferrovia e aeroporto in un unico sistema di interscambio efficiente<\/em>&#8220;.<\/p>\n<p>La realizzazione del <strong>sottoattraversamento ferroviario di Firenze<\/strong>, inoltre, consentir\u00e0 di separare i flussi dell\u2019alta velocit\u00e0 dai treni regionali, liberando binari a Santa Maria Novella e migliorando la qualit\u00e0 del servizio per pendolari e viaggiatori.<\/p>\n<h3>Fermate strategiche per un sistema integrato<\/h3>\n<p>Un ruolo chiave sar\u00e0 giocato dalle <strong>nuove fermate ferroviarie<\/strong>. Quella di<strong> viale Guidoni<\/strong> permetter\u00e0 un accesso diretto alla rete tramviaria e agli altri mezzi di trasporto, mentre la fermata di <strong>Firenze Castello<\/strong> faciliter\u00e0 i collegamenti per chi arriva da <strong>Pisa, Lucca e Pistoia,<\/strong> contribuendo a ridurre il traffico in ingresso nel capoluogo toscano. &#8220;<em>Si tratta di interventi dal costo contenuto<\/em> \u2013 ha aggiunto Baccelli \u2013 <em>ma dal grande impatto sulla <strong>qualit\u00e0 della vita<\/strong>, perch\u00e9 consentiranno di lasciare l\u2019auto e utilizzare un sistema di trasporto pubblico sempre pi\u00f9 integrato ed efficiente<\/em>&#8220;.<\/p>\n<h3>Un piano per il futuro<\/h3>\n<p>Le infrastrutture di oggi disegnano la Toscana di domani. Con cantieri in fase di avvio e progettazioni strategiche gi\u00e0 delineate, l\u2019area metropolitana Firenze-Prato si avvia a diventare un modello di mobilit\u00e0 sostenibile. &#8220;Per troppo tempo tutto si \u00e8 concentrato sul<strong> centro storico di Firenze<\/strong>, ora serve decongestionare e creare una rete efficiente e interconnessa&#8221;, ha spiegato Baccelli, <strong>&#8220;<\/strong>Sono <strong>opere strategiche<\/strong>, non solo per Firenze, ma per tutta la Toscana. Una volta realizzate, permetteranno di l<strong>asciare l&#8217;auto e spostarsi comodamente in treno e tram<\/strong>&#8220;.<\/p>\n","protected":false},"excerpt":{"rendered":"<p>Dal sottoattraversamento per l&#8217;alta velocit\u00e0 passando per la terza corsia dell&#8217;A11 ai progetti per l&#8217;ampliamento del sistema tramviario, la Regione Toscana fa il punto sugli interventi infrastrutturali in corso<\/p>\n","protected":false},"author":507,"featured_media":375389,"comment_status":"open","ping_status":"open","sticky":false,"template":"","format":"standard","meta":{"_acf_changed":false,"footnotes":""},"categories":[494],"tags":[158,1577,4818],"class_list":["post-375382","post","type-post","status-publish","format-standard","has-post-thumbnail","hentry","category-attualita","tag-eugenio-giani","tag-muoversi-in-toscana","tag-stefano-baccelli"],"acf":[],"yoast_head":"<!-- This site is optimized with the Yoast SEO Premium plugin v24.2 (Yoast SEO v25.6) - https:\/\/yoast.com\/wordpress\/plugins\/seo\/ -->\n<title>Le grandi sfide della mobilit\u00e0 tra Firenze e Prato: un futuro su ferro e gomma - intoscana<\/title>\n<meta name=\"robots\" content=\"index, follow, max-snippet:-1, max-image-preview:large, max-video-preview:-1\" \/>\n<link rel=\"canonical\" href=\"https:\/\/www.intoscana.it\/it\/le-grandi-sfide-della-mobilita-tra-firenze-e-prato-un-futuro-su-ferro-e-gomma\/\" \/>\n<meta property=\"og:locale\" content=\"it_IT\" \/>\n<meta property=\"og:type\" content=\"article\" \/>\n<meta property=\"og:title\" content=\"Le grandi sfide della mobilit\u00e0 tra Firenze e Prato: un futuro su ferro e gomma\" \/>\n<meta property=\"og:description\" content=\"Dal sottoattraversamento per l&#039;alta velocit\u00e0 passando per la terza corsia dell&#039;A11 ai progetti per l&#039;ampliamento del sistema tramviario, la Regione Toscana fa il punto sugli interventi infrastrutturali in corso\" \/>\n<meta property=\"og:url\" content=\"https:\/\/www.intoscana.it\/it\/le-grandi-sfide-della-mobilita-tra-firenze-e-prato-un-futuro-su-ferro-e-gomma\/\" \/>\n<meta property=\"og:site_name\" content=\"intoscana\" \/>\n<meta property=\"article:publisher\" content=\"https:\/\/www.facebook.com\/intoscana.it\" \/>\n<meta property=\"article:published_time\" content=\"2025-02-17T14:43:20+00:00\" \/>\n<meta property=\"article:modified_time\" content=\"2025-02-17T15:20:54+00:00\" \/>\n<meta property=\"og:image\" content=\"https:\/\/www.intoscana.it\/wp-content\/uploads\/stazione-belfiore.jpg\" \/>\n\t<meta property=\"og:image:width\" content=\"1920\" \/>\n\t<meta property=\"og:image:height\" content=\"1080\" \/>\n\t<meta property=\"og:image:type\" content=\"image\/jpeg\" \/>\n<meta name=\"author\" content=\"Chiara Bianchini\" \/>\n<meta name=\"twitter:card\" content=\"summary_large_image\" \/>\n<meta name=\"twitter:creator\" content=\"@intoscana\" \/>\n<meta name=\"twitter:site\" content=\"@intoscana\" \/>\n<meta name=\"twitter:label1\" content=\"Written by\" \/>\n\t<meta name=\"twitter:data1\" content=\"Chiara Bianchini\" \/>\n\t<meta name=\"twitter:label2\" content=\"Est. reading time\" \/>\n\t<meta name=\"twitter:data2\" content=\"4 minuti\" \/>\n<script type=\"application\/ld+json\" class=\"yoast-schema-graph\">{\"@context\":\"https:\/\/schema.org\",\"@graph\":[{\"@type\":\"WebPage\",\"@id\":\"https:\/\/www.intoscana.it\/it\/le-grandi-sfide-della-mobilita-tra-firenze-e-prato-un-futuro-su-ferro-e-gomma\/\",\"url\":\"https:\/\/www.intoscana.it\/it\/le-grandi-sfide-della-mobilita-tra-firenze-e-prato-un-futuro-su-ferro-e-gomma\/\",\"name\":\"Le grandi sfide della mobilit\u00e0 tra Firenze e Prato: un futuro su ferro e gomma - intoscana\",\"isPartOf\":{\"@id\":\"https:\/\/www.intoscana.it\/it\/#website\"},\"primaryImageOfPage\":{\"@id\":\"https:\/\/www.intoscana.it\/it\/le-grandi-sfide-della-mobilita-tra-firenze-e-prato-un-futuro-su-ferro-e-gomma\/#primaryimage\"},\"image\":{\"@id\":\"https:\/\/www.intoscana.it\/it\/le-grandi-sfide-della-mobilita-tra-firenze-e-prato-un-futuro-su-ferro-e-gomma\/#primaryimage\"},\"thumbnailUrl\":\"https:\/\/www.intoscana.it\/wp-content\/uploads\/stazione-belfiore.jpg\",\"datePublished\":\"2025-02-17T14:43:20+00:00\",\"dateModified\":\"2025-02-17T15:20:54+00:00\",\"author\":{\"@id\":\"https:\/\/www.intoscana.it\/it\/#\/schema\/person\/010af92117f50561886339ad5b873a41\"},\"breadcrumb\":{\"@id\":\"https:\/\/www.intoscana.it\/it\/le-grandi-sfide-della-mobilita-tra-firenze-e-prato-un-futuro-su-ferro-e-gomma\/#breadcrumb\"},\"inLanguage\":\"it-IT\",\"potentialAction\":[{\"@type\":\"ReadAction\",\"target\":[\"https:\/\/www.intoscana.it\/it\/le-grandi-sfide-della-mobilita-tra-firenze-e-prato-un-futuro-su-ferro-e-gomma\/\"]}]},{\"@type\":\"ImageObject\",\"inLanguage\":\"it-IT\",\"@id\":\"https:\/\/www.intoscana.it\/it\/le-grandi-sfide-della-mobilita-tra-firenze-e-prato-un-futuro-su-ferro-e-gomma\/#primaryimage\",\"url\":\"https:\/\/www.intoscana.it\/wp-content\/uploads\/stazione-belfiore.jpg\",\"contentUrl\":\"https:\/\/www.intoscana.it\/wp-content\/uploads\/stazione-belfiore.jpg\",\"width\":1920,\"height\":1080},{\"@type\":\"BreadcrumbList\",\"@id\":\"https:\/\/www.intoscana.it\/it\/le-grandi-sfide-della-mobilita-tra-firenze-e-prato-un-futuro-su-ferro-e-gomma\/#breadcrumb\",\"itemListElement\":[{\"@type\":\"ListItem\",\"position\":1,\"name\":\"Home\",\"item\":\"https:\/\/www.intoscana.it\/it\/\"},{\"@type\":\"ListItem\",\"position\":2,\"name\":\"Le grandi sfide della mobilit\u00e0 tra Firenze e Prato: un futuro su ferro e gomma\"}]},{\"@type\":\"WebSite\",\"@id\":\"https:\/\/www.intoscana.it\/it\/#website\",\"url\":\"https:\/\/www.intoscana.it\/it\/\",\"name\":\"intoscana\",\"description\":\"\",\"potentialAction\":[{\"@type\":\"SearchAction\",\"target\":{\"@type\":\"EntryPoint\",\"urlTemplate\":\"https:\/\/www.intoscana.it\/it\/?s={search_term_string}\"},\"query-input\":{\"@type\":\"PropertyValueSpecification\",\"valueRequired\":true,\"valueName\":\"search_term_string\"}}],\"inLanguage\":\"it-IT\"},{\"@type\":\"Person\",\"@id\":\"https:\/\/www.intoscana.it\/it\/#\/schema\/person\/010af92117f50561886339ad5b873a41\",\"name\":\"Chiara Bianchini\",\"sameAs\":[\"c.bianchini@fst.it\"],\"url\":\"https:\/\/www.intoscana.it\/it\/author\/chiara-bianchini\/\"}]}<\/script>\n<!-- \/ Yoast SEO Premium plugin. -->","yoast_head_json":{"title":"Le grandi sfide della mobilit\u00e0 tra Firenze e Prato: un futuro su ferro e gomma - intoscana","robots":{"index":"index","follow":"follow","max-snippet":"max-snippet:-1","max-image-preview":"max-image-preview:large","max-video-preview":"max-video-preview:-1"},"canonical":"https:\/\/www.intoscana.it\/it\/le-grandi-sfide-della-mobilita-tra-firenze-e-prato-un-futuro-su-ferro-e-gomma\/","og_locale":"it_IT","og_type":"article","og_title":"Le grandi sfide della mobilit\u00e0 tra Firenze e Prato: un futuro su ferro e gomma","og_description":"Dal sottoattraversamento per l'alta velocit\u00e0 passando per la terza corsia dell'A11 ai progetti per l'ampliamento del sistema tramviario, la Regione Toscana fa il punto sugli interventi infrastrutturali in corso","og_url":"https:\/\/www.intoscana.it\/it\/le-grandi-sfide-della-mobilita-tra-firenze-e-prato-un-futuro-su-ferro-e-gomma\/","og_site_name":"intoscana","article_publisher":"https:\/\/www.facebook.com\/intoscana.it","article_published_time":"2025-02-17T14:43:20+00:00","article_modified_time":"2025-02-17T15:20:54+00:00","og_image":[{"width":1920,"height":1080,"url":"https:\/\/www.intoscana.it\/wp-content\/uploads\/stazione-belfiore.jpg","type":"image\/jpeg"}],"author":"Chiara Bianchini","twitter_card":"summary_large_image","twitter_creator":"@intoscana","twitter_site":"@intoscana","twitter_misc":{"Written by":"Chiara Bianchini","Est. reading time":"4 minuti"},"schema":{"@context":"https:\/\/schema.org","@graph":[{"@type":"WebPage","@id":"https:\/\/www.intoscana.it\/it\/le-grandi-sfide-della-mobilita-tra-firenze-e-prato-un-futuro-su-ferro-e-gomma\/","url":"https:\/\/www.intoscana.it\/it\/le-grandi-sfide-della-mobilita-tra-firenze-e-prato-un-futuro-su-ferro-e-gomma\/","name":"Le grandi sfide della mobilit\u00e0 tra Firenze e Prato: un futuro su ferro e gomma - intoscana","isPartOf":{"@id":"https:\/\/www.intoscana.it\/it\/#website"},"primaryImageOfPage":{"@id":"https:\/\/www.intoscana.it\/it\/le-grandi-sfide-della-mobilita-tra-firenze-e-prato-un-futuro-su-ferro-e-gomma\/#primaryimage"},"image":{"@id":"https:\/\/www.intoscana.it\/it\/le-grandi-sfide-della-mobilita-tra-firenze-e-prato-un-futuro-su-ferro-e-gomma\/#primaryimage"},"thumbnailUrl":"https:\/\/www.intoscana.it\/wp-content\/uploads\/stazione-belfiore.jpg","datePublished":"2025-02-17T14:43:20+00:00","dateModified":"2025-02-17T15:20:54+00:00","author":{"@id":"https:\/\/www.intoscana.it\/it\/#\/schema\/person\/010af92117f50561886339ad5b873a41"},"breadcrumb":{"@id":"https:\/\/www.intoscana.it\/it\/le-grandi-sfide-della-mobilita-tra-firenze-e-prato-un-futuro-su-ferro-e-gomma\/#breadcrumb"},"inLanguage":"it-IT","potentialAction":[{"@type":"ReadAction","target":["https:\/\/www.intoscana.it\/it\/le-grandi-sfide-della-mobilita-tra-firenze-e-prato-un-futuro-su-ferro-e-gomma\/"]}]},{"@type":"ImageObject","inLanguage":"it-IT","@id":"https:\/\/www.intoscana.it\/it\/le-grandi-sfide-della-mobilita-tra-firenze-e-prato-un-futuro-su-ferro-e-gomma\/#primaryimage","url":"https:\/\/www.intoscana.it\/wp-content\/uploads\/stazione-belfiore.jpg","contentUrl":"https:\/\/www.intoscana.it\/wp-content\/uploads\/stazione-belfiore.jpg","width":1920,"height":1080},{"@type":"BreadcrumbList","@id":"https:\/\/www.intoscana.it\/it\/le-grandi-sfide-della-mobilita-tra-firenze-e-prato-un-futuro-su-ferro-e-gomma\/#breadcrumb","itemListElement":[{"@type":"ListItem","position":1,"name":"Home","item":"https:\/\/www.intoscana.it\/it\/"},{"@type":"ListItem","position":2,"name":"Le grandi sfide della mobilit\u00e0 tra Firenze e Prato: un futuro su ferro e gomma"}]},{"@type":"WebSite","@id":"https:\/\/www.intoscana.it\/it\/#website","url":"https:\/\/www.intoscana.it\/it\/","name":"intoscana","description":"","potentialAction":[{"@type":"SearchAction","target":{"@type":"EntryPoint","urlTemplate":"https:\/\/www.intoscana.it\/it\/?s={search_term_string}"},"query-input":{"@type":"PropertyValueSpecification","valueRequired":true,"valueName":"search_term_string"}}],"inLanguage":"it-IT"},{"@type":"Person","@id":"https:\/\/www.intoscana.it\/it\/#\/schema\/person\/010af92117f50561886339ad5b873a41","name":"Chiara Bianchini","sameAs":["c.bianchini@fst.it"],"url":"https:\/\/www.intoscana.it\/it\/author\/chiara-bianchini\/"}]}},"_links":{"self":[{"href":"https:\/\/www.intoscana.it\/it\/wp-json\/wp\/v2\/posts\/375382","targetHints":{"allow":["GET"]}}],"collection":[{"href":"https:\/\/www.intoscana.it\/it\/wp-json\/wp\/v2\/posts"}],"about":[{"href":"https:\/\/www.intoscana.it\/it\/wp-json\/wp\/v2\/types\/post"}],"author":[{"embeddable":true,"href":"https:\/\/www.intoscana.it\/it\/wp-json\/wp\/v2\/users\/507"}],"replies":[{"embeddable":true,"href":"https:\/\/www.intoscana.it\/it\/wp-json\/wp\/v2\/comments?post=375382"}],"version-history":[{"count":4,"href":"https:\/\/www.intoscana.it\/it\/wp-json\/wp\/v2\/posts\/375382\/revisions"}],"predecessor-version":[{"id":375398,"href":"https:\/\/www.intoscana.it\/it\/wp-json\/wp\/v2\/posts\/375382\/revisions\/375398"}],"wp:featuredmedia":[{"embeddable":true,"href":"https:\/\/www.intoscana.it\/it\/wp-json\/wp\/v2\/media\/375389"}],"wp:attachment":[{"href":"https:\/\/www.intoscana.it\/it\/wp-json\/wp\/v2\/media?parent=375382"}],"wp:term":[{"taxonomy":"category","embeddable":true,"href":"https:\/\/www.intoscana.it\/it\/wp-json\/wp\/v2\/categories?post=375382"},{"taxonomy":"post_tag","embeddable":true,"href":"https:\/\/www.intoscana.it\/it\/wp-json\/wp\/v2\/tags?post=375382"}],"curies":[{"name":"wp","href":"https:\/\/api.w.org\/{rel}","templated":true}]}}