{"id":375852,"date":"2025-02-20T15:33:23","date_gmt":"2025-02-20T14:33:23","guid":{"rendered":"https:\/\/www.intoscana.it\/it\/?p=375852"},"modified":"2025-02-20T16:50:08","modified_gmt":"2025-02-20T15:50:08","slug":"sanita-a-firenze-al-via-i-lavori-della-nuova-casa-di-comunita-di-viale-europa","status":"publish","type":"post","link":"https:\/\/www.intoscana.it\/it\/sanita-a-firenze-al-via-i-lavori-della-nuova-casa-di-comunita-di-viale-europa\/","title":{"rendered":"Sanit\u00e0, a Firenze al via i lavori della nuova casa di comunit\u00e0 di viale Europa"},"content":{"rendered":"<p>Al via i lavori della nuova <strong>casa di comunit\u00e0<\/strong> in viale Europa a Firenze: finanziato in gran parte con fondi <strong>Pnrr<\/strong> per un investimento complessivo di 4,1 milioni, si trova all&#8217;intersezione con via Marco Polo. La struttura sorger\u00e0 su un&#8217;area totale di 2mila metri quadrati su un terreno messo a disposizione dal Comune: <mark>la met\u00e0 sar\u00e0 occupata da un edificio di tre piani, di cui uno interrato, mentre nei restanti ci saranno spazi verdi e parcheggi. La consegna prevista \u00e8 a febbraio 2026.<\/mark><\/p>\n<h3><em>Non solo sanit\u00e0<\/em><\/h3>\n<p>All&#8217;inaugurazione del cantiere, il presidente della Regione Toscana <strong>Eugenio Giani<\/strong> ha sottolineato come la &#8220;casa di comunit\u00e0 diventer\u00e0 un riferimento, in un&#8217;area densamente abitata. Oltre alle funzioni sanitarie, ci sar\u00e0 quella dell&#8217;anagrafe. <mark>L&#8217;intervento contribuisce a creare quella riforma della sanit\u00e0 territoriale a noi noi aspiriamo offrendo servizi tra cittadino e sistema sanitario sempre pi\u00f9 moderni ed efficaci&#8221;.<\/mark> Di &#8220;potenziamento dell&#8217;assistenza territoriale&#8221; parla anche l&#8217;assessore regionale alla salute, <strong>Simone Bezzini<\/strong>.<\/p>\n<p>La sindaca di Firenze <strong>Sara Funaro<\/strong> ha evidenziato il lavoro fatto da Regione Toscana, Comune e Azienda sanitaria, osservando che saranno fatti &#8220;servizi sanitari e sociali&#8221;. <mark>&#8220;Questa \u00e8 una zona\u00a0 &#8211; ha spiegato &#8211; dove sappiamo che \u00e8 alta la presenza degli anziani, per cui \u00e8 un servizio importante che dar\u00e0 un&#8217;ulteriore risposta aggiuntiva&#8221;.<\/mark><\/p>\n<h3><em>La struttura<\/em><\/h3>\n<p>Sar\u00e0 un edificio rettangolare di tre piani, di cui uno interrato, alto complessivamente nove metri per oltre mille metri quadri utile. [\/mark]Un presidio aperto sette giorni su sette, notte e giorno, dove troveranno posto ambulatori di medici specialisti, servizi di diagnostica di base, spazi per i medici e pediatri di famiglia e infermieri di comunit\u00e0, il Cup, assistenza medica di prossimit\u00e0, il Pua[\/mark] (ovvero il punto unico di accesso sanitario e amministrativo), uno sportello e uffici per servizi socio-sanitari come assistenza sociale, prevenzione e assistenza domiciliare e \u00a0al piano terra ulteriori locali per la continuit\u00e0 assistenziale ma anche altri servizi sociali comunali.<\/p>\n<p>Tutt\u2019attorno, per oltre mille e cinquecento metri quadri, sorgeranno parcheggi per auto e biciclette e un\u2019ampia zona verde. \u00a0L\u2019intera area \u00e8 stata messa a disposizione gratuitamente dal Comune di Firenze.<\/p>\n<p>Per realizzare il nuovo edificio &#8211; finanziato per 2 milioni e 500 mila euro con risorse del Pnrr, il piano nazionale di ripresa e resilienza, ed altri 500 mila euro del Fondo complementare regionale &#8211; sono stati investiti complessivamente quattro milioni e 120 mila euro. I lavori saranno completati entro \u00a0febbraio 2026, in poco pi\u00f9 dunque di dodici mesi.<\/p>\n<p>\u201cLe case di comunit\u00e0 sono la vera e propria riforma sanitaria che ci permetter\u00e0 di accrescere i servizi a disposizione dei cittadini sul territorio \u2013 commenta Giani &#8211; ed offrire rapporti e interlocuzioni con il sistema sanitario moderne, efficaci e di partecipazione: una riforma, nazionale, che si \u00e8 ispirata al modello della case di salute toscane ed emiliane. Le case di comunit\u00e0 sono infatti case della salute pi\u00f9 diffuse, con maggiori servizi e requisiti pi\u00f9 strutturati e il ministro Speranza di questo modello fece tesoro e rimase molto colpito quando, in piena pandemia da Covid, visit\u00f2 la Casa della salute proprio a Firenze alle Piagge\u201d.\u00a0 \u201cDa qui ad un anno \u00a0&#8211; prosegue Giani &#8211; sar\u00e0 pronta anche la Casa della comunit\u00e0 di viale Europa, tra le pi\u00f9 grandi che andiamo a realizzare, ma ci sar\u00e0 anche sul Lungarno Santarosa, c\u2019\u00e8 gi\u00e0 in viale Morgagni e ci sar\u00e0 a Novoli\u201d.<\/p>\n<h3><em>Le case di comunit\u00e0 in regione<\/em><\/h3>\n<p>In tutta la Regione sono <strong>77 le case di Comunit\u00e0<\/strong> che nascerano grazie al Pnrr: costruite ex novo, ristrutturate o allargate rispetto ai precedenti distretti sanitari. Accanto alle case di comunit\u00e0 ci saranno gli ospedali di comunit\u00e0 per le cure intermedie, ventiquattro quelli finanziati con il Pnrr: \u00a0al momento sono tre gli ospedali di comunit\u00e0 operativi nell\u2019Asl Toscana Centro (a Firenze, Prato e Pistoia) e altri sei lo saranno nei prossimi mesi (a Borgo San Lorenzo, Figline, Monsummano Terme, Signa, San Miniato e Castefiorentino).<\/p>\n<p>L\u2019ultimo tassello delle rivoluzione della <mark>nuova sanit\u00e0 territoriale sono le trentasette centrali operative territoriali (Cot) distribuire in tutte la regione, gi\u00e0 tutte operative, che funzioneranno come una cabina di regia<\/mark> smistando percorsi e bisogni in base alle esigenze, in modo integrato e semplificando, per i cittadini, procedure a volte ostiche: non solo in uscita dagli ospedali per pazienti che hanno bisogno di cure intermedie, ma anche in entrata, dai territori agli ospedali o tra i vari servizi del territorio.<\/p>\n<p>&nbsp;<\/p>\n","protected":false},"excerpt":{"rendered":"<p>Investivento da 4,1 milioni di euro, la struttura sar\u00e0 pronta tra un anno: oltre ai servizi sanitari ci sar\u00e0 anche un punto anagrafe. Giani: &#8220;Servizi sempre pi\u00f9 moderni ed efficaci&#8221;<\/p>\n","protected":false},"author":525,"featured_media":375918,"comment_status":"open","ping_status":"open","sticky":false,"template":"","format":"standard","meta":{"_acf_changed":false,"footnotes":""},"categories":[494],"tags":[158,202,6296,349,4883],"class_list":["post-375852","post","type-post","status-publish","format-standard","has-post-thumbnail","hentry","category-attualita","tag-eugenio-giani","tag-firenze","tag-pnrr","tag-sanita","tag-simone-bezzini"],"acf":[],"yoast_head":"<!-- This site is optimized with the Yoast SEO Premium plugin v24.2 (Yoast SEO v25.6) - https:\/\/yoast.com\/wordpress\/plugins\/seo\/ -->\n<title>Sanit\u00e0, a Firenze al via i lavori della nuova casa di comunit\u00e0 di viale Europa - intoscana<\/title>\n<meta name=\"description\" content=\"Investivento da 4,1 milioni di euro, la struttura sar\u00e0 pronta tra un anno: oltre ai servizi sanitari ci sar\u00e0 anche un punto anagrafe. Giani: &quot;Servizi sempre pi\u00f9 moderni ed efficaci&quot;\" \/>\n<meta name=\"robots\" content=\"index, follow, max-snippet:-1, max-image-preview:large, max-video-preview:-1\" \/>\n<link rel=\"canonical\" href=\"https:\/\/www.intoscana.it\/it\/sanita-a-firenze-al-via-i-lavori-della-nuova-casa-di-comunita-di-viale-europa\/\" \/>\n<meta property=\"og:locale\" content=\"it_IT\" \/>\n<meta property=\"og:type\" content=\"article\" \/>\n<meta property=\"og:title\" content=\"Sanit\u00e0, a Firenze al via i lavori della nuova casa di comunit\u00e0 di viale Europa\" \/>\n<meta property=\"og:description\" content=\"Investivento da 4,1 milioni di euro, la struttura sar\u00e0 pronta tra un anno: oltre ai servizi sanitari ci sar\u00e0 anche un punto anagrafe. Giani: &quot;Servizi sempre pi\u00f9 moderni ed efficaci&quot;\" \/>\n<meta property=\"og:url\" content=\"https:\/\/www.intoscana.it\/it\/sanita-a-firenze-al-via-i-lavori-della-nuova-casa-di-comunita-di-viale-europa\/\" \/>\n<meta property=\"og:site_name\" content=\"intoscana\" \/>\n<meta property=\"article:publisher\" content=\"https:\/\/www.facebook.com\/intoscana.it\" \/>\n<meta property=\"article:published_time\" content=\"2025-02-20T14:33:23+00:00\" \/>\n<meta property=\"article:modified_time\" content=\"2025-02-20T15:50:08+00:00\" \/>\n<meta property=\"og:image\" content=\"https:\/\/www.intoscana.it\/wp-content\/uploads\/Rendering-Casa-Viale-Europa.png\" \/>\n\t<meta property=\"og:image:width\" content=\"796\" \/>\n\t<meta property=\"og:image:height\" content=\"418\" \/>\n\t<meta property=\"og:image:type\" content=\"image\/png\" \/>\n<meta name=\"author\" content=\"Redazione\" \/>\n<meta name=\"twitter:card\" content=\"summary_large_image\" \/>\n<meta name=\"twitter:creator\" content=\"@intoscana\" \/>\n<meta name=\"twitter:site\" content=\"@intoscana\" \/>\n<meta name=\"twitter:label1\" content=\"Written by\" \/>\n\t<meta name=\"twitter:data1\" content=\"Redazione\" \/>\n\t<meta name=\"twitter:label2\" content=\"Est. reading time\" \/>\n\t<meta name=\"twitter:data2\" content=\"4 minuti\" \/>\n<script type=\"application\/ld+json\" class=\"yoast-schema-graph\">{\"@context\":\"https:\/\/schema.org\",\"@graph\":[{\"@type\":\"WebPage\",\"@id\":\"https:\/\/www.intoscana.it\/it\/sanita-a-firenze-al-via-i-lavori-della-nuova-casa-di-comunita-di-viale-europa\/\",\"url\":\"https:\/\/www.intoscana.it\/it\/sanita-a-firenze-al-via-i-lavori-della-nuova-casa-di-comunita-di-viale-europa\/\",\"name\":\"Sanit\u00e0, a Firenze al via i lavori della nuova casa di comunit\u00e0 di viale Europa - intoscana\",\"isPartOf\":{\"@id\":\"https:\/\/www.intoscana.it\/it\/#website\"},\"primaryImageOfPage\":{\"@id\":\"https:\/\/www.intoscana.it\/it\/sanita-a-firenze-al-via-i-lavori-della-nuova-casa-di-comunita-di-viale-europa\/#primaryimage\"},\"image\":{\"@id\":\"https:\/\/www.intoscana.it\/it\/sanita-a-firenze-al-via-i-lavori-della-nuova-casa-di-comunita-di-viale-europa\/#primaryimage\"},\"thumbnailUrl\":\"https:\/\/www.intoscana.it\/wp-content\/uploads\/Rendering-Casa-Viale-Europa.png\",\"datePublished\":\"2025-02-20T14:33:23+00:00\",\"dateModified\":\"2025-02-20T15:50:08+00:00\",\"author\":{\"@id\":\"https:\/\/www.intoscana.it\/it\/#\/schema\/person\/9223810753230f20bd670fdd322661f8\"},\"description\":\"Investivento da 4,1 milioni di euro, la struttura sar\u00e0 pronta tra un anno: oltre ai servizi sanitari ci sar\u00e0 anche un punto anagrafe. Giani: \\\"Servizi sempre pi\u00f9 moderni ed efficaci\\\"\",\"breadcrumb\":{\"@id\":\"https:\/\/www.intoscana.it\/it\/sanita-a-firenze-al-via-i-lavori-della-nuova-casa-di-comunita-di-viale-europa\/#breadcrumb\"},\"inLanguage\":\"it-IT\",\"potentialAction\":[{\"@type\":\"ReadAction\",\"target\":[\"https:\/\/www.intoscana.it\/it\/sanita-a-firenze-al-via-i-lavori-della-nuova-casa-di-comunita-di-viale-europa\/\"]}]},{\"@type\":\"ImageObject\",\"inLanguage\":\"it-IT\",\"@id\":\"https:\/\/www.intoscana.it\/it\/sanita-a-firenze-al-via-i-lavori-della-nuova-casa-di-comunita-di-viale-europa\/#primaryimage\",\"url\":\"https:\/\/www.intoscana.it\/wp-content\/uploads\/Rendering-Casa-Viale-Europa.png\",\"contentUrl\":\"https:\/\/www.intoscana.it\/wp-content\/uploads\/Rendering-Casa-Viale-Europa.png\",\"width\":796,\"height\":418},{\"@type\":\"BreadcrumbList\",\"@id\":\"https:\/\/www.intoscana.it\/it\/sanita-a-firenze-al-via-i-lavori-della-nuova-casa-di-comunita-di-viale-europa\/#breadcrumb\",\"itemListElement\":[{\"@type\":\"ListItem\",\"position\":1,\"name\":\"Home\",\"item\":\"https:\/\/www.intoscana.it\/it\/\"},{\"@type\":\"ListItem\",\"position\":2,\"name\":\"Sanit\u00e0, a Firenze al via i lavori della nuova casa di comunit\u00e0 di viale Europa\"}]},{\"@type\":\"WebSite\",\"@id\":\"https:\/\/www.intoscana.it\/it\/#website\",\"url\":\"https:\/\/www.intoscana.it\/it\/\",\"name\":\"intoscana\",\"description\":\"\",\"potentialAction\":[{\"@type\":\"SearchAction\",\"target\":{\"@type\":\"EntryPoint\",\"urlTemplate\":\"https:\/\/www.intoscana.it\/it\/?s={search_term_string}\"},\"query-input\":{\"@type\":\"PropertyValueSpecification\",\"valueRequired\":true,\"valueName\":\"search_term_string\"}}],\"inLanguage\":\"it-IT\"},{\"@type\":\"Person\",\"@id\":\"https:\/\/www.intoscana.it\/it\/#\/schema\/person\/9223810753230f20bd670fdd322661f8\",\"name\":\"Redazione\",\"url\":\"https:\/\/www.intoscana.it\/it\/author\/redazione\/\"}]}<\/script>\n<!-- \/ Yoast SEO Premium plugin. -->","yoast_head_json":{"title":"Sanit\u00e0, a Firenze al via i lavori della nuova casa di comunit\u00e0 di viale Europa - intoscana","description":"Investivento da 4,1 milioni di euro, la struttura sar\u00e0 pronta tra un anno: oltre ai servizi sanitari ci sar\u00e0 anche un punto anagrafe. Giani: \"Servizi sempre pi\u00f9 moderni ed efficaci\"","robots":{"index":"index","follow":"follow","max-snippet":"max-snippet:-1","max-image-preview":"max-image-preview:large","max-video-preview":"max-video-preview:-1"},"canonical":"https:\/\/www.intoscana.it\/it\/sanita-a-firenze-al-via-i-lavori-della-nuova-casa-di-comunita-di-viale-europa\/","og_locale":"it_IT","og_type":"article","og_title":"Sanit\u00e0, a Firenze al via i lavori della nuova casa di comunit\u00e0 di viale Europa","og_description":"Investivento da 4,1 milioni di euro, la struttura sar\u00e0 pronta tra un anno: oltre ai servizi sanitari ci sar\u00e0 anche un punto anagrafe. Giani: \"Servizi sempre pi\u00f9 moderni ed efficaci\"","og_url":"https:\/\/www.intoscana.it\/it\/sanita-a-firenze-al-via-i-lavori-della-nuova-casa-di-comunita-di-viale-europa\/","og_site_name":"intoscana","article_publisher":"https:\/\/www.facebook.com\/intoscana.it","article_published_time":"2025-02-20T14:33:23+00:00","article_modified_time":"2025-02-20T15:50:08+00:00","og_image":[{"width":796,"height":418,"url":"https:\/\/www.intoscana.it\/wp-content\/uploads\/Rendering-Casa-Viale-Europa.png","type":"image\/png"}],"author":"Redazione","twitter_card":"summary_large_image","twitter_creator":"@intoscana","twitter_site":"@intoscana","twitter_misc":{"Written by":"Redazione","Est. reading time":"4 minuti"},"schema":{"@context":"https:\/\/schema.org","@graph":[{"@type":"WebPage","@id":"https:\/\/www.intoscana.it\/it\/sanita-a-firenze-al-via-i-lavori-della-nuova-casa-di-comunita-di-viale-europa\/","url":"https:\/\/www.intoscana.it\/it\/sanita-a-firenze-al-via-i-lavori-della-nuova-casa-di-comunita-di-viale-europa\/","name":"Sanit\u00e0, a Firenze al via i lavori della nuova casa di comunit\u00e0 di viale Europa - intoscana","isPartOf":{"@id":"https:\/\/www.intoscana.it\/it\/#website"},"primaryImageOfPage":{"@id":"https:\/\/www.intoscana.it\/it\/sanita-a-firenze-al-via-i-lavori-della-nuova-casa-di-comunita-di-viale-europa\/#primaryimage"},"image":{"@id":"https:\/\/www.intoscana.it\/it\/sanita-a-firenze-al-via-i-lavori-della-nuova-casa-di-comunita-di-viale-europa\/#primaryimage"},"thumbnailUrl":"https:\/\/www.intoscana.it\/wp-content\/uploads\/Rendering-Casa-Viale-Europa.png","datePublished":"2025-02-20T14:33:23+00:00","dateModified":"2025-02-20T15:50:08+00:00","author":{"@id":"https:\/\/www.intoscana.it\/it\/#\/schema\/person\/9223810753230f20bd670fdd322661f8"},"description":"Investivento da 4,1 milioni di euro, la struttura sar\u00e0 pronta tra un anno: oltre ai servizi sanitari ci sar\u00e0 anche un punto anagrafe. Giani: \"Servizi sempre pi\u00f9 moderni ed efficaci\"","breadcrumb":{"@id":"https:\/\/www.intoscana.it\/it\/sanita-a-firenze-al-via-i-lavori-della-nuova-casa-di-comunita-di-viale-europa\/#breadcrumb"},"inLanguage":"it-IT","potentialAction":[{"@type":"ReadAction","target":["https:\/\/www.intoscana.it\/it\/sanita-a-firenze-al-via-i-lavori-della-nuova-casa-di-comunita-di-viale-europa\/"]}]},{"@type":"ImageObject","inLanguage":"it-IT","@id":"https:\/\/www.intoscana.it\/it\/sanita-a-firenze-al-via-i-lavori-della-nuova-casa-di-comunita-di-viale-europa\/#primaryimage","url":"https:\/\/www.intoscana.it\/wp-content\/uploads\/Rendering-Casa-Viale-Europa.png","contentUrl":"https:\/\/www.intoscana.it\/wp-content\/uploads\/Rendering-Casa-Viale-Europa.png","width":796,"height":418},{"@type":"BreadcrumbList","@id":"https:\/\/www.intoscana.it\/it\/sanita-a-firenze-al-via-i-lavori-della-nuova-casa-di-comunita-di-viale-europa\/#breadcrumb","itemListElement":[{"@type":"ListItem","position":1,"name":"Home","item":"https:\/\/www.intoscana.it\/it\/"},{"@type":"ListItem","position":2,"name":"Sanit\u00e0, a Firenze al via i lavori della nuova casa di comunit\u00e0 di viale Europa"}]},{"@type":"WebSite","@id":"https:\/\/www.intoscana.it\/it\/#website","url":"https:\/\/www.intoscana.it\/it\/","name":"intoscana","description":"","potentialAction":[{"@type":"SearchAction","target":{"@type":"EntryPoint","urlTemplate":"https:\/\/www.intoscana.it\/it\/?s={search_term_string}"},"query-input":{"@type":"PropertyValueSpecification","valueRequired":true,"valueName":"search_term_string"}}],"inLanguage":"it-IT"},{"@type":"Person","@id":"https:\/\/www.intoscana.it\/it\/#\/schema\/person\/9223810753230f20bd670fdd322661f8","name":"Redazione","url":"https:\/\/www.intoscana.it\/it\/author\/redazione\/"}]}},"_links":{"self":[{"href":"https:\/\/www.intoscana.it\/it\/wp-json\/wp\/v2\/posts\/375852","targetHints":{"allow":["GET"]}}],"collection":[{"href":"https:\/\/www.intoscana.it\/it\/wp-json\/wp\/v2\/posts"}],"about":[{"href":"https:\/\/www.intoscana.it\/it\/wp-json\/wp\/v2\/types\/post"}],"author":[{"embeddable":true,"href":"https:\/\/www.intoscana.it\/it\/wp-json\/wp\/v2\/users\/525"}],"replies":[{"embeddable":true,"href":"https:\/\/www.intoscana.it\/it\/wp-json\/wp\/v2\/comments?post=375852"}],"version-history":[{"count":5,"href":"https:\/\/www.intoscana.it\/it\/wp-json\/wp\/v2\/posts\/375852\/revisions"}],"predecessor-version":[{"id":375919,"href":"https:\/\/www.intoscana.it\/it\/wp-json\/wp\/v2\/posts\/375852\/revisions\/375919"}],"wp:featuredmedia":[{"embeddable":true,"href":"https:\/\/www.intoscana.it\/it\/wp-json\/wp\/v2\/media\/375918"}],"wp:attachment":[{"href":"https:\/\/www.intoscana.it\/it\/wp-json\/wp\/v2\/media?parent=375852"}],"wp:term":[{"taxonomy":"category","embeddable":true,"href":"https:\/\/www.intoscana.it\/it\/wp-json\/wp\/v2\/categories?post=375852"},{"taxonomy":"post_tag","embeddable":true,"href":"https:\/\/www.intoscana.it\/it\/wp-json\/wp\/v2\/tags?post=375852"}],"curies":[{"name":"wp","href":"https:\/\/api.w.org\/{rel}","templated":true}]}}