{"id":376127,"date":"2025-02-24T10:00:54","date_gmt":"2025-02-24T09:00:54","guid":{"rendered":"https:\/\/www.intoscana.it\/it\/?p=376127"},"modified":"2025-02-24T10:00:54","modified_gmt":"2025-02-24T09:00:54","slug":"ospitalita-e-ristorazione-al-via-a-marina-di-carrara-tirreno-ct-e-balnearia","status":"publish","type":"post","link":"https:\/\/www.intoscana.it\/it\/ospitalita-e-ristorazione-al-via-a-marina-di-carrara-tirreno-ct-e-balnearia\/","title":{"rendered":"Ospitalit\u00e0 e ristorazione, al via a Marina di Carrara Tirreno Ct e Balnearia"},"content":{"rendered":"<p>Doppio taglio del nastro a <strong>Carrarafiere<\/strong> per la 45\/a edizione di <strong>Tirreno Ct<\/strong> e la 26\/a di <strong>Balnearia,<\/strong> le due manifestazioni organizzate da <strong>Tirreno Trade<\/strong> e dedicate alla ristorazione e all&#8217;ospitalit\u00e0, compresa quella in <strong>spiaggia.<\/strong><\/p>\n<p><strong>Domenica 23 febbraio<\/strong> si \u00e8 tenuta l&#8217;inaugurazione alla presenza, tra gli altri del viceprefetto della provincia di Massa Carrara <strong>Andrea Leo,<\/strong> del presidente della Toscana <strong>Eugenio Giani,<\/strong> del presidente della provincia di Massa Carrara<strong>\u00a0Gianni Lorenzetti,<\/strong> dei sindaci di Massa e Carrara <strong>Francesco Persiani e Serena Arrighi<\/strong>, e dell&#8217;onorevole <strong>Andrea Barabotti.<\/strong><\/p>\n<p>Tantissimi gli appuntamenti in calendario fino al 26 febbraio.<\/p>\n<p>Luned\u00ec 24 febbraio al via i <strong>campionati di ristorazione<\/strong> (Pentathlon e Triathlon) e il <strong>Triathlon del caff\u00e8<\/strong>, in arrivo anche gelatieri da tutta Italia per il premio <strong>Versilia. <\/strong><\/p>\n<p>Sempre luned\u00ec, a <strong>Balnearia<\/strong>, due appuntamenti di approfondimento sul futuro delle <strong>spiagge italiane con Cna e Confartigianato.<\/strong><\/p>\n<p><strong>&#8220;Un evento che rappresenta un fiore all&#8217;occhiello per il settore, un momento di incontro e confronto tra professionisti, domanda e offerta in un momento in cui il turismo in Italia rappresenta uno dei volani economici<\/strong> &#8211;<strong> commenta il patron dell&#8217;evento, Paolo Caldana<\/strong> -. <em>Siamo soddisfatti per la risposta da parte degli operatori che potranno incontrare i marchi pi\u00f9 importanti a livello nazionale&#8221;. <\/em><\/p>\n","protected":false},"excerpt":{"rendered":"<p>Luned\u00ec 24 febbraio al via i campionati di ristorazione (Pentathlon e Triathlon) e il Triathlon del caff\u00e8, in arrivo anche gelatieri da tutta Italia per il premio Versilia<\/p>\n","protected":false},"author":525,"featured_media":101181,"comment_status":"open","ping_status":"open","sticky":false,"template":"","format":"standard","meta":{"_acf_changed":false,"footnotes":""},"categories":[494],"tags":[268],"class_list":["post-376127","post","type-post","status-publish","format-standard","has-post-thumbnail","hentry","category-attualita","tag-carrara"],"acf":[],"yoast_head":"<!-- This site is optimized with the Yoast SEO Premium plugin v24.2 (Yoast SEO v25.6) - https:\/\/yoast.com\/wordpress\/plugins\/seo\/ -->\n<title>Ospitalit\u00e0 e ristorazione, al via a Marina di Carrara Tirreno Ct e Balnearia - intoscana<\/title>\n<meta name=\"description\" content=\"Luned\u00ec 24 febbraio al via i campionati di ristorazione e il Triathlon del caff\u00e8, in arrivo anche gelatieri da tutta Italia\" \/>\n<meta name=\"robots\" content=\"index, follow, max-snippet:-1, max-image-preview:large, max-video-preview:-1\" \/>\n<link rel=\"canonical\" href=\"https:\/\/www.intoscana.it\/it\/ospitalita-e-ristorazione-al-via-a-marina-di-carrara-tirreno-ct-e-balnearia\/\" \/>\n<meta property=\"og:locale\" content=\"it_IT\" \/>\n<meta property=\"og:type\" content=\"article\" \/>\n<meta property=\"og:title\" content=\"Ospitalit\u00e0 e ristorazione, al via a Marina di Carrara Tirreno Ct e Balnearia\" \/>\n<meta property=\"og:description\" content=\"Luned\u00ec 24 febbraio al via i campionati di ristorazione e il Triathlon del caff\u00e8, in arrivo anche gelatieri da tutta Italia\" \/>\n<meta property=\"og:url\" content=\"https:\/\/www.intoscana.it\/it\/ospitalita-e-ristorazione-al-via-a-marina-di-carrara-tirreno-ct-e-balnearia\/\" \/>\n<meta property=\"og:site_name\" content=\"intoscana\" \/>\n<meta property=\"article:publisher\" content=\"https:\/\/www.facebook.com\/intoscana.it\" \/>\n<meta property=\"article:published_time\" content=\"2025-02-24T09:00:54+00:00\" \/>\n<meta property=\"og:image\" content=\"https:\/\/www.intoscana.it\/wp-content\/uploads\/84d3e0c79b61540ff7618b644feb68e6.jpg\" \/>\n\t<meta property=\"og:image:width\" content=\"738\" \/>\n\t<meta property=\"og:image:height\" content=\"462\" \/>\n\t<meta property=\"og:image:type\" content=\"image\/jpeg\" \/>\n<meta name=\"author\" content=\"Redazione\" \/>\n<meta name=\"twitter:card\" content=\"summary_large_image\" \/>\n<meta name=\"twitter:creator\" content=\"@intoscana\" \/>\n<meta name=\"twitter:site\" content=\"@intoscana\" \/>\n<meta name=\"twitter:label1\" content=\"Written by\" \/>\n\t<meta name=\"twitter:data1\" content=\"Redazione\" \/>\n\t<meta name=\"twitter:label2\" content=\"Est. reading time\" \/>\n\t<meta name=\"twitter:data2\" content=\"2 minuti\" \/>\n<script type=\"application\/ld+json\" class=\"yoast-schema-graph\">{\"@context\":\"https:\/\/schema.org\",\"@graph\":[{\"@type\":\"WebPage\",\"@id\":\"https:\/\/www.intoscana.it\/it\/ospitalita-e-ristorazione-al-via-a-marina-di-carrara-tirreno-ct-e-balnearia\/\",\"url\":\"https:\/\/www.intoscana.it\/it\/ospitalita-e-ristorazione-al-via-a-marina-di-carrara-tirreno-ct-e-balnearia\/\",\"name\":\"Ospitalit\u00e0 e ristorazione, al via a Marina di Carrara Tirreno Ct e Balnearia - intoscana\",\"isPartOf\":{\"@id\":\"https:\/\/www.intoscana.it\/it\/#website\"},\"primaryImageOfPage\":{\"@id\":\"https:\/\/www.intoscana.it\/it\/ospitalita-e-ristorazione-al-via-a-marina-di-carrara-tirreno-ct-e-balnearia\/#primaryimage\"},\"image\":{\"@id\":\"https:\/\/www.intoscana.it\/it\/ospitalita-e-ristorazione-al-via-a-marina-di-carrara-tirreno-ct-e-balnearia\/#primaryimage\"},\"thumbnailUrl\":\"https:\/\/www.intoscana.it\/wp-content\/uploads\/84d3e0c79b61540ff7618b644feb68e6.jpg\",\"datePublished\":\"2025-02-24T09:00:54+00:00\",\"author\":{\"@id\":\"https:\/\/www.intoscana.it\/it\/#\/schema\/person\/9223810753230f20bd670fdd322661f8\"},\"description\":\"Luned\u00ec 24 febbraio al via i campionati di ristorazione e il Triathlon del caff\u00e8, in arrivo anche gelatieri da tutta Italia\",\"breadcrumb\":{\"@id\":\"https:\/\/www.intoscana.it\/it\/ospitalita-e-ristorazione-al-via-a-marina-di-carrara-tirreno-ct-e-balnearia\/#breadcrumb\"},\"inLanguage\":\"it-IT\",\"potentialAction\":[{\"@type\":\"ReadAction\",\"target\":[\"https:\/\/www.intoscana.it\/it\/ospitalita-e-ristorazione-al-via-a-marina-di-carrara-tirreno-ct-e-balnearia\/\"]}]},{\"@type\":\"ImageObject\",\"inLanguage\":\"it-IT\",\"@id\":\"https:\/\/www.intoscana.it\/it\/ospitalita-e-ristorazione-al-via-a-marina-di-carrara-tirreno-ct-e-balnearia\/#primaryimage\",\"url\":\"https:\/\/www.intoscana.it\/wp-content\/uploads\/84d3e0c79b61540ff7618b644feb68e6.jpg\",\"contentUrl\":\"https:\/\/www.intoscana.it\/wp-content\/uploads\/84d3e0c79b61540ff7618b644feb68e6.jpg\",\"width\":738,\"height\":462},{\"@type\":\"BreadcrumbList\",\"@id\":\"https:\/\/www.intoscana.it\/it\/ospitalita-e-ristorazione-al-via-a-marina-di-carrara-tirreno-ct-e-balnearia\/#breadcrumb\",\"itemListElement\":[{\"@type\":\"ListItem\",\"position\":1,\"name\":\"Home\",\"item\":\"https:\/\/www.intoscana.it\/it\/\"},{\"@type\":\"ListItem\",\"position\":2,\"name\":\"Ospitalit\u00e0 e ristorazione, al via a Marina di Carrara Tirreno Ct e Balnearia\"}]},{\"@type\":\"WebSite\",\"@id\":\"https:\/\/www.intoscana.it\/it\/#website\",\"url\":\"https:\/\/www.intoscana.it\/it\/\",\"name\":\"intoscana\",\"description\":\"\",\"potentialAction\":[{\"@type\":\"SearchAction\",\"target\":{\"@type\":\"EntryPoint\",\"urlTemplate\":\"https:\/\/www.intoscana.it\/it\/?s={search_term_string}\"},\"query-input\":{\"@type\":\"PropertyValueSpecification\",\"valueRequired\":true,\"valueName\":\"search_term_string\"}}],\"inLanguage\":\"it-IT\"},{\"@type\":\"Person\",\"@id\":\"https:\/\/www.intoscana.it\/it\/#\/schema\/person\/9223810753230f20bd670fdd322661f8\",\"name\":\"Redazione\",\"url\":\"https:\/\/www.intoscana.it\/it\/author\/redazione\/\"}]}<\/script>\n<!-- \/ Yoast SEO Premium plugin. -->","yoast_head_json":{"title":"Ospitalit\u00e0 e ristorazione, al via a Marina di Carrara Tirreno Ct e Balnearia - intoscana","description":"Luned\u00ec 24 febbraio al via i campionati di ristorazione e il Triathlon del caff\u00e8, in arrivo anche gelatieri da tutta Italia","robots":{"index":"index","follow":"follow","max-snippet":"max-snippet:-1","max-image-preview":"max-image-preview:large","max-video-preview":"max-video-preview:-1"},"canonical":"https:\/\/www.intoscana.it\/it\/ospitalita-e-ristorazione-al-via-a-marina-di-carrara-tirreno-ct-e-balnearia\/","og_locale":"it_IT","og_type":"article","og_title":"Ospitalit\u00e0 e ristorazione, al via a Marina di Carrara Tirreno Ct e Balnearia","og_description":"Luned\u00ec 24 febbraio al via i campionati di ristorazione e il Triathlon del caff\u00e8, in arrivo anche gelatieri da tutta Italia","og_url":"https:\/\/www.intoscana.it\/it\/ospitalita-e-ristorazione-al-via-a-marina-di-carrara-tirreno-ct-e-balnearia\/","og_site_name":"intoscana","article_publisher":"https:\/\/www.facebook.com\/intoscana.it","article_published_time":"2025-02-24T09:00:54+00:00","og_image":[{"width":738,"height":462,"url":"https:\/\/www.intoscana.it\/wp-content\/uploads\/84d3e0c79b61540ff7618b644feb68e6.jpg","type":"image\/jpeg"}],"author":"Redazione","twitter_card":"summary_large_image","twitter_creator":"@intoscana","twitter_site":"@intoscana","twitter_misc":{"Written by":"Redazione","Est. reading time":"2 minuti"},"schema":{"@context":"https:\/\/schema.org","@graph":[{"@type":"WebPage","@id":"https:\/\/www.intoscana.it\/it\/ospitalita-e-ristorazione-al-via-a-marina-di-carrara-tirreno-ct-e-balnearia\/","url":"https:\/\/www.intoscana.it\/it\/ospitalita-e-ristorazione-al-via-a-marina-di-carrara-tirreno-ct-e-balnearia\/","name":"Ospitalit\u00e0 e ristorazione, al via a Marina di Carrara Tirreno Ct e Balnearia - intoscana","isPartOf":{"@id":"https:\/\/www.intoscana.it\/it\/#website"},"primaryImageOfPage":{"@id":"https:\/\/www.intoscana.it\/it\/ospitalita-e-ristorazione-al-via-a-marina-di-carrara-tirreno-ct-e-balnearia\/#primaryimage"},"image":{"@id":"https:\/\/www.intoscana.it\/it\/ospitalita-e-ristorazione-al-via-a-marina-di-carrara-tirreno-ct-e-balnearia\/#primaryimage"},"thumbnailUrl":"https:\/\/www.intoscana.it\/wp-content\/uploads\/84d3e0c79b61540ff7618b644feb68e6.jpg","datePublished":"2025-02-24T09:00:54+00:00","author":{"@id":"https:\/\/www.intoscana.it\/it\/#\/schema\/person\/9223810753230f20bd670fdd322661f8"},"description":"Luned\u00ec 24 febbraio al via i campionati di ristorazione e il Triathlon del caff\u00e8, in arrivo anche gelatieri da tutta Italia","breadcrumb":{"@id":"https:\/\/www.intoscana.it\/it\/ospitalita-e-ristorazione-al-via-a-marina-di-carrara-tirreno-ct-e-balnearia\/#breadcrumb"},"inLanguage":"it-IT","potentialAction":[{"@type":"ReadAction","target":["https:\/\/www.intoscana.it\/it\/ospitalita-e-ristorazione-al-via-a-marina-di-carrara-tirreno-ct-e-balnearia\/"]}]},{"@type":"ImageObject","inLanguage":"it-IT","@id":"https:\/\/www.intoscana.it\/it\/ospitalita-e-ristorazione-al-via-a-marina-di-carrara-tirreno-ct-e-balnearia\/#primaryimage","url":"https:\/\/www.intoscana.it\/wp-content\/uploads\/84d3e0c79b61540ff7618b644feb68e6.jpg","contentUrl":"https:\/\/www.intoscana.it\/wp-content\/uploads\/84d3e0c79b61540ff7618b644feb68e6.jpg","width":738,"height":462},{"@type":"BreadcrumbList","@id":"https:\/\/www.intoscana.it\/it\/ospitalita-e-ristorazione-al-via-a-marina-di-carrara-tirreno-ct-e-balnearia\/#breadcrumb","itemListElement":[{"@type":"ListItem","position":1,"name":"Home","item":"https:\/\/www.intoscana.it\/it\/"},{"@type":"ListItem","position":2,"name":"Ospitalit\u00e0 e ristorazione, al via a Marina di Carrara Tirreno Ct e Balnearia"}]},{"@type":"WebSite","@id":"https:\/\/www.intoscana.it\/it\/#website","url":"https:\/\/www.intoscana.it\/it\/","name":"intoscana","description":"","potentialAction":[{"@type":"SearchAction","target":{"@type":"EntryPoint","urlTemplate":"https:\/\/www.intoscana.it\/it\/?s={search_term_string}"},"query-input":{"@type":"PropertyValueSpecification","valueRequired":true,"valueName":"search_term_string"}}],"inLanguage":"it-IT"},{"@type":"Person","@id":"https:\/\/www.intoscana.it\/it\/#\/schema\/person\/9223810753230f20bd670fdd322661f8","name":"Redazione","url":"https:\/\/www.intoscana.it\/it\/author\/redazione\/"}]}},"_links":{"self":[{"href":"https:\/\/www.intoscana.it\/it\/wp-json\/wp\/v2\/posts\/376127","targetHints":{"allow":["GET"]}}],"collection":[{"href":"https:\/\/www.intoscana.it\/it\/wp-json\/wp\/v2\/posts"}],"about":[{"href":"https:\/\/www.intoscana.it\/it\/wp-json\/wp\/v2\/types\/post"}],"author":[{"embeddable":true,"href":"https:\/\/www.intoscana.it\/it\/wp-json\/wp\/v2\/users\/525"}],"replies":[{"embeddable":true,"href":"https:\/\/www.intoscana.it\/it\/wp-json\/wp\/v2\/comments?post=376127"}],"version-history":[{"count":1,"href":"https:\/\/www.intoscana.it\/it\/wp-json\/wp\/v2\/posts\/376127\/revisions"}],"predecessor-version":[{"id":376128,"href":"https:\/\/www.intoscana.it\/it\/wp-json\/wp\/v2\/posts\/376127\/revisions\/376128"}],"wp:featuredmedia":[{"embeddable":true,"href":"https:\/\/www.intoscana.it\/it\/wp-json\/wp\/v2\/media\/101181"}],"wp:attachment":[{"href":"https:\/\/www.intoscana.it\/it\/wp-json\/wp\/v2\/media?parent=376127"}],"wp:term":[{"taxonomy":"category","embeddable":true,"href":"https:\/\/www.intoscana.it\/it\/wp-json\/wp\/v2\/categories?post=376127"},{"taxonomy":"post_tag","embeddable":true,"href":"https:\/\/www.intoscana.it\/it\/wp-json\/wp\/v2\/tags?post=376127"}],"curies":[{"name":"wp","href":"https:\/\/api.w.org\/{rel}","templated":true}]}}