{"id":376160,"date":"2025-02-24T16:11:58","date_gmt":"2025-02-24T15:11:58","guid":{"rendered":"https:\/\/www.intoscana.it\/it\/?p=376160"},"modified":"2025-02-24T16:41:47","modified_gmt":"2025-02-24T15:41:47","slug":"un-evento-per-celebrare-i-500-anni-delle-prose-della-volgar-lingua-di-pietro-bembo","status":"publish","type":"post","link":"https:\/\/www.intoscana.it\/it\/un-evento-per-celebrare-i-500-anni-delle-prose-della-volgar-lingua-di-pietro-bembo\/","title":{"rendered":"Un evento per celebrare i 500 anni delle &#8220;Prose della volgar lingua&#8221; di Pietro Bembo"},"content":{"rendered":"<p>Il <strong>26 e 27 febbraio<\/strong> l&#8217;<strong>Accademia della Crusca<\/strong> celebra i 500 anni dalla stampa delle <strong><em>&#8220;Prose nelle quali si ragiona della volgar lingua<\/em><\/strong>&#8221; di Pietro Bembo con un <strong>convegno internazionale.<\/strong><\/p>\n<p>Le Prose sono <strong>un testo di fondamentale importanza per la storia della lingua italiana e della letteratura,<\/strong> un testo che, partendo dall\u2019intento di dare al volgare letterario una norma stabile, favor\u00ec fortemente l\u2019unificazione linguistica dell\u2019italiano.<\/p>\n<p><em>\u201cNel 2025 &#8211; <\/em><strong>ha detto il presidente della Regione Toscana Eugenio Giani &#8211; <\/strong><em>celebriamo un anniversario di straordinaria importanza per la nostra cultura e identit\u00e0: i 500 anni dalla stampa delle &#8216;Prose nelle quali si ragiona della volgar lingua&#8217; di Pietro Bembo, un&#8217;opera fondamentale per la nascita e l&#8217;affermazione della lingua italiana moderna. Siamo onorati che il convegno che si terr\u00e0 all\u2019Accademia della Crusca, sotto l&#8217;Alto Patronato del Presidente della Repubblica, apra le celebrazioni dedicate a Pietro Bembo e come Regione Toscana, in qualit\u00e0 di custodi di una tradizione linguistica e culturale secolare, siamo impegnati a promuovere la conoscenza e la valorizzazione della nostra lingua, non solo come patrimonio del passato, ma come strumento vivo e dinamico per il futuro&#8221;.<\/em><\/p>\n<p><em>&#8220;Il convegno &#8211; <\/em>ha dichiarato<strong> Paolo D&#8217;Achille, presidente dell&#8217;Accademia della Crusca <\/strong><em><strong>&#8211;<\/strong> nella prima giornata analizzer\u00e0 l&#8217;opera di Bembo e soprattutto la ricezione del suo modello, specie a Firenze, nei decenni immediatamente successivi alla pubblicazione delle Prose, nella seconda verter\u00e0 sull&#8217;affermazione della norma linguistica di matrice bembiana, confrontando la situazione italiana con altre realt\u00e0 europee e le relative politiche nazionali. Saranno infatti presenti studiosi che insegnano all&#8217;estero, nonch\u00e9 un Membro della Reale Accademia Spagnola (socio della Crusca) e il Delegato Generale alla lingua francese e alle lingue di Francia. Al termine interverr\u00e0 anche Guillaume Rousson, Console generale e Direttore dell&#8217;Istituto francese di Firenze.&#8221;<\/em><\/p>\n<h3>Il convegno internazionale \u201cLe Prose nelle quali si ragiona della volgar lingua: 1525-2025\u201d<\/h3>\n<p>Il pomeriggio del <strong>26 febbraio<\/strong> (dalle 14,00), sar\u00e0 intitolato<strong><em> Prima e dopo le \u201cProse\u201d<\/em><\/strong>, e prevede riflessioni sulla preparazione dell\u2019opera, sull\u2019interpretazione data dalla Crusca e dai grammatici alla proposta del Bembo, e sull\u2019affermazione del suo modello linguistico.<\/p>\n<p>Interverranno <strong>Paolo Trovato, Massimo Danzi, Claudio Marazzini, Nicoletta Maraschio, Francesca Cialdini, Rita Librandi, Roberta Cella e Alessandro Cotugno.<\/strong> Coordineranno i lavori Paola Manni e Giuseppe Patota.<\/p>\n<p>La mattina del<strong> 27 febbraio<\/strong> (dalle ore 10,00) \u00e8 intitolata <strong><em>Dalla prima norma allo standard contemporaneo: successi, innovazioni e crisi nel quadro delle lingue europee<\/em><\/strong>, e si svilupper\u00e0 in una tavola rotonda dedicata al nascere della norma linguistica in Italia e al rapporto con lo standard contemporaneo.<\/p>\n<p>Sar\u00e0 questa l\u2019occasione di<strong> confrontare la situazione italiana con altre realt\u00e0 europe<\/strong>e anche nell\u2019intento di comparare l\u2019eventuale incidenza degli interventi politici sulle lingue nazionali.<\/p>\n<p>Saranno infatti presenti, insieme a<strong> Paolo D\u2019Achille<\/strong> (Presidente dell\u2019Accademia della Crusca) che coordiner\u00e0 la tavola rotonda, Sarah Dess\u00ec Schmid (Universit\u00e4t T\u00fcbingen); Lorenzo Tomasin (Universit\u00e9 de Lausanne); Bernard Cerquiglini (Universit\u00e9 Paris-Cit\u00e9); Paul de Sinety (D\u00e9l\u00e9gu\u00e9 g\u00e9n\u00e9ral \u00e0 la langue fran\u00e7aise et aux langues de France); Dar\u00edo Prieto Villanueva (Real Academia Espa\u00f1ola) e Maria Teresa Zanola (Universit\u00e0 Cattolica del Sacro Cuore di Milano).<\/p>\n<p>Alla fine interverr\u00e0 anche <strong>il Console generale e Direttore dell\u2019Institut fran\u00e7ais di Firenze, Guillaume Rousson.<\/strong><\/p>\n","protected":false},"excerpt":{"rendered":"<p>Il 26 e 27 febbraio l&#8217;Accademia della Crusca celebra i 500 anni dalla stampa delle &#8220;Prose&#8221; di Pietro Bembo organizzando a Firenze un convegno internazionale<\/p>\n","protected":false},"author":525,"featured_media":376161,"comment_status":"open","ping_status":"open","sticky":false,"template":"","format":"standard","meta":{"_acf_changed":false,"footnotes":""},"categories":[493],"tags":[3825,158,151],"class_list":["post-376160","post","type-post","status-publish","format-standard","has-post-thumbnail","hentry","category-cultura","tag-accademia-della-crusca","tag-eugenio-giani","tag-regione-toscana"],"acf":[],"yoast_head":"<!-- This site is optimized with the Yoast SEO Premium plugin v24.2 (Yoast SEO v25.6) - https:\/\/yoast.com\/wordpress\/plugins\/seo\/ -->\n<title>Un evento per celebrare i 500 anni delle &quot;Prose della volgar lingua&quot; di Pietro Bembo - intoscana<\/title>\n<meta name=\"description\" content=\"Il 26 e 27 febbraio l&#039;Accademia della Crusca celebra i 500 anni dalla stampa delle &quot;Prose della volgar lingua&quot; di Pietro Bembo\" \/>\n<meta name=\"robots\" content=\"index, follow, max-snippet:-1, max-image-preview:large, max-video-preview:-1\" \/>\n<link rel=\"canonical\" href=\"https:\/\/www.intoscana.it\/it\/un-evento-per-celebrare-i-500-anni-delle-prose-della-volgar-lingua-di-pietro-bembo\/\" \/>\n<meta property=\"og:locale\" content=\"it_IT\" \/>\n<meta property=\"og:type\" content=\"article\" \/>\n<meta property=\"og:title\" content=\"Un evento per celebrare i 500 anni delle &quot;Prose della volgar lingua&quot; di Pietro Bembo\" \/>\n<meta property=\"og:description\" content=\"Il 26 e 27 febbraio l&#039;Accademia della Crusca celebra i 500 anni dalla stampa delle &quot;Prose della volgar lingua&quot; di Pietro Bembo\" \/>\n<meta property=\"og:url\" content=\"https:\/\/www.intoscana.it\/it\/un-evento-per-celebrare-i-500-anni-delle-prose-della-volgar-lingua-di-pietro-bembo\/\" \/>\n<meta property=\"og:site_name\" content=\"intoscana\" \/>\n<meta property=\"article:publisher\" content=\"https:\/\/www.facebook.com\/intoscana.it\" \/>\n<meta property=\"article:published_time\" content=\"2025-02-24T15:11:58+00:00\" \/>\n<meta property=\"article:modified_time\" content=\"2025-02-24T15:41:47+00:00\" \/>\n<meta property=\"og:image\" content=\"https:\/\/www.intoscana.it\/wp-content\/uploads\/1363702494-720x0-c-default.jpg\" \/>\n\t<meta property=\"og:image:width\" content=\"720\" \/>\n\t<meta property=\"og:image:height\" content=\"465\" \/>\n\t<meta property=\"og:image:type\" content=\"image\/jpeg\" \/>\n<meta name=\"author\" content=\"Redazione\" \/>\n<meta name=\"twitter:card\" content=\"summary_large_image\" \/>\n<meta name=\"twitter:creator\" content=\"@intoscana\" \/>\n<meta name=\"twitter:site\" content=\"@intoscana\" \/>\n<meta name=\"twitter:label1\" content=\"Written by\" \/>\n\t<meta name=\"twitter:data1\" content=\"Redazione\" \/>\n\t<meta name=\"twitter:label2\" content=\"Est. reading time\" \/>\n\t<meta name=\"twitter:data2\" content=\"3 minuti\" \/>\n<script type=\"application\/ld+json\" class=\"yoast-schema-graph\">{\"@context\":\"https:\/\/schema.org\",\"@graph\":[{\"@type\":\"WebPage\",\"@id\":\"https:\/\/www.intoscana.it\/it\/un-evento-per-celebrare-i-500-anni-delle-prose-della-volgar-lingua-di-pietro-bembo\/\",\"url\":\"https:\/\/www.intoscana.it\/it\/un-evento-per-celebrare-i-500-anni-delle-prose-della-volgar-lingua-di-pietro-bembo\/\",\"name\":\"Un evento per celebrare i 500 anni delle \\\"Prose della volgar lingua\\\" di Pietro Bembo - intoscana\",\"isPartOf\":{\"@id\":\"https:\/\/www.intoscana.it\/it\/#website\"},\"primaryImageOfPage\":{\"@id\":\"https:\/\/www.intoscana.it\/it\/un-evento-per-celebrare-i-500-anni-delle-prose-della-volgar-lingua-di-pietro-bembo\/#primaryimage\"},\"image\":{\"@id\":\"https:\/\/www.intoscana.it\/it\/un-evento-per-celebrare-i-500-anni-delle-prose-della-volgar-lingua-di-pietro-bembo\/#primaryimage\"},\"thumbnailUrl\":\"https:\/\/www.intoscana.it\/wp-content\/uploads\/1363702494-720x0-c-default.jpg\",\"datePublished\":\"2025-02-24T15:11:58+00:00\",\"dateModified\":\"2025-02-24T15:41:47+00:00\",\"author\":{\"@id\":\"https:\/\/www.intoscana.it\/it\/#\/schema\/person\/9223810753230f20bd670fdd322661f8\"},\"description\":\"Il 26 e 27 febbraio l'Accademia della Crusca celebra i 500 anni dalla stampa delle \\\"Prose della volgar lingua\\\" di Pietro Bembo\",\"breadcrumb\":{\"@id\":\"https:\/\/www.intoscana.it\/it\/un-evento-per-celebrare-i-500-anni-delle-prose-della-volgar-lingua-di-pietro-bembo\/#breadcrumb\"},\"inLanguage\":\"it-IT\",\"potentialAction\":[{\"@type\":\"ReadAction\",\"target\":[\"https:\/\/www.intoscana.it\/it\/un-evento-per-celebrare-i-500-anni-delle-prose-della-volgar-lingua-di-pietro-bembo\/\"]}]},{\"@type\":\"ImageObject\",\"inLanguage\":\"it-IT\",\"@id\":\"https:\/\/www.intoscana.it\/it\/un-evento-per-celebrare-i-500-anni-delle-prose-della-volgar-lingua-di-pietro-bembo\/#primaryimage\",\"url\":\"https:\/\/www.intoscana.it\/wp-content\/uploads\/1363702494-720x0-c-default.jpg\",\"contentUrl\":\"https:\/\/www.intoscana.it\/wp-content\/uploads\/1363702494-720x0-c-default.jpg\",\"width\":720,\"height\":465},{\"@type\":\"BreadcrumbList\",\"@id\":\"https:\/\/www.intoscana.it\/it\/un-evento-per-celebrare-i-500-anni-delle-prose-della-volgar-lingua-di-pietro-bembo\/#breadcrumb\",\"itemListElement\":[{\"@type\":\"ListItem\",\"position\":1,\"name\":\"Home\",\"item\":\"https:\/\/www.intoscana.it\/it\/\"},{\"@type\":\"ListItem\",\"position\":2,\"name\":\"Un evento per celebrare i 500 anni delle &#8220;Prose della volgar lingua&#8221; di Pietro Bembo\"}]},{\"@type\":\"WebSite\",\"@id\":\"https:\/\/www.intoscana.it\/it\/#website\",\"url\":\"https:\/\/www.intoscana.it\/it\/\",\"name\":\"intoscana\",\"description\":\"\",\"potentialAction\":[{\"@type\":\"SearchAction\",\"target\":{\"@type\":\"EntryPoint\",\"urlTemplate\":\"https:\/\/www.intoscana.it\/it\/?s={search_term_string}\"},\"query-input\":{\"@type\":\"PropertyValueSpecification\",\"valueRequired\":true,\"valueName\":\"search_term_string\"}}],\"inLanguage\":\"it-IT\"},{\"@type\":\"Person\",\"@id\":\"https:\/\/www.intoscana.it\/it\/#\/schema\/person\/9223810753230f20bd670fdd322661f8\",\"name\":\"Redazione\",\"url\":\"https:\/\/www.intoscana.it\/it\/author\/redazione\/\"}]}<\/script>\n<!-- \/ Yoast SEO Premium plugin. -->","yoast_head_json":{"title":"Un evento per celebrare i 500 anni delle \"Prose della volgar lingua\" di Pietro Bembo - intoscana","description":"Il 26 e 27 febbraio l'Accademia della Crusca celebra i 500 anni dalla stampa delle \"Prose della volgar lingua\" di Pietro Bembo","robots":{"index":"index","follow":"follow","max-snippet":"max-snippet:-1","max-image-preview":"max-image-preview:large","max-video-preview":"max-video-preview:-1"},"canonical":"https:\/\/www.intoscana.it\/it\/un-evento-per-celebrare-i-500-anni-delle-prose-della-volgar-lingua-di-pietro-bembo\/","og_locale":"it_IT","og_type":"article","og_title":"Un evento per celebrare i 500 anni delle \"Prose della volgar lingua\" di Pietro Bembo","og_description":"Il 26 e 27 febbraio l'Accademia della Crusca celebra i 500 anni dalla stampa delle \"Prose della volgar lingua\" di Pietro Bembo","og_url":"https:\/\/www.intoscana.it\/it\/un-evento-per-celebrare-i-500-anni-delle-prose-della-volgar-lingua-di-pietro-bembo\/","og_site_name":"intoscana","article_publisher":"https:\/\/www.facebook.com\/intoscana.it","article_published_time":"2025-02-24T15:11:58+00:00","article_modified_time":"2025-02-24T15:41:47+00:00","og_image":[{"width":720,"height":465,"url":"https:\/\/www.intoscana.it\/wp-content\/uploads\/1363702494-720x0-c-default.jpg","type":"image\/jpeg"}],"author":"Redazione","twitter_card":"summary_large_image","twitter_creator":"@intoscana","twitter_site":"@intoscana","twitter_misc":{"Written by":"Redazione","Est. reading time":"3 minuti"},"schema":{"@context":"https:\/\/schema.org","@graph":[{"@type":"WebPage","@id":"https:\/\/www.intoscana.it\/it\/un-evento-per-celebrare-i-500-anni-delle-prose-della-volgar-lingua-di-pietro-bembo\/","url":"https:\/\/www.intoscana.it\/it\/un-evento-per-celebrare-i-500-anni-delle-prose-della-volgar-lingua-di-pietro-bembo\/","name":"Un evento per celebrare i 500 anni delle \"Prose della volgar lingua\" di Pietro Bembo - intoscana","isPartOf":{"@id":"https:\/\/www.intoscana.it\/it\/#website"},"primaryImageOfPage":{"@id":"https:\/\/www.intoscana.it\/it\/un-evento-per-celebrare-i-500-anni-delle-prose-della-volgar-lingua-di-pietro-bembo\/#primaryimage"},"image":{"@id":"https:\/\/www.intoscana.it\/it\/un-evento-per-celebrare-i-500-anni-delle-prose-della-volgar-lingua-di-pietro-bembo\/#primaryimage"},"thumbnailUrl":"https:\/\/www.intoscana.it\/wp-content\/uploads\/1363702494-720x0-c-default.jpg","datePublished":"2025-02-24T15:11:58+00:00","dateModified":"2025-02-24T15:41:47+00:00","author":{"@id":"https:\/\/www.intoscana.it\/it\/#\/schema\/person\/9223810753230f20bd670fdd322661f8"},"description":"Il 26 e 27 febbraio l'Accademia della Crusca celebra i 500 anni dalla stampa delle \"Prose della volgar lingua\" di Pietro Bembo","breadcrumb":{"@id":"https:\/\/www.intoscana.it\/it\/un-evento-per-celebrare-i-500-anni-delle-prose-della-volgar-lingua-di-pietro-bembo\/#breadcrumb"},"inLanguage":"it-IT","potentialAction":[{"@type":"ReadAction","target":["https:\/\/www.intoscana.it\/it\/un-evento-per-celebrare-i-500-anni-delle-prose-della-volgar-lingua-di-pietro-bembo\/"]}]},{"@type":"ImageObject","inLanguage":"it-IT","@id":"https:\/\/www.intoscana.it\/it\/un-evento-per-celebrare-i-500-anni-delle-prose-della-volgar-lingua-di-pietro-bembo\/#primaryimage","url":"https:\/\/www.intoscana.it\/wp-content\/uploads\/1363702494-720x0-c-default.jpg","contentUrl":"https:\/\/www.intoscana.it\/wp-content\/uploads\/1363702494-720x0-c-default.jpg","width":720,"height":465},{"@type":"BreadcrumbList","@id":"https:\/\/www.intoscana.it\/it\/un-evento-per-celebrare-i-500-anni-delle-prose-della-volgar-lingua-di-pietro-bembo\/#breadcrumb","itemListElement":[{"@type":"ListItem","position":1,"name":"Home","item":"https:\/\/www.intoscana.it\/it\/"},{"@type":"ListItem","position":2,"name":"Un evento per celebrare i 500 anni delle &#8220;Prose della volgar lingua&#8221; di Pietro Bembo"}]},{"@type":"WebSite","@id":"https:\/\/www.intoscana.it\/it\/#website","url":"https:\/\/www.intoscana.it\/it\/","name":"intoscana","description":"","potentialAction":[{"@type":"SearchAction","target":{"@type":"EntryPoint","urlTemplate":"https:\/\/www.intoscana.it\/it\/?s={search_term_string}"},"query-input":{"@type":"PropertyValueSpecification","valueRequired":true,"valueName":"search_term_string"}}],"inLanguage":"it-IT"},{"@type":"Person","@id":"https:\/\/www.intoscana.it\/it\/#\/schema\/person\/9223810753230f20bd670fdd322661f8","name":"Redazione","url":"https:\/\/www.intoscana.it\/it\/author\/redazione\/"}]}},"_links":{"self":[{"href":"https:\/\/www.intoscana.it\/it\/wp-json\/wp\/v2\/posts\/376160","targetHints":{"allow":["GET"]}}],"collection":[{"href":"https:\/\/www.intoscana.it\/it\/wp-json\/wp\/v2\/posts"}],"about":[{"href":"https:\/\/www.intoscana.it\/it\/wp-json\/wp\/v2\/types\/post"}],"author":[{"embeddable":true,"href":"https:\/\/www.intoscana.it\/it\/wp-json\/wp\/v2\/users\/525"}],"replies":[{"embeddable":true,"href":"https:\/\/www.intoscana.it\/it\/wp-json\/wp\/v2\/comments?post=376160"}],"version-history":[{"count":5,"href":"https:\/\/www.intoscana.it\/it\/wp-json\/wp\/v2\/posts\/376160\/revisions"}],"predecessor-version":[{"id":376183,"href":"https:\/\/www.intoscana.it\/it\/wp-json\/wp\/v2\/posts\/376160\/revisions\/376183"}],"wp:featuredmedia":[{"embeddable":true,"href":"https:\/\/www.intoscana.it\/it\/wp-json\/wp\/v2\/media\/376161"}],"wp:attachment":[{"href":"https:\/\/www.intoscana.it\/it\/wp-json\/wp\/v2\/media?parent=376160"}],"wp:term":[{"taxonomy":"category","embeddable":true,"href":"https:\/\/www.intoscana.it\/it\/wp-json\/wp\/v2\/categories?post=376160"},{"taxonomy":"post_tag","embeddable":true,"href":"https:\/\/www.intoscana.it\/it\/wp-json\/wp\/v2\/tags?post=376160"}],"curies":[{"name":"wp","href":"https:\/\/api.w.org\/{rel}","templated":true}]}}