{"id":376780,"date":"2025-03-01T08:16:33","date_gmt":"2025-03-01T07:16:33","guid":{"rendered":"https:\/\/www.intoscana.it\/it\/?p=376780"},"modified":"2025-03-01T08:18:56","modified_gmt":"2025-03-01T07:18:56","slug":"la-toscana-ricorda-mario-luzi-a-20-anni-dalla-scomparsa","status":"publish","type":"post","link":"https:\/\/www.intoscana.it\/it\/la-toscana-ricorda-mario-luzi-a-20-anni-dalla-scomparsa\/","title":{"rendered":"La Toscana ricorda Mario Luzi a 20 anni dalla scomparsa"},"content":{"rendered":"<p>&#8220;<em>E&#8217; stato un uomo dal respiro universale ma che ha sempre mantenuto legami con la sua Toscana. Avrebbe meritato il Premio Nobel&#8221;<\/em>. Questo il ricordo che il governatore toscano <strong>Eugenio Giani<\/strong> ha fatto del poeta <strong>Mario Luzi<\/strong>, esattamente a vent&#8217;anni dalla sua morte, avvenuta il <strong>28 febbraio 2005<\/strong>.<\/p>\n<p>&#8220;<em>Se di poeti, poeti veri, poeti grandi, ce ne sono pochi al mondo<\/em> &#8211; ha poi aggiunto <strong>Eugenio Giani<\/strong> &#8211; <em>tra quei pochi c&#8217;\u00e8 certamente lui. Una figura che spicca nel Novecento italiano per la sua lezione di bellezza, per le visioni e le emozioni che ancora ci suggerisce. Nella sua opera non \u00e8 mai mancato l&#8217;impegno civile e a buon diritto si pu\u00f2 dire che \u00e8 stato un poeta civile nel senso pi\u00f9 nobile del termine, ed \u00e8 diventato un classico della nostra letteratura&#8221;<\/em>.<\/p>\n<p>Giani ha poi ricordato le sue amicizie e frequentazioni con tanti intellettuali come <mark>Piero Bigongiari, Alessandro Parronchi, Carlo Bo, Oreste Macr\u00ec, Leone Traverso, Cristina Campo<\/mark> cos\u00ec come la cattedra di lingua e letteratura francese che ha avuto alla <strong>Cesare Alfieri<\/strong>, la facolt\u00e0 fiorentina di scienze politiche.<\/p>\n<p>&#8220;<em>Un impegno mai gridato il suo<\/em> &#8211; ha concluso il presidente &#8211; <em>mai nemmeno davvero rivendicato, ma che credo ci abbia reso tutti pi\u00f9 consapevoli e attenti. Una presenza essenziale con la sua voce in momenti anche di grande sofferenza. E voglio ricordare la sua poesia letta nell&#8217;aula dove si celebrava il progetto per l&#8217;attentato di via Georgofili, quei primi versi: &#8216;Sia detta per te, Firenze, questa nuda implorazione. sui tuoi molti visibili e invisibili tesori lesi nella materia, offesi nell&#8217;essenza&#8217;. Anche per questo Mario Luzi deve essere ricordato in questo ventennale della sua scomparsa e consegnato ai pi\u00f9 giovani, come un riferimento e un esempio&#8221;.<\/em><\/p>\n<h3>Un convegno su Mario Luzi a Pienza<\/h3>\n<p>La citt\u00e0 di Pienza celebra sabato 1 marzo con un convegno il <strong>poeta fiorentino<\/strong> e senatore a vita, suo cittadino onorario <strong>Mario Luzi<\/strong> (1914-2005), a venti anni dalla morte. Luzi, uno degli intellettuali che ha maggiormente caratterizzato il &#8216;900, con il suo pensiero e la sua produzione artistica, mor\u00ec il 28 febbraio 2005 a Firenze, nella casa di via Bellariva, all&#8217;et\u00e0 di 91 anni. Fu la <strong>governante Isolina<\/strong> a trovarlo senza vita, nella sua camera: aveva la <strong>radio accesa<\/strong>, era sua abitudine ascoltare tutte le mattine, appena sveglio, il notiziario.<\/p>\n<p>Ora Pienza, che lo ebbe <strong>cittadino onorario<\/strong>, gli dedica un evento nel Palazzo Comunale (ore 16,30), con relatori che lo hanno studiato e conosciuto. Dopo i saluti del sindaco Manolo Garosi e della vicesindaca Angela Vegni, interverranno il professor <strong>Marco Marchi<\/strong> &#8211; &#8216;<em>Mario Luzi tra Novecento e per sempre&#8217;<\/em> -, il professor <strong>Alfredo Franchi<\/strong> &#8211; &#8216;<em>Mario Luzi tra Siena e Pienza&#8217;<\/em> -, lo scultore e poeta <strong>Massimo Lippi<\/strong> &#8211; &#8216;<em>Mario Luzi, uomo e poeta&#8217;<\/em>.<\/p>\n<p>Concluder\u00e0 la serie delle relazioni il pientino <strong>Alfiero Petreni<\/strong>, presidente del Centro studi &#8216;La Barca&#8217;, titolare dell&#8217;organizzazione del convegno insieme al Comune di Pienza e a <strong>Valdichiana 2025<\/strong> &#8211; Capitale toscana della cultura di cui \u00e8 uno degli eventi del programma. Previste letture delle<strong> poesie di Luzi<\/strong> e la proiezione di immagini del fotografo <strong>Mauro Zorer<\/strong>, con un sottofondo musicale, il tutto a cura del Teatro Povero di Monticchiello.<\/p>\n<h3>La cittadinanza onoraria di Pienza<\/h3>\n<p>Nominato<strong> senatore a vita<\/strong> dal presidente Ciampi nel 2004, a Mario Luzi era stata assegnata la <strong>cittadinanza onoraria<\/strong> di Pienza nel 1994, quando comp\u00ec 80 anni. La sua regolare frequentazione della citt\u00e0 aveva avuto inizio nel 1969 e si protrasse, senza interruzioni, fino al 2004.<\/p>\n<p>Ogni estate trascorreva <strong>due mesi a Pienza<\/strong> amandone il clima &#8211; caldo ma non opprimente come quello di Firenze -, le condizioni ideali per lavorare, la possibilit\u00e0 di spostarsi con facilit\u00e0 a Siena o verso altre localit\u00e0 della Val d&#8217;Orcia, l&#8217;affetto delle persone del posto e le amicizie, soprattutto quella con <strong>don Fernando Flori<\/strong>, che ammirava come sacerdote e con il quale condivideva la profonda passione per la letteratura.<\/p>\n<p>A convincere Mario Luzi a conoscere Pienza furono principalmente due persone, lo stesso Petreni, e <strong>Leone Piccioni<\/strong>, dirigente della Rai a sua volta innamorato della citt\u00e0. Bast\u00f2 una visita per convincere il poeta a farne sua meta stabile. Secondo la critica Pienza non fu solo fonte di ispirazione per Luzi ma influ\u00ec anche sulla sua scrittura come dimostrerebbe &#8216;<em>Il viaggio terrestre e celeste di Simone Martini<\/em>&#8216;, capolavoro composto a Pienza.<\/p>\n<p>La vicesindaca Angela Vegni ricorda che &#8220;<em>Luzi, insieme a Piccioni, fu protagonista di un&#8217;autentica rinascita culturale della citt\u00e0 e del territorio, di cui ancora si avvertono gli effetti positivi per come seppe raccontare paesaggio, arte, animo umano, monumenti, trascendenza, anche oltre i canoni della letteratura del &#8216;900&#8243;.<\/em><\/p>\n","protected":false},"excerpt":{"rendered":"<p>Per il presidente della Regione Giani \u00e8 stato un uomo dal respiro universale che avrebbe meritato il premio Nobel, Pienza gli dedica un convegno<\/p>\n","protected":false},"author":525,"featured_media":78251,"comment_status":"open","ping_status":"open","sticky":false,"template":"","format":"standard","meta":{"_acf_changed":false,"footnotes":""},"categories":[493],"tags":[158,5859],"class_list":["post-376780","post","type-post","status-publish","format-standard","has-post-thumbnail","hentry","category-cultura","tag-eugenio-giani","tag-mario-luzi"],"acf":[],"yoast_head":"<!-- This site is optimized with the Yoast SEO Premium plugin v24.2 (Yoast SEO v25.6) - https:\/\/yoast.com\/wordpress\/plugins\/seo\/ -->\n<title>La Toscana ricorda Mario Luzi a 20 anni dalla scomparsa - intoscana<\/title>\n<meta name=\"description\" content=\"Per il presidente Giani \u00e8 stato un uomo dal respiro universale che avrebbe meritato il Nobel, Pienza gli dedica un convegno\" \/>\n<meta name=\"robots\" content=\"index, follow, max-snippet:-1, max-image-preview:large, max-video-preview:-1\" \/>\n<link rel=\"canonical\" href=\"https:\/\/www.intoscana.it\/it\/la-toscana-ricorda-mario-luzi-a-20-anni-dalla-scomparsa\/\" \/>\n<meta property=\"og:locale\" content=\"it_IT\" \/>\n<meta property=\"og:type\" content=\"article\" \/>\n<meta property=\"og:title\" content=\"La Toscana ricorda Mario Luzi a 20 anni dalla scomparsa\" \/>\n<meta property=\"og:description\" content=\"Per il presidente Giani \u00e8 stato un uomo dal respiro universale che avrebbe meritato il Nobel, Pienza gli dedica un convegno\" \/>\n<meta property=\"og:url\" content=\"https:\/\/www.intoscana.it\/it\/la-toscana-ricorda-mario-luzi-a-20-anni-dalla-scomparsa\/\" \/>\n<meta property=\"og:site_name\" content=\"intoscana\" \/>\n<meta property=\"article:publisher\" content=\"https:\/\/www.facebook.com\/intoscana.it\" \/>\n<meta property=\"article:published_time\" content=\"2025-03-01T07:16:33+00:00\" \/>\n<meta property=\"article:modified_time\" content=\"2025-03-01T07:18:56+00:00\" \/>\n<meta property=\"og:image\" content=\"https:\/\/www.intoscana.it\/wp-content\/uploads\/marioluzi.jpg\" \/>\n\t<meta property=\"og:image:width\" content=\"980\" \/>\n\t<meta property=\"og:image:height\" content=\"628\" \/>\n\t<meta property=\"og:image:type\" content=\"image\/jpeg\" \/>\n<meta name=\"author\" content=\"Redazione\" \/>\n<meta name=\"twitter:card\" content=\"summary_large_image\" \/>\n<meta name=\"twitter:creator\" content=\"@intoscana\" \/>\n<meta name=\"twitter:site\" content=\"@intoscana\" \/>\n<meta name=\"twitter:label1\" content=\"Written by\" \/>\n\t<meta name=\"twitter:data1\" content=\"Redazione\" \/>\n\t<meta name=\"twitter:label2\" content=\"Est. reading time\" \/>\n\t<meta name=\"twitter:data2\" content=\"5 minuti\" \/>\n<script type=\"application\/ld+json\" class=\"yoast-schema-graph\">{\"@context\":\"https:\/\/schema.org\",\"@graph\":[{\"@type\":\"WebPage\",\"@id\":\"https:\/\/www.intoscana.it\/it\/la-toscana-ricorda-mario-luzi-a-20-anni-dalla-scomparsa\/\",\"url\":\"https:\/\/www.intoscana.it\/it\/la-toscana-ricorda-mario-luzi-a-20-anni-dalla-scomparsa\/\",\"name\":\"La Toscana ricorda Mario Luzi a 20 anni dalla scomparsa - intoscana\",\"isPartOf\":{\"@id\":\"https:\/\/www.intoscana.it\/it\/#website\"},\"primaryImageOfPage\":{\"@id\":\"https:\/\/www.intoscana.it\/it\/la-toscana-ricorda-mario-luzi-a-20-anni-dalla-scomparsa\/#primaryimage\"},\"image\":{\"@id\":\"https:\/\/www.intoscana.it\/it\/la-toscana-ricorda-mario-luzi-a-20-anni-dalla-scomparsa\/#primaryimage\"},\"thumbnailUrl\":\"https:\/\/www.intoscana.it\/wp-content\/uploads\/marioluzi.jpg\",\"datePublished\":\"2025-03-01T07:16:33+00:00\",\"dateModified\":\"2025-03-01T07:18:56+00:00\",\"author\":{\"@id\":\"https:\/\/www.intoscana.it\/it\/#\/schema\/person\/9223810753230f20bd670fdd322661f8\"},\"description\":\"Per il presidente Giani \u00e8 stato un uomo dal respiro universale che avrebbe meritato il Nobel, Pienza gli dedica un convegno\",\"breadcrumb\":{\"@id\":\"https:\/\/www.intoscana.it\/it\/la-toscana-ricorda-mario-luzi-a-20-anni-dalla-scomparsa\/#breadcrumb\"},\"inLanguage\":\"it-IT\",\"potentialAction\":[{\"@type\":\"ReadAction\",\"target\":[\"https:\/\/www.intoscana.it\/it\/la-toscana-ricorda-mario-luzi-a-20-anni-dalla-scomparsa\/\"]}]},{\"@type\":\"ImageObject\",\"inLanguage\":\"it-IT\",\"@id\":\"https:\/\/www.intoscana.it\/it\/la-toscana-ricorda-mario-luzi-a-20-anni-dalla-scomparsa\/#primaryimage\",\"url\":\"https:\/\/www.intoscana.it\/wp-content\/uploads\/marioluzi.jpg\",\"contentUrl\":\"https:\/\/www.intoscana.it\/wp-content\/uploads\/marioluzi.jpg\",\"width\":980,\"height\":628},{\"@type\":\"BreadcrumbList\",\"@id\":\"https:\/\/www.intoscana.it\/it\/la-toscana-ricorda-mario-luzi-a-20-anni-dalla-scomparsa\/#breadcrumb\",\"itemListElement\":[{\"@type\":\"ListItem\",\"position\":1,\"name\":\"Home\",\"item\":\"https:\/\/www.intoscana.it\/it\/\"},{\"@type\":\"ListItem\",\"position\":2,\"name\":\"La Toscana ricorda Mario Luzi a 20 anni dalla scomparsa\"}]},{\"@type\":\"WebSite\",\"@id\":\"https:\/\/www.intoscana.it\/it\/#website\",\"url\":\"https:\/\/www.intoscana.it\/it\/\",\"name\":\"intoscana\",\"description\":\"\",\"potentialAction\":[{\"@type\":\"SearchAction\",\"target\":{\"@type\":\"EntryPoint\",\"urlTemplate\":\"https:\/\/www.intoscana.it\/it\/?s={search_term_string}\"},\"query-input\":{\"@type\":\"PropertyValueSpecification\",\"valueRequired\":true,\"valueName\":\"search_term_string\"}}],\"inLanguage\":\"it-IT\"},{\"@type\":\"Person\",\"@id\":\"https:\/\/www.intoscana.it\/it\/#\/schema\/person\/9223810753230f20bd670fdd322661f8\",\"name\":\"Redazione\",\"url\":\"https:\/\/www.intoscana.it\/it\/author\/redazione\/\"}]}<\/script>\n<!-- \/ Yoast SEO Premium plugin. -->","yoast_head_json":{"title":"La Toscana ricorda Mario Luzi a 20 anni dalla scomparsa - intoscana","description":"Per il presidente Giani \u00e8 stato un uomo dal respiro universale che avrebbe meritato il Nobel, Pienza gli dedica un convegno","robots":{"index":"index","follow":"follow","max-snippet":"max-snippet:-1","max-image-preview":"max-image-preview:large","max-video-preview":"max-video-preview:-1"},"canonical":"https:\/\/www.intoscana.it\/it\/la-toscana-ricorda-mario-luzi-a-20-anni-dalla-scomparsa\/","og_locale":"it_IT","og_type":"article","og_title":"La Toscana ricorda Mario Luzi a 20 anni dalla scomparsa","og_description":"Per il presidente Giani \u00e8 stato un uomo dal respiro universale che avrebbe meritato il Nobel, Pienza gli dedica un convegno","og_url":"https:\/\/www.intoscana.it\/it\/la-toscana-ricorda-mario-luzi-a-20-anni-dalla-scomparsa\/","og_site_name":"intoscana","article_publisher":"https:\/\/www.facebook.com\/intoscana.it","article_published_time":"2025-03-01T07:16:33+00:00","article_modified_time":"2025-03-01T07:18:56+00:00","og_image":[{"width":980,"height":628,"url":"https:\/\/www.intoscana.it\/wp-content\/uploads\/marioluzi.jpg","type":"image\/jpeg"}],"author":"Redazione","twitter_card":"summary_large_image","twitter_creator":"@intoscana","twitter_site":"@intoscana","twitter_misc":{"Written by":"Redazione","Est. reading time":"5 minuti"},"schema":{"@context":"https:\/\/schema.org","@graph":[{"@type":"WebPage","@id":"https:\/\/www.intoscana.it\/it\/la-toscana-ricorda-mario-luzi-a-20-anni-dalla-scomparsa\/","url":"https:\/\/www.intoscana.it\/it\/la-toscana-ricorda-mario-luzi-a-20-anni-dalla-scomparsa\/","name":"La Toscana ricorda Mario Luzi a 20 anni dalla scomparsa - intoscana","isPartOf":{"@id":"https:\/\/www.intoscana.it\/it\/#website"},"primaryImageOfPage":{"@id":"https:\/\/www.intoscana.it\/it\/la-toscana-ricorda-mario-luzi-a-20-anni-dalla-scomparsa\/#primaryimage"},"image":{"@id":"https:\/\/www.intoscana.it\/it\/la-toscana-ricorda-mario-luzi-a-20-anni-dalla-scomparsa\/#primaryimage"},"thumbnailUrl":"https:\/\/www.intoscana.it\/wp-content\/uploads\/marioluzi.jpg","datePublished":"2025-03-01T07:16:33+00:00","dateModified":"2025-03-01T07:18:56+00:00","author":{"@id":"https:\/\/www.intoscana.it\/it\/#\/schema\/person\/9223810753230f20bd670fdd322661f8"},"description":"Per il presidente Giani \u00e8 stato un uomo dal respiro universale che avrebbe meritato il Nobel, Pienza gli dedica un convegno","breadcrumb":{"@id":"https:\/\/www.intoscana.it\/it\/la-toscana-ricorda-mario-luzi-a-20-anni-dalla-scomparsa\/#breadcrumb"},"inLanguage":"it-IT","potentialAction":[{"@type":"ReadAction","target":["https:\/\/www.intoscana.it\/it\/la-toscana-ricorda-mario-luzi-a-20-anni-dalla-scomparsa\/"]}]},{"@type":"ImageObject","inLanguage":"it-IT","@id":"https:\/\/www.intoscana.it\/it\/la-toscana-ricorda-mario-luzi-a-20-anni-dalla-scomparsa\/#primaryimage","url":"https:\/\/www.intoscana.it\/wp-content\/uploads\/marioluzi.jpg","contentUrl":"https:\/\/www.intoscana.it\/wp-content\/uploads\/marioluzi.jpg","width":980,"height":628},{"@type":"BreadcrumbList","@id":"https:\/\/www.intoscana.it\/it\/la-toscana-ricorda-mario-luzi-a-20-anni-dalla-scomparsa\/#breadcrumb","itemListElement":[{"@type":"ListItem","position":1,"name":"Home","item":"https:\/\/www.intoscana.it\/it\/"},{"@type":"ListItem","position":2,"name":"La Toscana ricorda Mario Luzi a 20 anni dalla scomparsa"}]},{"@type":"WebSite","@id":"https:\/\/www.intoscana.it\/it\/#website","url":"https:\/\/www.intoscana.it\/it\/","name":"intoscana","description":"","potentialAction":[{"@type":"SearchAction","target":{"@type":"EntryPoint","urlTemplate":"https:\/\/www.intoscana.it\/it\/?s={search_term_string}"},"query-input":{"@type":"PropertyValueSpecification","valueRequired":true,"valueName":"search_term_string"}}],"inLanguage":"it-IT"},{"@type":"Person","@id":"https:\/\/www.intoscana.it\/it\/#\/schema\/person\/9223810753230f20bd670fdd322661f8","name":"Redazione","url":"https:\/\/www.intoscana.it\/it\/author\/redazione\/"}]}},"_links":{"self":[{"href":"https:\/\/www.intoscana.it\/it\/wp-json\/wp\/v2\/posts\/376780","targetHints":{"allow":["GET"]}}],"collection":[{"href":"https:\/\/www.intoscana.it\/it\/wp-json\/wp\/v2\/posts"}],"about":[{"href":"https:\/\/www.intoscana.it\/it\/wp-json\/wp\/v2\/types\/post"}],"author":[{"embeddable":true,"href":"https:\/\/www.intoscana.it\/it\/wp-json\/wp\/v2\/users\/525"}],"replies":[{"embeddable":true,"href":"https:\/\/www.intoscana.it\/it\/wp-json\/wp\/v2\/comments?post=376780"}],"version-history":[{"count":3,"href":"https:\/\/www.intoscana.it\/it\/wp-json\/wp\/v2\/posts\/376780\/revisions"}],"predecessor-version":[{"id":376783,"href":"https:\/\/www.intoscana.it\/it\/wp-json\/wp\/v2\/posts\/376780\/revisions\/376783"}],"wp:featuredmedia":[{"embeddable":true,"href":"https:\/\/www.intoscana.it\/it\/wp-json\/wp\/v2\/media\/78251"}],"wp:attachment":[{"href":"https:\/\/www.intoscana.it\/it\/wp-json\/wp\/v2\/media?parent=376780"}],"wp:term":[{"taxonomy":"category","embeddable":true,"href":"https:\/\/www.intoscana.it\/it\/wp-json\/wp\/v2\/categories?post=376780"},{"taxonomy":"post_tag","embeddable":true,"href":"https:\/\/www.intoscana.it\/it\/wp-json\/wp\/v2\/tags?post=376780"}],"curies":[{"name":"wp","href":"https:\/\/api.w.org\/{rel}","templated":true}]}}