{"id":376845,"date":"2025-03-03T09:56:32","date_gmt":"2025-03-03T08:56:32","guid":{"rendered":"https:\/\/www.intoscana.it\/it\/?p=376845"},"modified":"2025-03-03T10:54:35","modified_gmt":"2025-03-03T09:54:35","slug":"a-scandicci-inaugurata-la-statua-di-bobo-in-ricordo-di-sergio-staino","status":"publish","type":"post","link":"https:\/\/www.intoscana.it\/it\/a-scandicci-inaugurata-la-statua-di-bobo-in-ricordo-di-sergio-staino\/","title":{"rendered":"A Scandicci inaugurata la statua di Bobo, in ricordo di Sergio Staino"},"content":{"rendered":"<p>In occasione del finissage dell&#8217;esposizione <strong><em>&#8216;Sergio Staino &#8211; L&#8217;arte di vivere tra satira e impegno<\/em><\/strong>&#8216; curata da Laura Vaioli e Pio Corveddu, realizzata da <strong>Lucca Crea &#8211; Lucca Comics &amp; Games<\/strong>, con il Comune di Scandicci, Regione Toscana, Unicoop Firenze, l&#8217;associazione culturale <strong>Bobo e dintorni<\/strong> e il sostegno della <strong>Fondazione Cr Firenze,<\/strong> \u00e8 stata svelata<strong> la statua in memoria di Sergio Staino.\u00a0<\/strong><\/p>\n<p>Tra i presenti la sindaca di Scandicci <strong>Claudia Sereni<\/strong>, la moglie di Staino<strong> Bruna Binasco<\/strong> e i figli Ilaria e Michele,<strong> l&#8217;attore Paolo Hendel,<\/strong> l&#8217;ex sindaco di Scandicci Sandro Fallani.<\/p>\n<p>L&#8217;opera rappresenta <strong>&#8216;Bobo&#8217;, il personaggio creato da Sergio Staino<\/strong>, in una posizione seduta.<\/p>\n<p>La statua, realizzata in bronzo dalla <strong>fonderia artistica Il Cesello di Calenzano,<\/strong> \u00e8 alta circa 140 cm (190 compreso il piedistallo su cui verr\u00e0 poggiata), ed \u00e8 la riproduzione di un modello realizzato in terracotta e donato a Staino dal <strong>maestro ceramista pugliese Agostino Branca.<\/strong><\/p>\n<p>L&#8217;opera sar\u00e0 collocata in via definitiva nel parco del <strong>Castello dell&#8217;Acciaiolo.<\/strong><\/p>\n<p><em>&#8220;Avevamo voglia di lasciare un segno fisico della presenza di Sergio Staino in questo territorio<\/em> &#8211;<strong> ha detto la sindaca Claudia Sereni<\/strong> -.<em> I simboli sono importanti, ci aiutano a farci domande, e questa statua servir\u00e0 anche a tanti giovani che non hanno fatto in tempo a conoscere Sergio. Inoltre \u00e8 un modo per ribadire la nostra intenzione di realizzare qui all&#8217;Acciaiolo la casa dell&#8217;archivio Sergio Staino, insieme a Lucca Comics &amp; Games, alla Regione Toscana e a Unicoop Firenze, per fare di Scandicci la citt\u00e0 della satira&#8221;.<\/em><\/p>\n<figure id=\"post-376847 media-376847\" class=\"align-none\"><img decoding=\"async\" src=\"https:\/\/www.intoscana.it\/wp-content\/uploads\/statua-bobo-sergio-staino-scandicci-2.jpg\" alt=\"\" \/><\/figure>\n<div class=\"titleimg\">La statua di Bobo &#8211; \u00a9 www.ansa.it<\/div>\n","protected":false},"excerpt":{"rendered":"<p>La statua realizzata dalla fonderia artistica Il Cesello di Calenzano, su modello del maestro ceramista pugliese Agostino Branca, sar\u00e0 collocata in via definitiva al Castello dell&#8217;Acciaiolo<\/p>\n","protected":false},"author":525,"featured_media":376848,"comment_status":"open","ping_status":"open","sticky":false,"template":"","format":"standard","meta":{"_acf_changed":false,"footnotes":""},"categories":[493],"tags":[151,401,6809],"class_list":["post-376845","post","type-post","status-publish","format-standard","has-post-thumbnail","hentry","category-cultura","tag-regione-toscana","tag-scandicci","tag-sergio-staino"],"acf":[],"yoast_head":"<!-- This site is optimized with the Yoast SEO Premium plugin v24.2 (Yoast SEO v25.6) - https:\/\/yoast.com\/wordpress\/plugins\/seo\/ -->\n<title>A Scandicci inaugurata la statua di Bobo, in ricordo di Sergio Staino - intoscana<\/title>\n<meta name=\"description\" content=\"La statua realizzata dalla fonderia artistica Il Cesello di Calenzano, sar\u00e0 collocata in via definitiva al Castello dell&#039;Acciaiolo\" \/>\n<meta name=\"robots\" content=\"index, follow, max-snippet:-1, max-image-preview:large, max-video-preview:-1\" \/>\n<link rel=\"canonical\" href=\"https:\/\/www.intoscana.it\/it\/a-scandicci-inaugurata-la-statua-di-bobo-in-ricordo-di-sergio-staino\/\" \/>\n<meta property=\"og:locale\" content=\"it_IT\" \/>\n<meta property=\"og:type\" content=\"article\" \/>\n<meta property=\"og:title\" content=\"A Scandicci inaugurata la statua di Bobo, in ricordo di Sergio Staino\" \/>\n<meta property=\"og:description\" content=\"La statua realizzata dalla fonderia artistica Il Cesello di Calenzano, sar\u00e0 collocata in via definitiva al Castello dell&#039;Acciaiolo\" \/>\n<meta property=\"og:url\" content=\"https:\/\/www.intoscana.it\/it\/a-scandicci-inaugurata-la-statua-di-bobo-in-ricordo-di-sergio-staino\/\" \/>\n<meta property=\"og:site_name\" content=\"intoscana\" \/>\n<meta property=\"article:publisher\" content=\"https:\/\/www.facebook.com\/intoscana.it\" \/>\n<meta property=\"article:published_time\" content=\"2025-03-03T08:56:32+00:00\" \/>\n<meta property=\"article:modified_time\" content=\"2025-03-03T09:54:35+00:00\" \/>\n<meta property=\"og:image\" content=\"https:\/\/www.intoscana.it\/wp-content\/uploads\/b67f7c3dfa876d900f93740f31c257d8.webp\" \/>\n\t<meta property=\"og:image:width\" content=\"774\" \/>\n\t<meta property=\"og:image:height\" content=\"516\" \/>\n\t<meta property=\"og:image:type\" content=\"image\/webp\" \/>\n<meta name=\"author\" content=\"Redazione\" \/>\n<meta name=\"twitter:card\" content=\"summary_large_image\" \/>\n<meta name=\"twitter:creator\" content=\"@intoscana\" \/>\n<meta name=\"twitter:site\" content=\"@intoscana\" \/>\n<meta name=\"twitter:label1\" content=\"Written by\" \/>\n\t<meta name=\"twitter:data1\" content=\"Redazione\" \/>\n\t<meta name=\"twitter:label2\" content=\"Est. reading time\" \/>\n\t<meta name=\"twitter:data2\" content=\"2 minuti\" \/>\n<script type=\"application\/ld+json\" class=\"yoast-schema-graph\">{\"@context\":\"https:\/\/schema.org\",\"@graph\":[{\"@type\":\"WebPage\",\"@id\":\"https:\/\/www.intoscana.it\/it\/a-scandicci-inaugurata-la-statua-di-bobo-in-ricordo-di-sergio-staino\/\",\"url\":\"https:\/\/www.intoscana.it\/it\/a-scandicci-inaugurata-la-statua-di-bobo-in-ricordo-di-sergio-staino\/\",\"name\":\"A Scandicci inaugurata la statua di Bobo, in ricordo di Sergio Staino - intoscana\",\"isPartOf\":{\"@id\":\"https:\/\/www.intoscana.it\/it\/#website\"},\"primaryImageOfPage\":{\"@id\":\"https:\/\/www.intoscana.it\/it\/a-scandicci-inaugurata-la-statua-di-bobo-in-ricordo-di-sergio-staino\/#primaryimage\"},\"image\":{\"@id\":\"https:\/\/www.intoscana.it\/it\/a-scandicci-inaugurata-la-statua-di-bobo-in-ricordo-di-sergio-staino\/#primaryimage\"},\"thumbnailUrl\":\"https:\/\/www.intoscana.it\/wp-content\/uploads\/b67f7c3dfa876d900f93740f31c257d8.webp\",\"datePublished\":\"2025-03-03T08:56:32+00:00\",\"dateModified\":\"2025-03-03T09:54:35+00:00\",\"author\":{\"@id\":\"https:\/\/www.intoscana.it\/it\/#\/schema\/person\/9223810753230f20bd670fdd322661f8\"},\"description\":\"La statua realizzata dalla fonderia artistica Il Cesello di Calenzano, sar\u00e0 collocata in via definitiva al Castello dell'Acciaiolo\",\"breadcrumb\":{\"@id\":\"https:\/\/www.intoscana.it\/it\/a-scandicci-inaugurata-la-statua-di-bobo-in-ricordo-di-sergio-staino\/#breadcrumb\"},\"inLanguage\":\"it-IT\",\"potentialAction\":[{\"@type\":\"ReadAction\",\"target\":[\"https:\/\/www.intoscana.it\/it\/a-scandicci-inaugurata-la-statua-di-bobo-in-ricordo-di-sergio-staino\/\"]}]},{\"@type\":\"ImageObject\",\"inLanguage\":\"it-IT\",\"@id\":\"https:\/\/www.intoscana.it\/it\/a-scandicci-inaugurata-la-statua-di-bobo-in-ricordo-di-sergio-staino\/#primaryimage\",\"url\":\"https:\/\/www.intoscana.it\/wp-content\/uploads\/b67f7c3dfa876d900f93740f31c257d8.webp\",\"contentUrl\":\"https:\/\/www.intoscana.it\/wp-content\/uploads\/b67f7c3dfa876d900f93740f31c257d8.webp\",\"width\":774,\"height\":516},{\"@type\":\"BreadcrumbList\",\"@id\":\"https:\/\/www.intoscana.it\/it\/a-scandicci-inaugurata-la-statua-di-bobo-in-ricordo-di-sergio-staino\/#breadcrumb\",\"itemListElement\":[{\"@type\":\"ListItem\",\"position\":1,\"name\":\"Home\",\"item\":\"https:\/\/www.intoscana.it\/it\/\"},{\"@type\":\"ListItem\",\"position\":2,\"name\":\"A Scandicci inaugurata la statua di Bobo, in ricordo di Sergio Staino\"}]},{\"@type\":\"WebSite\",\"@id\":\"https:\/\/www.intoscana.it\/it\/#website\",\"url\":\"https:\/\/www.intoscana.it\/it\/\",\"name\":\"intoscana\",\"description\":\"\",\"potentialAction\":[{\"@type\":\"SearchAction\",\"target\":{\"@type\":\"EntryPoint\",\"urlTemplate\":\"https:\/\/www.intoscana.it\/it\/?s={search_term_string}\"},\"query-input\":{\"@type\":\"PropertyValueSpecification\",\"valueRequired\":true,\"valueName\":\"search_term_string\"}}],\"inLanguage\":\"it-IT\"},{\"@type\":\"Person\",\"@id\":\"https:\/\/www.intoscana.it\/it\/#\/schema\/person\/9223810753230f20bd670fdd322661f8\",\"name\":\"Redazione\",\"url\":\"https:\/\/www.intoscana.it\/it\/author\/redazione\/\"}]}<\/script>\n<!-- \/ Yoast SEO Premium plugin. -->","yoast_head_json":{"title":"A Scandicci inaugurata la statua di Bobo, in ricordo di Sergio Staino - intoscana","description":"La statua realizzata dalla fonderia artistica Il Cesello di Calenzano, sar\u00e0 collocata in via definitiva al Castello dell'Acciaiolo","robots":{"index":"index","follow":"follow","max-snippet":"max-snippet:-1","max-image-preview":"max-image-preview:large","max-video-preview":"max-video-preview:-1"},"canonical":"https:\/\/www.intoscana.it\/it\/a-scandicci-inaugurata-la-statua-di-bobo-in-ricordo-di-sergio-staino\/","og_locale":"it_IT","og_type":"article","og_title":"A Scandicci inaugurata la statua di Bobo, in ricordo di Sergio Staino","og_description":"La statua realizzata dalla fonderia artistica Il Cesello di Calenzano, sar\u00e0 collocata in via definitiva al Castello dell'Acciaiolo","og_url":"https:\/\/www.intoscana.it\/it\/a-scandicci-inaugurata-la-statua-di-bobo-in-ricordo-di-sergio-staino\/","og_site_name":"intoscana","article_publisher":"https:\/\/www.facebook.com\/intoscana.it","article_published_time":"2025-03-03T08:56:32+00:00","article_modified_time":"2025-03-03T09:54:35+00:00","og_image":[{"width":774,"height":516,"url":"https:\/\/www.intoscana.it\/wp-content\/uploads\/b67f7c3dfa876d900f93740f31c257d8.webp","type":"image\/webp"}],"author":"Redazione","twitter_card":"summary_large_image","twitter_creator":"@intoscana","twitter_site":"@intoscana","twitter_misc":{"Written by":"Redazione","Est. reading time":"2 minuti"},"schema":{"@context":"https:\/\/schema.org","@graph":[{"@type":"WebPage","@id":"https:\/\/www.intoscana.it\/it\/a-scandicci-inaugurata-la-statua-di-bobo-in-ricordo-di-sergio-staino\/","url":"https:\/\/www.intoscana.it\/it\/a-scandicci-inaugurata-la-statua-di-bobo-in-ricordo-di-sergio-staino\/","name":"A Scandicci inaugurata la statua di Bobo, in ricordo di Sergio Staino - intoscana","isPartOf":{"@id":"https:\/\/www.intoscana.it\/it\/#website"},"primaryImageOfPage":{"@id":"https:\/\/www.intoscana.it\/it\/a-scandicci-inaugurata-la-statua-di-bobo-in-ricordo-di-sergio-staino\/#primaryimage"},"image":{"@id":"https:\/\/www.intoscana.it\/it\/a-scandicci-inaugurata-la-statua-di-bobo-in-ricordo-di-sergio-staino\/#primaryimage"},"thumbnailUrl":"https:\/\/www.intoscana.it\/wp-content\/uploads\/b67f7c3dfa876d900f93740f31c257d8.webp","datePublished":"2025-03-03T08:56:32+00:00","dateModified":"2025-03-03T09:54:35+00:00","author":{"@id":"https:\/\/www.intoscana.it\/it\/#\/schema\/person\/9223810753230f20bd670fdd322661f8"},"description":"La statua realizzata dalla fonderia artistica Il Cesello di Calenzano, sar\u00e0 collocata in via definitiva al Castello dell'Acciaiolo","breadcrumb":{"@id":"https:\/\/www.intoscana.it\/it\/a-scandicci-inaugurata-la-statua-di-bobo-in-ricordo-di-sergio-staino\/#breadcrumb"},"inLanguage":"it-IT","potentialAction":[{"@type":"ReadAction","target":["https:\/\/www.intoscana.it\/it\/a-scandicci-inaugurata-la-statua-di-bobo-in-ricordo-di-sergio-staino\/"]}]},{"@type":"ImageObject","inLanguage":"it-IT","@id":"https:\/\/www.intoscana.it\/it\/a-scandicci-inaugurata-la-statua-di-bobo-in-ricordo-di-sergio-staino\/#primaryimage","url":"https:\/\/www.intoscana.it\/wp-content\/uploads\/b67f7c3dfa876d900f93740f31c257d8.webp","contentUrl":"https:\/\/www.intoscana.it\/wp-content\/uploads\/b67f7c3dfa876d900f93740f31c257d8.webp","width":774,"height":516},{"@type":"BreadcrumbList","@id":"https:\/\/www.intoscana.it\/it\/a-scandicci-inaugurata-la-statua-di-bobo-in-ricordo-di-sergio-staino\/#breadcrumb","itemListElement":[{"@type":"ListItem","position":1,"name":"Home","item":"https:\/\/www.intoscana.it\/it\/"},{"@type":"ListItem","position":2,"name":"A Scandicci inaugurata la statua di Bobo, in ricordo di Sergio Staino"}]},{"@type":"WebSite","@id":"https:\/\/www.intoscana.it\/it\/#website","url":"https:\/\/www.intoscana.it\/it\/","name":"intoscana","description":"","potentialAction":[{"@type":"SearchAction","target":{"@type":"EntryPoint","urlTemplate":"https:\/\/www.intoscana.it\/it\/?s={search_term_string}"},"query-input":{"@type":"PropertyValueSpecification","valueRequired":true,"valueName":"search_term_string"}}],"inLanguage":"it-IT"},{"@type":"Person","@id":"https:\/\/www.intoscana.it\/it\/#\/schema\/person\/9223810753230f20bd670fdd322661f8","name":"Redazione","url":"https:\/\/www.intoscana.it\/it\/author\/redazione\/"}]}},"_links":{"self":[{"href":"https:\/\/www.intoscana.it\/it\/wp-json\/wp\/v2\/posts\/376845","targetHints":{"allow":["GET"]}}],"collection":[{"href":"https:\/\/www.intoscana.it\/it\/wp-json\/wp\/v2\/posts"}],"about":[{"href":"https:\/\/www.intoscana.it\/it\/wp-json\/wp\/v2\/types\/post"}],"author":[{"embeddable":true,"href":"https:\/\/www.intoscana.it\/it\/wp-json\/wp\/v2\/users\/525"}],"replies":[{"embeddable":true,"href":"https:\/\/www.intoscana.it\/it\/wp-json\/wp\/v2\/comments?post=376845"}],"version-history":[{"count":5,"href":"https:\/\/www.intoscana.it\/it\/wp-json\/wp\/v2\/posts\/376845\/revisions"}],"predecessor-version":[{"id":376886,"href":"https:\/\/www.intoscana.it\/it\/wp-json\/wp\/v2\/posts\/376845\/revisions\/376886"}],"wp:featuredmedia":[{"embeddable":true,"href":"https:\/\/www.intoscana.it\/it\/wp-json\/wp\/v2\/media\/376848"}],"wp:attachment":[{"href":"https:\/\/www.intoscana.it\/it\/wp-json\/wp\/v2\/media?parent=376845"}],"wp:term":[{"taxonomy":"category","embeddable":true,"href":"https:\/\/www.intoscana.it\/it\/wp-json\/wp\/v2\/categories?post=376845"},{"taxonomy":"post_tag","embeddable":true,"href":"https:\/\/www.intoscana.it\/it\/wp-json\/wp\/v2\/tags?post=376845"}],"curies":[{"name":"wp","href":"https:\/\/api.w.org\/{rel}","templated":true}]}}