{"id":376854,"date":"2025-03-03T11:37:51","date_gmt":"2025-03-03T10:37:51","guid":{"rendered":"https:\/\/www.intoscana.it\/it\/?p=376854"},"modified":"2025-03-03T11:51:13","modified_gmt":"2025-03-03T10:51:13","slug":"anna-haze-la-cantautrice-fiorentina-in-canada-sulle-orme-di-david-lynch","status":"publish","type":"post","link":"https:\/\/www.intoscana.it\/it\/anna-haze-la-cantautrice-fiorentina-in-canada-sulle-orme-di-david-lynch\/","title":{"rendered":"Anna Haze: la cantautrice fiorentina in Canada sulle orme di David Lynch"},"content":{"rendered":"<p><strong>Anna Haze<\/strong> \u00e8 un&#8217;artista che sfugge alle definizioni, ma ama darsene una:<strong><em> &#8220;local Laura Palmer&#8221;,<\/em><\/strong> in omaggio alla sua venerazione per il regista <strong>David Lynch,<\/strong> ma anche una dichiarazione d\u2019intenti: un\u2019immagine sospesa<strong> tra sogno e incubo, realt\u00e0 e finzione.<\/strong><\/p>\n<p><strong>Fiorentina di nascita<\/strong>, attualmente <strong>in Canada per lavoro,<\/strong> il suo percorso artistico si muove <strong>tra fotografia, pittura digitale e musica<\/strong>. Ed \u00e8 proprio con la musica che oggi si presenta al pubblico, con <strong><em>Starlet,<\/em><\/strong> il suo brano di debutto, primo singolo del disco che si intitoler\u00e0<strong><em> &#8220;Sharp Teeth&#8221;.<\/em><\/strong><\/p>\n<p>Le atmosfere eteree del pezzo evocano i mondi sonori di <strong>Angelo Badalamenti, Lana Del Rey, Portishead e David Bowie<\/strong>. Ma pi\u00f9 che un semplice singolo, Starlet \u00e8 il primo tassello di un concept album in arrivo, un&#8217;opera che esplora<strong> il confine tra desiderio e illusione.<\/strong><\/p>\n<p>Partita dal cinema e dalla fotografia, ha provato a tenere la musica lontana, come qualcosa di troppo importante per essere affrontato. Ma alla fine, con una<strong> Squier Jazzmaster rosa<\/strong> e anni di testi accumulati, ha deciso di abbracciare anche questa parte di s\u00e9.<strong> Oggi ci racconta il suo viaggio,<\/strong> tra ispirazioni, estetica e il bisogno di <strong>creare mondi in cui perdersi.<\/strong><\/p>\n<h3>Ecco la nostra intervista a Anna Haze<\/h3>\n<p><strong>Ciao Anna come sei finita in Canada?<\/strong><\/p>\n<p>Sono venuta in Canada per la prima volta nel 2019, in quello che era un viaggio di piacere ma in realt\u00e0<strong> stavo gi\u00e0 consapevolmente esplorando l&#8217;universit\u00e0<\/strong> perch\u00e9 volevo continuare qui i miei studi dopo il <strong>Dams.<\/strong> Mi ero laureata con una tesi principalmente sulla storia della musica, dal concetto di arte totale wagneriano fino all&#8217;opera rock. Per\u00f2 in quel momento<strong> ero particolarmente concentrata sul cinema e stavo appunto cercando un&#8217;universit\u00e0<\/strong> che mi permettesse di continuare gli studi nell&#8217;ambito film-production, regia, script wiriting. Quando venni a Montreal per la prima volta non solo ebbi modo di fare un piccolo open day in questa universit\u00e0 in cui poi mi sono laureata la<strong> Concordia<\/strong>, che aveva un programma molto interessante. Per\u00f2 mi aveva colpito soprattutto la citt\u00e0 dal punto di vista estetico, sono sempre stata ossessionata dal paesaggi nord-americani. Forse per qualche vita precedente <strong>mi sento a casa guardando i quadri di Edward Hopper. Mi piace anche la mentalit\u00e0 delle persone che \u00e8 molto pi\u00f9 aperta, <\/strong>c&#8217;era soprattutto prima del Covid un clima molto pi\u00f9 rilassato che in Italia. <strong>Mi ero sentita molto pi\u00f9 capita dal punto di vista umano, rispetto a Firenze. <\/strong>Quando ho fatto l&#8217;applicazione per l&#8217;universit\u00e0 sono stata presa subito, anche se poi c&#8217;\u00e8 stato un delay di un paio di anni a causa del lockdown.<p><span class=\"citazione\">David Lynch non si \u00e8 mai definito un regista, lui \u00e8 \u00a0prima di tutto un artista. L&#8217;ambito in cui ha avuto pi\u00f9 successo \u00e8 stato quello cinematografico ma poteva essere uno dei tanti in cui ha sempre lavorato in modo eccellente. A ispirarmi di lui \u00e8 soprattutto il suo modus operandi totalizzante nei confronti dell&#8217;arte<\/span><\/p><\/p>\n<p><strong>Come e perch\u00e9 hai iniziato a fare musica?<\/strong><\/p>\n<p>Ho iniziato a scrivere canzoni a 11 anni, solo che non erano realmente canzoni quanto poesie in quel poco di inglese che sapevo. <strong>Ero fissata con Avril Lavigne, i Green Day e imitavo loro.<\/strong> Non avevo reali conoscenze musicali, non scrivevo musica, erano note vocali con abbozzi di melodie sul Nokia dell&#8217;epoca e testi in un inglese opinabile. Dopo di che per contingenze personali e familiari<strong> sono stata portata a pensare che la musica, il punk, l&#8217;arte e tutto ci\u00f2 che amavo non fosse per me.<\/strong> Ho sempre cercato di corteggiare la musica lavorandoci intorno. Facevo quadri ispirati alle mie canzoni preferite, poi iniziai con la fotografia e feci una serie fotografica sulle canzoni, foto alle band, video musicali. Alla fine tutto mi riportava alla musica.<strong> Il mio grande rimpianto \u00e8 di non essermi ribellata con forza a quello che mi sembravano essere i miei limiti<\/strong> e di essermi messa a studiare musica seriamente. Invece \u00e8 una cosa che ho iniziato a fare proprio nel momento in cui mi sono trasferita in Canada. E&#8217; stato uno sblocco mentale molto forte, ho comprato una chitarra e ho iniziato a provare a scrivere musica senza conoscere la musica. Questo \u00e8 l&#8217;unico modo in cui imparo a fare le cose, iniziando a farle un po&#8217; allo sbaraglio. Diciamo che <strong>ho iniziato a credere di poter fare musica relativamente di recente<\/strong>, da un paio di anni sto imparando da autodidatta e sto facendo un corso di canto vero e proprio.<\/p>\n<p><iframe loading=\"lazy\" title=\"YouTube video player\" src=\"https:\/\/www.youtube.com\/embed\/PXaVjxPEdjU?si=X44k8CXJnpzT75ow\" width=\"800\" height=\"450\" frameborder=\"0\" allowfullscreen=\"allowfullscreen\"><span data-mce-type=\"bookmark\" style=\"display: inline-block; width: 0px; overflow: hidden; line-height: 0;\" class=\"mce_SELRES_start\">\ufeff<\/span><\/iframe><\/p>\n<p><strong>So che sei una grande fan di David Lynch, lui ti ha influenzata pi\u00f9 visivamente o musicalmente?<\/strong><\/p>\n<p><strong>David Lynch mi ha influenzata a 360 gradi,<\/strong> per me il suo modo di fare arte <strong>mi consola e riafferma<\/strong> una cosa che ho sempre sperato dentro di me ma che mi \u00e8 sempre stato detto che era impossibile. Ossia mischiare tecniche, essere musicista e pittore tutto contemporaneamente e<strong> avere una coerenza stilista e poetica all&#8217;interno di questo eclettismo<\/strong>. <strong>David Lynch non si \u00e8 mai definito un regista, lui \u00e8 \u00a0prima di tutto un artista,<\/strong> nasce come pittore. Negli ultimi anni ha fatto molta pi\u00f9 musica che film. L&#8217;ambito artistico in cui ha avuto pi\u00f9 successo \u00e8 stato quello cinematografico ma poteva essere uno dei tanti in cui ha sempre lavorato in modo eccellente.<strong> A ispirarmi di David Lynch \u00e8 soprattutto il suo modus operandi totalizzante nei confronti dell&#8217;arte,<\/strong> la sua <strong>&#8216;incontinenza creativa&#8217;.<\/strong> Ma sicuramente \u00e8 iniziato tutto dai suoi film, in particolare vedendo<strong> Inland Empire<\/strong> all&#8217;universit\u00e0 per un esame. Mi \u00e8 sembrata la cosa pi\u00f9 geniale, disruptive che avessi mai visto, proprio perch\u00e9 <strong>ti costringe a rinunciare a tutto ci\u00f2 che credi debba essere un film.<\/strong> Lo guardi come un concerto, come un quadro in \u00a0movimento semplicemente godendoti l&#8217;esperienza. Questo dimostra come i generi quasi non esistano all&#8217;interno della sua arte. L&#8217;opera che ho pi\u00f9 a cuore per\u00f2 \u00e8 sicuramente <strong>Twin Peaks<\/strong>, le prime due stagioni ma soprattutto l&#8217;ultima <strong>The Return<\/strong>, 25 anni dopo,<strong> \u00e8 stata una delle esperienze artistiche pi\u00f9 intense della mia vita<\/strong>, un lungo film di 18 ore. La sua morte per me \u00e8 stato una grave colpo<strong>. Lo considero un &#8216;genitore&#8217; a livello artistico<\/strong>, ho sempre vissuto con l&#8217;illusione che un giorno avrei potuto dirgli quanto \u00e8 stato importante per me. Ho anche scritto una canzone per lui, piccolo spoiler.<\/p>\n<p><strong>In <em>&#8220;Starlet&#8221;<\/em> canti che sei &#8220;legata alle stelle&#8221; che cosa intendi?<\/strong><\/p>\n<p>Si riferisce a una sorta di<em><strong> illusion of grandeur<\/strong>,<\/em> perch\u00e9 io mi sono sempre sentita non destinata ma <strong>chiamata da quel mondo fatto di musica, cinema, arte, rock stars, Hollywood<\/strong>. Come se avessi <strong>un canto delle sirene costante nelle orecchie<\/strong>, un desiderio fortissimo, la convinzione di appartenere a quel mondo, anche se le mie scelte sono state contraddittorie. In <strong>Starlet<\/strong> parlo della disperazione di sentirsi, nell&#8217;epoca sbagliata, nel posto sbagliato, nella situazione sbagliata. Io appartengo a tutt&#8217;altro, non a questo.<strong> So che posso sembrare arrogante, ma credo che l&#8217;arte sia fatta anche per dire cose che non sono accettabili da dire<\/strong>. <strong><em>Starlet<\/em><\/strong> \u00e8 l&#8217;apertura dell&#8217;album e l&#8217;inno di chi si sente destinato a qualcosa di pi\u00f9 grande ma costretto e incatenato alla mediocrit\u00e0 e al fallimento. <strong>Non solo dal punto di vista del successo e della fama, ma anche dal punto di vista romantico.<\/strong> Sognare amori epici, ma vedere come poi la vita si mette in mezzo con sgambetti che riportano a una dimensione di quotidianit\u00e0 e mediocrit\u00e0 non all&#8217;altezza dei sogni.<\/p>\n<p><strong>Quando uscir\u00e0 il disco? Potremo venire s sentirti in concerto in Italia?<\/strong><\/p>\n<p>Il disco spero uscir\u00e0 il prima possibile. Si chiama<strong><em> &#8220;Sharp Teeth&#8221;<\/em> <\/strong>ho gi\u00e0 scritto <strong>14 brani, ma vanno registrati e prodotti.<\/strong> Ancora non ho una band o un&#8217;etichetta, \u00e8 tutto &#8216;home made&#8217;. Lavoro nel mio monolocale, dove registro tutto da sola e mi faccio aiutare da amici musicisti a mixare. Per\u00f2 purtroppo i tempi sono molto dilatati. <strong>Nei prossimi mesi usciranno altri cinque singoli, penso che il disco uscir\u00e0 nel 2026<\/strong>. Ma lo scheletro dell&#8217;album esiste gi\u00e0 tutto nella mia testa. <strong>Torner\u00f2 in Italia verso la fine dell&#8217;anno, intorno a Natale<\/strong> e mi piacerebbe molto trovare il modo di esibirmi. Spero a dicembre-gennaio di poter cantare dal vivo in Italia. Ci tengo a dire che la musica non \u00e8 il mio unico interesse, <strong>dipingo ancora, scrivo ancora, faccio foto, sono tutte cose che amo molto e che fanno parte del mio percorso e del mio universo<\/strong>.<\/p>\n<figure id=\"post-376856 media-376856\" class=\"align-none\"><img decoding=\"async\" src=\"https:\/\/www.intoscana.it\/wp-content\/uploads\/Anna-Haze-_ISA8835-copia-pic.jpeg\" alt=\"\" \/><\/figure>\n<div class=\"titleimg\">Anna Haze<\/div>\n","protected":false},"excerpt":{"rendered":"<p>Anna Haze \u00e8 un&#8217;artista a 360 gradi che si divide tra arte, cinema e fotografia. Quando ha imbracciato una Squier Jazzmaster rosa ha trovato il coraggio di dare voce a canzoni che da tempo giacevano dentro la sua anima creativa. &#8220;Starlet&#8221; \u00e8 il primo singolo del disco di debutto &#8220;Sharp Teeth&#8221;<\/p>\n","protected":false},"author":518,"featured_media":376858,"comment_status":"open","ping_status":"open","sticky":false,"template":"","format":"standard","meta":{"_acf_changed":false,"footnotes":""},"categories":[14],"tags":[3138],"class_list":["post-376854","post","type-post","status-publish","format-standard","has-post-thumbnail","hentry","category-musica","tag-interviste-agli-artisti"],"acf":[],"yoast_head":"<!-- This site is optimized with the Yoast SEO Premium plugin v24.2 (Yoast SEO v25.6) - https:\/\/yoast.com\/wordpress\/plugins\/seo\/ -->\n<title>Anna Haze: la cantautrice fiorentina in Canada sulle orme di David Lynch - intoscana<\/title>\n<meta name=\"description\" content=\"Anna Haze \u00e8 un&#039;artista a 360 gradi che si divide tra arte, cinema e fotografia, Starlet \u00e8 il suo singolo di debutto\" \/>\n<meta name=\"robots\" content=\"index, follow, max-snippet:-1, max-image-preview:large, max-video-preview:-1\" \/>\n<link rel=\"canonical\" href=\"https:\/\/www.intoscana.it\/it\/anna-haze-la-cantautrice-fiorentina-in-canada-sulle-orme-di-david-lynch\/\" \/>\n<meta property=\"og:locale\" content=\"it_IT\" \/>\n<meta property=\"og:type\" content=\"article\" \/>\n<meta property=\"og:title\" content=\"Anna Haze: la cantautrice fiorentina in Canada sulle orme di David Lynch\" \/>\n<meta property=\"og:description\" content=\"Anna Haze \u00e8 un&#039;artista a 360 gradi che si divide tra arte, cinema e fotografia, Starlet \u00e8 il suo singolo di debutto\" \/>\n<meta property=\"og:url\" content=\"https:\/\/www.intoscana.it\/it\/anna-haze-la-cantautrice-fiorentina-in-canada-sulle-orme-di-david-lynch\/\" \/>\n<meta property=\"og:site_name\" content=\"intoscana\" \/>\n<meta property=\"article:publisher\" content=\"https:\/\/www.facebook.com\/intoscana.it\" \/>\n<meta property=\"article:published_time\" content=\"2025-03-03T10:37:51+00:00\" \/>\n<meta property=\"article:modified_time\" content=\"2025-03-03T10:51:13+00:00\" \/>\n<meta property=\"og:image\" content=\"https:\/\/www.intoscana.it\/wp-content\/uploads\/Anna-Haze-8134-pic-copia.jpeg\" \/>\n\t<meta property=\"og:image:width\" content=\"946\" \/>\n\t<meta property=\"og:image:height\" content=\"610\" \/>\n\t<meta property=\"og:image:type\" content=\"image\/jpeg\" \/>\n<meta name=\"author\" content=\"Costanza Baldini\" \/>\n<meta name=\"twitter:card\" content=\"summary_large_image\" \/>\n<meta name=\"twitter:creator\" content=\"@intoscana\" \/>\n<meta name=\"twitter:site\" content=\"@intoscana\" \/>\n<meta name=\"twitter:label1\" content=\"Written by\" \/>\n\t<meta name=\"twitter:data1\" content=\"Costanza Baldini\" \/>\n\t<meta name=\"twitter:label2\" content=\"Est. reading time\" \/>\n\t<meta name=\"twitter:data2\" content=\"8 minuti\" \/>\n<script type=\"application\/ld+json\" class=\"yoast-schema-graph\">{\"@context\":\"https:\/\/schema.org\",\"@graph\":[{\"@type\":\"WebPage\",\"@id\":\"https:\/\/www.intoscana.it\/it\/anna-haze-la-cantautrice-fiorentina-in-canada-sulle-orme-di-david-lynch\/\",\"url\":\"https:\/\/www.intoscana.it\/it\/anna-haze-la-cantautrice-fiorentina-in-canada-sulle-orme-di-david-lynch\/\",\"name\":\"Anna Haze: la cantautrice fiorentina in Canada sulle orme di David Lynch - intoscana\",\"isPartOf\":{\"@id\":\"https:\/\/www.intoscana.it\/it\/#website\"},\"primaryImageOfPage\":{\"@id\":\"https:\/\/www.intoscana.it\/it\/anna-haze-la-cantautrice-fiorentina-in-canada-sulle-orme-di-david-lynch\/#primaryimage\"},\"image\":{\"@id\":\"https:\/\/www.intoscana.it\/it\/anna-haze-la-cantautrice-fiorentina-in-canada-sulle-orme-di-david-lynch\/#primaryimage\"},\"thumbnailUrl\":\"https:\/\/www.intoscana.it\/wp-content\/uploads\/Anna-Haze-8134-pic-copia.jpeg\",\"datePublished\":\"2025-03-03T10:37:51+00:00\",\"dateModified\":\"2025-03-03T10:51:13+00:00\",\"author\":{\"@id\":\"https:\/\/www.intoscana.it\/it\/#\/schema\/person\/d469f35f09739bdf00bf5dd3f0647a82\"},\"description\":\"Anna Haze \u00e8 un'artista a 360 gradi che si divide tra arte, cinema e fotografia, Starlet \u00e8 il suo singolo di debutto\",\"breadcrumb\":{\"@id\":\"https:\/\/www.intoscana.it\/it\/anna-haze-la-cantautrice-fiorentina-in-canada-sulle-orme-di-david-lynch\/#breadcrumb\"},\"inLanguage\":\"it-IT\",\"potentialAction\":[{\"@type\":\"ReadAction\",\"target\":[\"https:\/\/www.intoscana.it\/it\/anna-haze-la-cantautrice-fiorentina-in-canada-sulle-orme-di-david-lynch\/\"]}]},{\"@type\":\"ImageObject\",\"inLanguage\":\"it-IT\",\"@id\":\"https:\/\/www.intoscana.it\/it\/anna-haze-la-cantautrice-fiorentina-in-canada-sulle-orme-di-david-lynch\/#primaryimage\",\"url\":\"https:\/\/www.intoscana.it\/wp-content\/uploads\/Anna-Haze-8134-pic-copia.jpeg\",\"contentUrl\":\"https:\/\/www.intoscana.it\/wp-content\/uploads\/Anna-Haze-8134-pic-copia.jpeg\",\"width\":946,\"height\":610,\"caption\":\"Anna Haze\"},{\"@type\":\"BreadcrumbList\",\"@id\":\"https:\/\/www.intoscana.it\/it\/anna-haze-la-cantautrice-fiorentina-in-canada-sulle-orme-di-david-lynch\/#breadcrumb\",\"itemListElement\":[{\"@type\":\"ListItem\",\"position\":1,\"name\":\"Home\",\"item\":\"https:\/\/www.intoscana.it\/it\/\"},{\"@type\":\"ListItem\",\"position\":2,\"name\":\"Anna Haze: la cantautrice fiorentina in Canada sulle orme di David Lynch\"}]},{\"@type\":\"WebSite\",\"@id\":\"https:\/\/www.intoscana.it\/it\/#website\",\"url\":\"https:\/\/www.intoscana.it\/it\/\",\"name\":\"intoscana\",\"description\":\"\",\"potentialAction\":[{\"@type\":\"SearchAction\",\"target\":{\"@type\":\"EntryPoint\",\"urlTemplate\":\"https:\/\/www.intoscana.it\/it\/?s={search_term_string}\"},\"query-input\":{\"@type\":\"PropertyValueSpecification\",\"valueRequired\":true,\"valueName\":\"search_term_string\"}}],\"inLanguage\":\"it-IT\"},{\"@type\":\"Person\",\"@id\":\"https:\/\/www.intoscana.it\/it\/#\/schema\/person\/d469f35f09739bdf00bf5dd3f0647a82\",\"name\":\"Costanza Baldini\",\"url\":\"https:\/\/www.intoscana.it\/it\/author\/costanza-baldini\/\"}]}<\/script>\n<!-- \/ Yoast SEO Premium plugin. -->","yoast_head_json":{"title":"Anna Haze: la cantautrice fiorentina in Canada sulle orme di David Lynch - intoscana","description":"Anna Haze \u00e8 un'artista a 360 gradi che si divide tra arte, cinema e fotografia, Starlet \u00e8 il suo singolo di debutto","robots":{"index":"index","follow":"follow","max-snippet":"max-snippet:-1","max-image-preview":"max-image-preview:large","max-video-preview":"max-video-preview:-1"},"canonical":"https:\/\/www.intoscana.it\/it\/anna-haze-la-cantautrice-fiorentina-in-canada-sulle-orme-di-david-lynch\/","og_locale":"it_IT","og_type":"article","og_title":"Anna Haze: la cantautrice fiorentina in Canada sulle orme di David Lynch","og_description":"Anna Haze \u00e8 un'artista a 360 gradi che si divide tra arte, cinema e fotografia, Starlet \u00e8 il suo singolo di debutto","og_url":"https:\/\/www.intoscana.it\/it\/anna-haze-la-cantautrice-fiorentina-in-canada-sulle-orme-di-david-lynch\/","og_site_name":"intoscana","article_publisher":"https:\/\/www.facebook.com\/intoscana.it","article_published_time":"2025-03-03T10:37:51+00:00","article_modified_time":"2025-03-03T10:51:13+00:00","og_image":[{"width":946,"height":610,"url":"https:\/\/www.intoscana.it\/wp-content\/uploads\/Anna-Haze-8134-pic-copia.jpeg","type":"image\/jpeg"}],"author":"Costanza Baldini","twitter_card":"summary_large_image","twitter_creator":"@intoscana","twitter_site":"@intoscana","twitter_misc":{"Written by":"Costanza Baldini","Est. reading time":"8 minuti"},"schema":{"@context":"https:\/\/schema.org","@graph":[{"@type":"WebPage","@id":"https:\/\/www.intoscana.it\/it\/anna-haze-la-cantautrice-fiorentina-in-canada-sulle-orme-di-david-lynch\/","url":"https:\/\/www.intoscana.it\/it\/anna-haze-la-cantautrice-fiorentina-in-canada-sulle-orme-di-david-lynch\/","name":"Anna Haze: la cantautrice fiorentina in Canada sulle orme di David Lynch - intoscana","isPartOf":{"@id":"https:\/\/www.intoscana.it\/it\/#website"},"primaryImageOfPage":{"@id":"https:\/\/www.intoscana.it\/it\/anna-haze-la-cantautrice-fiorentina-in-canada-sulle-orme-di-david-lynch\/#primaryimage"},"image":{"@id":"https:\/\/www.intoscana.it\/it\/anna-haze-la-cantautrice-fiorentina-in-canada-sulle-orme-di-david-lynch\/#primaryimage"},"thumbnailUrl":"https:\/\/www.intoscana.it\/wp-content\/uploads\/Anna-Haze-8134-pic-copia.jpeg","datePublished":"2025-03-03T10:37:51+00:00","dateModified":"2025-03-03T10:51:13+00:00","author":{"@id":"https:\/\/www.intoscana.it\/it\/#\/schema\/person\/d469f35f09739bdf00bf5dd3f0647a82"},"description":"Anna Haze \u00e8 un'artista a 360 gradi che si divide tra arte, cinema e fotografia, Starlet \u00e8 il suo singolo di debutto","breadcrumb":{"@id":"https:\/\/www.intoscana.it\/it\/anna-haze-la-cantautrice-fiorentina-in-canada-sulle-orme-di-david-lynch\/#breadcrumb"},"inLanguage":"it-IT","potentialAction":[{"@type":"ReadAction","target":["https:\/\/www.intoscana.it\/it\/anna-haze-la-cantautrice-fiorentina-in-canada-sulle-orme-di-david-lynch\/"]}]},{"@type":"ImageObject","inLanguage":"it-IT","@id":"https:\/\/www.intoscana.it\/it\/anna-haze-la-cantautrice-fiorentina-in-canada-sulle-orme-di-david-lynch\/#primaryimage","url":"https:\/\/www.intoscana.it\/wp-content\/uploads\/Anna-Haze-8134-pic-copia.jpeg","contentUrl":"https:\/\/www.intoscana.it\/wp-content\/uploads\/Anna-Haze-8134-pic-copia.jpeg","width":946,"height":610,"caption":"Anna Haze"},{"@type":"BreadcrumbList","@id":"https:\/\/www.intoscana.it\/it\/anna-haze-la-cantautrice-fiorentina-in-canada-sulle-orme-di-david-lynch\/#breadcrumb","itemListElement":[{"@type":"ListItem","position":1,"name":"Home","item":"https:\/\/www.intoscana.it\/it\/"},{"@type":"ListItem","position":2,"name":"Anna Haze: la cantautrice fiorentina in Canada sulle orme di David Lynch"}]},{"@type":"WebSite","@id":"https:\/\/www.intoscana.it\/it\/#website","url":"https:\/\/www.intoscana.it\/it\/","name":"intoscana","description":"","potentialAction":[{"@type":"SearchAction","target":{"@type":"EntryPoint","urlTemplate":"https:\/\/www.intoscana.it\/it\/?s={search_term_string}"},"query-input":{"@type":"PropertyValueSpecification","valueRequired":true,"valueName":"search_term_string"}}],"inLanguage":"it-IT"},{"@type":"Person","@id":"https:\/\/www.intoscana.it\/it\/#\/schema\/person\/d469f35f09739bdf00bf5dd3f0647a82","name":"Costanza Baldini","url":"https:\/\/www.intoscana.it\/it\/author\/costanza-baldini\/"}]}},"_links":{"self":[{"href":"https:\/\/www.intoscana.it\/it\/wp-json\/wp\/v2\/posts\/376854","targetHints":{"allow":["GET"]}}],"collection":[{"href":"https:\/\/www.intoscana.it\/it\/wp-json\/wp\/v2\/posts"}],"about":[{"href":"https:\/\/www.intoscana.it\/it\/wp-json\/wp\/v2\/types\/post"}],"author":[{"embeddable":true,"href":"https:\/\/www.intoscana.it\/it\/wp-json\/wp\/v2\/users\/518"}],"replies":[{"embeddable":true,"href":"https:\/\/www.intoscana.it\/it\/wp-json\/wp\/v2\/comments?post=376854"}],"version-history":[{"count":5,"href":"https:\/\/www.intoscana.it\/it\/wp-json\/wp\/v2\/posts\/376854\/revisions"}],"predecessor-version":[{"id":376923,"href":"https:\/\/www.intoscana.it\/it\/wp-json\/wp\/v2\/posts\/376854\/revisions\/376923"}],"wp:featuredmedia":[{"embeddable":true,"href":"https:\/\/www.intoscana.it\/it\/wp-json\/wp\/v2\/media\/376858"}],"wp:attachment":[{"href":"https:\/\/www.intoscana.it\/it\/wp-json\/wp\/v2\/media?parent=376854"}],"wp:term":[{"taxonomy":"category","embeddable":true,"href":"https:\/\/www.intoscana.it\/it\/wp-json\/wp\/v2\/categories?post=376854"},{"taxonomy":"post_tag","embeddable":true,"href":"https:\/\/www.intoscana.it\/it\/wp-json\/wp\/v2\/tags?post=376854"}],"curies":[{"name":"wp","href":"https:\/\/api.w.org\/{rel}","templated":true}]}}