{"id":377041,"date":"2025-03-04T09:38:15","date_gmt":"2025-03-04T08:38:15","guid":{"rendered":"https:\/\/www.intoscana.it\/it\/?p=377041"},"modified":"2025-03-04T09:38:15","modified_gmt":"2025-03-04T08:38:15","slug":"alla-pergola-flavio-insinna-e-giulia-fiume-nella-celebre-commedia-gente-di-facili-costumi","status":"publish","type":"post","link":"https:\/\/www.intoscana.it\/it\/alla-pergola-flavio-insinna-e-giulia-fiume-nella-celebre-commedia-gente-di-facili-costumi\/","title":{"rendered":"Alla Pergola Flavio Insinna e Giulia Fiume nella celebre commedia &#8220;Gente di facili costumi&#8221;"},"content":{"rendered":"<p>Al <strong>Teatro della Pergola dal 4 al 9 marzo<\/strong> arriva la commedia di Nino Manfredi <strong><em>&#8220;Gente di facili costumi&#8221;<\/em><\/strong> un turbine di malintesi, ilarit\u00e0 e malinconie, che vedr\u00e0 in scena <strong>Flavio Insinna e Giulia Fiume.\u00a0<\/strong><\/p>\n<p>Andato in scena per la prima volta nel 1988, con Nino Manfredi nei panni del protagonista, Gente di facili costumi \u00e8 considerato, ancora oggi,<strong> uno dei testi pi\u00f9 eclatanti apparsi sulle scene teatrali italiane<\/strong> negli ultimi decenni.<\/p>\n<p>Protagonisti della pi\u00e8ce sono <strong>Anna \u2013 nome d\u2019arte \u201cPrincipessa\u201d<\/strong> \u2013 una prostituta disordinata e rumorosa, che sogna di diventare \u201cgiostraia\u201d, e <strong>Ugo, l\u2019inquilino del piano di sotto<\/strong>, un intellettuale che vivacchia scrivendo per la tv e per il cinema, ma che sogna di fare film d\u2019arte.<\/p>\n<figure id=\"post-377044 media-377044\" class=\"align-none\"><img decoding=\"async\" src=\"https:\/\/www.intoscana.it\/wp-content\/uploads\/Gente-di-facili-costumi-Insinna-Fiume_-ph.-Pino-Le-Pera-1.jpg\" alt=\"\" \/><\/figure>\n<div class=\"titleimg\"><em>Gente di facili costumi \u2013 Insinna, Fiume_ ph. Pino Le Pera\u00a0<\/em><\/div>\n<p>La vicenda prende il via la notte in cui<strong> Ugo sale al piano di sopra per lamentarsi con la coinquilina<\/strong> che, tornando a notte fonda e accendendo il giradischi, l\u2019ha svegliato, e lei, per la confusione, lascia aperto il rubinetto dell\u2019acqua della vasca, allagando irrimediabilmente l\u2019appartamento di lui.<\/p>\n<p><strong>Ugo sar\u00e0 costretto<\/strong>, quindi, anche a causa di uno sfratto, <strong>a trovare rifugio dalla \u201cPrincipessa\u201d.<\/strong><\/p>\n<p>Da questa convivenza forzata nasce un<strong> confronto-scontro costellato di incidenti e incomprensioni,<\/strong> ma anche un curioso sodalizio, dove ciascuno condivide con l\u2019altro ci\u00f2 che ha.<\/p>\n<p>Le reciproche posizioni vanno a mano a mano ammorbidendosi, perch\u00e9 diventa chiaro che a incontrarsi non sono state solo due vite agli antipodi, ma soprattutto<strong> due sogni all\u2019apparenza irrealizzabili.<\/strong><\/p>\n<p><strong>Il regista Luca Manfredi ha dichiarato<\/strong>: <em>&#8220;Gente di facili costumi \u00e8 una divertente commedia a due personaggi, Ugo e Anna, con l\u2019aggiunta della voce telefonica di un becero produttore napoletano, il tutto ambientato in un abuso edilizio, l\u2019appartamento dove vive Anna, ricavato nell\u2019approssimativo locale di terrazza condominiale. Ugo \u00e8 un intellettuale scapolo sui sessant\u2019anni; o meglio, uno scrittore fallito che sopravvive scrivendo cose che non gli piacciono per il cinema e la televisione; mentre Anna \u00e8 una giovane prostituta siciliana, del tutto non istruita, ma che sogna un futuro migliore tra le giostre di un luna park. Due mondi opposti, che si incontrano per uno screzio tra vicini: Anna, rumorosa e distratta, rincasa tutte le notti facendo un gran fracasso e accendendo un mangiadischi, che suona a tutto volume Rumore della Carr\u00e0; e Ugo, che abita al piano di sotto e non riesce a chiudere occhio, sale sulla terrazza del condominio, per protestare con lei. \u00c8 l\u2019incontro-scontro tra due pianeti che orbitano molto distanti, ma che il destino devia mettendoli sulla stessa traiettoria, facendo esplodere tra loro un rapporto tenero e singolare, che in fondo far\u00e0 scoprire a ciascuno di loro le qualit\u00e0 pi\u00f9 nascoste dell\u2019altro. Una divertente lezione di vita dove alla fine \u00e8 la persona pi\u00f9 semplice e meno colta che insegna all\u2019intellettuale come si vive.&#8221;<\/em><\/p>\n<figure id=\"post-377046 media-377046\" class=\"align-none\"><img decoding=\"async\" src=\"https:\/\/www.intoscana.it\/wp-content\/uploads\/Gente-di-facili-costumi-Insinna-Fiume_-ph.-Pino-Le-Pera-3.jpg\" alt=\"\" \/><\/figure>\n<div class=\"titleimg\">Gente di facili costumi \u2013 Insinna, Fiume_ ph. Pino Le Pera<\/div>\n<p>&nbsp;<\/p>\n<p>&nbsp;<\/p>\n","protected":false},"excerpt":{"rendered":"<p>Dal 4 al 9 marzo sul palco del teatro fiorentino due comici d&#8217;eccezione riportano in via la celebre commedia di Nino Manfredi con la regia del figlio Luca Manfredi<\/p>\n","protected":false},"author":525,"featured_media":377042,"comment_status":"open","ping_status":"open","sticky":false,"template":"","format":"standard","meta":{"_acf_changed":false,"footnotes":""},"categories":[493],"tags":[4474,202,236,4659],"class_list":["post-377041","post","type-post","status-publish","format-standard","has-post-thumbnail","hentry","category-cultura","tag-eventi","tag-firenze","tag-teatro","tag-teatro-della-pergola"],"acf":[],"yoast_head":"<!-- This site is optimized with the Yoast SEO Premium plugin v24.2 (Yoast SEO v25.6) - https:\/\/yoast.com\/wordpress\/plugins\/seo\/ -->\n<title>Alla Pergola Flavio Insinna e Giulia Fiume nella celebre commedia &quot;Gente di facili costumi&quot; - intoscana<\/title>\n<meta name=\"description\" content=\"Dal 4 al 9 marzo sul palco del teatro fiorentino due comici d&#039;eccezione riportano in via la celebre commedia di Nino Manfredi\" \/>\n<meta name=\"robots\" content=\"index, follow, max-snippet:-1, max-image-preview:large, max-video-preview:-1\" \/>\n<link rel=\"canonical\" href=\"https:\/\/www.intoscana.it\/it\/alla-pergola-flavio-insinna-e-giulia-fiume-nella-celebre-commedia-gente-di-facili-costumi\/\" \/>\n<meta property=\"og:locale\" content=\"it_IT\" \/>\n<meta property=\"og:type\" content=\"article\" \/>\n<meta property=\"og:title\" content=\"Alla Pergola Flavio Insinna e Giulia Fiume nella celebre commedia &quot;Gente di facili costumi&quot;\" \/>\n<meta property=\"og:description\" content=\"Dal 4 al 9 marzo sul palco del teatro fiorentino due comici d&#039;eccezione riportano in via la celebre commedia di Nino Manfredi\" \/>\n<meta property=\"og:url\" content=\"https:\/\/www.intoscana.it\/it\/alla-pergola-flavio-insinna-e-giulia-fiume-nella-celebre-commedia-gente-di-facili-costumi\/\" \/>\n<meta property=\"og:site_name\" content=\"intoscana\" \/>\n<meta property=\"article:publisher\" content=\"https:\/\/www.facebook.com\/intoscana.it\" \/>\n<meta property=\"article:published_time\" content=\"2025-03-04T08:38:15+00:00\" \/>\n<meta property=\"og:image\" content=\"https:\/\/www.intoscana.it\/wp-content\/uploads\/Gente-di-facili-costumi-Insinna_-ph.-Pino-Le-Pera-1.jpg\" \/>\n\t<meta property=\"og:image:width\" content=\"1502\" \/>\n\t<meta property=\"og:image:height\" content=\"1000\" \/>\n\t<meta property=\"og:image:type\" content=\"image\/jpeg\" \/>\n<meta name=\"author\" content=\"Redazione\" \/>\n<meta name=\"twitter:card\" content=\"summary_large_image\" \/>\n<meta name=\"twitter:creator\" content=\"@intoscana\" \/>\n<meta name=\"twitter:site\" content=\"@intoscana\" \/>\n<meta name=\"twitter:label1\" content=\"Written by\" \/>\n\t<meta name=\"twitter:data1\" content=\"Redazione\" \/>\n\t<meta name=\"twitter:label2\" content=\"Est. reading time\" \/>\n\t<meta name=\"twitter:data2\" content=\"4 minuti\" \/>\n<script type=\"application\/ld+json\" class=\"yoast-schema-graph\">{\"@context\":\"https:\/\/schema.org\",\"@graph\":[{\"@type\":\"WebPage\",\"@id\":\"https:\/\/www.intoscana.it\/it\/alla-pergola-flavio-insinna-e-giulia-fiume-nella-celebre-commedia-gente-di-facili-costumi\/\",\"url\":\"https:\/\/www.intoscana.it\/it\/alla-pergola-flavio-insinna-e-giulia-fiume-nella-celebre-commedia-gente-di-facili-costumi\/\",\"name\":\"Alla Pergola Flavio Insinna e Giulia Fiume nella celebre commedia \\\"Gente di facili costumi\\\" - intoscana\",\"isPartOf\":{\"@id\":\"https:\/\/www.intoscana.it\/it\/#website\"},\"primaryImageOfPage\":{\"@id\":\"https:\/\/www.intoscana.it\/it\/alla-pergola-flavio-insinna-e-giulia-fiume-nella-celebre-commedia-gente-di-facili-costumi\/#primaryimage\"},\"image\":{\"@id\":\"https:\/\/www.intoscana.it\/it\/alla-pergola-flavio-insinna-e-giulia-fiume-nella-celebre-commedia-gente-di-facili-costumi\/#primaryimage\"},\"thumbnailUrl\":\"https:\/\/www.intoscana.it\/wp-content\/uploads\/Gente-di-facili-costumi-Insinna_-ph.-Pino-Le-Pera-1.jpg\",\"datePublished\":\"2025-03-04T08:38:15+00:00\",\"author\":{\"@id\":\"https:\/\/www.intoscana.it\/it\/#\/schema\/person\/9223810753230f20bd670fdd322661f8\"},\"description\":\"Dal 4 al 9 marzo sul palco del teatro fiorentino due comici d'eccezione riportano in via la celebre commedia di Nino Manfredi\",\"breadcrumb\":{\"@id\":\"https:\/\/www.intoscana.it\/it\/alla-pergola-flavio-insinna-e-giulia-fiume-nella-celebre-commedia-gente-di-facili-costumi\/#breadcrumb\"},\"inLanguage\":\"it-IT\",\"potentialAction\":[{\"@type\":\"ReadAction\",\"target\":[\"https:\/\/www.intoscana.it\/it\/alla-pergola-flavio-insinna-e-giulia-fiume-nella-celebre-commedia-gente-di-facili-costumi\/\"]}]},{\"@type\":\"ImageObject\",\"inLanguage\":\"it-IT\",\"@id\":\"https:\/\/www.intoscana.it\/it\/alla-pergola-flavio-insinna-e-giulia-fiume-nella-celebre-commedia-gente-di-facili-costumi\/#primaryimage\",\"url\":\"https:\/\/www.intoscana.it\/wp-content\/uploads\/Gente-di-facili-costumi-Insinna_-ph.-Pino-Le-Pera-1.jpg\",\"contentUrl\":\"https:\/\/www.intoscana.it\/wp-content\/uploads\/Gente-di-facili-costumi-Insinna_-ph.-Pino-Le-Pera-1.jpg\",\"width\":1502,\"height\":1000},{\"@type\":\"BreadcrumbList\",\"@id\":\"https:\/\/www.intoscana.it\/it\/alla-pergola-flavio-insinna-e-giulia-fiume-nella-celebre-commedia-gente-di-facili-costumi\/#breadcrumb\",\"itemListElement\":[{\"@type\":\"ListItem\",\"position\":1,\"name\":\"Home\",\"item\":\"https:\/\/www.intoscana.it\/it\/\"},{\"@type\":\"ListItem\",\"position\":2,\"name\":\"Alla Pergola Flavio Insinna e Giulia Fiume nella celebre commedia &#8220;Gente di facili costumi&#8221;\"}]},{\"@type\":\"WebSite\",\"@id\":\"https:\/\/www.intoscana.it\/it\/#website\",\"url\":\"https:\/\/www.intoscana.it\/it\/\",\"name\":\"intoscana\",\"description\":\"\",\"potentialAction\":[{\"@type\":\"SearchAction\",\"target\":{\"@type\":\"EntryPoint\",\"urlTemplate\":\"https:\/\/www.intoscana.it\/it\/?s={search_term_string}\"},\"query-input\":{\"@type\":\"PropertyValueSpecification\",\"valueRequired\":true,\"valueName\":\"search_term_string\"}}],\"inLanguage\":\"it-IT\"},{\"@type\":\"Person\",\"@id\":\"https:\/\/www.intoscana.it\/it\/#\/schema\/person\/9223810753230f20bd670fdd322661f8\",\"name\":\"Redazione\",\"url\":\"https:\/\/www.intoscana.it\/it\/author\/redazione\/\"}]}<\/script>\n<!-- \/ Yoast SEO Premium plugin. -->","yoast_head_json":{"title":"Alla Pergola Flavio Insinna e Giulia Fiume nella celebre commedia \"Gente di facili costumi\" - intoscana","description":"Dal 4 al 9 marzo sul palco del teatro fiorentino due comici d'eccezione riportano in via la celebre commedia di Nino Manfredi","robots":{"index":"index","follow":"follow","max-snippet":"max-snippet:-1","max-image-preview":"max-image-preview:large","max-video-preview":"max-video-preview:-1"},"canonical":"https:\/\/www.intoscana.it\/it\/alla-pergola-flavio-insinna-e-giulia-fiume-nella-celebre-commedia-gente-di-facili-costumi\/","og_locale":"it_IT","og_type":"article","og_title":"Alla Pergola Flavio Insinna e Giulia Fiume nella celebre commedia \"Gente di facili costumi\"","og_description":"Dal 4 al 9 marzo sul palco del teatro fiorentino due comici d'eccezione riportano in via la celebre commedia di Nino Manfredi","og_url":"https:\/\/www.intoscana.it\/it\/alla-pergola-flavio-insinna-e-giulia-fiume-nella-celebre-commedia-gente-di-facili-costumi\/","og_site_name":"intoscana","article_publisher":"https:\/\/www.facebook.com\/intoscana.it","article_published_time":"2025-03-04T08:38:15+00:00","og_image":[{"width":1502,"height":1000,"url":"https:\/\/www.intoscana.it\/wp-content\/uploads\/Gente-di-facili-costumi-Insinna_-ph.-Pino-Le-Pera-1.jpg","type":"image\/jpeg"}],"author":"Redazione","twitter_card":"summary_large_image","twitter_creator":"@intoscana","twitter_site":"@intoscana","twitter_misc":{"Written by":"Redazione","Est. reading time":"4 minuti"},"schema":{"@context":"https:\/\/schema.org","@graph":[{"@type":"WebPage","@id":"https:\/\/www.intoscana.it\/it\/alla-pergola-flavio-insinna-e-giulia-fiume-nella-celebre-commedia-gente-di-facili-costumi\/","url":"https:\/\/www.intoscana.it\/it\/alla-pergola-flavio-insinna-e-giulia-fiume-nella-celebre-commedia-gente-di-facili-costumi\/","name":"Alla Pergola Flavio Insinna e Giulia Fiume nella celebre commedia \"Gente di facili costumi\" - intoscana","isPartOf":{"@id":"https:\/\/www.intoscana.it\/it\/#website"},"primaryImageOfPage":{"@id":"https:\/\/www.intoscana.it\/it\/alla-pergola-flavio-insinna-e-giulia-fiume-nella-celebre-commedia-gente-di-facili-costumi\/#primaryimage"},"image":{"@id":"https:\/\/www.intoscana.it\/it\/alla-pergola-flavio-insinna-e-giulia-fiume-nella-celebre-commedia-gente-di-facili-costumi\/#primaryimage"},"thumbnailUrl":"https:\/\/www.intoscana.it\/wp-content\/uploads\/Gente-di-facili-costumi-Insinna_-ph.-Pino-Le-Pera-1.jpg","datePublished":"2025-03-04T08:38:15+00:00","author":{"@id":"https:\/\/www.intoscana.it\/it\/#\/schema\/person\/9223810753230f20bd670fdd322661f8"},"description":"Dal 4 al 9 marzo sul palco del teatro fiorentino due comici d'eccezione riportano in via la celebre commedia di Nino Manfredi","breadcrumb":{"@id":"https:\/\/www.intoscana.it\/it\/alla-pergola-flavio-insinna-e-giulia-fiume-nella-celebre-commedia-gente-di-facili-costumi\/#breadcrumb"},"inLanguage":"it-IT","potentialAction":[{"@type":"ReadAction","target":["https:\/\/www.intoscana.it\/it\/alla-pergola-flavio-insinna-e-giulia-fiume-nella-celebre-commedia-gente-di-facili-costumi\/"]}]},{"@type":"ImageObject","inLanguage":"it-IT","@id":"https:\/\/www.intoscana.it\/it\/alla-pergola-flavio-insinna-e-giulia-fiume-nella-celebre-commedia-gente-di-facili-costumi\/#primaryimage","url":"https:\/\/www.intoscana.it\/wp-content\/uploads\/Gente-di-facili-costumi-Insinna_-ph.-Pino-Le-Pera-1.jpg","contentUrl":"https:\/\/www.intoscana.it\/wp-content\/uploads\/Gente-di-facili-costumi-Insinna_-ph.-Pino-Le-Pera-1.jpg","width":1502,"height":1000},{"@type":"BreadcrumbList","@id":"https:\/\/www.intoscana.it\/it\/alla-pergola-flavio-insinna-e-giulia-fiume-nella-celebre-commedia-gente-di-facili-costumi\/#breadcrumb","itemListElement":[{"@type":"ListItem","position":1,"name":"Home","item":"https:\/\/www.intoscana.it\/it\/"},{"@type":"ListItem","position":2,"name":"Alla Pergola Flavio Insinna e Giulia Fiume nella celebre commedia &#8220;Gente di facili costumi&#8221;"}]},{"@type":"WebSite","@id":"https:\/\/www.intoscana.it\/it\/#website","url":"https:\/\/www.intoscana.it\/it\/","name":"intoscana","description":"","potentialAction":[{"@type":"SearchAction","target":{"@type":"EntryPoint","urlTemplate":"https:\/\/www.intoscana.it\/it\/?s={search_term_string}"},"query-input":{"@type":"PropertyValueSpecification","valueRequired":true,"valueName":"search_term_string"}}],"inLanguage":"it-IT"},{"@type":"Person","@id":"https:\/\/www.intoscana.it\/it\/#\/schema\/person\/9223810753230f20bd670fdd322661f8","name":"Redazione","url":"https:\/\/www.intoscana.it\/it\/author\/redazione\/"}]}},"_links":{"self":[{"href":"https:\/\/www.intoscana.it\/it\/wp-json\/wp\/v2\/posts\/377041","targetHints":{"allow":["GET"]}}],"collection":[{"href":"https:\/\/www.intoscana.it\/it\/wp-json\/wp\/v2\/posts"}],"about":[{"href":"https:\/\/www.intoscana.it\/it\/wp-json\/wp\/v2\/types\/post"}],"author":[{"embeddable":true,"href":"https:\/\/www.intoscana.it\/it\/wp-json\/wp\/v2\/users\/525"}],"replies":[{"embeddable":true,"href":"https:\/\/www.intoscana.it\/it\/wp-json\/wp\/v2\/comments?post=377041"}],"version-history":[{"count":5,"href":"https:\/\/www.intoscana.it\/it\/wp-json\/wp\/v2\/posts\/377041\/revisions"}],"predecessor-version":[{"id":377052,"href":"https:\/\/www.intoscana.it\/it\/wp-json\/wp\/v2\/posts\/377041\/revisions\/377052"}],"wp:featuredmedia":[{"embeddable":true,"href":"https:\/\/www.intoscana.it\/it\/wp-json\/wp\/v2\/media\/377042"}],"wp:attachment":[{"href":"https:\/\/www.intoscana.it\/it\/wp-json\/wp\/v2\/media?parent=377041"}],"wp:term":[{"taxonomy":"category","embeddable":true,"href":"https:\/\/www.intoscana.it\/it\/wp-json\/wp\/v2\/categories?post=377041"},{"taxonomy":"post_tag","embeddable":true,"href":"https:\/\/www.intoscana.it\/it\/wp-json\/wp\/v2\/tags?post=377041"}],"curies":[{"name":"wp","href":"https:\/\/api.w.org\/{rel}","templated":true}]}}