{"id":377254,"date":"2025-03-05T15:18:24","date_gmt":"2025-03-05T14:18:24","guid":{"rendered":"https:\/\/www.intoscana.it\/it\/?p=377254"},"modified":"2025-03-05T15:40:07","modified_gmt":"2025-03-05T14:40:07","slug":"digitale-facile-tour-fiesole","status":"publish","type":"post","link":"https:\/\/www.intoscana.it\/it\/digitale-facile-tour-fiesole\/","title":{"rendered":"Il digitale \u00e8 pi\u00f9 facile in Toscana: al via a Fiesole il tour regionale per le competenze digitali"},"content":{"rendered":"<p>Si \u00e8 svolta stamani presso il <strong>Comune di Fiesole<\/strong> la prima tappa del tour promosso dalla Regione Toscana per diffondere la conoscenza e le competenze rispetto all\u2019utilizzo dei servizi digitali e dei dispositivi elettronici.<\/p>\n<p><em>\u201dEstendere le competenze digitali del maggior numero di cittadini<\/em> \u2013 ha detto<strong> l\u2019assessore regionale alla digitalizzazione, Stefano Ciuoffo<\/strong> &#8211; <em>\u00e8 l\u2019obiettivo che stiamo perseguendo. E\u2019 per questo che abbiamo deciso di organizzare una serie di incontri, per il momento uno in ogni provincia della Toscana, con l\u2019aiuto delle amministrazioni comunali e dei sindacati dei pensionati, che ringrazio per il loro appoggio. Ad oggi sono 170 i Punti Digitale Facile che abbiamo aperto in tutta la Toscana. <\/em><mark><em>E sono oltre 55.500 i cittadini facilitati attraverso la fornitura di oltre 66.000 servizi digitali, <\/em><\/mark><em>grazie ad una squadra composta da ben 564 facilitatori digitali. Quella di oggi \u00e8 la prima tappa di un percorso di ulteriore formazione che abbiamo intrapreso\u201d.<\/em><\/p>\n<h3>I Punti Digitale Facile a Fiesole<\/h3>\n<p>A Fiesole i Punti Digitale Facile attivati nel territorio e fruibili dai cittadini sono nella sede della Croce Azzurra Pontassieve, sezione del Girone, via dell&#8217;Arno 7 aperto marted\u00ec e gioved\u00ec dalle 15.30 alle 18.30, e nell\u2019<strong>Archivio Storico del Comune di Fiesole<\/strong>, in via Portigiani 24, aperto il gioved\u00ec dalle 14 alle 18.<\/p>\n<p><em>\u201cIl Comune di Fiesole crede fermamente nello sviluppo dei servizi digitali \u2013<\/em> ha dichiarato la <strong>sindaca\u00a0Cristina Scaletti<\/strong> \u2013 <em>e lo conferma il dato che nel 2024 sono state oltre mille le persone che hanno usufruito, per chiedere aiuto per gli<strong> adempimenti fiscali, previdenziali, assistenziali e sanitari,<\/strong> nei nostri due Punti Digitale Facile, un dato pienamente in linea con l\u2019obbiettivo che ci era stato assegnato dalla Regione. Nel 2025 i primi dati indicano un ulteriore aumento degli accessi, segno evidente che le persone vogliono diventare sempre pi\u00f9 protagoniste della vita amministrativa e accedere a tutti i servizi digitali offerti dagli enti pubblici. L\u2019inclusione digitale \u00e8 una delle sfide pi\u00f9 importanti del nostro tempo, questo significa rendere i servizi digitali accessibili anche alle persone fragili, superando barriere e difficolt\u00e0 tecniche\u201d.<\/em><\/p>\n<p>Per Alessio Gramolati, segretario generale del Sindacato dei pensionati regionali della Cgil \u201c<em>avremo sempre pi\u00f9 a che fare con i processi di digitalizzazione ed \u00e8 evidente il rischio che alcuni, a partire dai pi\u00f9 anziani, ne restino esclusi. Ma per salvaguardarli non si deve rallentare la digitalizzazione ma accelerare l\u2019inclusione. Questo \u00e8 il senso del nostro impegno. Perch\u00e9 nessuno resti escluso. Facciamo della Toscana un ambiente favorevole all\u2019innovazione\u201d.<\/em><\/p>\n<h3>le prossime tappe del tour regionale<\/h3>\n<p>La Regione intende creare di una <strong>Rete tra i servizi di facilitazione digitale<\/strong> per accrescere le competenze digitali diffuse, favorire l\u2019uso autonomo, consapevole e responsabile delle nuove tecnologie, promuovere il pieno godimento dei diritti di cittadinanza digitale attiva da parte di tutti ed incentivare l\u2019uso dei servizi online, semplificando il rapporto tra cittadini e Pubblica Amministrazione.<\/p>\n<p><strong>I prossimi appuntamenti del mese di marzo<\/strong> per imparare a servirsi del digitale sono in programma il 10 a Prato, il 13 a Quarrata, il 18 a Volterra, il 21 a Sinalunga, il 26 a Castagneto Carducci, il 27 a Santa Fiora, il 28 ad Anghiari, il 31 a Montignoso e il 2 aprile a Castelnuovo Garfagnana.<\/p>\n<p>Questa mattina a Fiesole si \u00e8 parlato in particolare<strong> dell\u2019identit\u00e0 digitale, dello Spid, dei servizi digitali nella sanit\u00e0 regionale<\/strong> e in generale della diffusione e dell\u2019utilizzo della tecnologia digitale tra la popolazione pi\u00f9 anziana che pu\u00f2 avere un aiuto concreto nelle attivit\u00e0 quotidiane, come per la mobilit\u00e0, l\u2019accesso ai servizi e ai siti web pubblici, l&#8217;affiancamento a casa e fuori da casa, la gestione dei farmaci.<\/p>\n","protected":false},"excerpt":{"rendered":"<p>La prima tappa dell&#8217;iniziativa per diffondere la conoscenza e le competenze relative ai servizi digitali e ai 170 Punti Digitali Facile aperti in tutto il territorio toscano<\/p>\n","protected":false},"author":525,"featured_media":276597,"comment_status":"open","ping_status":"open","sticky":false,"template":"","format":"standard","meta":{"_acf_changed":false,"footnotes":""},"categories":[475],"tags":[2788,151,1639],"class_list":["post-377254","post","type-post","status-publish","format-standard","has-post-thumbnail","hentry","category-innovazione","tag-fiesole","tag-regione-toscana","tag-toscana-digitale"],"acf":[],"yoast_head":"<!-- This site is optimized with the Yoast SEO Premium plugin v24.2 (Yoast SEO v25.6) - https:\/\/yoast.com\/wordpress\/plugins\/seo\/ -->\n<title>Il digitale \u00e8 pi\u00f9 facile in Toscana: al via a Fiesole il tour regionale per le competenze digitali - intoscana<\/title>\n<meta name=\"robots\" content=\"index, follow, max-snippet:-1, max-image-preview:large, max-video-preview:-1\" \/>\n<link rel=\"canonical\" href=\"https:\/\/www.intoscana.it\/it\/digitale-facile-tour-fiesole\/\" \/>\n<meta property=\"og:locale\" content=\"it_IT\" \/>\n<meta property=\"og:type\" content=\"article\" \/>\n<meta property=\"og:title\" content=\"Il digitale \u00e8 pi\u00f9 facile in Toscana: al via a Fiesole il tour regionale per le competenze digitali\" \/>\n<meta property=\"og:description\" content=\"La prima tappa dell&#039;iniziativa per diffondere la conoscenza e le competenze relative ai servizi digitali e ai 170 Punti Digitali Facile aperti in tutto il territorio toscano\" \/>\n<meta property=\"og:url\" content=\"https:\/\/www.intoscana.it\/it\/digitale-facile-tour-fiesole\/\" \/>\n<meta property=\"og:site_name\" content=\"intoscana\" \/>\n<meta property=\"article:publisher\" content=\"https:\/\/www.facebook.com\/intoscana.it\" \/>\n<meta property=\"article:published_time\" content=\"2025-03-05T14:18:24+00:00\" \/>\n<meta property=\"article:modified_time\" content=\"2025-03-05T14:40:07+00:00\" \/>\n<meta property=\"og:image\" content=\"https:\/\/www.intoscana.it\/wp-content\/uploads\/AdobeStock_486455548-1-scaled.jpeg\" \/>\n\t<meta property=\"og:image:width\" content=\"2048\" \/>\n\t<meta property=\"og:image:height\" content=\"1365\" \/>\n\t<meta property=\"og:image:type\" content=\"image\/jpeg\" \/>\n<meta name=\"author\" content=\"Redazione\" \/>\n<meta name=\"twitter:card\" content=\"summary_large_image\" \/>\n<meta name=\"twitter:creator\" content=\"@intoscana\" \/>\n<meta name=\"twitter:site\" content=\"@intoscana\" \/>\n<meta name=\"twitter:label1\" content=\"Written by\" \/>\n\t<meta name=\"twitter:data1\" content=\"Redazione\" \/>\n\t<meta name=\"twitter:label2\" content=\"Est. reading time\" \/>\n\t<meta name=\"twitter:data2\" content=\"4 minuti\" \/>\n<script type=\"application\/ld+json\" class=\"yoast-schema-graph\">{\"@context\":\"https:\/\/schema.org\",\"@graph\":[{\"@type\":\"WebPage\",\"@id\":\"https:\/\/www.intoscana.it\/it\/digitale-facile-tour-fiesole\/\",\"url\":\"https:\/\/www.intoscana.it\/it\/digitale-facile-tour-fiesole\/\",\"name\":\"Il digitale \u00e8 pi\u00f9 facile in Toscana: al via a Fiesole il tour regionale per le competenze digitali - intoscana\",\"isPartOf\":{\"@id\":\"https:\/\/www.intoscana.it\/it\/#website\"},\"primaryImageOfPage\":{\"@id\":\"https:\/\/www.intoscana.it\/it\/digitale-facile-tour-fiesole\/#primaryimage\"},\"image\":{\"@id\":\"https:\/\/www.intoscana.it\/it\/digitale-facile-tour-fiesole\/#primaryimage\"},\"thumbnailUrl\":\"https:\/\/www.intoscana.it\/wp-content\/uploads\/AdobeStock_486455548-1-scaled-e1773846636120.jpeg\",\"datePublished\":\"2025-03-05T14:18:24+00:00\",\"dateModified\":\"2025-03-05T14:40:07+00:00\",\"author\":{\"@id\":\"https:\/\/www.intoscana.it\/it\/#\/schema\/person\/9223810753230f20bd670fdd322661f8\"},\"breadcrumb\":{\"@id\":\"https:\/\/www.intoscana.it\/it\/digitale-facile-tour-fiesole\/#breadcrumb\"},\"inLanguage\":\"it-IT\",\"potentialAction\":[{\"@type\":\"ReadAction\",\"target\":[\"https:\/\/www.intoscana.it\/it\/digitale-facile-tour-fiesole\/\"]}]},{\"@type\":\"ImageObject\",\"inLanguage\":\"it-IT\",\"@id\":\"https:\/\/www.intoscana.it\/it\/digitale-facile-tour-fiesole\/#primaryimage\",\"url\":\"https:\/\/www.intoscana.it\/wp-content\/uploads\/AdobeStock_486455548-1-scaled-e1773846636120.jpeg\",\"contentUrl\":\"https:\/\/www.intoscana.it\/wp-content\/uploads\/AdobeStock_486455548-1-scaled-e1773846636120.jpeg\",\"width\":2048,\"height\":1164},{\"@type\":\"BreadcrumbList\",\"@id\":\"https:\/\/www.intoscana.it\/it\/digitale-facile-tour-fiesole\/#breadcrumb\",\"itemListElement\":[{\"@type\":\"ListItem\",\"position\":1,\"name\":\"Home\",\"item\":\"https:\/\/www.intoscana.it\/it\/\"},{\"@type\":\"ListItem\",\"position\":2,\"name\":\"Il digitale \u00e8 pi\u00f9 facile in Toscana: al via a Fiesole il tour regionale per le competenze digitali\"}]},{\"@type\":\"WebSite\",\"@id\":\"https:\/\/www.intoscana.it\/it\/#website\",\"url\":\"https:\/\/www.intoscana.it\/it\/\",\"name\":\"intoscana\",\"description\":\"\",\"potentialAction\":[{\"@type\":\"SearchAction\",\"target\":{\"@type\":\"EntryPoint\",\"urlTemplate\":\"https:\/\/www.intoscana.it\/it\/?s={search_term_string}\"},\"query-input\":{\"@type\":\"PropertyValueSpecification\",\"valueRequired\":true,\"valueName\":\"search_term_string\"}}],\"inLanguage\":\"it-IT\"},{\"@type\":\"Person\",\"@id\":\"https:\/\/www.intoscana.it\/it\/#\/schema\/person\/9223810753230f20bd670fdd322661f8\",\"name\":\"Redazione\",\"url\":\"https:\/\/www.intoscana.it\/it\/author\/redazione\/\"}]}<\/script>\n<!-- \/ Yoast SEO Premium plugin. -->","yoast_head_json":{"title":"Il digitale \u00e8 pi\u00f9 facile in Toscana: al via a Fiesole il tour regionale per le competenze digitali - intoscana","robots":{"index":"index","follow":"follow","max-snippet":"max-snippet:-1","max-image-preview":"max-image-preview:large","max-video-preview":"max-video-preview:-1"},"canonical":"https:\/\/www.intoscana.it\/it\/digitale-facile-tour-fiesole\/","og_locale":"it_IT","og_type":"article","og_title":"Il digitale \u00e8 pi\u00f9 facile in Toscana: al via a Fiesole il tour regionale per le competenze digitali","og_description":"La prima tappa dell'iniziativa per diffondere la conoscenza e le competenze relative ai servizi digitali e ai 170 Punti Digitali Facile aperti in tutto il territorio toscano","og_url":"https:\/\/www.intoscana.it\/it\/digitale-facile-tour-fiesole\/","og_site_name":"intoscana","article_publisher":"https:\/\/www.facebook.com\/intoscana.it","article_published_time":"2025-03-05T14:18:24+00:00","article_modified_time":"2025-03-05T14:40:07+00:00","og_image":[{"width":2048,"height":1365,"url":"https:\/\/www.intoscana.it\/wp-content\/uploads\/AdobeStock_486455548-1-scaled.jpeg","type":"image\/jpeg"}],"author":"Redazione","twitter_card":"summary_large_image","twitter_creator":"@intoscana","twitter_site":"@intoscana","twitter_misc":{"Written by":"Redazione","Est. reading time":"4 minuti"},"schema":{"@context":"https:\/\/schema.org","@graph":[{"@type":"WebPage","@id":"https:\/\/www.intoscana.it\/it\/digitale-facile-tour-fiesole\/","url":"https:\/\/www.intoscana.it\/it\/digitale-facile-tour-fiesole\/","name":"Il digitale \u00e8 pi\u00f9 facile in Toscana: al via a Fiesole il tour regionale per le competenze digitali - intoscana","isPartOf":{"@id":"https:\/\/www.intoscana.it\/it\/#website"},"primaryImageOfPage":{"@id":"https:\/\/www.intoscana.it\/it\/digitale-facile-tour-fiesole\/#primaryimage"},"image":{"@id":"https:\/\/www.intoscana.it\/it\/digitale-facile-tour-fiesole\/#primaryimage"},"thumbnailUrl":"https:\/\/www.intoscana.it\/wp-content\/uploads\/AdobeStock_486455548-1-scaled-e1773846636120.jpeg","datePublished":"2025-03-05T14:18:24+00:00","dateModified":"2025-03-05T14:40:07+00:00","author":{"@id":"https:\/\/www.intoscana.it\/it\/#\/schema\/person\/9223810753230f20bd670fdd322661f8"},"breadcrumb":{"@id":"https:\/\/www.intoscana.it\/it\/digitale-facile-tour-fiesole\/#breadcrumb"},"inLanguage":"it-IT","potentialAction":[{"@type":"ReadAction","target":["https:\/\/www.intoscana.it\/it\/digitale-facile-tour-fiesole\/"]}]},{"@type":"ImageObject","inLanguage":"it-IT","@id":"https:\/\/www.intoscana.it\/it\/digitale-facile-tour-fiesole\/#primaryimage","url":"https:\/\/www.intoscana.it\/wp-content\/uploads\/AdobeStock_486455548-1-scaled-e1773846636120.jpeg","contentUrl":"https:\/\/www.intoscana.it\/wp-content\/uploads\/AdobeStock_486455548-1-scaled-e1773846636120.jpeg","width":2048,"height":1164},{"@type":"BreadcrumbList","@id":"https:\/\/www.intoscana.it\/it\/digitale-facile-tour-fiesole\/#breadcrumb","itemListElement":[{"@type":"ListItem","position":1,"name":"Home","item":"https:\/\/www.intoscana.it\/it\/"},{"@type":"ListItem","position":2,"name":"Il digitale \u00e8 pi\u00f9 facile in Toscana: al via a Fiesole il tour regionale per le competenze digitali"}]},{"@type":"WebSite","@id":"https:\/\/www.intoscana.it\/it\/#website","url":"https:\/\/www.intoscana.it\/it\/","name":"intoscana","description":"","potentialAction":[{"@type":"SearchAction","target":{"@type":"EntryPoint","urlTemplate":"https:\/\/www.intoscana.it\/it\/?s={search_term_string}"},"query-input":{"@type":"PropertyValueSpecification","valueRequired":true,"valueName":"search_term_string"}}],"inLanguage":"it-IT"},{"@type":"Person","@id":"https:\/\/www.intoscana.it\/it\/#\/schema\/person\/9223810753230f20bd670fdd322661f8","name":"Redazione","url":"https:\/\/www.intoscana.it\/it\/author\/redazione\/"}]}},"_links":{"self":[{"href":"https:\/\/www.intoscana.it\/it\/wp-json\/wp\/v2\/posts\/377254","targetHints":{"allow":["GET"]}}],"collection":[{"href":"https:\/\/www.intoscana.it\/it\/wp-json\/wp\/v2\/posts"}],"about":[{"href":"https:\/\/www.intoscana.it\/it\/wp-json\/wp\/v2\/types\/post"}],"author":[{"embeddable":true,"href":"https:\/\/www.intoscana.it\/it\/wp-json\/wp\/v2\/users\/525"}],"replies":[{"embeddable":true,"href":"https:\/\/www.intoscana.it\/it\/wp-json\/wp\/v2\/comments?post=377254"}],"version-history":[{"count":5,"href":"https:\/\/www.intoscana.it\/it\/wp-json\/wp\/v2\/posts\/377254\/revisions"}],"predecessor-version":[{"id":377303,"href":"https:\/\/www.intoscana.it\/it\/wp-json\/wp\/v2\/posts\/377254\/revisions\/377303"}],"wp:featuredmedia":[{"embeddable":true,"href":"https:\/\/www.intoscana.it\/it\/wp-json\/wp\/v2\/media\/276597"}],"wp:attachment":[{"href":"https:\/\/www.intoscana.it\/it\/wp-json\/wp\/v2\/media?parent=377254"}],"wp:term":[{"taxonomy":"category","embeddable":true,"href":"https:\/\/www.intoscana.it\/it\/wp-json\/wp\/v2\/categories?post=377254"},{"taxonomy":"post_tag","embeddable":true,"href":"https:\/\/www.intoscana.it\/it\/wp-json\/wp\/v2\/tags?post=377254"}],"curies":[{"name":"wp","href":"https:\/\/api.w.org\/{rel}","templated":true}]}}