{"id":377331,"date":"2025-03-05T16:42:48","date_gmt":"2025-03-05T15:42:48","guid":{"rendered":"https:\/\/www.intoscana.it\/it\/?p=377331"},"modified":"2025-03-07T14:43:27","modified_gmt":"2025-03-07T13:43:27","slug":"didacta-italia-torna-a-firenze-la-piu-importante-fiera-sullinnovazione-della-scuola","status":"publish","type":"post","link":"https:\/\/www.intoscana.it\/it\/didacta-italia-torna-a-firenze-la-piu-importante-fiera-sullinnovazione-della-scuola\/","title":{"rendered":"Didacta Italia: torna a Firenze la pi\u00f9 importante fiera\u00a0sull\u2019innovazione della scuola"},"content":{"rendered":"<p>Torna <strong>dal 12 al 14 marzo Didacta Italia<\/strong>, il pi\u00f9 importante appuntamento fieristico dedicato all\u2019innovazione del mondo della scuola, il cui programma \u00e8 stato presentato oggi a Firenze nella sede della Regione Toscana. Giunta all\u2019undicesima edizione, la manifestazione si svolger\u00e0 come di consueto negli spazi della <strong>Fortezza da Basso di Firenze<\/strong> e anche quest\u2019anno offrir\u00e0 ai docenti un\u2019esperienza formativa completa e di qualit\u00e0.<\/p>\n<h3>2300 eventi in programma e 520 espositori<\/h3>\n<p>In programma <strong>2.300 eventi<\/strong> in totale, rivolti a insegnanti, dirigenti, personale del mondo scolastico di ogni ordine e grado. Il programma scientifico realizzato da Indiree coordinato dal professor Giovanni Biondi, presenta un ampio ventaglio di attivit\u00e0 che vanno dalla scuola 0-6 fino ai percorsi post diploma per un totale di <strong>487 eventi formativi,<\/strong> di cui 231 workshop e 256 seminari.<\/p>\n<p>Saranno <strong>520 gli espositori<\/strong> (in crescita del 21%. rispetto all\u2019edizione 2024) che rappresentano le pi\u00f9 importanti aziende della <strong>filiera della scuola:<\/strong> dalla cancelleria e editoria alle architetture e arredi scolastici, dalla didattica museale all\u2019educazione alimentare, dall\u2019educazione ambientale e green a quella motoria e allo sport a scuola.<\/p>\n<p>Novit\u00e0 di questa edizione \u00e8 la suddivisione degli eventi per <strong>aree tematiche<\/strong>: dal debate alla creativit\u00e0 e pensiero critico; dall\u2019innovazione nell\u2019educazione 0-3 e nella primaria all\u2019orientamento; dal Learning by doing agli ambienti immersivi, all\u2019innovazione di metodologie e linguaggi.<\/p>\n<p>Come nelle precedenti edizioni sar\u00e0 presente il <strong>Ministero dell\u2019Istruzione e Merito<\/strong> con un ricco calendario di eventi all\u2019interno del programma scientifico oltre che con un\u2019ampia Arena al padiglione Spadolini (piano Attico) dove troveranno spazio altri incontri formativi e dove, docenti e dirigenti scolastici potranno ricevere informazioni dettagliate su progetti ed iniziative del Ministero.<\/p>\n<p>Dopo il successo dello scorso anno, torna <strong>Didacta Universit\u00e0 e Alta Formazione:<\/strong> nei padiglioni Fureria e Basilica il MInistero dell\u2019Universit\u00e0 e della Ricerca e la Conferenza dei Rettori delle Universit\u00e0 Italiane saranno presenti con un ampio spazio interamente dedicato agli atenei e alle istituzioni AFAM. In calendario tavole rotonde, seminari e workshop sulle grandi tematiche della didattica universitaria.<\/p>\n<figure id=\"post-377343 media-377343\" class=\"align-none\">\n<p><figure style=\"width: 1000px\" class=\"wp-caption alignnone\"><img loading=\"lazy\" decoding=\"async\" src=\"https:\/\/www.intoscana.it\/wp-content\/uploads\/Didacta-Italia-2025-2.jpg\" alt=\"\" width=\"1000\" height=\"750\" \/><figcaption class=\"wp-caption-text\">La presnetazione di Didacta Italia<\/figcaption><\/figure><\/figure>\n<h3>La Regione Toscana a Didacta<\/h3>\n<p>Tra i protagonisti, come di consueto, la <strong>Regione Toscana che partecipa a Didacta Italia con uno spazio di 290 mq all\u2019interno del Padiglione Le Ghiaie,<\/strong> realizzato grazie al Pr Fse+ 2021\/2027, e \u201cToscana fa scuola\u201d, calendario di<strong> 30 eventi (di cui 9 nel programma scientifico),<\/strong> per confrontarsi su numerosi temi. In primo piano quest\u2019anno il progetto, realizzato grazie al Fondo sociale europeo plus 21\/27, dedicato alla diffusione nelle scuole di un\u2019educazione di pace e trasformazione dei conflitti, nonch\u00e9 momenti formativi sull\u2019educazione alla parit\u00e0 di genere, incontri sulle politiche per l\u2019inclusione e l\u2019intercultura, seminari sul sistema Its su cui la Regione Toscana sta investendo molto, e un confronto con le esperienze di altre Regioni Italiane riguardo ai percorsi di Istruzione e Formazione professionale e alle opportunit\u00e0 del Pnrr.<\/p>\n<p><em>\u201cLa Toscana vuole essere sempre pi\u00f9 terra dell\u2019istruzione del futuro. E la scelta di Didacta Italia di avere \u2018casa\u2019 a Firenze \u00e8 per noi un importante riconoscimento del lavoro che svolgiamo per far crescere nuove generazioni preparate e qualificate\u201d,<\/em> ha commentato il presidente della Regione Toscana <strong>Eugenio Giani &#8211; <\/strong><em>l\u2019innovazione della scuola \u00e8 una sfida cruciale per lo sviluppo e la coesione sociale delle nostre comunit\u00e0, e per questo siamo felici di contribuire all\u2019offerta complessiva della manifestazione con un programma che mette in evidenza le nostre azioni e i nostri progetti. Quest\u2019anno assieme a Rondine abbiamo deciso di dare risalto all\u2019educazione ad una cultura di pace e alla trasformazione dei conflitti\u201d<\/em>.<\/p>\n<p><em>\u201cDidacta per noi<\/em> \u2013 ha sottolineato l\u2019assessora regionale all&#8217;istruzione e formazione <strong>Alessandra Nardini<\/strong> &#8211; <em>\u00e8 un\u2019occasione unica per scambiare buone pratiche sull\u2019innovazione nella didattica e per ribadire che la scuola non \u00e8 un costo ma un grande investimento. L\u2019istruzione, anche quella del futuro, deve essere ascensore sociale, motore di emancipazione, strumento di uguaglianza e parit\u00e0, cittadinanza attiva. Alla scuola del merito preferiamo, insomma, l<strong>a scuola dell&#8217;uguaglianza e delle pari opportunit\u00e0.<\/strong> \u00c8 con questo spirito che nelle iniziative organizzate come Regione Toscana proveremo a raccontare la nostra idea di scuola e i tanti progetti su cui stiamo lavorando: dai percorsi di sensibilizzazione nelle scuole di ogni ordine e grado, a partire persino dai nidi, per destrutturare stereotipi e ruoli di genere educando al rispetto delle differenze, tutte, ai progetti per promuovere l&#8217;intercultura, favorendo l&#8217;inclusione di studentesse e studenti con background migratorio, dal sistema integrato 0-6 anni che stiamo innovando anche con le nuove linee guida sull&#8217;educazione all&#8217;aperto, al forte investimento sul sistema ITS e sul diritto allo studio universitario, dai progetti portati avanti con gli Istituti Storici della Resistenza e dell&#8217;Et\u00e0 contemporanea sulla Memoria fino ad un focus a cui teniamo molto quest&#8217;anno: l&#8217;educazione alla pace, oggi pi\u00f9 che mai urgente e necessaria. Sono solo alcuni esempi delle circa 30 iniziative che come Regione Toscana abbiamo organizzato nei 3 giorni di Didacta\u201d.<\/em><\/p>\n<h3>I 100 anni di Indire<\/h3>\n<p><strong>Anche il Comune di Firenze, sempre nel padiglione Le Ghiaie<\/strong>, sar\u00e0 protagonista della manifestazione con un proprio stand dove oltre a dare informazioni sui servizi, realizzer\u00e0 laboratori in collaborazione con Fondazione MUS.E e organizzer\u00e0 seminari. A Didacta ci sar\u00e0 anche la Camera di Commercio di Firenze che insieme a Unioncamere italiana presenter\u00e0 i servizi di orientamento e supporto alla creazione di impresa del sistema camerale, e proporr\u00e0 numerose iniziative.<\/p>\n<p>Didacta Italia dedica questa undicesima edizione ai <strong>100 anni di Indire, uno dei pi\u00f9 antichi istituti di ricerca del Ministero dell\u2019Istruzione<\/strong>, impegnato nella promozione dei processi di innovazione nella scuola, punto di riferimento per la ricerca educativa in Italia ed Agenzia italiana del programma Erasmus+ per gli ambiti Scuola, Universit\u00e0 ed Educazione degli adulti. Per celebrare questo traguardo nella serata del giorno inaugurale (mercoled\u00ec 12 marzo) il <strong>Teatro Verdi di Firenze ospiter\u00e0 dalle 20 un concerto a cura dell\u2019Erasmus Orchestra<\/strong>, con la partecipazione di circa 50 giovani musicisti provenienti da oltre 30 Conservatori e istituti musicali europei partner del progetto Erasmus Orchestra.<\/p>\n","protected":false},"excerpt":{"rendered":"<p>In programma dal 12 al 14 marzo alla Fortezza da Basso con 2.300 eventi e 520 espositori. Giani e Nardini: \u201cLa scuola di domani sia strumento di uguaglianza\u201d<\/p>\n","protected":false},"author":525,"featured_media":229831,"comment_status":"open","ping_status":"open","sticky":false,"template":"","format":"standard","meta":{"_acf_changed":false,"footnotes":""},"categories":[494],"tags":[5672,151,212],"class_list":["post-377331","post","type-post","status-publish","format-standard","has-post-thumbnail","hentry","category-attualita","tag-didacta","tag-regione-toscana","tag-scuola"],"acf":[],"yoast_head":"<!-- This site is optimized with the Yoast SEO Premium plugin v24.2 (Yoast SEO v25.6) - https:\/\/yoast.com\/wordpress\/plugins\/seo\/ -->\n<title>Didacta Italia: torna a Firenze la pi\u00f9 importante fiera\u00a0sull\u2019innovazione della scuola - intoscana<\/title>\n<meta name=\"robots\" content=\"index, follow, max-snippet:-1, max-image-preview:large, max-video-preview:-1\" \/>\n<link rel=\"canonical\" href=\"https:\/\/www.intoscana.it\/it\/didacta-italia-torna-a-firenze-la-piu-importante-fiera-sullinnovazione-della-scuola\/\" \/>\n<meta property=\"og:locale\" content=\"it_IT\" \/>\n<meta property=\"og:type\" content=\"article\" \/>\n<meta property=\"og:title\" content=\"Didacta Italia: torna a Firenze la pi\u00f9 importante fiera\u00a0sull\u2019innovazione della scuola\" \/>\n<meta property=\"og:description\" content=\"In programma dal 12 al 14 marzo alla Fortezza da Basso con 2.300 eventi e 520 espositori. Giani e Nardini: \u201cLa scuola di domani sia strumento di uguaglianza\u201d\" \/>\n<meta property=\"og:url\" content=\"https:\/\/www.intoscana.it\/it\/didacta-italia-torna-a-firenze-la-piu-importante-fiera-sullinnovazione-della-scuola\/\" \/>\n<meta property=\"og:site_name\" content=\"intoscana\" \/>\n<meta property=\"article:publisher\" content=\"https:\/\/www.facebook.com\/intoscana.it\" \/>\n<meta property=\"article:published_time\" content=\"2025-03-05T15:42:48+00:00\" \/>\n<meta property=\"article:modified_time\" content=\"2025-03-07T13:43:27+00:00\" \/>\n<meta property=\"og:image\" content=\"https:\/\/www.intoscana.it\/wp-content\/uploads\/unnamed-3-13.jpg\" \/>\n\t<meta property=\"og:image:width\" content=\"1616\" \/>\n\t<meta property=\"og:image:height\" content=\"1080\" \/>\n\t<meta property=\"og:image:type\" content=\"image\/jpeg\" \/>\n<meta name=\"author\" content=\"Redazione\" \/>\n<meta name=\"twitter:card\" content=\"summary_large_image\" \/>\n<meta name=\"twitter:creator\" content=\"@intoscana\" \/>\n<meta name=\"twitter:site\" content=\"@intoscana\" \/>\n<meta name=\"twitter:label1\" content=\"Written by\" \/>\n\t<meta name=\"twitter:data1\" content=\"Redazione\" \/>\n\t<meta name=\"twitter:label2\" content=\"Est. reading time\" \/>\n\t<meta name=\"twitter:data2\" content=\"6 minuti\" \/>\n<script type=\"application\/ld+json\" class=\"yoast-schema-graph\">{\"@context\":\"https:\/\/schema.org\",\"@graph\":[{\"@type\":\"WebPage\",\"@id\":\"https:\/\/www.intoscana.it\/it\/didacta-italia-torna-a-firenze-la-piu-importante-fiera-sullinnovazione-della-scuola\/\",\"url\":\"https:\/\/www.intoscana.it\/it\/didacta-italia-torna-a-firenze-la-piu-importante-fiera-sullinnovazione-della-scuola\/\",\"name\":\"Didacta Italia: torna a Firenze la pi\u00f9 importante fiera\u00a0sull\u2019innovazione della scuola - intoscana\",\"isPartOf\":{\"@id\":\"https:\/\/www.intoscana.it\/it\/#website\"},\"primaryImageOfPage\":{\"@id\":\"https:\/\/www.intoscana.it\/it\/didacta-italia-torna-a-firenze-la-piu-importante-fiera-sullinnovazione-della-scuola\/#primaryimage\"},\"image\":{\"@id\":\"https:\/\/www.intoscana.it\/it\/didacta-italia-torna-a-firenze-la-piu-importante-fiera-sullinnovazione-della-scuola\/#primaryimage\"},\"thumbnailUrl\":\"https:\/\/www.intoscana.it\/wp-content\/uploads\/unnamed-3-13.jpg\",\"datePublished\":\"2025-03-05T15:42:48+00:00\",\"dateModified\":\"2025-03-07T13:43:27+00:00\",\"author\":{\"@id\":\"https:\/\/www.intoscana.it\/it\/#\/schema\/person\/9223810753230f20bd670fdd322661f8\"},\"breadcrumb\":{\"@id\":\"https:\/\/www.intoscana.it\/it\/didacta-italia-torna-a-firenze-la-piu-importante-fiera-sullinnovazione-della-scuola\/#breadcrumb\"},\"inLanguage\":\"it-IT\",\"potentialAction\":[{\"@type\":\"ReadAction\",\"target\":[\"https:\/\/www.intoscana.it\/it\/didacta-italia-torna-a-firenze-la-piu-importante-fiera-sullinnovazione-della-scuola\/\"]}]},{\"@type\":\"ImageObject\",\"inLanguage\":\"it-IT\",\"@id\":\"https:\/\/www.intoscana.it\/it\/didacta-italia-torna-a-firenze-la-piu-importante-fiera-sullinnovazione-della-scuola\/#primaryimage\",\"url\":\"https:\/\/www.intoscana.it\/wp-content\/uploads\/unnamed-3-13.jpg\",\"contentUrl\":\"https:\/\/www.intoscana.it\/wp-content\/uploads\/unnamed-3-13.jpg\",\"width\":1616,\"height\":1080,\"caption\":\"Didacta\"},{\"@type\":\"BreadcrumbList\",\"@id\":\"https:\/\/www.intoscana.it\/it\/didacta-italia-torna-a-firenze-la-piu-importante-fiera-sullinnovazione-della-scuola\/#breadcrumb\",\"itemListElement\":[{\"@type\":\"ListItem\",\"position\":1,\"name\":\"Home\",\"item\":\"https:\/\/www.intoscana.it\/it\/\"},{\"@type\":\"ListItem\",\"position\":2,\"name\":\"Didacta Italia: torna a Firenze la pi\u00f9 importante fiera\u00a0sull\u2019innovazione della scuola\"}]},{\"@type\":\"WebSite\",\"@id\":\"https:\/\/www.intoscana.it\/it\/#website\",\"url\":\"https:\/\/www.intoscana.it\/it\/\",\"name\":\"intoscana\",\"description\":\"\",\"potentialAction\":[{\"@type\":\"SearchAction\",\"target\":{\"@type\":\"EntryPoint\",\"urlTemplate\":\"https:\/\/www.intoscana.it\/it\/?s={search_term_string}\"},\"query-input\":{\"@type\":\"PropertyValueSpecification\",\"valueRequired\":true,\"valueName\":\"search_term_string\"}}],\"inLanguage\":\"it-IT\"},{\"@type\":\"Person\",\"@id\":\"https:\/\/www.intoscana.it\/it\/#\/schema\/person\/9223810753230f20bd670fdd322661f8\",\"name\":\"Redazione\",\"url\":\"https:\/\/www.intoscana.it\/it\/author\/redazione\/\"}]}<\/script>\n<!-- \/ Yoast SEO Premium plugin. -->","yoast_head_json":{"title":"Didacta Italia: torna a Firenze la pi\u00f9 importante fiera\u00a0sull\u2019innovazione della scuola - intoscana","robots":{"index":"index","follow":"follow","max-snippet":"max-snippet:-1","max-image-preview":"max-image-preview:large","max-video-preview":"max-video-preview:-1"},"canonical":"https:\/\/www.intoscana.it\/it\/didacta-italia-torna-a-firenze-la-piu-importante-fiera-sullinnovazione-della-scuola\/","og_locale":"it_IT","og_type":"article","og_title":"Didacta Italia: torna a Firenze la pi\u00f9 importante fiera\u00a0sull\u2019innovazione della scuola","og_description":"In programma dal 12 al 14 marzo alla Fortezza da Basso con 2.300 eventi e 520 espositori. Giani e Nardini: \u201cLa scuola di domani sia strumento di uguaglianza\u201d","og_url":"https:\/\/www.intoscana.it\/it\/didacta-italia-torna-a-firenze-la-piu-importante-fiera-sullinnovazione-della-scuola\/","og_site_name":"intoscana","article_publisher":"https:\/\/www.facebook.com\/intoscana.it","article_published_time":"2025-03-05T15:42:48+00:00","article_modified_time":"2025-03-07T13:43:27+00:00","og_image":[{"width":1616,"height":1080,"url":"https:\/\/www.intoscana.it\/wp-content\/uploads\/unnamed-3-13.jpg","type":"image\/jpeg"}],"author":"Redazione","twitter_card":"summary_large_image","twitter_creator":"@intoscana","twitter_site":"@intoscana","twitter_misc":{"Written by":"Redazione","Est. reading time":"6 minuti"},"schema":{"@context":"https:\/\/schema.org","@graph":[{"@type":"WebPage","@id":"https:\/\/www.intoscana.it\/it\/didacta-italia-torna-a-firenze-la-piu-importante-fiera-sullinnovazione-della-scuola\/","url":"https:\/\/www.intoscana.it\/it\/didacta-italia-torna-a-firenze-la-piu-importante-fiera-sullinnovazione-della-scuola\/","name":"Didacta Italia: torna a Firenze la pi\u00f9 importante fiera\u00a0sull\u2019innovazione della scuola - intoscana","isPartOf":{"@id":"https:\/\/www.intoscana.it\/it\/#website"},"primaryImageOfPage":{"@id":"https:\/\/www.intoscana.it\/it\/didacta-italia-torna-a-firenze-la-piu-importante-fiera-sullinnovazione-della-scuola\/#primaryimage"},"image":{"@id":"https:\/\/www.intoscana.it\/it\/didacta-italia-torna-a-firenze-la-piu-importante-fiera-sullinnovazione-della-scuola\/#primaryimage"},"thumbnailUrl":"https:\/\/www.intoscana.it\/wp-content\/uploads\/unnamed-3-13.jpg","datePublished":"2025-03-05T15:42:48+00:00","dateModified":"2025-03-07T13:43:27+00:00","author":{"@id":"https:\/\/www.intoscana.it\/it\/#\/schema\/person\/9223810753230f20bd670fdd322661f8"},"breadcrumb":{"@id":"https:\/\/www.intoscana.it\/it\/didacta-italia-torna-a-firenze-la-piu-importante-fiera-sullinnovazione-della-scuola\/#breadcrumb"},"inLanguage":"it-IT","potentialAction":[{"@type":"ReadAction","target":["https:\/\/www.intoscana.it\/it\/didacta-italia-torna-a-firenze-la-piu-importante-fiera-sullinnovazione-della-scuola\/"]}]},{"@type":"ImageObject","inLanguage":"it-IT","@id":"https:\/\/www.intoscana.it\/it\/didacta-italia-torna-a-firenze-la-piu-importante-fiera-sullinnovazione-della-scuola\/#primaryimage","url":"https:\/\/www.intoscana.it\/wp-content\/uploads\/unnamed-3-13.jpg","contentUrl":"https:\/\/www.intoscana.it\/wp-content\/uploads\/unnamed-3-13.jpg","width":1616,"height":1080,"caption":"Didacta"},{"@type":"BreadcrumbList","@id":"https:\/\/www.intoscana.it\/it\/didacta-italia-torna-a-firenze-la-piu-importante-fiera-sullinnovazione-della-scuola\/#breadcrumb","itemListElement":[{"@type":"ListItem","position":1,"name":"Home","item":"https:\/\/www.intoscana.it\/it\/"},{"@type":"ListItem","position":2,"name":"Didacta Italia: torna a Firenze la pi\u00f9 importante fiera\u00a0sull\u2019innovazione della scuola"}]},{"@type":"WebSite","@id":"https:\/\/www.intoscana.it\/it\/#website","url":"https:\/\/www.intoscana.it\/it\/","name":"intoscana","description":"","potentialAction":[{"@type":"SearchAction","target":{"@type":"EntryPoint","urlTemplate":"https:\/\/www.intoscana.it\/it\/?s={search_term_string}"},"query-input":{"@type":"PropertyValueSpecification","valueRequired":true,"valueName":"search_term_string"}}],"inLanguage":"it-IT"},{"@type":"Person","@id":"https:\/\/www.intoscana.it\/it\/#\/schema\/person\/9223810753230f20bd670fdd322661f8","name":"Redazione","url":"https:\/\/www.intoscana.it\/it\/author\/redazione\/"}]}},"_links":{"self":[{"href":"https:\/\/www.intoscana.it\/it\/wp-json\/wp\/v2\/posts\/377331","targetHints":{"allow":["GET"]}}],"collection":[{"href":"https:\/\/www.intoscana.it\/it\/wp-json\/wp\/v2\/posts"}],"about":[{"href":"https:\/\/www.intoscana.it\/it\/wp-json\/wp\/v2\/types\/post"}],"author":[{"embeddable":true,"href":"https:\/\/www.intoscana.it\/it\/wp-json\/wp\/v2\/users\/525"}],"replies":[{"embeddable":true,"href":"https:\/\/www.intoscana.it\/it\/wp-json\/wp\/v2\/comments?post=377331"}],"version-history":[{"count":5,"href":"https:\/\/www.intoscana.it\/it\/wp-json\/wp\/v2\/posts\/377331\/revisions"}],"predecessor-version":[{"id":377530,"href":"https:\/\/www.intoscana.it\/it\/wp-json\/wp\/v2\/posts\/377331\/revisions\/377530"}],"wp:featuredmedia":[{"embeddable":true,"href":"https:\/\/www.intoscana.it\/it\/wp-json\/wp\/v2\/media\/229831"}],"wp:attachment":[{"href":"https:\/\/www.intoscana.it\/it\/wp-json\/wp\/v2\/media?parent=377331"}],"wp:term":[{"taxonomy":"category","embeddable":true,"href":"https:\/\/www.intoscana.it\/it\/wp-json\/wp\/v2\/categories?post=377331"},{"taxonomy":"post_tag","embeddable":true,"href":"https:\/\/www.intoscana.it\/it\/wp-json\/wp\/v2\/tags?post=377331"}],"curies":[{"name":"wp","href":"https:\/\/api.w.org\/{rel}","templated":true}]}}