{"id":377807,"date":"2025-03-11T09:37:39","date_gmt":"2025-03-11T08:37:39","guid":{"rendered":"https:\/\/www.intoscana.it\/it\/?p=377807"},"modified":"2025-03-11T09:39:17","modified_gmt":"2025-03-11T08:39:17","slug":"le-stelle-del-calcio-italiano-passate-dalla-coppa-carnevale","status":"publish","type":"post","link":"https:\/\/www.intoscana.it\/it\/le-stelle-del-calcio-italiano-passate-dalla-coppa-carnevale\/","title":{"rendered":"Le stelle del calcio italiano passate dalla Coppa Carnevale"},"content":{"rendered":"<p>Il Torneo di Viareggio, oggi Viareggio Cup, \u00e8 molto pi\u00f9 di una semplice <strong>competizione giovanile<\/strong>. \u00c8 un palcoscenico dove i sogni iniziano a prendere forma, dove giovani talenti accarezzano il futuro e dove il calcio mostra il suo volto pi\u00f9 autentico: <strong>passione, sacrificio e ambizione<\/strong>. Ogni edizione ha visto nascere nuove stelle, promesse che, partita dopo partita, hanno incantato tifosi e osservatori, lasciando il proprio segno su un torneo che da sempre rappresenta la <strong>culla del calcio italiano e internazionale<\/strong>. Tra questi talenti, alcuni hanno scritto pagine indimenticabili della storia del pallone. Ecco le loro storie, le loro prime magie sul prato verde dello <strong>Stadio dei Pini di Viareggio.<\/strong><\/p>\n<h3>Alessandro Del Piero<\/h3>\n<p>Nel <strong>1993<\/strong>, un giovanissimo Del Piero calc\u00f2 per la prima volta i campi del Viareggio con la maglia del <strong>Padova<\/strong>, segnando due reti prima che la sua squadra venisse eliminata in semifinale dal Milan. Ma il destino lo avrebbe riportato un anno dopo, stavolta con la <strong>Juventus<\/strong>, squadra con cui avrebbe scritto la storia del calcio mondiale. Nel <strong>1994<\/strong> fu tra i protagonisti del trionfo bianconero: segn\u00f2 il <strong>golden gol<\/strong> decisivo nella finale bis contro la Fiorentina, una firma che anticipava la leggenda che sarebbe diventato.<\/p>\n<h3>Daniel Maldini e la dinastia Maldini<\/h3>\n<p>Il cognome <strong>Maldini<\/strong> e il calcio sono legati da un filo indissolubile. Nel 2019, <strong>Daniel Maldini<\/strong> prosegu\u00ec la dinastia familiare segnando una doppietta con il Milan al Torneo di Viareggio, dimostrando che il talento scorre ancora forte nelle sue vene. Ma il suo percorso non \u00e8 isolato: il nonno <strong>Cesare<\/strong> prese parte al torneo nel 1950 con la Triestina, il padre <strong>Paolo<\/strong> nel 1985 con il Milan (anche se fu sfortunato a causa di un infortunio), e persino lo zio Pier Cesare vest\u00ec la maglia del Viareggio nei primi anni &#8217;90. Una famiglia che ha intrecciato la propria storia con quella del torneo.<\/p>\n<h3>Giancarlo Antognoni<\/h3>\n<p>Un talento puro e cristallino, simbolo della Fiorentina. Antognoni vinse <strong>due edizioni<\/strong> del Torneo di Viareggio, nel <strong>1973 e nel 1974<\/strong>. Nel primo trionfo, fu decisivo con un gol in semifinale contro il Crystal Palace, mentre l\u2019anno successivo, gi\u00e0 titolare in Serie A, contribu\u00ec comunque alla vittoria viola. In quegli anni, il torneo era un vero banco di prova per i giovani talenti, e Antognoni dimostr\u00f2 subito di avere la stoffa del campione.<\/p>\n<h3>Gabriel Batistuta<\/h3>\n<p>Era il <strong>1989<\/strong> quando un giovane argentino dal <strong>fisico possente e dal destro letale<\/strong> si present\u00f2 al Torneo di Viareggio con il Deportivo Italiano Buenos Aires. Gabriel Omar Batistuta impression\u00f2 tutti con una tripletta contro il CSKA Sofia, lasciando intravedere il bomber spietato che avrebbe incantato la Serie A. Un&#8217;immagine iconica lo ritrae in compagnia di <strong>Diego Maradona<\/strong> all&#8217;Hotel Caribe: pochi anni dopo, i due sarebbero stati compagni di squadra ai Mondiali del 1994.<\/p>\n<figure id=\"post-377854 media-377854\" class=\"align-none\"><img decoding=\"async\" src=\"https:\/\/www.intoscana.it\/wp-content\/uploads\/vetrina-Batistuta-1989-viareggio-cup.jpg\" alt=\"\" \/><\/figure>\n<div class=\"titleimg\">Gabriel Omar Batistuta con Maradona alla Viareggio Cup &#8211; \u00a9 Viareggio Cup<\/div>\n<h3>Roberto Baggio<\/h3>\n<p>Il 30 gennaio 1986, il Torneo di Viareggio accolse un giovane talento destinato a diventare uno dei pi\u00f9 grandi calciatori della storia. Roberto Baggio, con la maglia della <strong>Fiorentina<\/strong>, esord\u00ec nel torneo segnando una doppietta contro l\u2019Ocean Syde New York. Era il primo assaggio del suo talento sconfinato, che di l\u00ec a poco avrebbe incantato tifosi di tutto il mondo. La Fiorentina non riusc\u00ec a vincere il torneo, ma chiunque fosse presente in quei giorni cap\u00ec che stava nascendo una stella destinata a brillare.<\/p>\n<h3>Giorgio Chiellini<\/h3>\n<p>Nel <strong>2003<\/strong>, prima di diventare una bandiera della Juventus e della Nazionale, Chiellini gioc\u00f2 il Torneo di Viareggio con la <strong>Roma Primavera<\/strong>, schierato come terzino sinistro. Un\u2019esperienza breve ma significativa, che segn\u00f2 l\u2019inizio di una carriera straordinaria.<\/p>\n<h3>Gianluigi Buffon<\/h3>\n<p>Buffon ha sempre avuto il destino di un predestinato. Con il <strong>Parma<\/strong>, partecip\u00f2 a due edizioni consecutive del Torneo di Viareggio (1995 e 1996), vincendo il premio di <strong>miglior portiere<\/strong> in entrambe le occasioni. Nel 2002, il suo legame con il torneo si rafforz\u00f2 ulteriormente quando venne scelto per leggere il giuramento inaugurale della manifestazione.<\/p>\n<figure id=\"post-377855 media-377855\" class=\"align-none\"><img decoding=\"async\" src=\"https:\/\/www.intoscana.it\/wp-content\/uploads\/vetrina-Buffon-1996-viareggio-cup.jpg\" alt=\"\" \/><\/figure>\n<div class=\"titleimg\">Gianluigi Buffon alla Viareggio Cup &#8211; \u00a9 Viareggio Cup<\/div>\n<h3>Francesco Totti<\/h3>\n<p>Francesco Totti partecip\u00f2 a due edizioni del Torneo di Viareggio, nel <strong>1994 e nel 1995, con la Roma<\/strong>. Nel suo debutto, segn\u00f2 il gol decisivo contro la Fiorentina, dimostrando gi\u00e0 un talento fuori dal comune. Anche se non vinse il torneo, il suo nome rimase impresso tra i protagonisti di quelle edizioni, prima di diventare la leggenda della Roma e della Nazionale italiana.<\/p>\n<h3>Moise Kean<\/h3>\n<p>Nel 2017, Moise Kean partecip\u00f2 alla Viareggio Cup con la <strong>Juventus<\/strong>, ma la sua esperienza<strong> fu sfortunata<\/strong>: scese in campo solo negli ottavi di finale contro il Bruges prima di infortunarsi. Tuttavia, pochi mesi dopo, sarebbe diventato il primo millennial a segnare in Serie A con la maglia bianconera, confermando di essere una promessa del calcio italiano.<\/p>\n<figure id=\"post-377856 media-377856\" class=\"align-none\"><img decoding=\"async\" src=\"https:\/\/www.intoscana.it\/wp-content\/uploads\/vetrina-Kean-2017-viareggio-cup.jpg\" alt=\"\" \/><\/figure>\n<div class=\"titleimg\">Moise Kean alla Viareggio Cup &#8211; \u00a9 Viareggio Cup<\/div>\n<h3>Romelu Lukaku<\/h3>\n<p>L&#8217;attaccante di Inter prima e di Napoli ora, Romelu Lukaku fece il suo debutto su <strong>suolo italiano<\/strong> proprio al Torneo di Viareggio nel 2009 con <strong>l\u2019Anderlecht<\/strong>. In quella competizione segn\u00f2 il suo primo gol in Italia contro il Genoa, dimostrando una potenza fisica e una personalit\u00e0 gi\u00e0 fuori dal comune. Da quel momento, la sua ascesa fu inarrestabile fino a diventare uno degli attaccanti pi\u00f9 temuti in Europa.<\/p>\n<figure id=\"post-377857 media-377857\" class=\"align-none\"><img decoding=\"async\" src=\"https:\/\/www.intoscana.it\/wp-content\/uploads\/vetrina-Romelu_Lukaku-2009-viareggio-cup.jpg\" alt=\"\" \/><\/figure>\n<div class=\"titleimg\">L\u2019esordio in Italia di Romelu Lukaku alla Viareggio Cup &#8211; \u00a9 Viareggio Cup<\/div>\n<h3>Gian Piero Gasperini<\/h3>\n<p>La Viareggio Cup \u00e8 un torneo importante anche per i tanti <strong>allenatori<\/strong> di ieri, oggi e di domani. Prima come giocatori e poi dalla panchina. Il Gasp, oggi \u00e8 uno degli allenatori pi\u00f9 innovativi d\u2019Italia, che ha saputo trasformare la Dea e renderla una squadra tra le migliori in Italia e sui campi internazionali, ma i suoi primi trionfi arrivarono proprio al <strong>Torneo di Viareggio<\/strong>. Nel 2003, Gasperini guid\u00f2 la<strong> Juventus Primavera alla vittoria finale<\/strong>, superando lo Slavia Praga 1-0. La sua squadra gi\u00e0 si muoveva secondo i principi tattici che avrebbero reso celebre il suo calcio: gioco offensivo, pressing e un&#8217;organizzazione impeccabile. Quella Juventus lanci\u00f2 futuri talenti come Mirante, Cassani e Gastaldello, e per Gasperini fu la prima grande soddisfazione da tecnico prima di imporsi sulla scena europea con l\u2019Atalanta.<\/p>\n<figure id=\"post-377853 media-377853\" class=\"align-none\"><img decoding=\"async\" src=\"https:\/\/www.intoscana.it\/wp-content\/uploads\/gasperini-viareggiocup-juventus.jpeg\" alt=\"\" \/><\/figure>\n<div class=\"titleimg\">La vittoria della Viareggio Cup di Gian Piero Gasperini con la Juventus primavera &#8211; \u00a9 Juventus<\/div>\n<h3>Arrigo Sacchi<\/h3>\n<p>Arrigo Sacchi \u00e8 l&#8217;uomo che ha rivoluzionato il calcio italiano con le sue idee e la sua filosofia. Nel 1984, agli albori della sua carriera, guidava la <strong>Fiorentina Primavera<\/strong> al Torneo di Viareggio. Nei quarti, i viola superarono per 2-0 il Milan allenato da un altro futuro gigante della panchina, <strong>Fabio Capello<\/strong>. Anche se la corsa della Fiorentina si ferm\u00f2 in semifinale contro il Torino, il torneo rappresent\u00f2 una tappa significativa per Sacchi, che di l\u00ec a pochi anni avrebbe cambiato per sempre il calcio mondiale con il suo Milan spettacolare.<\/p>\n<h3>Marcello Lippi<\/h3>\n<p>Marcello Lippi partecip\u00f2 al Torneo di Viareggio sia <strong>da giocatore che da allenatore<\/strong>. Nel 1968, con la Sampdoria, visse un\u2019esperienza breve ma formativa. Pi\u00f9 avanti, alla guida della Primavera blucerchiata, ebbe tra le mani talenti come <strong>Gianluca Vialli e Roberto Mancini,<\/strong> segnando il primo passo di una carriera che lo avrebbe portato a diventare campione del mondo con l\u2019Italia nel 2006.<\/p>\n<p>Questi sono solo alcuni dei tanti campioni che si sono messi in mostra alla Coppa Carnevale. Chi sar\u00e0 la prossima leggenda a emergere da questo torneo? Il futuro del calcio passa ancora una volta da Viareggio.<\/p>\n<p>&nbsp;<\/p>\n","protected":false},"excerpt":{"rendered":"<p>Ogni anno da Viareggio passano tanti giovani talenti del calcio italiano e internazionale, tanti campioni di ieri, oggi e domani che fanno battere il cuore dei tifosi e che proprio dai campi viareggini iniziano a scrivere le loro storie<\/p>\n","protected":false},"author":507,"featured_media":377852,"comment_status":"open","ping_status":"open","sticky":false,"template":"","format":"standard","meta":{"_acf_changed":false,"footnotes":""},"categories":[4],"tags":[290,159,275],"class_list":["post-377807","post","type-post","status-publish","format-standard","has-post-thumbnail","hentry","category-storie","tag-calcio","tag-sport","tag-viareggio"],"acf":[],"yoast_head":"<!-- This site is optimized with the Yoast SEO Premium plugin v24.2 (Yoast SEO v25.6) - https:\/\/yoast.com\/wordpress\/plugins\/seo\/ -->\n<title>Le stelle del calcio italiano passate dalla Coppa Carnevale - intoscana<\/title>\n<meta name=\"robots\" content=\"index, follow, max-snippet:-1, max-image-preview:large, max-video-preview:-1\" \/>\n<link rel=\"canonical\" href=\"https:\/\/www.intoscana.it\/it\/le-stelle-del-calcio-italiano-passate-dalla-coppa-carnevale\/\" \/>\n<meta property=\"og:locale\" content=\"it_IT\" \/>\n<meta property=\"og:type\" content=\"article\" \/>\n<meta property=\"og:title\" content=\"Le stelle del calcio italiano passate dalla Coppa Carnevale\" \/>\n<meta property=\"og:description\" content=\"Ogni anno da Viareggio passano tanti giovani talenti del calcio italiano e internazionale, tanti campioni di ieri, oggi e domani che fanno battere il cuore dei tifosi e che proprio dai campi viareggini iniziano a scrivere le loro storie\" \/>\n<meta property=\"og:url\" content=\"https:\/\/www.intoscana.it\/it\/le-stelle-del-calcio-italiano-passate-dalla-coppa-carnevale\/\" \/>\n<meta property=\"og:site_name\" content=\"intoscana\" \/>\n<meta property=\"article:publisher\" content=\"https:\/\/www.facebook.com\/intoscana.it\" \/>\n<meta property=\"article:published_time\" content=\"2025-03-11T08:37:39+00:00\" \/>\n<meta property=\"article:modified_time\" content=\"2025-03-11T08:39:17+00:00\" \/>\n<meta property=\"og:image\" content=\"https:\/\/www.intoscana.it\/wp-content\/uploads\/del_piero_viareggiocup.jpg\" \/>\n\t<meta property=\"og:image:width\" content=\"650\" \/>\n\t<meta property=\"og:image:height\" content=\"433\" \/>\n\t<meta property=\"og:image:type\" content=\"image\/jpeg\" \/>\n<meta name=\"author\" content=\"Chiara Bianchini\" \/>\n<meta name=\"twitter:card\" content=\"summary_large_image\" \/>\n<meta name=\"twitter:creator\" content=\"@intoscana\" \/>\n<meta name=\"twitter:site\" content=\"@intoscana\" \/>\n<meta name=\"twitter:label1\" content=\"Written by\" \/>\n\t<meta name=\"twitter:data1\" content=\"Chiara Bianchini\" \/>\n\t<meta name=\"twitter:label2\" content=\"Est. reading time\" \/>\n\t<meta name=\"twitter:data2\" content=\"8 minuti\" \/>\n<script type=\"application\/ld+json\" class=\"yoast-schema-graph\">{\"@context\":\"https:\/\/schema.org\",\"@graph\":[{\"@type\":\"WebPage\",\"@id\":\"https:\/\/www.intoscana.it\/it\/le-stelle-del-calcio-italiano-passate-dalla-coppa-carnevale\/\",\"url\":\"https:\/\/www.intoscana.it\/it\/le-stelle-del-calcio-italiano-passate-dalla-coppa-carnevale\/\",\"name\":\"Le stelle del calcio italiano passate dalla Coppa Carnevale - intoscana\",\"isPartOf\":{\"@id\":\"https:\/\/www.intoscana.it\/it\/#website\"},\"primaryImageOfPage\":{\"@id\":\"https:\/\/www.intoscana.it\/it\/le-stelle-del-calcio-italiano-passate-dalla-coppa-carnevale\/#primaryimage\"},\"image\":{\"@id\":\"https:\/\/www.intoscana.it\/it\/le-stelle-del-calcio-italiano-passate-dalla-coppa-carnevale\/#primaryimage\"},\"thumbnailUrl\":\"https:\/\/www.intoscana.it\/wp-content\/uploads\/del_piero_viareggiocup.jpg\",\"datePublished\":\"2025-03-11T08:37:39+00:00\",\"dateModified\":\"2025-03-11T08:39:17+00:00\",\"author\":{\"@id\":\"https:\/\/www.intoscana.it\/it\/#\/schema\/person\/010af92117f50561886339ad5b873a41\"},\"breadcrumb\":{\"@id\":\"https:\/\/www.intoscana.it\/it\/le-stelle-del-calcio-italiano-passate-dalla-coppa-carnevale\/#breadcrumb\"},\"inLanguage\":\"it-IT\",\"potentialAction\":[{\"@type\":\"ReadAction\",\"target\":[\"https:\/\/www.intoscana.it\/it\/le-stelle-del-calcio-italiano-passate-dalla-coppa-carnevale\/\"]}]},{\"@type\":\"ImageObject\",\"inLanguage\":\"it-IT\",\"@id\":\"https:\/\/www.intoscana.it\/it\/le-stelle-del-calcio-italiano-passate-dalla-coppa-carnevale\/#primaryimage\",\"url\":\"https:\/\/www.intoscana.it\/wp-content\/uploads\/del_piero_viareggiocup.jpg\",\"contentUrl\":\"https:\/\/www.intoscana.it\/wp-content\/uploads\/del_piero_viareggiocup.jpg\",\"width\":650,\"height\":433,\"caption\":\"Alex Del Piero alla Viareggio Cup\"},{\"@type\":\"BreadcrumbList\",\"@id\":\"https:\/\/www.intoscana.it\/it\/le-stelle-del-calcio-italiano-passate-dalla-coppa-carnevale\/#breadcrumb\",\"itemListElement\":[{\"@type\":\"ListItem\",\"position\":1,\"name\":\"Home\",\"item\":\"https:\/\/www.intoscana.it\/it\/\"},{\"@type\":\"ListItem\",\"position\":2,\"name\":\"Le stelle del calcio italiano passate dalla Coppa Carnevale\"}]},{\"@type\":\"WebSite\",\"@id\":\"https:\/\/www.intoscana.it\/it\/#website\",\"url\":\"https:\/\/www.intoscana.it\/it\/\",\"name\":\"intoscana\",\"description\":\"\",\"potentialAction\":[{\"@type\":\"SearchAction\",\"target\":{\"@type\":\"EntryPoint\",\"urlTemplate\":\"https:\/\/www.intoscana.it\/it\/?s={search_term_string}\"},\"query-input\":{\"@type\":\"PropertyValueSpecification\",\"valueRequired\":true,\"valueName\":\"search_term_string\"}}],\"inLanguage\":\"it-IT\"},{\"@type\":\"Person\",\"@id\":\"https:\/\/www.intoscana.it\/it\/#\/schema\/person\/010af92117f50561886339ad5b873a41\",\"name\":\"Chiara Bianchini\",\"sameAs\":[\"c.bianchini@fst.it\"],\"url\":\"https:\/\/www.intoscana.it\/it\/author\/chiara-bianchini\/\"}]}<\/script>\n<!-- \/ Yoast SEO Premium plugin. -->","yoast_head_json":{"title":"Le stelle del calcio italiano passate dalla Coppa Carnevale - intoscana","robots":{"index":"index","follow":"follow","max-snippet":"max-snippet:-1","max-image-preview":"max-image-preview:large","max-video-preview":"max-video-preview:-1"},"canonical":"https:\/\/www.intoscana.it\/it\/le-stelle-del-calcio-italiano-passate-dalla-coppa-carnevale\/","og_locale":"it_IT","og_type":"article","og_title":"Le stelle del calcio italiano passate dalla Coppa Carnevale","og_description":"Ogni anno da Viareggio passano tanti giovani talenti del calcio italiano e internazionale, tanti campioni di ieri, oggi e domani che fanno battere il cuore dei tifosi e che proprio dai campi viareggini iniziano a scrivere le loro storie","og_url":"https:\/\/www.intoscana.it\/it\/le-stelle-del-calcio-italiano-passate-dalla-coppa-carnevale\/","og_site_name":"intoscana","article_publisher":"https:\/\/www.facebook.com\/intoscana.it","article_published_time":"2025-03-11T08:37:39+00:00","article_modified_time":"2025-03-11T08:39:17+00:00","og_image":[{"width":650,"height":433,"url":"https:\/\/www.intoscana.it\/wp-content\/uploads\/del_piero_viareggiocup.jpg","type":"image\/jpeg"}],"author":"Chiara Bianchini","twitter_card":"summary_large_image","twitter_creator":"@intoscana","twitter_site":"@intoscana","twitter_misc":{"Written by":"Chiara Bianchini","Est. reading time":"8 minuti"},"schema":{"@context":"https:\/\/schema.org","@graph":[{"@type":"WebPage","@id":"https:\/\/www.intoscana.it\/it\/le-stelle-del-calcio-italiano-passate-dalla-coppa-carnevale\/","url":"https:\/\/www.intoscana.it\/it\/le-stelle-del-calcio-italiano-passate-dalla-coppa-carnevale\/","name":"Le stelle del calcio italiano passate dalla Coppa Carnevale - intoscana","isPartOf":{"@id":"https:\/\/www.intoscana.it\/it\/#website"},"primaryImageOfPage":{"@id":"https:\/\/www.intoscana.it\/it\/le-stelle-del-calcio-italiano-passate-dalla-coppa-carnevale\/#primaryimage"},"image":{"@id":"https:\/\/www.intoscana.it\/it\/le-stelle-del-calcio-italiano-passate-dalla-coppa-carnevale\/#primaryimage"},"thumbnailUrl":"https:\/\/www.intoscana.it\/wp-content\/uploads\/del_piero_viareggiocup.jpg","datePublished":"2025-03-11T08:37:39+00:00","dateModified":"2025-03-11T08:39:17+00:00","author":{"@id":"https:\/\/www.intoscana.it\/it\/#\/schema\/person\/010af92117f50561886339ad5b873a41"},"breadcrumb":{"@id":"https:\/\/www.intoscana.it\/it\/le-stelle-del-calcio-italiano-passate-dalla-coppa-carnevale\/#breadcrumb"},"inLanguage":"it-IT","potentialAction":[{"@type":"ReadAction","target":["https:\/\/www.intoscana.it\/it\/le-stelle-del-calcio-italiano-passate-dalla-coppa-carnevale\/"]}]},{"@type":"ImageObject","inLanguage":"it-IT","@id":"https:\/\/www.intoscana.it\/it\/le-stelle-del-calcio-italiano-passate-dalla-coppa-carnevale\/#primaryimage","url":"https:\/\/www.intoscana.it\/wp-content\/uploads\/del_piero_viareggiocup.jpg","contentUrl":"https:\/\/www.intoscana.it\/wp-content\/uploads\/del_piero_viareggiocup.jpg","width":650,"height":433,"caption":"Alex Del Piero alla Viareggio Cup"},{"@type":"BreadcrumbList","@id":"https:\/\/www.intoscana.it\/it\/le-stelle-del-calcio-italiano-passate-dalla-coppa-carnevale\/#breadcrumb","itemListElement":[{"@type":"ListItem","position":1,"name":"Home","item":"https:\/\/www.intoscana.it\/it\/"},{"@type":"ListItem","position":2,"name":"Le stelle del calcio italiano passate dalla Coppa Carnevale"}]},{"@type":"WebSite","@id":"https:\/\/www.intoscana.it\/it\/#website","url":"https:\/\/www.intoscana.it\/it\/","name":"intoscana","description":"","potentialAction":[{"@type":"SearchAction","target":{"@type":"EntryPoint","urlTemplate":"https:\/\/www.intoscana.it\/it\/?s={search_term_string}"},"query-input":{"@type":"PropertyValueSpecification","valueRequired":true,"valueName":"search_term_string"}}],"inLanguage":"it-IT"},{"@type":"Person","@id":"https:\/\/www.intoscana.it\/it\/#\/schema\/person\/010af92117f50561886339ad5b873a41","name":"Chiara Bianchini","sameAs":["c.bianchini@fst.it"],"url":"https:\/\/www.intoscana.it\/it\/author\/chiara-bianchini\/"}]}},"_links":{"self":[{"href":"https:\/\/www.intoscana.it\/it\/wp-json\/wp\/v2\/posts\/377807","targetHints":{"allow":["GET"]}}],"collection":[{"href":"https:\/\/www.intoscana.it\/it\/wp-json\/wp\/v2\/posts"}],"about":[{"href":"https:\/\/www.intoscana.it\/it\/wp-json\/wp\/v2\/types\/post"}],"author":[{"embeddable":true,"href":"https:\/\/www.intoscana.it\/it\/wp-json\/wp\/v2\/users\/507"}],"replies":[{"embeddable":true,"href":"https:\/\/www.intoscana.it\/it\/wp-json\/wp\/v2\/comments?post=377807"}],"version-history":[{"count":3,"href":"https:\/\/www.intoscana.it\/it\/wp-json\/wp\/v2\/posts\/377807\/revisions"}],"predecessor-version":[{"id":377863,"href":"https:\/\/www.intoscana.it\/it\/wp-json\/wp\/v2\/posts\/377807\/revisions\/377863"}],"wp:featuredmedia":[{"embeddable":true,"href":"https:\/\/www.intoscana.it\/it\/wp-json\/wp\/v2\/media\/377852"}],"wp:attachment":[{"href":"https:\/\/www.intoscana.it\/it\/wp-json\/wp\/v2\/media?parent=377807"}],"wp:term":[{"taxonomy":"category","embeddable":true,"href":"https:\/\/www.intoscana.it\/it\/wp-json\/wp\/v2\/categories?post=377807"},{"taxonomy":"post_tag","embeddable":true,"href":"https:\/\/www.intoscana.it\/it\/wp-json\/wp\/v2\/tags?post=377807"}],"curies":[{"name":"wp","href":"https:\/\/api.w.org\/{rel}","templated":true}]}}