{"id":378302,"date":"2025-03-13T16:52:49","date_gmt":"2025-03-13T15:52:49","guid":{"rendered":"https:\/\/www.intoscana.it\/it\/?p=378302"},"modified":"2025-03-13T16:53:25","modified_gmt":"2025-03-13T15:53:25","slug":"orbetello-mezzo-milione-per-la-laguna-e-nuovo-contratto-di-servizio","status":"publish","type":"post","link":"https:\/\/www.intoscana.it\/it\/orbetello-mezzo-milione-per-la-laguna-e-nuovo-contratto-di-servizio\/","title":{"rendered":"Orbetello, mezzo milione per la laguna e nuovo contratto di servizio"},"content":{"rendered":"<div class=\"rt-page__content rt-page-content--left\">\n<div class=\"rt-page__content-text\">\n<p>Arriva <strong>mezzo milione<\/strong> per <strong>la laguna di Orbetello<\/strong> oltre a un nuovo <strong>contratto di servizio<\/strong>. \u201c<em>La Regione Toscana prosegue nel garantire la massima attenzione al delicato equilibrio della Laguna di Orbetello, confermando di essere l\u2019unico Ente che investe risorse significative in attesa dell\u2019avvio delle attivit\u00e0 del Consorzio nazionale, vista anche la recente indisponibilit\u00e0 manifestata formalmente e per scritto da parte del sindaco Casamenti\u201d <\/em>sottolinea il presidente della Regione Toscana <strong>Eugenio Giani<\/strong>.<\/p>\n<p>Il governatore spiega cos\u00ec la decisione assunta dalla giunta regionale di stanziare <strong>ulteriori 500mila euro<\/strong> di fondi regionali, che si aggiungono agli 1,2 milioni di euro erogati ogni anno. E\u2019 inoltre stato sottoscritto il nuovo contratto di servizio a seguito dei necessari adeguamenti tecnico-giuridici funzionali a raccordarsi al meglio con la legge nazionale istitutiva del Parco ambientale per lo <strong>sviluppo sostenibile<\/strong> della Laguna di Orbetello.<\/p>\n<p>\u201c<em>L\u2019attivit\u00e0 di questi mesi<\/em> \u2013 prosegue il presidente &#8211; <em>\u00e8 stata intensa e ci ha visto avanzare al MASE, gi\u00e0 nello scorso mese novembre, la richiesta di finanziamento sul PNRR per un progetto speciale e, poi, di un intervento normativo di rango nazionale, come indicato nelle relazioni di ISPRA, per garantire ad Orbetello un quadro regolamentare analogo a quello di Venezia. Auspichiamo su questo una rapida presa di posizione da parte del Governo\u201d.<\/em><\/p>\n<h3>Monni: verso lo statuto del Consorzio<\/h3>\n<p>\u201c<em>Al contempo<\/em> \u2013 ricorda l\u2019assessora ad ambiente e protezione civile <strong>Monia Monni<\/strong> &#8211; <em>abbiamo sollecitato la convocazione del tavolo per la definizione dello Statuto del Consorzio nazionale da parte del competente Ministero e richiesto l\u2019anticipo delle risorse gi\u00e0 previste sulla legge nazionale per far fronte alle spese urgenti necessarie per il sistema lagunare. Su questo fronte abbiamo comunque gi\u00e0 disposto un ulteriore stanziamento di mezzo milione di euro di risorse regionali in attesa della risposta del Ministro. Adesso \u00e8 necessario proseguire velocemente con l&#8217;approvazione della proposta di legge regionale, sulla quale sono state ultimate le modifiche tecniche di allineamento alla citata e recente disposizione normativa nazionale, per chiarire nitidamente il quadro delle competenze in questa fase transitoria che ci separa dall&#8217;entrata in vigore del Consorzio disposto dalla norma nazionale, affinch\u00e9 nessuno giochi a nascondino\u201d.<\/em><\/p>\n<h3>Giani: Orbetello non va lasciata sola<\/h3>\n<p>\u201c<em>Rispetto, invece, alla situazione insostenibile a Orbetello per la presenza dei moscerini<\/em> \u2013 ricorda infine <em>il presidente Giani<\/em> -, <em>al netto dell\u2019eventuale convocazione del tavolo tecnico richiesto dal sindaco al MASE, ho convocato, insieme agli assessori Monni e Marras, un incontro per luned\u00ec prossimo al fine di supportare il Comune nonostante la disinfestazione sia attivit\u00e0 di stretta competenza dell\u2019amministrazione comunale. La Regione, come dimostrano gli atti e gli impegni concreti assunti, continua a fare la propria parte. Perch\u00e9 la Laguna \u00e8 un patrimonio straordinario che merita di essere tutelato, e la comunit\u00e0 di Orbetello non pu\u00f2 essere lasciata sola\u201d.<\/em><\/p>\n<\/div>\n<\/div>\n","protected":false},"excerpt":{"rendered":"<p>Convocata per luned\u00ec prossimo dalla Regione un tavolo su emergenza moscerini. Giani: &#8220;La comunit\u00e0 locale non pu\u00f2 essere lasciata sola&#8221;<\/p>\n","protected":false},"author":525,"featured_media":299552,"comment_status":"open","ping_status":"open","sticky":false,"template":"","format":"standard","meta":{"_acf_changed":false,"footnotes":""},"categories":[19],"tags":[177,158,5232,4814],"class_list":["post-378302","post","type-post","status-publish","format-standard","has-post-thumbnail","hentry","category-ambiente","tag-ambiente","tag-eugenio-giani","tag-monia-monni","tag-orbetello"],"acf":[],"yoast_head":"<!-- This site is optimized with the Yoast SEO Premium plugin v24.2 (Yoast SEO v25.6) - https:\/\/yoast.com\/wordpress\/plugins\/seo\/ -->\n<title>Orbetello, mezzo milione per la laguna e nuovo contratto di servizio - intoscana<\/title>\n<meta name=\"description\" content=\"Convocata per luned\u00ec prossimo dalla Regione un tavolo su emergenza moscerini. Giani: &quot;La comunit\u00e0 locale non pu\u00f2 essere lasciata sola&quot;\" \/>\n<meta name=\"robots\" content=\"index, follow, max-snippet:-1, max-image-preview:large, max-video-preview:-1\" \/>\n<link rel=\"canonical\" href=\"https:\/\/www.intoscana.it\/it\/orbetello-mezzo-milione-per-la-laguna-e-nuovo-contratto-di-servizio\/\" \/>\n<meta property=\"og:locale\" content=\"it_IT\" \/>\n<meta property=\"og:type\" content=\"article\" \/>\n<meta property=\"og:title\" content=\"Orbetello, mezzo milione per la laguna e nuovo contratto di servizio\" \/>\n<meta property=\"og:description\" content=\"Convocata per luned\u00ec prossimo dalla Regione un tavolo su emergenza moscerini. Giani: &quot;La comunit\u00e0 locale non pu\u00f2 essere lasciata sola&quot;\" \/>\n<meta property=\"og:url\" content=\"https:\/\/www.intoscana.it\/it\/orbetello-mezzo-milione-per-la-laguna-e-nuovo-contratto-di-servizio\/\" \/>\n<meta property=\"og:site_name\" content=\"intoscana\" \/>\n<meta property=\"article:publisher\" content=\"https:\/\/www.facebook.com\/intoscana.it\" \/>\n<meta property=\"article:published_time\" content=\"2025-03-13T15:52:49+00:00\" \/>\n<meta property=\"article:modified_time\" content=\"2025-03-13T15:53:25+00:00\" \/>\n<meta property=\"og:image\" content=\"https:\/\/www.intoscana.it\/wp-content\/uploads\/unnamed-1-17.jpg\" \/>\n\t<meta property=\"og:image:width\" content=\"1920\" \/>\n\t<meta property=\"og:image:height\" content=\"1279\" \/>\n\t<meta property=\"og:image:type\" content=\"image\/jpeg\" \/>\n<meta name=\"author\" content=\"Redazione\" \/>\n<meta name=\"twitter:card\" content=\"summary_large_image\" \/>\n<meta name=\"twitter:creator\" content=\"@intoscana\" \/>\n<meta name=\"twitter:site\" content=\"@intoscana\" \/>\n<meta name=\"twitter:label1\" content=\"Written by\" \/>\n\t<meta name=\"twitter:data1\" content=\"Redazione\" \/>\n\t<meta name=\"twitter:label2\" content=\"Est. reading time\" \/>\n\t<meta name=\"twitter:data2\" content=\"3 minuti\" \/>\n<script type=\"application\/ld+json\" class=\"yoast-schema-graph\">{\"@context\":\"https:\/\/schema.org\",\"@graph\":[{\"@type\":\"WebPage\",\"@id\":\"https:\/\/www.intoscana.it\/it\/orbetello-mezzo-milione-per-la-laguna-e-nuovo-contratto-di-servizio\/\",\"url\":\"https:\/\/www.intoscana.it\/it\/orbetello-mezzo-milione-per-la-laguna-e-nuovo-contratto-di-servizio\/\",\"name\":\"Orbetello, mezzo milione per la laguna e nuovo contratto di servizio - intoscana\",\"isPartOf\":{\"@id\":\"https:\/\/www.intoscana.it\/it\/#website\"},\"primaryImageOfPage\":{\"@id\":\"https:\/\/www.intoscana.it\/it\/orbetello-mezzo-milione-per-la-laguna-e-nuovo-contratto-di-servizio\/#primaryimage\"},\"image\":{\"@id\":\"https:\/\/www.intoscana.it\/it\/orbetello-mezzo-milione-per-la-laguna-e-nuovo-contratto-di-servizio\/#primaryimage\"},\"thumbnailUrl\":\"https:\/\/www.intoscana.it\/wp-content\/uploads\/unnamed-1-17.jpg\",\"datePublished\":\"2025-03-13T15:52:49+00:00\",\"dateModified\":\"2025-03-13T15:53:25+00:00\",\"author\":{\"@id\":\"https:\/\/www.intoscana.it\/it\/#\/schema\/person\/9223810753230f20bd670fdd322661f8\"},\"description\":\"Convocata per luned\u00ec prossimo dalla Regione un tavolo su emergenza moscerini. Giani: \\\"La comunit\u00e0 locale non pu\u00f2 essere lasciata sola\\\"\",\"breadcrumb\":{\"@id\":\"https:\/\/www.intoscana.it\/it\/orbetello-mezzo-milione-per-la-laguna-e-nuovo-contratto-di-servizio\/#breadcrumb\"},\"inLanguage\":\"it-IT\",\"potentialAction\":[{\"@type\":\"ReadAction\",\"target\":[\"https:\/\/www.intoscana.it\/it\/orbetello-mezzo-milione-per-la-laguna-e-nuovo-contratto-di-servizio\/\"]}]},{\"@type\":\"ImageObject\",\"inLanguage\":\"it-IT\",\"@id\":\"https:\/\/www.intoscana.it\/it\/orbetello-mezzo-milione-per-la-laguna-e-nuovo-contratto-di-servizio\/#primaryimage\",\"url\":\"https:\/\/www.intoscana.it\/wp-content\/uploads\/unnamed-1-17.jpg\",\"contentUrl\":\"https:\/\/www.intoscana.it\/wp-content\/uploads\/unnamed-1-17.jpg\",\"width\":1920,\"height\":1279,\"caption\":\"La laguna di Orbetello\"},{\"@type\":\"BreadcrumbList\",\"@id\":\"https:\/\/www.intoscana.it\/it\/orbetello-mezzo-milione-per-la-laguna-e-nuovo-contratto-di-servizio\/#breadcrumb\",\"itemListElement\":[{\"@type\":\"ListItem\",\"position\":1,\"name\":\"Home\",\"item\":\"https:\/\/www.intoscana.it\/it\/\"},{\"@type\":\"ListItem\",\"position\":2,\"name\":\"Orbetello, mezzo milione per la laguna e nuovo contratto di servizio\"}]},{\"@type\":\"WebSite\",\"@id\":\"https:\/\/www.intoscana.it\/it\/#website\",\"url\":\"https:\/\/www.intoscana.it\/it\/\",\"name\":\"intoscana\",\"description\":\"\",\"potentialAction\":[{\"@type\":\"SearchAction\",\"target\":{\"@type\":\"EntryPoint\",\"urlTemplate\":\"https:\/\/www.intoscana.it\/it\/?s={search_term_string}\"},\"query-input\":{\"@type\":\"PropertyValueSpecification\",\"valueRequired\":true,\"valueName\":\"search_term_string\"}}],\"inLanguage\":\"it-IT\"},{\"@type\":\"Person\",\"@id\":\"https:\/\/www.intoscana.it\/it\/#\/schema\/person\/9223810753230f20bd670fdd322661f8\",\"name\":\"Redazione\",\"url\":\"https:\/\/www.intoscana.it\/it\/author\/redazione\/\"}]}<\/script>\n<!-- \/ Yoast SEO Premium plugin. -->","yoast_head_json":{"title":"Orbetello, mezzo milione per la laguna e nuovo contratto di servizio - intoscana","description":"Convocata per luned\u00ec prossimo dalla Regione un tavolo su emergenza moscerini. Giani: \"La comunit\u00e0 locale non pu\u00f2 essere lasciata sola\"","robots":{"index":"index","follow":"follow","max-snippet":"max-snippet:-1","max-image-preview":"max-image-preview:large","max-video-preview":"max-video-preview:-1"},"canonical":"https:\/\/www.intoscana.it\/it\/orbetello-mezzo-milione-per-la-laguna-e-nuovo-contratto-di-servizio\/","og_locale":"it_IT","og_type":"article","og_title":"Orbetello, mezzo milione per la laguna e nuovo contratto di servizio","og_description":"Convocata per luned\u00ec prossimo dalla Regione un tavolo su emergenza moscerini. Giani: \"La comunit\u00e0 locale non pu\u00f2 essere lasciata sola\"","og_url":"https:\/\/www.intoscana.it\/it\/orbetello-mezzo-milione-per-la-laguna-e-nuovo-contratto-di-servizio\/","og_site_name":"intoscana","article_publisher":"https:\/\/www.facebook.com\/intoscana.it","article_published_time":"2025-03-13T15:52:49+00:00","article_modified_time":"2025-03-13T15:53:25+00:00","og_image":[{"width":1920,"height":1279,"url":"https:\/\/www.intoscana.it\/wp-content\/uploads\/unnamed-1-17.jpg","type":"image\/jpeg"}],"author":"Redazione","twitter_card":"summary_large_image","twitter_creator":"@intoscana","twitter_site":"@intoscana","twitter_misc":{"Written by":"Redazione","Est. reading time":"3 minuti"},"schema":{"@context":"https:\/\/schema.org","@graph":[{"@type":"WebPage","@id":"https:\/\/www.intoscana.it\/it\/orbetello-mezzo-milione-per-la-laguna-e-nuovo-contratto-di-servizio\/","url":"https:\/\/www.intoscana.it\/it\/orbetello-mezzo-milione-per-la-laguna-e-nuovo-contratto-di-servizio\/","name":"Orbetello, mezzo milione per la laguna e nuovo contratto di servizio - intoscana","isPartOf":{"@id":"https:\/\/www.intoscana.it\/it\/#website"},"primaryImageOfPage":{"@id":"https:\/\/www.intoscana.it\/it\/orbetello-mezzo-milione-per-la-laguna-e-nuovo-contratto-di-servizio\/#primaryimage"},"image":{"@id":"https:\/\/www.intoscana.it\/it\/orbetello-mezzo-milione-per-la-laguna-e-nuovo-contratto-di-servizio\/#primaryimage"},"thumbnailUrl":"https:\/\/www.intoscana.it\/wp-content\/uploads\/unnamed-1-17.jpg","datePublished":"2025-03-13T15:52:49+00:00","dateModified":"2025-03-13T15:53:25+00:00","author":{"@id":"https:\/\/www.intoscana.it\/it\/#\/schema\/person\/9223810753230f20bd670fdd322661f8"},"description":"Convocata per luned\u00ec prossimo dalla Regione un tavolo su emergenza moscerini. Giani: \"La comunit\u00e0 locale non pu\u00f2 essere lasciata sola\"","breadcrumb":{"@id":"https:\/\/www.intoscana.it\/it\/orbetello-mezzo-milione-per-la-laguna-e-nuovo-contratto-di-servizio\/#breadcrumb"},"inLanguage":"it-IT","potentialAction":[{"@type":"ReadAction","target":["https:\/\/www.intoscana.it\/it\/orbetello-mezzo-milione-per-la-laguna-e-nuovo-contratto-di-servizio\/"]}]},{"@type":"ImageObject","inLanguage":"it-IT","@id":"https:\/\/www.intoscana.it\/it\/orbetello-mezzo-milione-per-la-laguna-e-nuovo-contratto-di-servizio\/#primaryimage","url":"https:\/\/www.intoscana.it\/wp-content\/uploads\/unnamed-1-17.jpg","contentUrl":"https:\/\/www.intoscana.it\/wp-content\/uploads\/unnamed-1-17.jpg","width":1920,"height":1279,"caption":"La laguna di Orbetello"},{"@type":"BreadcrumbList","@id":"https:\/\/www.intoscana.it\/it\/orbetello-mezzo-milione-per-la-laguna-e-nuovo-contratto-di-servizio\/#breadcrumb","itemListElement":[{"@type":"ListItem","position":1,"name":"Home","item":"https:\/\/www.intoscana.it\/it\/"},{"@type":"ListItem","position":2,"name":"Orbetello, mezzo milione per la laguna e nuovo contratto di servizio"}]},{"@type":"WebSite","@id":"https:\/\/www.intoscana.it\/it\/#website","url":"https:\/\/www.intoscana.it\/it\/","name":"intoscana","description":"","potentialAction":[{"@type":"SearchAction","target":{"@type":"EntryPoint","urlTemplate":"https:\/\/www.intoscana.it\/it\/?s={search_term_string}"},"query-input":{"@type":"PropertyValueSpecification","valueRequired":true,"valueName":"search_term_string"}}],"inLanguage":"it-IT"},{"@type":"Person","@id":"https:\/\/www.intoscana.it\/it\/#\/schema\/person\/9223810753230f20bd670fdd322661f8","name":"Redazione","url":"https:\/\/www.intoscana.it\/it\/author\/redazione\/"}]}},"_links":{"self":[{"href":"https:\/\/www.intoscana.it\/it\/wp-json\/wp\/v2\/posts\/378302","targetHints":{"allow":["GET"]}}],"collection":[{"href":"https:\/\/www.intoscana.it\/it\/wp-json\/wp\/v2\/posts"}],"about":[{"href":"https:\/\/www.intoscana.it\/it\/wp-json\/wp\/v2\/types\/post"}],"author":[{"embeddable":true,"href":"https:\/\/www.intoscana.it\/it\/wp-json\/wp\/v2\/users\/525"}],"replies":[{"embeddable":true,"href":"https:\/\/www.intoscana.it\/it\/wp-json\/wp\/v2\/comments?post=378302"}],"version-history":[{"count":4,"href":"https:\/\/www.intoscana.it\/it\/wp-json\/wp\/v2\/posts\/378302\/revisions"}],"predecessor-version":[{"id":378311,"href":"https:\/\/www.intoscana.it\/it\/wp-json\/wp\/v2\/posts\/378302\/revisions\/378311"}],"wp:featuredmedia":[{"embeddable":true,"href":"https:\/\/www.intoscana.it\/it\/wp-json\/wp\/v2\/media\/299552"}],"wp:attachment":[{"href":"https:\/\/www.intoscana.it\/it\/wp-json\/wp\/v2\/media?parent=378302"}],"wp:term":[{"taxonomy":"category","embeddable":true,"href":"https:\/\/www.intoscana.it\/it\/wp-json\/wp\/v2\/categories?post=378302"},{"taxonomy":"post_tag","embeddable":true,"href":"https:\/\/www.intoscana.it\/it\/wp-json\/wp\/v2\/tags?post=378302"}],"curies":[{"name":"wp","href":"https:\/\/api.w.org\/{rel}","templated":true}]}}