{"id":378421,"date":"2025-03-14T14:44:23","date_gmt":"2025-03-14T13:44:23","guid":{"rendered":"https:\/\/www.intoscana.it\/it\/?p=378421"},"modified":"2025-03-14T15:07:03","modified_gmt":"2025-03-14T14:07:03","slug":"val-d-orcia-unesco-ventennale","status":"publish","type":"post","link":"https:\/\/www.intoscana.it\/it\/val-d-orcia-unesco-ventennale\/","title":{"rendered":"La\u00a0Val\u00a0d\u2019Orcia in festa per i vent&#8217;anni dal riconoscimento Unesco\u00a0come Patrimonio mondiale dell&#8217;umanit\u00e0"},"content":{"rendered":"<p>Un anno di eventi speciali per il <strong>ventennale<\/strong> <strong>dal riconoscimento Unesco<\/strong>: i cinque comuni della Val d&#8217;Orcia, dichiarati nel 2004 sito Patrimonio mondiale dell&#8217;umanit\u00e0, festeggeranno la ricorrenza con un calendario di iniziative e progetti, in programma fino ad ottobre a <strong>Castiglione d\u2019Orcia, Montalcino, Pienza, San Quirico d\u2019Orcia e Radicofani.\u00a0<\/strong><\/p>\n<h3>Il paesaggio e gli ideali del buon governo<\/h3>\n<p>Il riconoscimento Unesco alla Val d&#8217;Orcia<em> &#8220;eccezionale esempio del ridisegno del paesaggio del pre-Rinascimento, che illustra gli ideali del buon governo e la ricerca estetica che ne ha guidato la concezione&#8221;<\/em> \u00e8 prima di tutto un riconoscimento alle comunit\u00e0 che nel corso dei secoli hanno lavorato e modellato quel paesaggio seguendo gli<strong> ideali del buon governo<\/strong>\u00a0e mai rinunciando, pur nella dinamicit\u00e0 del lavoro agricolo, alla ricerca estetica.<\/p>\n<p>&nbsp;<\/p>\n<figure id=\"post-70576 media-70576\" class=\"align-none\">\n<p><figure style=\"width: 640px\" class=\"wp-caption alignnone\"><img loading=\"lazy\" decoding=\"async\" src=\"https:\/\/www.intoscana.it\/wp-content\/uploads\/paesaggio-val-dorcia.jpg\" alt=\"\" width=\"640\" height=\"427\" \/><figcaption class=\"wp-caption-text\">Il paesaggio della Val d&#8217;Orcia<\/figcaption><\/figure><\/figure>\n<p style=\"font-weight: 400;\">Il ventennale \u00e8 <mark>un&#8217;opportunit\u00e0 per celebrare il passato, ma anche per immaginare e costruire il futuro, in cui la bellezza e il valore paesaggistico, umano e identitario della Val d&#8217;Orcia<\/mark> continuino a essere riconosciuti e vissuti in primo luogo dalle comunit\u00e0 locali, prime testimone e protagoniste, con il loro lavoro, del riconoscimento stesso e dai visitatori di tutto il mondo.<\/p>\n<h3 style=\"font-weight: 400;\"><strong>I primi eventi speciali in programma<\/strong><\/h3>\n<p style=\"font-weight: 400;\">Il 21 marzo prende il via la prima iniziativa pubblica delle cinque programmate per il ventennale. <strong>&#8220;Val d\u2019Orcia Next Level!&#8221;<\/strong> \u00e8 l\u2019evento inaugurale delle celebrazioni che si terr\u00e0 presso la Chiesa di San Simeone a Rocca d\u2019Orciae\u00a0 vedr\u00e0 la partecipazione di istituzioni e attori chiave rappresentativi del passato, del presente e del futuro della Val d\u2019Orcia, coinvolti in un tavolo di dialogo a cui prenderanno parte anche rappresentanti del Ministero della Cultura. L\u2019evento, che ha ottenuto il patrocinio di Regione Toscana e GiovaniS\u00ec, dedica un <strong>momento particolare ai giovani della Val d\u2019Orcia<\/strong>, in dialogo con il Portavoce del Presidente della Giunta Regionale.<\/p>\n<p style=\"font-weight: 400;\">Il secondo evento in programma, dal titolo<strong> &#8220;Ad Terram Suam &#8211; Il San Luca di Pietro Lorenzetti&#8221;,<\/strong> sar\u00e0 incentrato sul tema della tutela e valorizzazione del patrimonio artistico e culturale e si svolger\u00e0 il 29 marzo a Monticchiello, dove sar\u00e0 presentata la Cuspide acquisita dal Comune di Pienza.<\/p>\n<p style=\"font-weight: 400;\">Seguiranno eventi tematici a Radicofani (maggio), Montalcino (agosto-settembre) e San Quirico d\u2019Orcia (settembre-ottobre) su tematiche specifiche che vanno <strong>dalla rigenerazione dei piccoli borghi alle eccellenze enogastronomiche, <\/strong>fino alla sostenibilit\u00e0 dello sviluppo turistico, trattate alla luce della tutela e fruizione di un sito Patrimonio Mondiale dell\u2019Unesco.<\/p>\n<h3>Il Patentino del cittadini del futuro per i giovani<\/h3>\n<p style=\"font-weight: 400;\">In occasione del ventennale, la\u00a0Val\u00a0d\u2019Orcia\u00a0si presenta inoltre con una rinnovata brand identity che passa dal <strong>restyling del logo storico <\/strong>e una veste rinnovata anche per i siti ufficiali\u00a0<a href=\"http:\/\/www.visitvaldorcia.it\/\" data-saferedirecturl=\"https:\/\/www.google.com\/url?q=http:\/\/www.visitvaldorcia.it&amp;source=gmail&amp;ust=1742042338446000&amp;usg=AOvVaw1HnDR8VFvY8XWtcVa3YauZ\">www.visitvaldorcia.it<\/a>\u00a0e <a href=\"http:\/\/www.parcodellavaldorcia.com\/\" data-saferedirecturl=\"https:\/\/www.google.com\/url?q=http:\/\/www.parcodellavaldorcia.com&amp;source=gmail&amp;ust=1742042338446000&amp;usg=AOvVaw0yaOnIYY7A02LpalRkUzor\">www.parcodellavaldorcia.com.<\/a><\/p>\n<p style=\"font-weight: 400;\">Inoltre lo scorso novembre \u00e8 partito il progetto il \u201c<strong>Patentino del cittadino del futuro\u201d<\/strong>, un percorso didattico promosso dai Comuni della Val d&#8217;Orcia e ideato da Terre di Siena LAB per le scuole primarie e secondarie di primo grado, per stimolare il senso di appartenenza, la responsabilit\u00e0 civica e la conoscenza del patrimonio culturale e naturale della Val d&#8217;Orcia e invitare le nuove generazioni ad essere i primi custodi e promotori di questo luogo per il futuro.<\/p>\n","protected":false},"excerpt":{"rendered":"<p>Tante iniziative e progetti in programma fino a ottobre nei cinque comuni riconosciuti nelle lista dei siti Unesco: Castiglione\u00a0d\u2019Orcia, Montalcino, Pienza, San Quirico\u00a0d\u2019Orcia\u00a0e Radicofani<\/p>\n","protected":false},"author":502,"featured_media":224172,"comment_status":"open","ping_status":"open","sticky":false,"template":"","format":"standard","meta":{"_acf_changed":false,"footnotes":""},"categories":[493],"tags":[4145,5342],"class_list":["post-378421","post","type-post","status-publish","format-standard","has-post-thumbnail","hentry","category-cultura","tag-unesco","tag-val-dorcia"],"acf":[],"yoast_head":"<!-- This site is optimized with the Yoast SEO Premium plugin v24.2 (Yoast SEO v25.6) - https:\/\/yoast.com\/wordpress\/plugins\/seo\/ -->\n<title>La\u00a0Val\u00a0d\u2019Orcia in festa per i vent&#039;anni dal riconoscimento Unesco\u00a0come Patrimonio mondiale dell&#039;umanit\u00e0 - intoscana<\/title>\n<meta name=\"robots\" content=\"index, follow, max-snippet:-1, max-image-preview:large, max-video-preview:-1\" \/>\n<link rel=\"canonical\" href=\"https:\/\/www.intoscana.it\/it\/val-d-orcia-unesco-ventennale\/\" \/>\n<meta property=\"og:locale\" content=\"it_IT\" \/>\n<meta property=\"og:type\" content=\"article\" \/>\n<meta property=\"og:title\" content=\"La\u00a0Val\u00a0d\u2019Orcia in festa per i vent&#039;anni dal riconoscimento Unesco\u00a0come Patrimonio mondiale dell&#039;umanit\u00e0\" \/>\n<meta property=\"og:description\" content=\"Tante iniziative e progetti in programma fino a ottobre nei cinque comuni riconosciuti nelle lista dei siti Unesco: Castiglione\u00a0d\u2019Orcia, Montalcino, Pienza, San Quirico\u00a0d\u2019Orcia\u00a0e Radicofani\" \/>\n<meta property=\"og:url\" content=\"https:\/\/www.intoscana.it\/it\/val-d-orcia-unesco-ventennale\/\" \/>\n<meta property=\"og:site_name\" content=\"intoscana\" \/>\n<meta property=\"article:publisher\" content=\"https:\/\/www.facebook.com\/intoscana.it\" \/>\n<meta property=\"article:published_time\" content=\"2025-03-14T13:44:23+00:00\" \/>\n<meta property=\"article:modified_time\" content=\"2025-03-14T14:07:03+00:00\" \/>\n<meta property=\"og:image\" content=\"https:\/\/www.intoscana.it\/wp-content\/uploads\/turismo-orcia-doc.jpg\" \/>\n\t<meta property=\"og:image:width\" content=\"1200\" \/>\n\t<meta property=\"og:image:height\" content=\"800\" \/>\n\t<meta property=\"og:image:type\" content=\"image\/jpeg\" \/>\n<meta name=\"author\" content=\"Ilaria Giannini\" \/>\n<meta name=\"twitter:card\" content=\"summary_large_image\" \/>\n<meta name=\"twitter:creator\" content=\"@i.giannini@fst.it\" \/>\n<meta name=\"twitter:site\" content=\"@intoscana\" \/>\n<meta name=\"twitter:label1\" content=\"Written by\" \/>\n\t<meta name=\"twitter:data1\" content=\"Ilaria Giannini\" \/>\n\t<meta name=\"twitter:label2\" content=\"Est. reading time\" \/>\n\t<meta name=\"twitter:data2\" content=\"4 minuti\" \/>\n<script type=\"application\/ld+json\" class=\"yoast-schema-graph\">{\"@context\":\"https:\/\/schema.org\",\"@graph\":[{\"@type\":\"WebPage\",\"@id\":\"https:\/\/www.intoscana.it\/it\/val-d-orcia-unesco-ventennale\/\",\"url\":\"https:\/\/www.intoscana.it\/it\/val-d-orcia-unesco-ventennale\/\",\"name\":\"La\u00a0Val\u00a0d\u2019Orcia in festa per i vent'anni dal riconoscimento Unesco\u00a0come Patrimonio mondiale dell'umanit\u00e0 - intoscana\",\"isPartOf\":{\"@id\":\"https:\/\/www.intoscana.it\/it\/#website\"},\"primaryImageOfPage\":{\"@id\":\"https:\/\/www.intoscana.it\/it\/val-d-orcia-unesco-ventennale\/#primaryimage\"},\"image\":{\"@id\":\"https:\/\/www.intoscana.it\/it\/val-d-orcia-unesco-ventennale\/#primaryimage\"},\"thumbnailUrl\":\"https:\/\/www.intoscana.it\/wp-content\/uploads\/turismo-orcia-doc.jpg\",\"datePublished\":\"2025-03-14T13:44:23+00:00\",\"dateModified\":\"2025-03-14T14:07:03+00:00\",\"author\":{\"@id\":\"https:\/\/www.intoscana.it\/it\/#\/schema\/person\/de95e1ed2c1c8c30a6922bbba3a90185\"},\"breadcrumb\":{\"@id\":\"https:\/\/www.intoscana.it\/it\/val-d-orcia-unesco-ventennale\/#breadcrumb\"},\"inLanguage\":\"it-IT\",\"potentialAction\":[{\"@type\":\"ReadAction\",\"target\":[\"https:\/\/www.intoscana.it\/it\/val-d-orcia-unesco-ventennale\/\"]}]},{\"@type\":\"ImageObject\",\"inLanguage\":\"it-IT\",\"@id\":\"https:\/\/www.intoscana.it\/it\/val-d-orcia-unesco-ventennale\/#primaryimage\",\"url\":\"https:\/\/www.intoscana.it\/wp-content\/uploads\/turismo-orcia-doc.jpg\",\"contentUrl\":\"https:\/\/www.intoscana.it\/wp-content\/uploads\/turismo-orcia-doc.jpg\",\"width\":1200,\"height\":800,\"caption\":\"Una veduta della Val d'Orcia\"},{\"@type\":\"BreadcrumbList\",\"@id\":\"https:\/\/www.intoscana.it\/it\/val-d-orcia-unesco-ventennale\/#breadcrumb\",\"itemListElement\":[{\"@type\":\"ListItem\",\"position\":1,\"name\":\"Home\",\"item\":\"https:\/\/www.intoscana.it\/it\/\"},{\"@type\":\"ListItem\",\"position\":2,\"name\":\"La\u00a0Val\u00a0d\u2019Orcia in festa per i vent&#8217;anni dal riconoscimento Unesco\u00a0come Patrimonio mondiale dell&#8217;umanit\u00e0\"}]},{\"@type\":\"WebSite\",\"@id\":\"https:\/\/www.intoscana.it\/it\/#website\",\"url\":\"https:\/\/www.intoscana.it\/it\/\",\"name\":\"intoscana\",\"description\":\"\",\"potentialAction\":[{\"@type\":\"SearchAction\",\"target\":{\"@type\":\"EntryPoint\",\"urlTemplate\":\"https:\/\/www.intoscana.it\/it\/?s={search_term_string}\"},\"query-input\":{\"@type\":\"PropertyValueSpecification\",\"valueRequired\":true,\"valueName\":\"search_term_string\"}}],\"inLanguage\":\"it-IT\"},{\"@type\":\"Person\",\"@id\":\"https:\/\/www.intoscana.it\/it\/#\/schema\/person\/de95e1ed2c1c8c30a6922bbba3a90185\",\"name\":\"Ilaria Giannini\",\"sameAs\":[\"https:\/\/x.com\/i.giannini@fst.it\"],\"url\":\"https:\/\/www.intoscana.it\/it\/author\/ilaria-giannini\/\"}]}<\/script>\n<!-- \/ Yoast SEO Premium plugin. -->","yoast_head_json":{"title":"La\u00a0Val\u00a0d\u2019Orcia in festa per i vent'anni dal riconoscimento Unesco\u00a0come Patrimonio mondiale dell'umanit\u00e0 - intoscana","robots":{"index":"index","follow":"follow","max-snippet":"max-snippet:-1","max-image-preview":"max-image-preview:large","max-video-preview":"max-video-preview:-1"},"canonical":"https:\/\/www.intoscana.it\/it\/val-d-orcia-unesco-ventennale\/","og_locale":"it_IT","og_type":"article","og_title":"La\u00a0Val\u00a0d\u2019Orcia in festa per i vent'anni dal riconoscimento Unesco\u00a0come Patrimonio mondiale dell'umanit\u00e0","og_description":"Tante iniziative e progetti in programma fino a ottobre nei cinque comuni riconosciuti nelle lista dei siti Unesco: Castiglione\u00a0d\u2019Orcia, Montalcino, Pienza, San Quirico\u00a0d\u2019Orcia\u00a0e Radicofani","og_url":"https:\/\/www.intoscana.it\/it\/val-d-orcia-unesco-ventennale\/","og_site_name":"intoscana","article_publisher":"https:\/\/www.facebook.com\/intoscana.it","article_published_time":"2025-03-14T13:44:23+00:00","article_modified_time":"2025-03-14T14:07:03+00:00","og_image":[{"width":1200,"height":800,"url":"https:\/\/www.intoscana.it\/wp-content\/uploads\/turismo-orcia-doc.jpg","type":"image\/jpeg"}],"author":"Ilaria Giannini","twitter_card":"summary_large_image","twitter_creator":"@i.giannini@fst.it","twitter_site":"@intoscana","twitter_misc":{"Written by":"Ilaria Giannini","Est. reading time":"4 minuti"},"schema":{"@context":"https:\/\/schema.org","@graph":[{"@type":"WebPage","@id":"https:\/\/www.intoscana.it\/it\/val-d-orcia-unesco-ventennale\/","url":"https:\/\/www.intoscana.it\/it\/val-d-orcia-unesco-ventennale\/","name":"La\u00a0Val\u00a0d\u2019Orcia in festa per i vent'anni dal riconoscimento Unesco\u00a0come Patrimonio mondiale dell'umanit\u00e0 - intoscana","isPartOf":{"@id":"https:\/\/www.intoscana.it\/it\/#website"},"primaryImageOfPage":{"@id":"https:\/\/www.intoscana.it\/it\/val-d-orcia-unesco-ventennale\/#primaryimage"},"image":{"@id":"https:\/\/www.intoscana.it\/it\/val-d-orcia-unesco-ventennale\/#primaryimage"},"thumbnailUrl":"https:\/\/www.intoscana.it\/wp-content\/uploads\/turismo-orcia-doc.jpg","datePublished":"2025-03-14T13:44:23+00:00","dateModified":"2025-03-14T14:07:03+00:00","author":{"@id":"https:\/\/www.intoscana.it\/it\/#\/schema\/person\/de95e1ed2c1c8c30a6922bbba3a90185"},"breadcrumb":{"@id":"https:\/\/www.intoscana.it\/it\/val-d-orcia-unesco-ventennale\/#breadcrumb"},"inLanguage":"it-IT","potentialAction":[{"@type":"ReadAction","target":["https:\/\/www.intoscana.it\/it\/val-d-orcia-unesco-ventennale\/"]}]},{"@type":"ImageObject","inLanguage":"it-IT","@id":"https:\/\/www.intoscana.it\/it\/val-d-orcia-unesco-ventennale\/#primaryimage","url":"https:\/\/www.intoscana.it\/wp-content\/uploads\/turismo-orcia-doc.jpg","contentUrl":"https:\/\/www.intoscana.it\/wp-content\/uploads\/turismo-orcia-doc.jpg","width":1200,"height":800,"caption":"Una veduta della Val d'Orcia"},{"@type":"BreadcrumbList","@id":"https:\/\/www.intoscana.it\/it\/val-d-orcia-unesco-ventennale\/#breadcrumb","itemListElement":[{"@type":"ListItem","position":1,"name":"Home","item":"https:\/\/www.intoscana.it\/it\/"},{"@type":"ListItem","position":2,"name":"La\u00a0Val\u00a0d\u2019Orcia in festa per i vent&#8217;anni dal riconoscimento Unesco\u00a0come Patrimonio mondiale dell&#8217;umanit\u00e0"}]},{"@type":"WebSite","@id":"https:\/\/www.intoscana.it\/it\/#website","url":"https:\/\/www.intoscana.it\/it\/","name":"intoscana","description":"","potentialAction":[{"@type":"SearchAction","target":{"@type":"EntryPoint","urlTemplate":"https:\/\/www.intoscana.it\/it\/?s={search_term_string}"},"query-input":{"@type":"PropertyValueSpecification","valueRequired":true,"valueName":"search_term_string"}}],"inLanguage":"it-IT"},{"@type":"Person","@id":"https:\/\/www.intoscana.it\/it\/#\/schema\/person\/de95e1ed2c1c8c30a6922bbba3a90185","name":"Ilaria Giannini","sameAs":["https:\/\/x.com\/i.giannini@fst.it"],"url":"https:\/\/www.intoscana.it\/it\/author\/ilaria-giannini\/"}]}},"_links":{"self":[{"href":"https:\/\/www.intoscana.it\/it\/wp-json\/wp\/v2\/posts\/378421","targetHints":{"allow":["GET"]}}],"collection":[{"href":"https:\/\/www.intoscana.it\/it\/wp-json\/wp\/v2\/posts"}],"about":[{"href":"https:\/\/www.intoscana.it\/it\/wp-json\/wp\/v2\/types\/post"}],"author":[{"embeddable":true,"href":"https:\/\/www.intoscana.it\/it\/wp-json\/wp\/v2\/users\/502"}],"replies":[{"embeddable":true,"href":"https:\/\/www.intoscana.it\/it\/wp-json\/wp\/v2\/comments?post=378421"}],"version-history":[{"count":5,"href":"https:\/\/www.intoscana.it\/it\/wp-json\/wp\/v2\/posts\/378421\/revisions"}],"predecessor-version":[{"id":378444,"href":"https:\/\/www.intoscana.it\/it\/wp-json\/wp\/v2\/posts\/378421\/revisions\/378444"}],"wp:featuredmedia":[{"embeddable":true,"href":"https:\/\/www.intoscana.it\/it\/wp-json\/wp\/v2\/media\/224172"}],"wp:attachment":[{"href":"https:\/\/www.intoscana.it\/it\/wp-json\/wp\/v2\/media?parent=378421"}],"wp:term":[{"taxonomy":"category","embeddable":true,"href":"https:\/\/www.intoscana.it\/it\/wp-json\/wp\/v2\/categories?post=378421"},{"taxonomy":"post_tag","embeddable":true,"href":"https:\/\/www.intoscana.it\/it\/wp-json\/wp\/v2\/tags?post=378421"}],"curies":[{"name":"wp","href":"https:\/\/api.w.org\/{rel}","templated":true}]}}