{"id":378525,"date":"2025-03-17T10:38:11","date_gmt":"2025-03-17T09:38:11","guid":{"rendered":"https:\/\/www.intoscana.it\/it\/?p=378525"},"modified":"2025-03-17T11:01:46","modified_gmt":"2025-03-17T10:01:46","slug":"teho-teardo-concerto-al-buio-firenze-2025","status":"publish","type":"post","link":"https:\/\/www.intoscana.it\/it\/teho-teardo-concerto-al-buio-firenze-2025\/","title":{"rendered":"Teho Teardo porta il suo &#8220;Concerto al buio&#8221; a Firenze: viaggio sonoro in una foresta di simboli"},"content":{"rendered":"<p><strong>Domenica 23 marzo<\/strong> all&#8217;interno della rassegna<a href=\"https:\/\/www.intoscana.it\/it\/mixite-2024-il-battito-del-mondo-in-un-festival-tra-suoni-visionari-e-incontri-inediti\/\" target=\"_blank\" rel=\"noopener\"><strong> Mixit\u00e9<\/strong><\/a> organizzata da<a href=\"https:\/\/toscanaproduzionemusica.it\/\" target=\"_blank\" rel=\"noopener\"><strong> Toscana Produzione Musica<\/strong> <\/a>arriva per la prima volta al<strong> PARC<\/strong> di Firenze il <strong><em>\u201cConcerto al buio\u201d<\/em><\/strong> di <strong>Teho Teardo, <\/strong>con due esibizioni<strong> alle 19 e alle 20.30.<\/strong><\/p>\n<p>Sar\u00e0 <strong>un viaggio sonoro immersivo<\/strong>: <strong>cinquanta minuti di musica nell\u2019oscurit\u00e0,<\/strong> un\u2019esperienza sensoriale unica dove <strong>il pubblico esplorer\u00e0 un mondo sconosciuto.<\/strong><\/p>\n<p>Un live unico che nasce da<strong> registrazioni notturne nelle foreste tra Italia, Austria e Slovenia<\/strong>, trasformate in un universo sonoro fatto di <strong>ritmi, versi di animali e suggestioni.<\/strong><\/p>\n<p>Compositore e sound artist tra i pi\u00f9 innovativi in Europa,<strong> Teardo ha collaborato con Blixa Bargeld, Elio Germano e Vinicio Capossella<\/strong>.<\/p>\n<p>Autore di preziose colonne sonore per registi come <strong>Paolo<\/strong> <strong>Sorrentino, Gabriele Salvatores e Daniele Vicari,<\/strong> vincitore di prestigiosi riconoscimenti tra cui il <strong>David di Donatello,<\/strong> Teardo continua a sperimentare <strong>tra elettronica e strumenti tradizionali. <\/strong><\/p>\n<p>Dopo l\u2019album<strong><em> &#8220;Christian &amp; Mauro&#8221;<\/em><\/strong> realizzato con <strong>Blixa Bargeld<\/strong>, \u00e8 attualmente in tour teatrale con <strong>Elio Germano.<\/strong><\/p>\n<figure id=\"post-100113 media-100113\" class=\"align-none\"><img decoding=\"async\" src=\"https:\/\/www.intoscana.it\/wp-content\/uploads\/tehoteardo_104_ef-2-pic.jpg\" alt=\"\" \/><\/figure>\n<p>Teho Teardo<\/p>\n<h3>Ecco la nostra intervista a Teho Teardo<\/h3>\n<p><strong>Ho letto che hai iniziato a suonare il clarinetto a sedici anni, \u00e8 stato il tuo primo approccio con la musica?<\/strong><\/p>\n<p>Ho studiato molti anni clarinetto quando ero giovanissimo, ero un bambino. Perch\u00e9 in qualche modo mi \u00e8 stato imposto come strumento, ed \u00e8 stato un possibile modo per avvicinarmi alla musica. Lo strumento in s\u00e9 non mi piaceva affatto, quando ho potuto l&#8217;ho abbandonato per la chitarra,<strong> ero appassionato di chitarra elettrica e amplificatori. Ero affascinato dal volume e dai rumori che potevano generare, lo sono ancora.\u00a0<\/strong><p><span class=\"citazione\">Alzando il volume delle cuffie ho come la sensazione di essere un supereroe che sente anche le minime cose che si muovono a un chilometro da me. \u00c8 una sensazione magnifica, quella di perdersi nel vuoto del bosco, nel buio completo<\/span><\/p><\/p>\n<p><strong>Hai strumenti preferiti?<\/strong><\/p>\n<p>Sono chitarrista, suono principalmente <strong>la chitarra baritona che \u00e8 diventata da oltre 25 anni il mio strumento principale<\/strong>. Per\u00f2 uso elettronica, sintetizzatori, computer, software, e suono anche altri strumenti. <strong>Nell&#8217;ultimo tour che ho fatto con Blixa ho suonato anche la marimba, non avrei mai detto che un giorno mi sarei trovato a suonare la marimba per\u00f2 \u00e8 andata cos\u00ec.<\/strong><\/p>\n<p><strong>Nel 2013 \u00e8 iniziato il sodalizio artistico con Blixa Bargeld, che conta oggi tre dischi all&#8217;attivo, vi sareste mai aspettati che sarebbe durato cos\u00ec a lungo?<\/strong><\/p>\n<p>Semplicemente non ci abbiamo mai pensato, perch\u00e9<strong> quando fai qualcosa sei talmente concentrato sulla qualit\u00e0 di quello che stai facendo che la durata nel tempo \u00e8 marginale,<\/strong> secondaria.<strong> Quel che conta \u00e8 la qualit\u00e0 di qualcosa che ti deve rappresentare, per la quale devi fare tutto il meglio di ci\u00f2 che sai fare,<\/strong> devi dare tutto quello che hai. Richiede talmente tanta energia questo processo, ed \u00e8 talmente lungo per cui il resto \u00e8 sempre stato secondario. Stiamo continuando a lavorare insieme, stiamo facendo musica nuova.<\/p>\n<p><strong>Come descriveresti il tuo approccio alla composizione?<\/strong><\/p>\n<p>\u00c8 cominciata cos\u00ec: all&#8217;inizio non sapendo suonare praticamente quasi nulla non potevo suonare la musica di altre persone. <strong>Mi \u00e8 stato subito chiaro che se avessi voluto suonare qualcosa avrei dovuto inventarmi la musica.<\/strong> Nonostante adesso possa suonare la musica di altri perch\u00e9 ho studiato molto, e ho imparato a suonare tutto, sono ancora molto interessato all&#8217;idea di scrivere musica.<\/p>\n<p><strong>Stavo pensando per assurdo, ti piacerebbe provare a comporre per un genere totalmente diverso, per esempio la musica &#8220;Pop&#8221;?<\/strong><\/p>\n<p>La musica che faccio con Blixa \u00e8 musica pop.<\/p>\n<p><iframe loading=\"lazy\" title=\"YouTube video player\" src=\"https:\/\/www.youtube.com\/embed\/Smc_P1B70Ow?si=R4l0bdi2tBnvMKdS\" width=\"800\" height=\"450\" frameborder=\"0\" allowfullscreen=\"allowfullscreen\"><span data-mce-type=\"bookmark\" style=\"display: inline-block; width: 0px; overflow: hidden; line-height: 0;\" class=\"mce_SELRES_start\">\ufeff<\/span><\/iframe><\/p>\n<p><strong>Come nasce il &#8220;Concerto al buio&#8221;?<\/strong><\/p>\n<p>Arriva da una prassi di registrazioni ambientali notturne, che ormai faccio da diversi anni. <strong>Mi reco nei boschi al confine tra Italia, Austria e Slovenia, nella foresta vicino a Tarvisio,<\/strong> e faccio delle registrazioni nel buio completo. Sto l\u00ec con un microfono, un registratore digitale e delle cuffie. <strong>Alzando il volume delle cuffie ho come la sensazione di essere un supereroe che sente anche le minime cose che si muovono a un chilometro da me. \u00c8 una sensazione magnifica, quella di perdersi nel vuoto del bosco, nel buio completo<\/strong>. Raccolgo molti suoni ambientali che poi diventano importanti nella scrittura della musica. Nel senso che da l\u00ec arrivano pattern ritmici, oppure <strong>ci sono uccelli che cantano e io trascrivo le melodie degli uccelli e le rifaccio con un computer, con un synth<\/strong>. <strong>Ho pensato che se questa musica comincia nel buio completo, forse pu\u00f2 essere ascoltata nel buio<\/strong>, volevo ricreare questa esperienza, in cui vado alla ricerca di fonti sonore e le restituisco al pubblico.<p><span class=\"citazione\">Sono assolutamente interessato alle possibilit\u00e0 che la tecnologia fornisce, lo sono sempre stato. Ho questo piacere nell&#8217;utilizzare la tecnologia per scopi per cui non \u00e8 stata prevista, in quello scarto che si crea succede qualcosa che mi fa trovare della musica<\/span><\/p><\/p>\n<p><strong>Sarebbe bello allora ascoltarti dentro a un bosco&#8230;<\/strong><\/p>\n<p>Sarebbe bello ma <strong>credo che disturberemmo gli animali e le piante. Loro non hanno bisogno di noi, noi invece abbiamo bisogno di loro<\/strong>.<\/p>\n<p><strong>Il tuo processo artistico \u00e8 sempre stato legato alla natura, \u00e8 un rapporto importante per te<\/strong><\/p>\n<p><strong>\u00c8 importante per l&#8217;essere umano in generale<\/strong> anche se viviamo in tempi di negazionismo completo, dove <strong>non vogliamo dire che stiamo distruggendo il pianeta.<\/strong><\/p>\n<p><strong>Hai mai pensato di scrivere un libro, un saggio sulla tua esperienza musicale, su tutto quello he hai imparato in questi anni?<\/strong><\/p>\n<p>Da 4-5 anni <strong>ho un contratto con Il Saggiatore<\/strong> per pubblicare un libro, ho scritto diverse parti ma non l&#8217;ho ancora pubblicato, perch\u00e9 secondo me deve ancora arrivare il momento in cui ho qualcosa che va proprio detto. Siamo sommersi di libri inutili quindi quando sar\u00e0 il momento, sar\u00e0 il momento.<\/p>\n<p><strong>Tutti noi stiamo iniziando a usare l&#8217;Intelligenza Artificiale, mi chiedevo se nelle tue tante sperimentazioni ti stai approcciando a questi nuovi strumenti e in che modo<\/strong><\/p>\n<p>S\u00ec con risultati alterni. Sono assolutamente interessato alle possibilit\u00e0 che la tecnologia fornisce, lo sono sempre stato. <strong>Ho questo piacere nell&#8217;utilizzare la tecnologia per scopi per cui non \u00e8 stata prevista, in quello scarto che si crea succede qualcosa che mi fa trovare della musica. \u00a0<\/strong>Sono interessato al mondo dell&#8217;Intelligenza Artificiale, ma senza metterci troppa enfasi. <strong>C&#8217;\u00e8 una cosa che non mi piace, ed \u00e8 l&#8217;atteggiamento molto umano di fare &#8220;copia incolla<\/strong>&#8220;. Molto spesso l&#8217;AI viene intesa come la possibilit\u00e0 di ricreare a budget zero qualcosa che invece \u00e8 costata tempo, studio, ricerca e sudore. Ecco questo \u00e8 un aspetto che non mi interessa.<\/p>\n<p><strong>Hai scritto le musiche per i film di molti registi, c&#8217;\u00e8 qualcuno con cui ti piacerebbe lavorare? Nuovi progetti in arrivo?<\/strong><\/p>\n<p><strong>In questi giorni sto lavorando con Marco Bellocchio<\/strong> ed \u00e8 uno dei registi con cui mi sarebbe piaciuto lavorare. Sto lavorando anche con<strong> Elio Germano<\/strong> a un paio di cose nuove. Sto lavorando con <strong>Blixa<\/strong> a una composizione molto lunga che prender\u00e0 forma presto e sto lavorando con il cinema. Quindi \u00e8 un continuo dividersi tra cinema, teatro e altri ambiti in cui la musica pu\u00f2 essere impiegata.\u00a0<div class=\"focuson\"><a href=\"https:\/\/www.intoscana.it\/it\/mixite-2024-il-battito-del-mondo-in-un-festival-tra-suoni-visionari-e-incontri-inediti\/\"><img decoding=\"async\" class=\"lazy\" src=\"https:\/\/www.intoscana.it\/wp-content\/uploads\/Go-DuGong-scaled.jpeg\" style=\"\">\n                <div class=\"cat\">Mixit\u00e9 al PARC<\/div>\n                <h4>Tutti i concerti<\/h4><\/a>\n              <\/div><\/p>\n<p><strong>Qual \u00e8 il beneficio pi\u00f9 grande che ci regala la musica?<\/strong><\/p>\n<p>C&#8217;\u00e8 qualcosa di pi\u00f9 che tridimensionale nella musica, hai come la sensazione di accedere a una quarta o quinta dimensione. <strong>\u00c8 come un posto in cui riuscire a sentire un po&#8217; di pi\u00f9 rispetto a quello che potremmo abitualmente comprendere. Mi sembra un amplificatore, un esaltatore di possibilit\u00e0. Continuo ad esserne affascinato, continua a darmi un forte senso di possibilit\u00e0. <\/strong>Ascolto tantissima musica, in tutti i modi in cui \u00e8 possibile farlo, <strong>non riesco a smettere.<\/strong><\/p>\n<figure id=\"post-346210 media-346210\" class=\"align-none\"><img decoding=\"async\" src=\"https:\/\/www.intoscana.it\/wp-content\/uploads\/Teho-Teardo-scaled.jpeg\" alt=\"\" \/><\/figure>\n<div class=\"titleimg\">Teho Teardo<\/div>\n<p>&nbsp;<\/p>\n","protected":false},"excerpt":{"rendered":"<p>Domenica 23 marzo al PARC di Firenze un viaggio sonoro immersivo: cinquanta minuti di musica nell\u2019oscurit\u00e0, un\u2019esperienza sensoriale unica dove il pubblico esplorer\u00e0 un mondo sconosciuto<\/p>\n","protected":false},"author":518,"featured_media":375812,"comment_status":"open","ping_status":"open","sticky":false,"template":"","format":"standard","meta":{"_acf_changed":false,"footnotes":""},"categories":[14],"tags":[216,4474,3138],"class_list":["post-378525","post","type-post","status-publish","format-standard","has-post-thumbnail","hentry","category-musica","tag-concerti","tag-eventi","tag-interviste-agli-artisti"],"acf":[],"yoast_head":"<!-- This site is optimized with the Yoast SEO Premium plugin v24.2 (Yoast SEO v25.6) - https:\/\/yoast.com\/wordpress\/plugins\/seo\/ -->\n<title>Teho Teardo porta il suo &quot;Concerto al buio&quot; a Firenze: viaggio sonoro in una foresta di simboli - intoscana<\/title>\n<meta name=\"description\" content=\"Domenica 23 marzo al PARC di Firenze un viaggio sonoro immersivo: cinquanta minuti di musica nell\u2019oscurit\u00e0, un\u2019esperienza unica\" \/>\n<meta name=\"robots\" content=\"index, follow, max-snippet:-1, max-image-preview:large, max-video-preview:-1\" \/>\n<link rel=\"canonical\" href=\"https:\/\/www.intoscana.it\/it\/teho-teardo-concerto-al-buio-firenze-2025\/\" \/>\n<meta property=\"og:locale\" content=\"it_IT\" \/>\n<meta property=\"og:type\" content=\"article\" \/>\n<meta property=\"og:title\" content=\"Teho Teardo porta il suo &quot;Concerto al buio&quot; a Firenze: viaggio sonoro in una foresta di simboli\" \/>\n<meta property=\"og:description\" content=\"Domenica 23 marzo al PARC di Firenze un viaggio sonoro immersivo: cinquanta minuti di musica nell\u2019oscurit\u00e0, un\u2019esperienza unica\" \/>\n<meta property=\"og:url\" content=\"https:\/\/www.intoscana.it\/it\/teho-teardo-concerto-al-buio-firenze-2025\/\" \/>\n<meta property=\"og:site_name\" content=\"intoscana\" \/>\n<meta property=\"article:publisher\" content=\"https:\/\/www.facebook.com\/intoscana.it\" \/>\n<meta property=\"article:published_time\" content=\"2025-03-17T09:38:11+00:00\" \/>\n<meta property=\"article:modified_time\" content=\"2025-03-17T10:01:46+00:00\" \/>\n<meta property=\"og:image\" content=\"https:\/\/www.intoscana.it\/wp-content\/uploads\/TEHO-TEARDO_ph-claudia-pajewski.jpg\" \/>\n\t<meta property=\"og:image:width\" content=\"1500\" \/>\n\t<meta property=\"og:image:height\" content=\"1000\" \/>\n\t<meta property=\"og:image:type\" content=\"image\/jpeg\" \/>\n<meta name=\"author\" content=\"Costanza Baldini\" \/>\n<meta name=\"twitter:card\" content=\"summary_large_image\" \/>\n<meta name=\"twitter:creator\" content=\"@intoscana\" \/>\n<meta name=\"twitter:site\" content=\"@intoscana\" \/>\n<meta name=\"twitter:label1\" content=\"Written by\" \/>\n\t<meta name=\"twitter:data1\" content=\"Costanza Baldini\" \/>\n\t<meta name=\"twitter:label2\" content=\"Est. reading time\" \/>\n\t<meta name=\"twitter:data2\" content=\"8 minuti\" \/>\n<script type=\"application\/ld+json\" class=\"yoast-schema-graph\">{\"@context\":\"https:\/\/schema.org\",\"@graph\":[{\"@type\":\"WebPage\",\"@id\":\"https:\/\/www.intoscana.it\/it\/teho-teardo-concerto-al-buio-firenze-2025\/\",\"url\":\"https:\/\/www.intoscana.it\/it\/teho-teardo-concerto-al-buio-firenze-2025\/\",\"name\":\"Teho Teardo porta il suo \\\"Concerto al buio\\\" a Firenze: viaggio sonoro in una foresta di simboli - intoscana\",\"isPartOf\":{\"@id\":\"https:\/\/www.intoscana.it\/it\/#website\"},\"primaryImageOfPage\":{\"@id\":\"https:\/\/www.intoscana.it\/it\/teho-teardo-concerto-al-buio-firenze-2025\/#primaryimage\"},\"image\":{\"@id\":\"https:\/\/www.intoscana.it\/it\/teho-teardo-concerto-al-buio-firenze-2025\/#primaryimage\"},\"thumbnailUrl\":\"https:\/\/www.intoscana.it\/wp-content\/uploads\/TEHO-TEARDO_ph-claudia-pajewski.jpg\",\"datePublished\":\"2025-03-17T09:38:11+00:00\",\"dateModified\":\"2025-03-17T10:01:46+00:00\",\"author\":{\"@id\":\"https:\/\/www.intoscana.it\/it\/#\/schema\/person\/d469f35f09739bdf00bf5dd3f0647a82\"},\"description\":\"Domenica 23 marzo al PARC di Firenze un viaggio sonoro immersivo: cinquanta minuti di musica nell\u2019oscurit\u00e0, un\u2019esperienza unica\",\"breadcrumb\":{\"@id\":\"https:\/\/www.intoscana.it\/it\/teho-teardo-concerto-al-buio-firenze-2025\/#breadcrumb\"},\"inLanguage\":\"it-IT\",\"potentialAction\":[{\"@type\":\"ReadAction\",\"target\":[\"https:\/\/www.intoscana.it\/it\/teho-teardo-concerto-al-buio-firenze-2025\/\"]}]},{\"@type\":\"ImageObject\",\"inLanguage\":\"it-IT\",\"@id\":\"https:\/\/www.intoscana.it\/it\/teho-teardo-concerto-al-buio-firenze-2025\/#primaryimage\",\"url\":\"https:\/\/www.intoscana.it\/wp-content\/uploads\/TEHO-TEARDO_ph-claudia-pajewski.jpg\",\"contentUrl\":\"https:\/\/www.intoscana.it\/wp-content\/uploads\/TEHO-TEARDO_ph-claudia-pajewski.jpg\",\"width\":1500,\"height\":1000,\"caption\":\"Teho Teardo\"},{\"@type\":\"BreadcrumbList\",\"@id\":\"https:\/\/www.intoscana.it\/it\/teho-teardo-concerto-al-buio-firenze-2025\/#breadcrumb\",\"itemListElement\":[{\"@type\":\"ListItem\",\"position\":1,\"name\":\"Home\",\"item\":\"https:\/\/www.intoscana.it\/it\/\"},{\"@type\":\"ListItem\",\"position\":2,\"name\":\"Teho Teardo porta il suo &#8220;Concerto al buio&#8221; a Firenze: viaggio sonoro in una foresta di simboli\"}]},{\"@type\":\"WebSite\",\"@id\":\"https:\/\/www.intoscana.it\/it\/#website\",\"url\":\"https:\/\/www.intoscana.it\/it\/\",\"name\":\"intoscana\",\"description\":\"\",\"potentialAction\":[{\"@type\":\"SearchAction\",\"target\":{\"@type\":\"EntryPoint\",\"urlTemplate\":\"https:\/\/www.intoscana.it\/it\/?s={search_term_string}\"},\"query-input\":{\"@type\":\"PropertyValueSpecification\",\"valueRequired\":true,\"valueName\":\"search_term_string\"}}],\"inLanguage\":\"it-IT\"},{\"@type\":\"Person\",\"@id\":\"https:\/\/www.intoscana.it\/it\/#\/schema\/person\/d469f35f09739bdf00bf5dd3f0647a82\",\"name\":\"Costanza Baldini\",\"url\":\"https:\/\/www.intoscana.it\/it\/author\/costanza-baldini\/\"}]}<\/script>\n<!-- \/ Yoast SEO Premium plugin. -->","yoast_head_json":{"title":"Teho Teardo porta il suo \"Concerto al buio\" a Firenze: viaggio sonoro in una foresta di simboli - intoscana","description":"Domenica 23 marzo al PARC di Firenze un viaggio sonoro immersivo: cinquanta minuti di musica nell\u2019oscurit\u00e0, un\u2019esperienza unica","robots":{"index":"index","follow":"follow","max-snippet":"max-snippet:-1","max-image-preview":"max-image-preview:large","max-video-preview":"max-video-preview:-1"},"canonical":"https:\/\/www.intoscana.it\/it\/teho-teardo-concerto-al-buio-firenze-2025\/","og_locale":"it_IT","og_type":"article","og_title":"Teho Teardo porta il suo \"Concerto al buio\" a Firenze: viaggio sonoro in una foresta di simboli","og_description":"Domenica 23 marzo al PARC di Firenze un viaggio sonoro immersivo: cinquanta minuti di musica nell\u2019oscurit\u00e0, un\u2019esperienza unica","og_url":"https:\/\/www.intoscana.it\/it\/teho-teardo-concerto-al-buio-firenze-2025\/","og_site_name":"intoscana","article_publisher":"https:\/\/www.facebook.com\/intoscana.it","article_published_time":"2025-03-17T09:38:11+00:00","article_modified_time":"2025-03-17T10:01:46+00:00","og_image":[{"width":1500,"height":1000,"url":"https:\/\/www.intoscana.it\/wp-content\/uploads\/TEHO-TEARDO_ph-claudia-pajewski.jpg","type":"image\/jpeg"}],"author":"Costanza Baldini","twitter_card":"summary_large_image","twitter_creator":"@intoscana","twitter_site":"@intoscana","twitter_misc":{"Written by":"Costanza Baldini","Est. reading time":"8 minuti"},"schema":{"@context":"https:\/\/schema.org","@graph":[{"@type":"WebPage","@id":"https:\/\/www.intoscana.it\/it\/teho-teardo-concerto-al-buio-firenze-2025\/","url":"https:\/\/www.intoscana.it\/it\/teho-teardo-concerto-al-buio-firenze-2025\/","name":"Teho Teardo porta il suo \"Concerto al buio\" a Firenze: viaggio sonoro in una foresta di simboli - intoscana","isPartOf":{"@id":"https:\/\/www.intoscana.it\/it\/#website"},"primaryImageOfPage":{"@id":"https:\/\/www.intoscana.it\/it\/teho-teardo-concerto-al-buio-firenze-2025\/#primaryimage"},"image":{"@id":"https:\/\/www.intoscana.it\/it\/teho-teardo-concerto-al-buio-firenze-2025\/#primaryimage"},"thumbnailUrl":"https:\/\/www.intoscana.it\/wp-content\/uploads\/TEHO-TEARDO_ph-claudia-pajewski.jpg","datePublished":"2025-03-17T09:38:11+00:00","dateModified":"2025-03-17T10:01:46+00:00","author":{"@id":"https:\/\/www.intoscana.it\/it\/#\/schema\/person\/d469f35f09739bdf00bf5dd3f0647a82"},"description":"Domenica 23 marzo al PARC di Firenze un viaggio sonoro immersivo: cinquanta minuti di musica nell\u2019oscurit\u00e0, un\u2019esperienza unica","breadcrumb":{"@id":"https:\/\/www.intoscana.it\/it\/teho-teardo-concerto-al-buio-firenze-2025\/#breadcrumb"},"inLanguage":"it-IT","potentialAction":[{"@type":"ReadAction","target":["https:\/\/www.intoscana.it\/it\/teho-teardo-concerto-al-buio-firenze-2025\/"]}]},{"@type":"ImageObject","inLanguage":"it-IT","@id":"https:\/\/www.intoscana.it\/it\/teho-teardo-concerto-al-buio-firenze-2025\/#primaryimage","url":"https:\/\/www.intoscana.it\/wp-content\/uploads\/TEHO-TEARDO_ph-claudia-pajewski.jpg","contentUrl":"https:\/\/www.intoscana.it\/wp-content\/uploads\/TEHO-TEARDO_ph-claudia-pajewski.jpg","width":1500,"height":1000,"caption":"Teho Teardo"},{"@type":"BreadcrumbList","@id":"https:\/\/www.intoscana.it\/it\/teho-teardo-concerto-al-buio-firenze-2025\/#breadcrumb","itemListElement":[{"@type":"ListItem","position":1,"name":"Home","item":"https:\/\/www.intoscana.it\/it\/"},{"@type":"ListItem","position":2,"name":"Teho Teardo porta il suo &#8220;Concerto al buio&#8221; a Firenze: viaggio sonoro in una foresta di simboli"}]},{"@type":"WebSite","@id":"https:\/\/www.intoscana.it\/it\/#website","url":"https:\/\/www.intoscana.it\/it\/","name":"intoscana","description":"","potentialAction":[{"@type":"SearchAction","target":{"@type":"EntryPoint","urlTemplate":"https:\/\/www.intoscana.it\/it\/?s={search_term_string}"},"query-input":{"@type":"PropertyValueSpecification","valueRequired":true,"valueName":"search_term_string"}}],"inLanguage":"it-IT"},{"@type":"Person","@id":"https:\/\/www.intoscana.it\/it\/#\/schema\/person\/d469f35f09739bdf00bf5dd3f0647a82","name":"Costanza Baldini","url":"https:\/\/www.intoscana.it\/it\/author\/costanza-baldini\/"}]}},"_links":{"self":[{"href":"https:\/\/www.intoscana.it\/it\/wp-json\/wp\/v2\/posts\/378525","targetHints":{"allow":["GET"]}}],"collection":[{"href":"https:\/\/www.intoscana.it\/it\/wp-json\/wp\/v2\/posts"}],"about":[{"href":"https:\/\/www.intoscana.it\/it\/wp-json\/wp\/v2\/types\/post"}],"author":[{"embeddable":true,"href":"https:\/\/www.intoscana.it\/it\/wp-json\/wp\/v2\/users\/518"}],"replies":[{"embeddable":true,"href":"https:\/\/www.intoscana.it\/it\/wp-json\/wp\/v2\/comments?post=378525"}],"version-history":[{"count":5,"href":"https:\/\/www.intoscana.it\/it\/wp-json\/wp\/v2\/posts\/378525\/revisions"}],"predecessor-version":[{"id":378601,"href":"https:\/\/www.intoscana.it\/it\/wp-json\/wp\/v2\/posts\/378525\/revisions\/378601"}],"wp:featuredmedia":[{"embeddable":true,"href":"https:\/\/www.intoscana.it\/it\/wp-json\/wp\/v2\/media\/375812"}],"wp:attachment":[{"href":"https:\/\/www.intoscana.it\/it\/wp-json\/wp\/v2\/media?parent=378525"}],"wp:term":[{"taxonomy":"category","embeddable":true,"href":"https:\/\/www.intoscana.it\/it\/wp-json\/wp\/v2\/categories?post=378525"},{"taxonomy":"post_tag","embeddable":true,"href":"https:\/\/www.intoscana.it\/it\/wp-json\/wp\/v2\/tags?post=378525"}],"curies":[{"name":"wp","href":"https:\/\/api.w.org\/{rel}","templated":true}]}}