{"id":378536,"date":"2025-03-15T14:13:54","date_gmt":"2025-03-15T13:13:54","guid":{"rendered":"https:\/\/www.intoscana.it\/it\/?p=378536"},"modified":"2025-03-15T16:45:22","modified_gmt":"2025-03-15T15:45:22","slug":"allerta-rossa-per-rischio-idraulico-sulle-aree-del-valdarno-inferiore-arno-costa-bisenzio-e-ombrone-pistoiese","status":"publish","type":"post","link":"https:\/\/www.intoscana.it\/it\/allerta-rossa-per-rischio-idraulico-sulle-aree-del-valdarno-inferiore-arno-costa-bisenzio-e-ombrone-pistoiese\/","title":{"rendered":"Allerta arancione per rischio idraulico sulle aree del Valdarno Inferiore, Arno Costa, Bisenzio e Ombrone Pistoiese"},"content":{"rendered":"<p>Per tutta la giornata di<strong> sabato 15 marzo la Regione Toscana<\/strong> ha diramato <strong>l&#8217;allerta arancione per rischio idraulico del reticolo principale<\/strong> in corsosulle aree <strong>Valdarno Inferiore, Arno Costa, Bisenzio e Ombrone Pistoiese.<\/strong><\/p>\n<p><strong>Allerta arancione<\/strong> per rischio idraulico su <strong>Mugello, Alto Mugello, Firenze e Valdarno Superiore<\/strong> per tutta la giornata di sabato.<\/p>\n<p><strong>Allerta gialla<\/strong> sul resto della regione per rischio idrogeologico.<\/p>\n<p><strong>Domenica 16 marzo allerta arancione<\/strong> per rischio idraulico sulle aree <strong>Valdarno Inferiore, Costa, Bisenzio e Ombrone Pistoiese<\/strong>, allerta gialla su <strong>Mugello, Firenze, Valdarno Superiore<\/strong> fino alle ore 14.<\/p>\n<p>Il colmo di piena lungo l\u2019asta dell\u2019Arno \u00e8 gi\u00e0 transitato, a Pisa e Pontedera \u00e8 in calo al secondo livello. In calo al primo livello a <strong>Firenze, Ponte a Signa, Montelupo, Empoli e Fucecchio,<\/strong> ma teniamo comunque alta l\u2019attenzione.<\/p>\n<p>Il Comune di Prato invita la popolazione a <strong>evitare &#8220;spostamenti non necessari e a non stazionare nelle vicinanze dei corsi d&#8217;acqua<\/strong>, su argini e ponti: nonostante la pioggia sia per il momento cessata, i livelli dei corsi d&#8217;acqua rimangono molto alti anche a causa della completa saturazione del terreno che non riesce pi\u00f9 ad assorbire&#8221;.<\/p>\n<p>&#8220;Questa situazione che perdura da ore &#8211; prosegue il Comune &#8211; sta sottoponendo <strong>le sponde e i letti di fossi e torrenti a sollecitazioni che potrebbero comportare improvvisi cedimenti o rotture, con pericolo per l&#8217;incolumit\u00e0 delle persone<\/strong>&#8220;.<\/p>\n<p>Tra le zone pi\u00f9 critiche per gli allagamenti, <strong>Castelnuovo e Tavola, via Braga, Casale, Figline e Le Macine<\/strong>. Gli interventi finora eseguiti sul territorio dalla Protezione Civile sono stati 280, a seguito di altrettante chiamate al numero verde, che si aggiungono a 20 telefonate per chiedere informazioni.<\/p>\n<h3>Il sopralluogo di Eugenio Giani a Ponzano (Empoli)<\/h3>\n<p><strong>Sopralluogo del presidente della Regione, Eugenio Giani<\/strong>, e della sindaca metropolitana Sara Funaro<strong> a Empoli (Firenze) per allagamenti diffusi nel quadrilatero dall&#8217;incrocio di via Ponzano con via del Giardino<\/strong> fino a via Cesare Capoquadri, strade traverse comprese.<\/p>\n<p>&#8220;L&#8217;Arno \u00e8 ancora alto rispetto al reticolo minore &#8211; <strong>ha detto il sindaco Alessio Mantellassi<\/strong> -. In corso il sistema pompaggio verso il Rio dei Cappuccini. Si rilevano criticit\u00e0 simili a Carraia e in altre zone di Santa Maria con allagamenti. La rimozione dell&#8217;acqua \u00e8 avviata ma ancora difficile. Dopo lo svuotamento dalle strade, verranno attivate 40 squadre di protezione civile per togliere tutta l&#8217;acqua dai garage. Questa \u00e8 una vera alluvione e va trattata come tale. La comunit\u00e0 di Ponzano sta gestendo la situazione con una compostezza e collaborazione esemplare&#8221;.<\/p>\n<p><strong>Tuttavia \u00e8 stata revocata l&#8217;ordinanza di chiusura dei negozi<\/strong> che hanno tutti riaperto nelle altre zone non allagate (pubblici esercizi, esercizi di vicinato, medie e grandi strutture, attivit\u00e0 artigianali di tipo alimentare, bar e ristoranti). Il Comune rende noto che &#8220;anche tutte le diverse iniziative e manifestazioni di tipo culturale, sportivo, ludico, commerciale e ricreativo in genere organizzate da associazioni, enti o da altri soggetti in programma per oggi, sabato 15 marzo possono essere svolte&#8221;.<\/p>\n<p>&nbsp;<\/p>\n","protected":false},"excerpt":{"rendered":"<p>Per tutta la giornata di sabato 15 marzo la Regione Toscana ha diramato l&#8217;allerta per rischio idraulico del reticolo principale in corso sulle aree Valdarno Inferiore, Arno Costa, Bisenzio e Ombrone Pistoiese<\/p>\n","protected":false},"author":525,"featured_media":378537,"comment_status":"open","ping_status":"open","sticky":false,"template":"","format":"standard","meta":{"_acf_changed":false,"footnotes":""},"categories":[494],"tags":[348,151],"class_list":["post-378536","post","type-post","status-publish","format-standard","has-post-thumbnail","hentry","category-attualita","tag-maltempo","tag-regione-toscana"],"acf":[],"yoast_head":"<!-- This site is optimized with the Yoast SEO Premium plugin v24.2 (Yoast SEO v25.6) - https:\/\/yoast.com\/wordpress\/plugins\/seo\/ -->\n<title>Allerta arancione per rischio idraulico sulle aree del Valdarno Inferiore, Arno Costa, Bisenzio e Ombrone Pistoiese - intoscana<\/title>\n<meta name=\"description\" content=\"Per tutta la giornata di sabato 15 marzo la Regione Toscana ha diramato l&#039;allerta rossa per rischio idraulico del reticolo principale\" \/>\n<meta name=\"robots\" content=\"index, follow, max-snippet:-1, max-image-preview:large, max-video-preview:-1\" \/>\n<link rel=\"canonical\" href=\"https:\/\/www.intoscana.it\/it\/allerta-rossa-per-rischio-idraulico-sulle-aree-del-valdarno-inferiore-arno-costa-bisenzio-e-ombrone-pistoiese\/\" \/>\n<meta property=\"og:locale\" content=\"it_IT\" \/>\n<meta property=\"og:type\" content=\"article\" \/>\n<meta property=\"og:title\" content=\"Allerta arancione per rischio idraulico sulle aree del Valdarno Inferiore, Arno Costa, Bisenzio e Ombrone Pistoiese\" \/>\n<meta property=\"og:description\" content=\"Per tutta la giornata di sabato 15 marzo la Regione Toscana ha diramato l&#039;allerta rossa per rischio idraulico del reticolo principale\" \/>\n<meta property=\"og:url\" content=\"https:\/\/www.intoscana.it\/it\/allerta-rossa-per-rischio-idraulico-sulle-aree-del-valdarno-inferiore-arno-costa-bisenzio-e-ombrone-pistoiese\/\" \/>\n<meta property=\"og:site_name\" content=\"intoscana\" \/>\n<meta property=\"article:publisher\" content=\"https:\/\/www.facebook.com\/intoscana.it\" \/>\n<meta property=\"article:published_time\" content=\"2025-03-15T13:13:54+00:00\" \/>\n<meta property=\"article:modified_time\" content=\"2025-03-15T15:45:22+00:00\" \/>\n<meta property=\"og:image\" content=\"https:\/\/www.intoscana.it\/wp-content\/uploads\/sopralluogo-ponzano-scaled.jpeg\" \/>\n\t<meta property=\"og:image:width\" content=\"2048\" \/>\n\t<meta property=\"og:image:height\" content=\"1365\" \/>\n\t<meta property=\"og:image:type\" content=\"image\/jpeg\" \/>\n<meta name=\"author\" content=\"Redazione\" \/>\n<meta name=\"twitter:card\" content=\"summary_large_image\" \/>\n<meta name=\"twitter:creator\" content=\"@intoscana\" \/>\n<meta name=\"twitter:site\" content=\"@intoscana\" \/>\n<meta name=\"twitter:label1\" content=\"Written by\" \/>\n\t<meta name=\"twitter:data1\" content=\"Redazione\" \/>\n\t<meta name=\"twitter:label2\" content=\"Est. reading time\" \/>\n\t<meta name=\"twitter:data2\" content=\"3 minuti\" \/>\n<script type=\"application\/ld+json\" class=\"yoast-schema-graph\">{\"@context\":\"https:\/\/schema.org\",\"@graph\":[{\"@type\":\"WebPage\",\"@id\":\"https:\/\/www.intoscana.it\/it\/allerta-rossa-per-rischio-idraulico-sulle-aree-del-valdarno-inferiore-arno-costa-bisenzio-e-ombrone-pistoiese\/\",\"url\":\"https:\/\/www.intoscana.it\/it\/allerta-rossa-per-rischio-idraulico-sulle-aree-del-valdarno-inferiore-arno-costa-bisenzio-e-ombrone-pistoiese\/\",\"name\":\"Allerta arancione per rischio idraulico sulle aree del Valdarno Inferiore, Arno Costa, Bisenzio e Ombrone Pistoiese - intoscana\",\"isPartOf\":{\"@id\":\"https:\/\/www.intoscana.it\/it\/#website\"},\"primaryImageOfPage\":{\"@id\":\"https:\/\/www.intoscana.it\/it\/allerta-rossa-per-rischio-idraulico-sulle-aree-del-valdarno-inferiore-arno-costa-bisenzio-e-ombrone-pistoiese\/#primaryimage\"},\"image\":{\"@id\":\"https:\/\/www.intoscana.it\/it\/allerta-rossa-per-rischio-idraulico-sulle-aree-del-valdarno-inferiore-arno-costa-bisenzio-e-ombrone-pistoiese\/#primaryimage\"},\"thumbnailUrl\":\"https:\/\/www.intoscana.it\/wp-content\/uploads\/sopralluogo-ponzano-scaled.jpeg\",\"datePublished\":\"2025-03-15T13:13:54+00:00\",\"dateModified\":\"2025-03-15T15:45:22+00:00\",\"author\":{\"@id\":\"https:\/\/www.intoscana.it\/it\/#\/schema\/person\/9223810753230f20bd670fdd322661f8\"},\"description\":\"Per tutta la giornata di sabato 15 marzo la Regione Toscana ha diramato l'allerta rossa per rischio idraulico del reticolo principale\",\"breadcrumb\":{\"@id\":\"https:\/\/www.intoscana.it\/it\/allerta-rossa-per-rischio-idraulico-sulle-aree-del-valdarno-inferiore-arno-costa-bisenzio-e-ombrone-pistoiese\/#breadcrumb\"},\"inLanguage\":\"it-IT\",\"potentialAction\":[{\"@type\":\"ReadAction\",\"target\":[\"https:\/\/www.intoscana.it\/it\/allerta-rossa-per-rischio-idraulico-sulle-aree-del-valdarno-inferiore-arno-costa-bisenzio-e-ombrone-pistoiese\/\"]}]},{\"@type\":\"ImageObject\",\"inLanguage\":\"it-IT\",\"@id\":\"https:\/\/www.intoscana.it\/it\/allerta-rossa-per-rischio-idraulico-sulle-aree-del-valdarno-inferiore-arno-costa-bisenzio-e-ombrone-pistoiese\/#primaryimage\",\"url\":\"https:\/\/www.intoscana.it\/wp-content\/uploads\/sopralluogo-ponzano-scaled.jpeg\",\"contentUrl\":\"https:\/\/www.intoscana.it\/wp-content\/uploads\/sopralluogo-ponzano-scaled.jpeg\",\"width\":2048,\"height\":1365},{\"@type\":\"BreadcrumbList\",\"@id\":\"https:\/\/www.intoscana.it\/it\/allerta-rossa-per-rischio-idraulico-sulle-aree-del-valdarno-inferiore-arno-costa-bisenzio-e-ombrone-pistoiese\/#breadcrumb\",\"itemListElement\":[{\"@type\":\"ListItem\",\"position\":1,\"name\":\"Home\",\"item\":\"https:\/\/www.intoscana.it\/it\/\"},{\"@type\":\"ListItem\",\"position\":2,\"name\":\"Allerta arancione per rischio idraulico sulle aree del Valdarno Inferiore, Arno Costa, Bisenzio e Ombrone Pistoiese\"}]},{\"@type\":\"WebSite\",\"@id\":\"https:\/\/www.intoscana.it\/it\/#website\",\"url\":\"https:\/\/www.intoscana.it\/it\/\",\"name\":\"intoscana\",\"description\":\"\",\"potentialAction\":[{\"@type\":\"SearchAction\",\"target\":{\"@type\":\"EntryPoint\",\"urlTemplate\":\"https:\/\/www.intoscana.it\/it\/?s={search_term_string}\"},\"query-input\":{\"@type\":\"PropertyValueSpecification\",\"valueRequired\":true,\"valueName\":\"search_term_string\"}}],\"inLanguage\":\"it-IT\"},{\"@type\":\"Person\",\"@id\":\"https:\/\/www.intoscana.it\/it\/#\/schema\/person\/9223810753230f20bd670fdd322661f8\",\"name\":\"Redazione\",\"url\":\"https:\/\/www.intoscana.it\/it\/author\/redazione\/\"}]}<\/script>\n<!-- \/ Yoast SEO Premium plugin. -->","yoast_head_json":{"title":"Allerta arancione per rischio idraulico sulle aree del Valdarno Inferiore, Arno Costa, Bisenzio e Ombrone Pistoiese - intoscana","description":"Per tutta la giornata di sabato 15 marzo la Regione Toscana ha diramato l'allerta rossa per rischio idraulico del reticolo principale","robots":{"index":"index","follow":"follow","max-snippet":"max-snippet:-1","max-image-preview":"max-image-preview:large","max-video-preview":"max-video-preview:-1"},"canonical":"https:\/\/www.intoscana.it\/it\/allerta-rossa-per-rischio-idraulico-sulle-aree-del-valdarno-inferiore-arno-costa-bisenzio-e-ombrone-pistoiese\/","og_locale":"it_IT","og_type":"article","og_title":"Allerta arancione per rischio idraulico sulle aree del Valdarno Inferiore, Arno Costa, Bisenzio e Ombrone Pistoiese","og_description":"Per tutta la giornata di sabato 15 marzo la Regione Toscana ha diramato l'allerta rossa per rischio idraulico del reticolo principale","og_url":"https:\/\/www.intoscana.it\/it\/allerta-rossa-per-rischio-idraulico-sulle-aree-del-valdarno-inferiore-arno-costa-bisenzio-e-ombrone-pistoiese\/","og_site_name":"intoscana","article_publisher":"https:\/\/www.facebook.com\/intoscana.it","article_published_time":"2025-03-15T13:13:54+00:00","article_modified_time":"2025-03-15T15:45:22+00:00","og_image":[{"width":2048,"height":1365,"url":"https:\/\/www.intoscana.it\/wp-content\/uploads\/sopralluogo-ponzano-scaled.jpeg","type":"image\/jpeg"}],"author":"Redazione","twitter_card":"summary_large_image","twitter_creator":"@intoscana","twitter_site":"@intoscana","twitter_misc":{"Written by":"Redazione","Est. reading time":"3 minuti"},"schema":{"@context":"https:\/\/schema.org","@graph":[{"@type":"WebPage","@id":"https:\/\/www.intoscana.it\/it\/allerta-rossa-per-rischio-idraulico-sulle-aree-del-valdarno-inferiore-arno-costa-bisenzio-e-ombrone-pistoiese\/","url":"https:\/\/www.intoscana.it\/it\/allerta-rossa-per-rischio-idraulico-sulle-aree-del-valdarno-inferiore-arno-costa-bisenzio-e-ombrone-pistoiese\/","name":"Allerta arancione per rischio idraulico sulle aree del Valdarno Inferiore, Arno Costa, Bisenzio e Ombrone Pistoiese - intoscana","isPartOf":{"@id":"https:\/\/www.intoscana.it\/it\/#website"},"primaryImageOfPage":{"@id":"https:\/\/www.intoscana.it\/it\/allerta-rossa-per-rischio-idraulico-sulle-aree-del-valdarno-inferiore-arno-costa-bisenzio-e-ombrone-pistoiese\/#primaryimage"},"image":{"@id":"https:\/\/www.intoscana.it\/it\/allerta-rossa-per-rischio-idraulico-sulle-aree-del-valdarno-inferiore-arno-costa-bisenzio-e-ombrone-pistoiese\/#primaryimage"},"thumbnailUrl":"https:\/\/www.intoscana.it\/wp-content\/uploads\/sopralluogo-ponzano-scaled.jpeg","datePublished":"2025-03-15T13:13:54+00:00","dateModified":"2025-03-15T15:45:22+00:00","author":{"@id":"https:\/\/www.intoscana.it\/it\/#\/schema\/person\/9223810753230f20bd670fdd322661f8"},"description":"Per tutta la giornata di sabato 15 marzo la Regione Toscana ha diramato l'allerta rossa per rischio idraulico del reticolo principale","breadcrumb":{"@id":"https:\/\/www.intoscana.it\/it\/allerta-rossa-per-rischio-idraulico-sulle-aree-del-valdarno-inferiore-arno-costa-bisenzio-e-ombrone-pistoiese\/#breadcrumb"},"inLanguage":"it-IT","potentialAction":[{"@type":"ReadAction","target":["https:\/\/www.intoscana.it\/it\/allerta-rossa-per-rischio-idraulico-sulle-aree-del-valdarno-inferiore-arno-costa-bisenzio-e-ombrone-pistoiese\/"]}]},{"@type":"ImageObject","inLanguage":"it-IT","@id":"https:\/\/www.intoscana.it\/it\/allerta-rossa-per-rischio-idraulico-sulle-aree-del-valdarno-inferiore-arno-costa-bisenzio-e-ombrone-pistoiese\/#primaryimage","url":"https:\/\/www.intoscana.it\/wp-content\/uploads\/sopralluogo-ponzano-scaled.jpeg","contentUrl":"https:\/\/www.intoscana.it\/wp-content\/uploads\/sopralluogo-ponzano-scaled.jpeg","width":2048,"height":1365},{"@type":"BreadcrumbList","@id":"https:\/\/www.intoscana.it\/it\/allerta-rossa-per-rischio-idraulico-sulle-aree-del-valdarno-inferiore-arno-costa-bisenzio-e-ombrone-pistoiese\/#breadcrumb","itemListElement":[{"@type":"ListItem","position":1,"name":"Home","item":"https:\/\/www.intoscana.it\/it\/"},{"@type":"ListItem","position":2,"name":"Allerta arancione per rischio idraulico sulle aree del Valdarno Inferiore, Arno Costa, Bisenzio e Ombrone Pistoiese"}]},{"@type":"WebSite","@id":"https:\/\/www.intoscana.it\/it\/#website","url":"https:\/\/www.intoscana.it\/it\/","name":"intoscana","description":"","potentialAction":[{"@type":"SearchAction","target":{"@type":"EntryPoint","urlTemplate":"https:\/\/www.intoscana.it\/it\/?s={search_term_string}"},"query-input":{"@type":"PropertyValueSpecification","valueRequired":true,"valueName":"search_term_string"}}],"inLanguage":"it-IT"},{"@type":"Person","@id":"https:\/\/www.intoscana.it\/it\/#\/schema\/person\/9223810753230f20bd670fdd322661f8","name":"Redazione","url":"https:\/\/www.intoscana.it\/it\/author\/redazione\/"}]}},"_links":{"self":[{"href":"https:\/\/www.intoscana.it\/it\/wp-json\/wp\/v2\/posts\/378536","targetHints":{"allow":["GET"]}}],"collection":[{"href":"https:\/\/www.intoscana.it\/it\/wp-json\/wp\/v2\/posts"}],"about":[{"href":"https:\/\/www.intoscana.it\/it\/wp-json\/wp\/v2\/types\/post"}],"author":[{"embeddable":true,"href":"https:\/\/www.intoscana.it\/it\/wp-json\/wp\/v2\/users\/525"}],"replies":[{"embeddable":true,"href":"https:\/\/www.intoscana.it\/it\/wp-json\/wp\/v2\/comments?post=378536"}],"version-history":[{"count":3,"href":"https:\/\/www.intoscana.it\/it\/wp-json\/wp\/v2\/posts\/378536\/revisions"}],"predecessor-version":[{"id":378551,"href":"https:\/\/www.intoscana.it\/it\/wp-json\/wp\/v2\/posts\/378536\/revisions\/378551"}],"wp:featuredmedia":[{"embeddable":true,"href":"https:\/\/www.intoscana.it\/it\/wp-json\/wp\/v2\/media\/378537"}],"wp:attachment":[{"href":"https:\/\/www.intoscana.it\/it\/wp-json\/wp\/v2\/media?parent=378536"}],"wp:term":[{"taxonomy":"category","embeddable":true,"href":"https:\/\/www.intoscana.it\/it\/wp-json\/wp\/v2\/categories?post=378536"},{"taxonomy":"post_tag","embeddable":true,"href":"https:\/\/www.intoscana.it\/it\/wp-json\/wp\/v2\/tags?post=378536"}],"curies":[{"name":"wp","href":"https:\/\/api.w.org\/{rel}","templated":true}]}}