{"id":378680,"date":"2025-04-22T10:17:06","date_gmt":"2025-04-22T08:17:06","guid":{"rendered":"https:\/\/www.intoscana.it\/it\/?p=378680"},"modified":"2025-04-22T11:24:59","modified_gmt":"2025-04-22T09:24:59","slug":"orcia-wine-festival-ponte-del-25-aprile-tra-banchi-dassaggio-e-masterclass","status":"publish","type":"post","link":"https:\/\/www.intoscana.it\/it\/orcia-wine-festival-ponte-del-25-aprile-tra-banchi-dassaggio-e-masterclass\/","title":{"rendered":"Orcia Wine Festival, ponte del 25 aprile tra banchi d&#8217;assaggio e masterclass"},"content":{"rendered":"<p>Raccontare il paesaggio patrimonio mondiale dell\u2019umanit\u00e0 Unesco attraverso l\u2019eccellenza del vino: \u00e8 la missione che da 14 anni si propone l&#8217;<strong>Orcia Wine Festival<\/strong>, mostra mercato dedicata alla denominazione locale. Quest&#8217;anno l&#8217;appuntamento \u00e8 <strong>dal 24 al 27 aprile<\/strong> a San Quirico d\u2019Orcia in occasione del ponte della Liberazione.<\/p>\n<p>La mostra mercato \u00e8 promossa dal Comune di San Quirico d\u2019Orcia, in collaborazione con il <strong>Consorzio del Vino Orcia<\/strong>. Le d<strong>egustazioni tecniche<\/strong> guidate e i<strong>\u00a0banchi di assaggio <\/strong>si svolgono nelle sale di <strong>Palazzo Chigi<\/strong>. Circa <strong>20 le cantine <\/strong>a proporre i loro vini Doc a cui si aggiungono <strong>masterclass e seminari.<\/strong><\/p>\n<h3>Un evento per promuovere il territorio<\/h3>\n<p>La <strong>mostra mercato del vino<\/strong> \u201cpi\u00f9 bello del mondo\u201d, che quest\u2019anno celebra i primi 25 anni della denominazione, oggi \u00e8 divenuta un <strong>evento multisensoriale<\/strong>, aperto non solo agli operatori, ma anche a turisti e appassionati.<\/p>\n<p><em>\u201cUn evento che valorizza le eccellenze enologiche della Val d\u2019Orcia e che si conferma quale contenitore di tutto un territorio \u2013<\/em> sottolinea <strong>Marco Bartoli<\/strong>, sindaco Comune San Quirico d\u2019Orcia -,<em> delle sue produzioni di pregio e delle sue peculiarit\u00e0, con approfondimenti e degustazioni tecniche, possibilit\u00e0 di conoscere i vini e le aziende, attraverso tour dedicati, ed immersi nel paesaggio pi\u00f9 bello del mondo\u201d.<\/em><\/p>\n<p><em>\u201cSar\u00e0 una edizione molto particolare questa perch\u00e9 \u00e8 l\u2019anno in cui la nostra Doc celebra il primo quarto di secolo \u2013<\/em> spiega <strong>Giulitta Zamperini<\/strong> presidente del Consorzio del Vino Orcia \u2013 <em>un evento che \u00e8 unico nel suo genere grazie soprattutto alla collaborazione tra la nostra realt\u00e0 e l\u2019Amministrazione Comunale di San Quirico d\u2019Orcia che ci offre la possibilit\u00e0 di mettere in mostra i nostri vini in luoghi eccezionali\u201d.<\/em><\/p>\n<figure id=\"post-382643 media-382643\" class=\"align-none\"><img decoding=\"async\" src=\"https:\/\/www.intoscana.it\/wp-content\/uploads\/Horti-Leonini.jpg\" alt=\"\" \/><\/figure>\n<div class=\"titleimg\">Horti Leonini a San Quirico d\u2019Orcia<\/div>\n<h3>Il programma del festival<\/h3>\n<p>L\u2019<strong>Orcia Wine Festival<\/strong> prender\u00e0 il via gioved\u00ec 24 aprile con l\u2019apertura della <strong>XIV edizione<\/strong> della mostra. Alle 17.45, 18.30 e 19.15 in programma una speciale <strong>visita agli Horti Leonini<\/strong> e <strong>alle mura della citt\u00e0<\/strong>. Si prosegue poi il venerd\u00ec 25 aprile con l\u2019apertura dei <strong>banchi d\u2019assaggio<\/strong> delle aziende dell\u2019Orcia Doc a Palazzo Chigi Zondadari (dalle 12 alle 19).<\/p>\n<p>Sabato 26 oltre alla <strong>mostra mercato<\/strong> e a un <strong>seminario tecnico<\/strong>, la tradizionale <strong>Cena a Palazzo<\/strong>, alle 20.15. La domenica si apre alle 9.30 con <strong>un trekking<\/strong>, alle 12.30 la <strong>sfilata in costume<\/strong> dei quartieri della <strong>Festa del Barbarossa<\/strong>. Alle ore 10 la <strong>masterclass<\/strong> guidata da <strong>Alessandro Brizi<\/strong> della rivista L\u2019Assaggiatore di ONAV.<\/p>\n<p>Nei quattro giorni di <strong>Orcia Wine Festival<\/strong> saranno organizzati <strong>trekking urbani, visite guidate<\/strong> alla scoperta del centro storico di San Quirico d\u2019Orcia. Resteranno inoltre aperti alle <strong>visite gratuite<\/strong>: <mark>Palazzo Chigi Zondadari: Museo del Barbarossa, Museo Forme nel Verde e l\u2019Esposizione ceramiche senesi<\/mark>.<\/p>\n<p>Il programma della manifestazione \u00e8 <a href=\"http:\/\/www.orciawinefestival.wordpress.com\" target=\"_blank\" rel=\"noopener\">disponibile sul portale<\/a> con tutte le informazioni per godere del territorio <strong>dall\u2019ospitalit\u00e0 alla ristorazione<\/strong>, passando per le <strong>attrazioni storico-artistiche<\/strong>.<\/p>\n<figure id=\"post-382645 media-382645\" class=\"align-none\"><img decoding=\"async\" src=\"https:\/\/www.intoscana.it\/wp-content\/uploads\/bartoli_zamperini-2.jpg\" alt=\"\" \/><\/figure>\n<div class=\"titleimg\">Il sindaco di San Quirico d\u2019Orcia Marco Bartoli e la presidente del consorzio Doc Orcia Giulitta Zamperini<\/div>\n<h3>I 25 anni dell&#8217;Orcia Doc<\/h3>\n<p>Nata nel febbraio del 2000, <strong>l\u2019Orcia Doc<\/strong> raccoglie nella sua area di produzione <strong>dodici Comuni<\/strong> a sud di Siena. A oggi sono <strong>153 gli ettari di vigneti<\/strong> e la produzione media annua si attesta intorno alle <strong>255.631 bottiglie<\/strong> realizzate dalle circa <strong>60 cantine nel territorio<\/strong>. Oltre <strong>30 <\/strong>sono le aziende<strong> socie del Consorzio<\/strong> di tutela che dal 2014 ha l\u2019incarico di vigilanza e promozione Erga Omnes nei confronti di tutti i produttori della denominazione.<\/p>\n<p>Il Consorzio di tutela si occupa di promuovere la denominazione attraverso azioni varie, dal web alla segnaletica sul territorio, passando per incoming di <strong>giornalisti e buyers<\/strong> da tutto il mondo. Tra gli eventi di riferimento <strong>l\u2019Orcia Wine Festival<\/strong>.<\/p>\n","protected":false},"excerpt":{"rendered":"<p>A San Quirico la manifestazione celebra i 25 anni della denominazione e promuove la conoscenza del territorio patrimonio Unesco<\/p>\n","protected":false},"author":554,"featured_media":378681,"comment_status":"open","ping_status":"open","sticky":false,"template":"","format":"standard","meta":{"_acf_changed":false,"footnotes":""},"categories":[8],"tags":[5342,5604],"class_list":["post-378680","post","type-post","status-publish","format-standard","has-post-thumbnail","hentry","category-enogastronomia","tag-val-dorcia","tag-vini-toscani"],"acf":[],"yoast_head":"<!-- This site is optimized with the Yoast SEO Premium plugin v24.2 (Yoast SEO v25.6) - https:\/\/yoast.com\/wordpress\/plugins\/seo\/ -->\n<title>Orcia Wine Festival, ponte del 25 aprile tra banchi d&#039;assaggio e masterclass - intoscana<\/title>\n<meta name=\"description\" content=\"A San Quirico la manifestazione celebra i 25 anni della denominazione e promuove la conoscenza del territorio patrimonio Unesco\" \/>\n<meta name=\"robots\" content=\"index, follow, max-snippet:-1, max-image-preview:large, max-video-preview:-1\" \/>\n<link rel=\"canonical\" href=\"https:\/\/www.intoscana.it\/it\/orcia-wine-festival-ponte-del-25-aprile-tra-banchi-dassaggio-e-masterclass\/\" \/>\n<meta property=\"og:locale\" content=\"it_IT\" \/>\n<meta property=\"og:type\" content=\"article\" \/>\n<meta property=\"og:title\" content=\"Orcia Wine Festival, ponte del 25 aprile tra banchi d&#039;assaggio e masterclass\" \/>\n<meta property=\"og:description\" content=\"A San Quirico la manifestazione celebra i 25 anni della denominazione e promuove la conoscenza del territorio patrimonio Unesco\" \/>\n<meta property=\"og:url\" content=\"https:\/\/www.intoscana.it\/it\/orcia-wine-festival-ponte-del-25-aprile-tra-banchi-dassaggio-e-masterclass\/\" \/>\n<meta property=\"og:site_name\" content=\"intoscana\" \/>\n<meta property=\"article:publisher\" content=\"https:\/\/www.facebook.com\/intoscana.it\" \/>\n<meta property=\"article:published_time\" content=\"2025-04-22T08:17:06+00:00\" \/>\n<meta property=\"article:modified_time\" content=\"2025-04-22T09:24:59+00:00\" \/>\n<meta property=\"og:image\" content=\"https:\/\/www.intoscana.it\/wp-content\/uploads\/orcia_wine_festival-2.jpg\" \/>\n\t<meta property=\"og:image:width\" content=\"1024\" \/>\n\t<meta property=\"og:image:height\" content=\"768\" \/>\n\t<meta property=\"og:image:type\" content=\"image\/jpeg\" \/>\n<meta name=\"author\" content=\"Raffaella Galamini\" \/>\n<meta name=\"twitter:card\" content=\"summary_large_image\" \/>\n<meta name=\"twitter:creator\" content=\"@orio\" \/>\n<meta name=\"twitter:site\" content=\"@intoscana\" \/>\n<meta name=\"twitter:label1\" content=\"Written by\" \/>\n\t<meta name=\"twitter:data1\" content=\"Raffaella Galamini\" \/>\n\t<meta name=\"twitter:label2\" content=\"Est. reading time\" \/>\n\t<meta name=\"twitter:data2\" content=\"4 minuti\" \/>\n<script type=\"application\/ld+json\" class=\"yoast-schema-graph\">{\"@context\":\"https:\/\/schema.org\",\"@graph\":[{\"@type\":\"WebPage\",\"@id\":\"https:\/\/www.intoscana.it\/it\/orcia-wine-festival-ponte-del-25-aprile-tra-banchi-dassaggio-e-masterclass\/\",\"url\":\"https:\/\/www.intoscana.it\/it\/orcia-wine-festival-ponte-del-25-aprile-tra-banchi-dassaggio-e-masterclass\/\",\"name\":\"Orcia Wine Festival, ponte del 25 aprile tra banchi d'assaggio e masterclass - intoscana\",\"isPartOf\":{\"@id\":\"https:\/\/www.intoscana.it\/it\/#website\"},\"primaryImageOfPage\":{\"@id\":\"https:\/\/www.intoscana.it\/it\/orcia-wine-festival-ponte-del-25-aprile-tra-banchi-dassaggio-e-masterclass\/#primaryimage\"},\"image\":{\"@id\":\"https:\/\/www.intoscana.it\/it\/orcia-wine-festival-ponte-del-25-aprile-tra-banchi-dassaggio-e-masterclass\/#primaryimage\"},\"thumbnailUrl\":\"https:\/\/www.intoscana.it\/wp-content\/uploads\/orcia_wine_festival-2.jpg\",\"datePublished\":\"2025-04-22T08:17:06+00:00\",\"dateModified\":\"2025-04-22T09:24:59+00:00\",\"author\":{\"@id\":\"https:\/\/www.intoscana.it\/it\/#\/schema\/person\/9eb9daa846a49fe51af39a73d9d1986b\"},\"description\":\"A San Quirico la manifestazione celebra i 25 anni della denominazione e promuove la conoscenza del territorio patrimonio Unesco\",\"breadcrumb\":{\"@id\":\"https:\/\/www.intoscana.it\/it\/orcia-wine-festival-ponte-del-25-aprile-tra-banchi-dassaggio-e-masterclass\/#breadcrumb\"},\"inLanguage\":\"it-IT\",\"potentialAction\":[{\"@type\":\"ReadAction\",\"target\":[\"https:\/\/www.intoscana.it\/it\/orcia-wine-festival-ponte-del-25-aprile-tra-banchi-dassaggio-e-masterclass\/\"]}]},{\"@type\":\"ImageObject\",\"inLanguage\":\"it-IT\",\"@id\":\"https:\/\/www.intoscana.it\/it\/orcia-wine-festival-ponte-del-25-aprile-tra-banchi-dassaggio-e-masterclass\/#primaryimage\",\"url\":\"https:\/\/www.intoscana.it\/wp-content\/uploads\/orcia_wine_festival-2.jpg\",\"contentUrl\":\"https:\/\/www.intoscana.it\/wp-content\/uploads\/orcia_wine_festival-2.jpg\",\"width\":1024,\"height\":768},{\"@type\":\"BreadcrumbList\",\"@id\":\"https:\/\/www.intoscana.it\/it\/orcia-wine-festival-ponte-del-25-aprile-tra-banchi-dassaggio-e-masterclass\/#breadcrumb\",\"itemListElement\":[{\"@type\":\"ListItem\",\"position\":1,\"name\":\"Home\",\"item\":\"https:\/\/www.intoscana.it\/it\/\"},{\"@type\":\"ListItem\",\"position\":2,\"name\":\"Orcia Wine Festival, ponte del 25 aprile tra banchi d&#8217;assaggio e masterclass\"}]},{\"@type\":\"WebSite\",\"@id\":\"https:\/\/www.intoscana.it\/it\/#website\",\"url\":\"https:\/\/www.intoscana.it\/it\/\",\"name\":\"intoscana\",\"description\":\"\",\"potentialAction\":[{\"@type\":\"SearchAction\",\"target\":{\"@type\":\"EntryPoint\",\"urlTemplate\":\"https:\/\/www.intoscana.it\/it\/?s={search_term_string}\"},\"query-input\":{\"@type\":\"PropertyValueSpecification\",\"valueRequired\":true,\"valueName\":\"search_term_string\"}}],\"inLanguage\":\"it-IT\"},{\"@type\":\"Person\",\"@id\":\"https:\/\/www.intoscana.it\/it\/#\/schema\/person\/9eb9daa846a49fe51af39a73d9d1986b\",\"name\":\"Raffaella Galamini\",\"sameAs\":[\"https:\/\/x.com\/orio\"],\"url\":\"https:\/\/www.intoscana.it\/it\/author\/r-galamini\/\"}]}<\/script>\n<!-- \/ Yoast SEO Premium plugin. -->","yoast_head_json":{"title":"Orcia Wine Festival, ponte del 25 aprile tra banchi d'assaggio e masterclass - intoscana","description":"A San Quirico la manifestazione celebra i 25 anni della denominazione e promuove la conoscenza del territorio patrimonio Unesco","robots":{"index":"index","follow":"follow","max-snippet":"max-snippet:-1","max-image-preview":"max-image-preview:large","max-video-preview":"max-video-preview:-1"},"canonical":"https:\/\/www.intoscana.it\/it\/orcia-wine-festival-ponte-del-25-aprile-tra-banchi-dassaggio-e-masterclass\/","og_locale":"it_IT","og_type":"article","og_title":"Orcia Wine Festival, ponte del 25 aprile tra banchi d'assaggio e masterclass","og_description":"A San Quirico la manifestazione celebra i 25 anni della denominazione e promuove la conoscenza del territorio patrimonio Unesco","og_url":"https:\/\/www.intoscana.it\/it\/orcia-wine-festival-ponte-del-25-aprile-tra-banchi-dassaggio-e-masterclass\/","og_site_name":"intoscana","article_publisher":"https:\/\/www.facebook.com\/intoscana.it","article_published_time":"2025-04-22T08:17:06+00:00","article_modified_time":"2025-04-22T09:24:59+00:00","og_image":[{"width":1024,"height":768,"url":"https:\/\/www.intoscana.it\/wp-content\/uploads\/orcia_wine_festival-2.jpg","type":"image\/jpeg"}],"author":"Raffaella Galamini","twitter_card":"summary_large_image","twitter_creator":"@orio","twitter_site":"@intoscana","twitter_misc":{"Written by":"Raffaella Galamini","Est. reading time":"4 minuti"},"schema":{"@context":"https:\/\/schema.org","@graph":[{"@type":"WebPage","@id":"https:\/\/www.intoscana.it\/it\/orcia-wine-festival-ponte-del-25-aprile-tra-banchi-dassaggio-e-masterclass\/","url":"https:\/\/www.intoscana.it\/it\/orcia-wine-festival-ponte-del-25-aprile-tra-banchi-dassaggio-e-masterclass\/","name":"Orcia Wine Festival, ponte del 25 aprile tra banchi d'assaggio e masterclass - intoscana","isPartOf":{"@id":"https:\/\/www.intoscana.it\/it\/#website"},"primaryImageOfPage":{"@id":"https:\/\/www.intoscana.it\/it\/orcia-wine-festival-ponte-del-25-aprile-tra-banchi-dassaggio-e-masterclass\/#primaryimage"},"image":{"@id":"https:\/\/www.intoscana.it\/it\/orcia-wine-festival-ponte-del-25-aprile-tra-banchi-dassaggio-e-masterclass\/#primaryimage"},"thumbnailUrl":"https:\/\/www.intoscana.it\/wp-content\/uploads\/orcia_wine_festival-2.jpg","datePublished":"2025-04-22T08:17:06+00:00","dateModified":"2025-04-22T09:24:59+00:00","author":{"@id":"https:\/\/www.intoscana.it\/it\/#\/schema\/person\/9eb9daa846a49fe51af39a73d9d1986b"},"description":"A San Quirico la manifestazione celebra i 25 anni della denominazione e promuove la conoscenza del territorio patrimonio Unesco","breadcrumb":{"@id":"https:\/\/www.intoscana.it\/it\/orcia-wine-festival-ponte-del-25-aprile-tra-banchi-dassaggio-e-masterclass\/#breadcrumb"},"inLanguage":"it-IT","potentialAction":[{"@type":"ReadAction","target":["https:\/\/www.intoscana.it\/it\/orcia-wine-festival-ponte-del-25-aprile-tra-banchi-dassaggio-e-masterclass\/"]}]},{"@type":"ImageObject","inLanguage":"it-IT","@id":"https:\/\/www.intoscana.it\/it\/orcia-wine-festival-ponte-del-25-aprile-tra-banchi-dassaggio-e-masterclass\/#primaryimage","url":"https:\/\/www.intoscana.it\/wp-content\/uploads\/orcia_wine_festival-2.jpg","contentUrl":"https:\/\/www.intoscana.it\/wp-content\/uploads\/orcia_wine_festival-2.jpg","width":1024,"height":768},{"@type":"BreadcrumbList","@id":"https:\/\/www.intoscana.it\/it\/orcia-wine-festival-ponte-del-25-aprile-tra-banchi-dassaggio-e-masterclass\/#breadcrumb","itemListElement":[{"@type":"ListItem","position":1,"name":"Home","item":"https:\/\/www.intoscana.it\/it\/"},{"@type":"ListItem","position":2,"name":"Orcia Wine Festival, ponte del 25 aprile tra banchi d&#8217;assaggio e masterclass"}]},{"@type":"WebSite","@id":"https:\/\/www.intoscana.it\/it\/#website","url":"https:\/\/www.intoscana.it\/it\/","name":"intoscana","description":"","potentialAction":[{"@type":"SearchAction","target":{"@type":"EntryPoint","urlTemplate":"https:\/\/www.intoscana.it\/it\/?s={search_term_string}"},"query-input":{"@type":"PropertyValueSpecification","valueRequired":true,"valueName":"search_term_string"}}],"inLanguage":"it-IT"},{"@type":"Person","@id":"https:\/\/www.intoscana.it\/it\/#\/schema\/person\/9eb9daa846a49fe51af39a73d9d1986b","name":"Raffaella Galamini","sameAs":["https:\/\/x.com\/orio"],"url":"https:\/\/www.intoscana.it\/it\/author\/r-galamini\/"}]}},"_links":{"self":[{"href":"https:\/\/www.intoscana.it\/it\/wp-json\/wp\/v2\/posts\/378680","targetHints":{"allow":["GET"]}}],"collection":[{"href":"https:\/\/www.intoscana.it\/it\/wp-json\/wp\/v2\/posts"}],"about":[{"href":"https:\/\/www.intoscana.it\/it\/wp-json\/wp\/v2\/types\/post"}],"author":[{"embeddable":true,"href":"https:\/\/www.intoscana.it\/it\/wp-json\/wp\/v2\/users\/554"}],"replies":[{"embeddable":true,"href":"https:\/\/www.intoscana.it\/it\/wp-json\/wp\/v2\/comments?post=378680"}],"version-history":[{"count":5,"href":"https:\/\/www.intoscana.it\/it\/wp-json\/wp\/v2\/posts\/378680\/revisions"}],"predecessor-version":[{"id":382646,"href":"https:\/\/www.intoscana.it\/it\/wp-json\/wp\/v2\/posts\/378680\/revisions\/382646"}],"wp:featuredmedia":[{"embeddable":true,"href":"https:\/\/www.intoscana.it\/it\/wp-json\/wp\/v2\/media\/378681"}],"wp:attachment":[{"href":"https:\/\/www.intoscana.it\/it\/wp-json\/wp\/v2\/media?parent=378680"}],"wp:term":[{"taxonomy":"category","embeddable":true,"href":"https:\/\/www.intoscana.it\/it\/wp-json\/wp\/v2\/categories?post=378680"},{"taxonomy":"post_tag","embeddable":true,"href":"https:\/\/www.intoscana.it\/it\/wp-json\/wp\/v2\/tags?post=378680"}],"curies":[{"name":"wp","href":"https:\/\/api.w.org\/{rel}","templated":true}]}}