{"id":378790,"date":"2025-03-19T12:56:02","date_gmt":"2025-03-19T11:56:02","guid":{"rendered":"https:\/\/www.intoscana.it\/it\/?p=378790"},"modified":"2025-03-19T13:01:26","modified_gmt":"2025-03-19T12:01:26","slug":"la-citta-dei-giovani-lettori-a-villa-bardini-con-letture-animate-laboratori-spettacoli-talk-e-attivita-per-le-famiglie","status":"publish","type":"post","link":"https:\/\/www.intoscana.it\/it\/la-citta-dei-giovani-lettori-a-villa-bardini-con-letture-animate-laboratori-spettacoli-talk-e-attivita-per-le-famiglie\/","title":{"rendered":"La citt\u00e0 dei giovani lettori a Villa Bardini con: letture animate, laboratori, spettacoli, talk e attivit\u00e0 per le famiglie"},"content":{"rendered":"<p><strong>Dal primo al 5 aprile<\/strong> a <strong>Villa Bardini a Firenze<\/strong> torna la terza edizione de <em><strong>&#8220;La citt\u00e0 dei giovani lettori&#8221;<\/strong>:<\/em> cinque giorni di <strong>letture animate, laboratori di scrittura e illustrazione, spettacoli, talk e incontri <\/strong>dedicati all\u2019universo della letteratura per <strong>bambini, ragazzi, teen e young adult<\/strong> in compagnia di<strong> autori, disegnatori, scienziati, ricercatori e artisti<\/strong> tra i pi\u00f9 interessanti sul panorama italiano e internazionale.<\/p>\n<p>Il festival \u00e8 nato come spin off de <a href=\"https:\/\/www.lacittadeilettori.it\" target=\"_blank\" rel=\"noopener\"><strong>La citt\u00e0 dei lettori,<\/strong> <\/a>progetto culturale di Fondazione CR Firenze a cura di <strong>Associazione Wimbledon APS<\/strong> con la direzione di <strong>Gabriele Ametrano.\u00a0<\/strong><\/p>\n<p>Centrale sar\u00e0 il<strong> lavoro con le scuole, che occuper\u00e0 per intero le mattine dal 1 al 4 aprile<\/strong>, con oltre <strong>670 studenti dagli istituti primari e secondari<\/strong> del territorio per una carrellata di appuntamenti sulle tematiche pi\u00f9 adatte alle varie et\u00e0, a cura dei<strong> librai Premio Andersen Farollo e Falpal\u00e0.<\/strong><\/p>\n<p><em>\u201cIl festival <a href=\"https:\/\/www.lacittadeilettori.it\/eventi\/festival-la-citta-dei-giovani-lettori-2025-programma-non-disponibile\/\" target=\"_blank\" rel=\"noopener\" class=\"broken_link\"><strong>La citt\u00e0 dei giovani lettori<\/strong><\/a> guarda il futuro e cura il presente\u201d &#8211; <\/em><strong>spiega il direttore Gabriele Ametrano &#8211;<\/strong><em>\u00a0\u201cQuesta manifestazione incarna il vero significato della promozione della lettura, con una progettualit\u00e0 tutta rivolta a coloro che saranno i lettori dei prossimi anni. Il festival ha aggiunto due giorni di attivit\u00e0 rivolti alle ragazze e i ragazzi degli istituti scolastici del territorio fiorentino (passando da due a quattro giornate dedicate alle scuole) e conferma, come \u00e8 stato nelle precedenti edizioni, l\u2019ingresso gratuito a tutte le famiglie e coloro che vorranno partecipare ad un calendario di incontri di grande valore. La traduzione di alcuni incontri in LIS &#8211; Lingua italiana dei segni &#8211; \u00e8 un altro importante tassello alla realizzazione di un festival che possa realmente diffondere la passione della lettura a tutti\u201d<\/em><\/p>\n<figure id=\"post-378844 media-378844\" class=\"align-none\"><img decoding=\"async\" src=\"https:\/\/www.intoscana.it\/wp-content\/uploads\/CRAC_di-Matteo-Pompili-e-Lorenzo-Monaco_illustrazioni-Luogo-Comune_Camelozampa.jpg\" alt=\"\" \/><\/figure>\n<h3>Tutti gli ospiti in programma<\/h3>\n<p><strong>Ospite speciale<\/strong> di questa edizione l\u2019attore, regista e drammaturgo <strong>Ascanio Celestini,<\/strong> che porter\u00e0 al festival un incontro-spettacolo a partire dal suo primo libro illustrato <strong><em>\u201cL\u2019uomo eterno\u201d<\/em><\/strong> (ZOOlibri) (5\/4 ore 17.00).<\/p>\n<p>Da non perdere, per la prima volta in Italia,<strong> l\u2019autrice sud coreana Baek Hee-na,<\/strong> vincitrice del prestigioso Astrid Lindgren Memorial Award 2020, dal cui pluripremiato albo <strong><em>\u201cLe caramelle magiche\u201d<\/em><\/strong> (Terre di Mezzo) \u00e8 stato tratto l\u2019omonimo corto candidato agli Oscar 2025 (4\/4 ore 10.00 e 11.10).<\/p>\n<p>Presente anche l\u2019autore e illustratore francese<strong> Serge Bloch<\/strong>, vincitore della Medaglia d\u2019oro della Society of Illustrators di New York e pubblicato in tutto il mondo con la sua opera <strong><em>\u201cStoria del no\u201d<\/em><\/strong> (Clichy) (2\/4 ore 10.00 e 11.10).<\/p>\n<p>Tra i protagonisti nomi di punta dello scenario editoriale contemporaneo: lo scrittore, designer e creativo due volte Premio Andersen e candidato Strega Ragazze e Ragazzi <strong>Fabrizio Silei<\/strong> (5\/4 ore 10.30);<strong> Susanna Mattiangeli<\/strong>, ambasciatrice della letteratura per l\u2019infanzia per il biennio 2022\/2024 e insignita del Premio Andersen 2018 come miglior scrittrice (2\/4 ore 10.00 e 11.10); <strong>Marianna Balducci,<\/strong> illustratrice che nel 2018 agli Andersen si \u00e8 aggiudicata sia il Superpremio che la vittoria nella categoria 0-6 anni (4\/4 ore 10.00 e 11.10 e 5\/4 ore 16.00); <strong>Sarah Zambello e Susy Zanella<\/strong> \u2013 rispettivamente autrice e illustratrice di una serie di applauditi albi divulgativi per Nomos Edizioni tra cui \u201cNuvolario\u201d, finalista Andersen nel 2021, \u201cOndario\u201d, finalista Premio Malerba 2023, e \u201cCometario\u201d, finalista Premio Galileo 2023 (5\/4 ore 16.00).<\/p>\n<p>E ancora<strong> Francesco Gungui,<\/strong> autore della fortunatissima trilogia fantascientifica \u201cCanti delle Terre Divise\u201d, con un nuovo romanzo che affronta lo spaesamento della preadolescenza nel contesto di un campo da rugby (2\/4 ore 10.00 e 11.10); <strong>Isabella Grott<\/strong>, vincitrice del premio Il Battello a Vapore per illustratori (5\/4 ore 15.00);<strong> Arianna Pisani<\/strong> \u2013 artista e fumettista gi\u00e0 collaboratrice di Bao Publishing \u2013 con <strong>Nicoletta Asnicar<\/strong> \u2013 autrice e promotrice di laboratori letterari per adulti e bambini (5\/4 ore 11.30); <strong>Fabrizio Altieri,<\/strong> autore prolificissimo specializzato in romanzi gialli (3\/4 ore 10.00 e 11.10 e 4\/4 ore 10.00).<\/p>\n<figure id=\"post-378847 media-378847\" class=\"align-none\"><img decoding=\"async\" src=\"https:\/\/www.intoscana.it\/wp-content\/uploads\/Luomo-eterno_Ascanio-Celestini-e-Veronica-Ruffato_ZOOlibri-4.jpg\" alt=\"\" \/><\/figure>\n<h3>Tra le novit\u00e0 gli spazi dedicati alla divulgazione<\/h3>\n<p>Saranno presenti per incontrare giovani lettori e lettrici <strong>Gianumberto Accinelli,<\/strong> entomologo e scrittore di fama internazionale segnalato dal Corriere della Sera tra le 20 persone che stanno cambiando l\u2019Italia e ospite abituale di \u201cGeo&amp;Geo\u201d, che introdurr\u00e0 i piccoli spettatori al mondo degli insetti con la novit\u00e0 editoriale <strong><em>\u201cStorie di ordinaria entomologia\u201d<\/em><\/strong> (Nomos Edizioni) (1\/4 ore 10.00 e 11.10), e <strong>Giammarco Sicuro<\/strong>, inviato speciale della redazione esteri RAI e fotoreporter di guerra, che racconter\u00e0 con delicatezza e ironia le complessit\u00e0 del mondo, dall\u2019Ucraina alla Palestina fino al climate change, a partire dalle pagine del suo libro <strong><em>\u201cIn viaggio con Isa<\/em><\/strong>\u201d (Mondadori) (3\/4 ore 10.00 e 11.10).<\/p>\n<p>Presenti anche<strong> Lorenzo Monaco<\/strong>, cofondatore di <strong>Tecnoscienza<\/strong>, programma per rendere accessibili le scienze ai pi\u00f9 piccoli (5\/4 ore 11.30); <strong>Chiara Morosinotto<\/strong>, ricercatrice con base in Finlandia specializzata nello studio dei rapaci (5\/4 ore 15.00); <strong>Barbara Conti,<\/strong> formata con Bruno Munari nel racconto dell\u2019arte ai pi\u00f9 piccoli e attiva nelle sezioni didattiche di musei come Galleria degli Uffizi e Centro per l\u2019arte contemporanea Luigi Pecci (2\/4 ore 10.00 e 4\/4 ore 11.10); <strong>Emilia Fulgido,<\/strong> biologa marina esperta in salvaguardia degli ecosistemi (5\/4 ore 10.30); <strong>Marco Tabilio<\/strong>, autore del fumetto \u201cViaggio al centro dell\u2019Oceano\u201d (Editoriale Scienza) (3\/4 ore 10.00 e 11.10).<\/p>\n<p>Ci saranno anche <strong>panel rivolti al pubblico adulto<\/strong>: insegnanti, genitori, bibliotecari, educatori e a tutti gli interessati ad approfondire un mondo letterario pieno di sorprese e in costante evoluzione.<\/p>\n<p>Saranno al festival l\u2019esperta di letteratura per l\u2019infanzia <strong>Angela Del Gobbo,<\/strong> membro dell\u2019osservatorio nazionale Nati per Leggere \u2013 che promuove il libro fin dalla nascita con attivit\u00e0 gratuite per abbattere la povert\u00e0 educativa \u2013 e curatrice di <strong><em>\u201cNati per Leggere. Una guida per genitori e futuri lettori\u201d,<\/em><\/strong> vademecum che accompagna i grandi nel mondo dell\u2019editoria per ragazzi (5\/4 ore 10.30), ed <strong>Ericavale Morello,<\/strong> autrice dell\u2019albo finalista Andersen <strong><em>\u201cVendesi casa d\u2019artista<\/em><\/strong>\u201d (Camelozampa), che condivider\u00e0 la sua esperienza sull\u2019avvicinamento di bambine e bambini all\u2019arte tramite percorsi didattici basati sull\u2019illustrazione (5\/4 ore 15.00).<\/p>\n<figure id=\"post-378854 media-378854\" class=\"align-none\"><img decoding=\"async\" src=\"https:\/\/www.intoscana.it\/wp-content\/uploads\/Le-caramelle-magiche_Baek-Hee-na_Terre-di-Mezzo-scaled.jpg\" alt=\"\" \/><\/figure>\n<div class=\"titleimg\"><\/div>\n","protected":false},"excerpt":{"rendered":"<p>Dall&#8217;1\u00b0 al 5 aprile un tuffo nell\u2019universo del libro per bambini, ragazzi, teen e young adult. Tra gli ospiti Ascanio Celestini, Baek Hee-na e Serge Bloch, novit\u00e0 gli spazi dedicati alla divulgazione e alla formazione degli adulti<\/p>\n","protected":false},"author":518,"featured_media":378849,"comment_status":"open","ping_status":"open","sticky":false,"template":"","format":"standard","meta":{"_acf_changed":false,"footnotes":""},"categories":[493],"tags":[350,4474,5186,228,202,263],"class_list":["post-378790","post","type-post","status-publish","format-standard","has-post-thumbnail","hentry","category-cultura","tag-bambini","tag-eventi","tag-famiglie","tag-festival","tag-firenze","tag-leggere"],"acf":[],"yoast_head":"<!-- This site is optimized with the Yoast SEO Premium plugin v24.2 (Yoast SEO v25.6) - https:\/\/yoast.com\/wordpress\/plugins\/seo\/ -->\n<title>La citt\u00e0 dei giovani lettori a Villa Bardini con: letture animate, laboratori, spettacoli, talk e attivit\u00e0 per le famiglie - intoscana<\/title>\n<meta name=\"description\" content=\"Dall&#039;1\u00b0 al 5 aprile un tuffo nell\u2019universo del libro per bambini, ragazzi, teen e young adult. Tra gli ospiti Ascanio Celestini\" \/>\n<meta name=\"robots\" content=\"index, follow, max-snippet:-1, max-image-preview:large, max-video-preview:-1\" \/>\n<link rel=\"canonical\" href=\"https:\/\/www.intoscana.it\/it\/la-citta-dei-giovani-lettori-a-villa-bardini-con-letture-animate-laboratori-spettacoli-talk-e-attivita-per-le-famiglie\/\" \/>\n<meta property=\"og:locale\" content=\"it_IT\" \/>\n<meta property=\"og:type\" content=\"article\" \/>\n<meta property=\"og:title\" content=\"La citt\u00e0 dei giovani lettori a Villa Bardini con: letture animate, laboratori, spettacoli, talk e attivit\u00e0 per le famiglie\" \/>\n<meta property=\"og:description\" content=\"Dall&#039;1\u00b0 al 5 aprile un tuffo nell\u2019universo del libro per bambini, ragazzi, teen e young adult. Tra gli ospiti Ascanio Celestini\" \/>\n<meta property=\"og:url\" content=\"https:\/\/www.intoscana.it\/it\/la-citta-dei-giovani-lettori-a-villa-bardini-con-letture-animate-laboratori-spettacoli-talk-e-attivita-per-le-famiglie\/\" \/>\n<meta property=\"og:site_name\" content=\"intoscana\" \/>\n<meta property=\"article:publisher\" content=\"https:\/\/www.facebook.com\/intoscana.it\" \/>\n<meta property=\"article:published_time\" content=\"2025-03-19T11:56:02+00:00\" \/>\n<meta property=\"article:modified_time\" content=\"2025-03-19T12:01:26+00:00\" \/>\n<meta property=\"og:image\" content=\"https:\/\/www.intoscana.it\/wp-content\/uploads\/lcdl-giovani-lettori-firenze-2024-ph-cristina-andolcetti-scaled.jpeg\" \/>\n\t<meta property=\"og:image:width\" content=\"2048\" \/>\n\t<meta property=\"og:image:height\" content=\"1365\" \/>\n\t<meta property=\"og:image:type\" content=\"image\/jpeg\" \/>\n<meta name=\"author\" content=\"Costanza Baldini\" \/>\n<meta name=\"twitter:card\" content=\"summary_large_image\" \/>\n<meta name=\"twitter:creator\" content=\"@intoscana\" \/>\n<meta name=\"twitter:site\" content=\"@intoscana\" \/>\n<meta name=\"twitter:label1\" content=\"Written by\" \/>\n\t<meta name=\"twitter:data1\" content=\"Costanza Baldini\" \/>\n\t<meta name=\"twitter:label2\" content=\"Est. reading time\" \/>\n\t<meta name=\"twitter:data2\" content=\"6 minuti\" \/>\n<script type=\"application\/ld+json\" class=\"yoast-schema-graph\">{\"@context\":\"https:\/\/schema.org\",\"@graph\":[{\"@type\":\"WebPage\",\"@id\":\"https:\/\/www.intoscana.it\/it\/la-citta-dei-giovani-lettori-a-villa-bardini-con-letture-animate-laboratori-spettacoli-talk-e-attivita-per-le-famiglie\/\",\"url\":\"https:\/\/www.intoscana.it\/it\/la-citta-dei-giovani-lettori-a-villa-bardini-con-letture-animate-laboratori-spettacoli-talk-e-attivita-per-le-famiglie\/\",\"name\":\"La citt\u00e0 dei giovani lettori a Villa Bardini con: letture animate, laboratori, spettacoli, talk e attivit\u00e0 per le famiglie - intoscana\",\"isPartOf\":{\"@id\":\"https:\/\/www.intoscana.it\/it\/#website\"},\"primaryImageOfPage\":{\"@id\":\"https:\/\/www.intoscana.it\/it\/la-citta-dei-giovani-lettori-a-villa-bardini-con-letture-animate-laboratori-spettacoli-talk-e-attivita-per-le-famiglie\/#primaryimage\"},\"image\":{\"@id\":\"https:\/\/www.intoscana.it\/it\/la-citta-dei-giovani-lettori-a-villa-bardini-con-letture-animate-laboratori-spettacoli-talk-e-attivita-per-le-famiglie\/#primaryimage\"},\"thumbnailUrl\":\"https:\/\/www.intoscana.it\/wp-content\/uploads\/lcdl-giovani-lettori-firenze-2024-ph-cristina-andolcetti-scaled.jpeg\",\"datePublished\":\"2025-03-19T11:56:02+00:00\",\"dateModified\":\"2025-03-19T12:01:26+00:00\",\"author\":{\"@id\":\"https:\/\/www.intoscana.it\/it\/#\/schema\/person\/d469f35f09739bdf00bf5dd3f0647a82\"},\"description\":\"Dall'1\u00b0 al 5 aprile un tuffo nell\u2019universo del libro per bambini, ragazzi, teen e young adult. Tra gli ospiti Ascanio Celestini\",\"breadcrumb\":{\"@id\":\"https:\/\/www.intoscana.it\/it\/la-citta-dei-giovani-lettori-a-villa-bardini-con-letture-animate-laboratori-spettacoli-talk-e-attivita-per-le-famiglie\/#breadcrumb\"},\"inLanguage\":\"it-IT\",\"potentialAction\":[{\"@type\":\"ReadAction\",\"target\":[\"https:\/\/www.intoscana.it\/it\/la-citta-dei-giovani-lettori-a-villa-bardini-con-letture-animate-laboratori-spettacoli-talk-e-attivita-per-le-famiglie\/\"]}]},{\"@type\":\"ImageObject\",\"inLanguage\":\"it-IT\",\"@id\":\"https:\/\/www.intoscana.it\/it\/la-citta-dei-giovani-lettori-a-villa-bardini-con-letture-animate-laboratori-spettacoli-talk-e-attivita-per-le-famiglie\/#primaryimage\",\"url\":\"https:\/\/www.intoscana.it\/wp-content\/uploads\/lcdl-giovani-lettori-firenze-2024-ph-cristina-andolcetti-scaled.jpeg\",\"contentUrl\":\"https:\/\/www.intoscana.it\/wp-content\/uploads\/lcdl-giovani-lettori-firenze-2024-ph-cristina-andolcetti-scaled.jpeg\",\"width\":2048,\"height\":1365,\"caption\":\"La citt\u00e0 dei giovani lettori\"},{\"@type\":\"BreadcrumbList\",\"@id\":\"https:\/\/www.intoscana.it\/it\/la-citta-dei-giovani-lettori-a-villa-bardini-con-letture-animate-laboratori-spettacoli-talk-e-attivita-per-le-famiglie\/#breadcrumb\",\"itemListElement\":[{\"@type\":\"ListItem\",\"position\":1,\"name\":\"Home\",\"item\":\"https:\/\/www.intoscana.it\/it\/\"},{\"@type\":\"ListItem\",\"position\":2,\"name\":\"La citt\u00e0 dei giovani lettori a Villa Bardini con: letture animate, laboratori, spettacoli, talk e attivit\u00e0 per le famiglie\"}]},{\"@type\":\"WebSite\",\"@id\":\"https:\/\/www.intoscana.it\/it\/#website\",\"url\":\"https:\/\/www.intoscana.it\/it\/\",\"name\":\"intoscana\",\"description\":\"\",\"potentialAction\":[{\"@type\":\"SearchAction\",\"target\":{\"@type\":\"EntryPoint\",\"urlTemplate\":\"https:\/\/www.intoscana.it\/it\/?s={search_term_string}\"},\"query-input\":{\"@type\":\"PropertyValueSpecification\",\"valueRequired\":true,\"valueName\":\"search_term_string\"}}],\"inLanguage\":\"it-IT\"},{\"@type\":\"Person\",\"@id\":\"https:\/\/www.intoscana.it\/it\/#\/schema\/person\/d469f35f09739bdf00bf5dd3f0647a82\",\"name\":\"Costanza Baldini\",\"url\":\"https:\/\/www.intoscana.it\/it\/author\/costanza-baldini\/\"}]}<\/script>\n<!-- \/ Yoast SEO Premium plugin. -->","yoast_head_json":{"title":"La citt\u00e0 dei giovani lettori a Villa Bardini con: letture animate, laboratori, spettacoli, talk e attivit\u00e0 per le famiglie - intoscana","description":"Dall'1\u00b0 al 5 aprile un tuffo nell\u2019universo del libro per bambini, ragazzi, teen e young adult. Tra gli ospiti Ascanio Celestini","robots":{"index":"index","follow":"follow","max-snippet":"max-snippet:-1","max-image-preview":"max-image-preview:large","max-video-preview":"max-video-preview:-1"},"canonical":"https:\/\/www.intoscana.it\/it\/la-citta-dei-giovani-lettori-a-villa-bardini-con-letture-animate-laboratori-spettacoli-talk-e-attivita-per-le-famiglie\/","og_locale":"it_IT","og_type":"article","og_title":"La citt\u00e0 dei giovani lettori a Villa Bardini con: letture animate, laboratori, spettacoli, talk e attivit\u00e0 per le famiglie","og_description":"Dall'1\u00b0 al 5 aprile un tuffo nell\u2019universo del libro per bambini, ragazzi, teen e young adult. Tra gli ospiti Ascanio Celestini","og_url":"https:\/\/www.intoscana.it\/it\/la-citta-dei-giovani-lettori-a-villa-bardini-con-letture-animate-laboratori-spettacoli-talk-e-attivita-per-le-famiglie\/","og_site_name":"intoscana","article_publisher":"https:\/\/www.facebook.com\/intoscana.it","article_published_time":"2025-03-19T11:56:02+00:00","article_modified_time":"2025-03-19T12:01:26+00:00","og_image":[{"width":2048,"height":1365,"url":"https:\/\/www.intoscana.it\/wp-content\/uploads\/lcdl-giovani-lettori-firenze-2024-ph-cristina-andolcetti-scaled.jpeg","type":"image\/jpeg"}],"author":"Costanza Baldini","twitter_card":"summary_large_image","twitter_creator":"@intoscana","twitter_site":"@intoscana","twitter_misc":{"Written by":"Costanza Baldini","Est. reading time":"6 minuti"},"schema":{"@context":"https:\/\/schema.org","@graph":[{"@type":"WebPage","@id":"https:\/\/www.intoscana.it\/it\/la-citta-dei-giovani-lettori-a-villa-bardini-con-letture-animate-laboratori-spettacoli-talk-e-attivita-per-le-famiglie\/","url":"https:\/\/www.intoscana.it\/it\/la-citta-dei-giovani-lettori-a-villa-bardini-con-letture-animate-laboratori-spettacoli-talk-e-attivita-per-le-famiglie\/","name":"La citt\u00e0 dei giovani lettori a Villa Bardini con: letture animate, laboratori, spettacoli, talk e attivit\u00e0 per le famiglie - intoscana","isPartOf":{"@id":"https:\/\/www.intoscana.it\/it\/#website"},"primaryImageOfPage":{"@id":"https:\/\/www.intoscana.it\/it\/la-citta-dei-giovani-lettori-a-villa-bardini-con-letture-animate-laboratori-spettacoli-talk-e-attivita-per-le-famiglie\/#primaryimage"},"image":{"@id":"https:\/\/www.intoscana.it\/it\/la-citta-dei-giovani-lettori-a-villa-bardini-con-letture-animate-laboratori-spettacoli-talk-e-attivita-per-le-famiglie\/#primaryimage"},"thumbnailUrl":"https:\/\/www.intoscana.it\/wp-content\/uploads\/lcdl-giovani-lettori-firenze-2024-ph-cristina-andolcetti-scaled.jpeg","datePublished":"2025-03-19T11:56:02+00:00","dateModified":"2025-03-19T12:01:26+00:00","author":{"@id":"https:\/\/www.intoscana.it\/it\/#\/schema\/person\/d469f35f09739bdf00bf5dd3f0647a82"},"description":"Dall'1\u00b0 al 5 aprile un tuffo nell\u2019universo del libro per bambini, ragazzi, teen e young adult. Tra gli ospiti Ascanio Celestini","breadcrumb":{"@id":"https:\/\/www.intoscana.it\/it\/la-citta-dei-giovani-lettori-a-villa-bardini-con-letture-animate-laboratori-spettacoli-talk-e-attivita-per-le-famiglie\/#breadcrumb"},"inLanguage":"it-IT","potentialAction":[{"@type":"ReadAction","target":["https:\/\/www.intoscana.it\/it\/la-citta-dei-giovani-lettori-a-villa-bardini-con-letture-animate-laboratori-spettacoli-talk-e-attivita-per-le-famiglie\/"]}]},{"@type":"ImageObject","inLanguage":"it-IT","@id":"https:\/\/www.intoscana.it\/it\/la-citta-dei-giovani-lettori-a-villa-bardini-con-letture-animate-laboratori-spettacoli-talk-e-attivita-per-le-famiglie\/#primaryimage","url":"https:\/\/www.intoscana.it\/wp-content\/uploads\/lcdl-giovani-lettori-firenze-2024-ph-cristina-andolcetti-scaled.jpeg","contentUrl":"https:\/\/www.intoscana.it\/wp-content\/uploads\/lcdl-giovani-lettori-firenze-2024-ph-cristina-andolcetti-scaled.jpeg","width":2048,"height":1365,"caption":"La citt\u00e0 dei giovani lettori"},{"@type":"BreadcrumbList","@id":"https:\/\/www.intoscana.it\/it\/la-citta-dei-giovani-lettori-a-villa-bardini-con-letture-animate-laboratori-spettacoli-talk-e-attivita-per-le-famiglie\/#breadcrumb","itemListElement":[{"@type":"ListItem","position":1,"name":"Home","item":"https:\/\/www.intoscana.it\/it\/"},{"@type":"ListItem","position":2,"name":"La citt\u00e0 dei giovani lettori a Villa Bardini con: letture animate, laboratori, spettacoli, talk e attivit\u00e0 per le famiglie"}]},{"@type":"WebSite","@id":"https:\/\/www.intoscana.it\/it\/#website","url":"https:\/\/www.intoscana.it\/it\/","name":"intoscana","description":"","potentialAction":[{"@type":"SearchAction","target":{"@type":"EntryPoint","urlTemplate":"https:\/\/www.intoscana.it\/it\/?s={search_term_string}"},"query-input":{"@type":"PropertyValueSpecification","valueRequired":true,"valueName":"search_term_string"}}],"inLanguage":"it-IT"},{"@type":"Person","@id":"https:\/\/www.intoscana.it\/it\/#\/schema\/person\/d469f35f09739bdf00bf5dd3f0647a82","name":"Costanza Baldini","url":"https:\/\/www.intoscana.it\/it\/author\/costanza-baldini\/"}]}},"_links":{"self":[{"href":"https:\/\/www.intoscana.it\/it\/wp-json\/wp\/v2\/posts\/378790","targetHints":{"allow":["GET"]}}],"collection":[{"href":"https:\/\/www.intoscana.it\/it\/wp-json\/wp\/v2\/posts"}],"about":[{"href":"https:\/\/www.intoscana.it\/it\/wp-json\/wp\/v2\/types\/post"}],"author":[{"embeddable":true,"href":"https:\/\/www.intoscana.it\/it\/wp-json\/wp\/v2\/users\/518"}],"replies":[{"embeddable":true,"href":"https:\/\/www.intoscana.it\/it\/wp-json\/wp\/v2\/comments?post=378790"}],"version-history":[{"count":5,"href":"https:\/\/www.intoscana.it\/it\/wp-json\/wp\/v2\/posts\/378790\/revisions"}],"predecessor-version":[{"id":378874,"href":"https:\/\/www.intoscana.it\/it\/wp-json\/wp\/v2\/posts\/378790\/revisions\/378874"}],"wp:featuredmedia":[{"embeddable":true,"href":"https:\/\/www.intoscana.it\/it\/wp-json\/wp\/v2\/media\/378849"}],"wp:attachment":[{"href":"https:\/\/www.intoscana.it\/it\/wp-json\/wp\/v2\/media?parent=378790"}],"wp:term":[{"taxonomy":"category","embeddable":true,"href":"https:\/\/www.intoscana.it\/it\/wp-json\/wp\/v2\/categories?post=378790"},{"taxonomy":"post_tag","embeddable":true,"href":"https:\/\/www.intoscana.it\/it\/wp-json\/wp\/v2\/tags?post=378790"}],"curies":[{"name":"wp","href":"https:\/\/api.w.org\/{rel}","templated":true}]}}