{"id":379072,"date":"2025-03-21T10:41:00","date_gmt":"2025-03-21T09:41:00","guid":{"rendered":"https:\/\/www.intoscana.it\/it\/?p=379072"},"modified":"2025-03-27T11:55:19","modified_gmt":"2025-03-27T10:55:19","slug":"wander-and-pick-livorno-tulipani","status":"publish","type":"post","link":"https:\/\/www.intoscana.it\/it\/wander-and-pick-livorno-tulipani\/","title":{"rendered":"Wander and Pick: a Livorno aperto il parco con migliaia di tulipani in fiore"},"content":{"rendered":"<div dir=\"auto\">\n<p>Si apre oggi a <strong>Livorno il parco di Wander and Pick,<\/strong> il progetto dell&#8217;associazione Le trib\u00f9 della terra &#8211; Pacme Ong che quest&#8217;anno grazie alla collaborazione con il Comune di Livorno \u00e8 arrivato anche nella citt\u00e0 labronica.<\/p>\n<h3>50mila tulipani di 45 variet\u00e0 in fiore a Livorno<\/h3>\n<p>Per tutta la durata della fioritura i visitatori potranno cos\u00ec raccogliere i i tulipani messi a dimora lo scorso novembre<strong> nei <\/strong><strong>prati e nelle aiuole di piazza San Jacopo,<\/strong> di fronte all&#8217;omonima chiesa e alla Baracchina Bianca. Sono circa 50mila i bulbi, tutte variet\u00e0 antiche e rare, piantati per il progetto Wander and Pick, che ha permesso la riqualificazione dell&#8217;area verde di fronte al mare.<\/p>\n<p>La messa a dimora delle <strong>45 variet\u00e0 di tulipani<\/strong> \u00e8 stata realizzata in base al progetto paesaggistico dell&#8217;architetto Ines Romitti e dei garden designer Amber Jacobs e Francesco Benati. Hanno collaborato all&#8217;impianto alcuni giardinieri peruviani: <strong>le tecniche padroneggiate dai contadini dell&#8217;America Latina<\/strong> consentono infatti di eseguire a mano questa attivit\u00e0 in maniera pi\u00f9 precisa e pi\u00f9 veloce e di disporre i tulipani non solo per filari, come avviene in Olanda, ma seguendo l&#8217;andamento curvilineo delle aiuole della piazza. <mark>I visitatori potranno ammirare i mille colori dei tulipani in fiore, raccoglierne qualcuno e portarlo a casa, a fronte di una donazione all&#8217;associazione Le trib\u00f9 della terra.<\/mark><\/p>\n<figure id=\"post-333531 media-333531\" class=\"align-none\"><img decoding=\"async\" src=\"https:\/\/www.intoscana.it\/wp-content\/uploads\/WanderPick.jpeg\" alt=\"\" \/><\/figure>\n<p><em>&#8220;Per l&#8217;amministrazione rappresenta un altro passo ulteriore verso una<strong> citt\u00e0 sicuramente pi\u00f9 verde, pi\u00f9 accogliente e vivibile<\/strong> <\/em>&#8211; ha commentato l&#8217;assessora alla cura del verde urbano Giovanna Cepparello &#8211;<em> l&#8217;auspicio \u00e8 che in tanti vengano a visitare questo giardino, e che ci sia una grande affluenza di bambini; anche le scuole possono venire e raccogliere alcuni bulbi per poi piantarli nei loro giardini. Sono tra l&#8217;altro variet\u00e0 molto pregiate e rare di tulipani che ci regalano uno spettacolo bellissimo&#8221;.\u00a0<\/em><\/p>\n<\/div>\n<div dir=\"auto\">\n<h3>Gli altri giardini di Wander and Pick in Toscana<\/h3>\n<p>Quest&#8217;anno grazie al progetto Wander and Pick saranno altri <strong>quattro i giardini di tulipani aperti in Toscana<\/strong>, dove i cittadini potranno ammirare le fioriture e cogliere qualche tulipano da portare a casa, sempre a donazione libera.<\/p>\n<p>Il 26 marzo sar\u00e0 inaugurato il parco a <strong>Piombino<\/strong> nei\u00a0<strong>Giardini Pro Patria <\/strong>e il 29 marzo sar\u00e0 la volta del <strong>Parco dell&#8217;Acciaiolo di Scandicci <\/strong>e il 4 aprile del giardino a <strong>Lastra a Signa,<\/strong> lungo le mura e in via Brunelleschi.<br \/>\nA <strong>Sesto Fiorentino<\/strong> la fioritura dei tulipani si potr\u00e0 ammirare a partire dal 24 o 25 marzo nel Giardino del Bardo.<\/p>\n<\/div>\n","protected":false},"excerpt":{"rendered":"<p>I visitatori potranno ammirare i mille colori dei tulipani e raccoglierne qualcuno, a fronte di una donazione all&#8217;associazione Le trib\u00f9 della terra. In Toscana apriranno anche i giardini a Piombino, Scandicci, Lastra a Signa e Sesto Fiorentino<\/p>\n","protected":false},"author":502,"featured_media":220810,"comment_status":"open","ping_status":"open","sticky":false,"template":"","format":"standard","meta":{"_acf_changed":false,"footnotes":""},"categories":[6],"tags":[4628,308,5601],"class_list":["post-379072","post","type-post","status-publish","format-standard","has-post-thumbnail","hentry","category-viaggi","tag-giardini","tag-piombino","tag-primavera"],"acf":[],"yoast_head":"<!-- This site is optimized with the Yoast SEO Premium plugin v24.2 (Yoast SEO v25.6) - https:\/\/yoast.com\/wordpress\/plugins\/seo\/ -->\n<title>Wander and Pick: a Livorno aperto il parco con migliaia di tulipani in fiore - intoscana<\/title>\n<meta name=\"robots\" content=\"index, follow, max-snippet:-1, max-image-preview:large, max-video-preview:-1\" \/>\n<link rel=\"canonical\" href=\"https:\/\/www.intoscana.it\/it\/wander-and-pick-livorno-tulipani\/\" \/>\n<meta property=\"og:locale\" content=\"it_IT\" \/>\n<meta property=\"og:type\" content=\"article\" \/>\n<meta property=\"og:title\" content=\"Wander and Pick: a Livorno aperto il parco con migliaia di tulipani in fiore\" \/>\n<meta property=\"og:description\" content=\"I visitatori potranno ammirare i mille colori dei tulipani e raccoglierne qualcuno, a fronte di una donazione all&#039;associazione Le trib\u00f9 della terra. In Toscana apriranno anche i giardini a Piombino, Scandicci, Lastra a Signa e Sesto Fiorentino\" \/>\n<meta property=\"og:url\" content=\"https:\/\/www.intoscana.it\/it\/wander-and-pick-livorno-tulipani\/\" \/>\n<meta property=\"og:site_name\" content=\"intoscana\" \/>\n<meta property=\"article:publisher\" content=\"https:\/\/www.facebook.com\/intoscana.it\" \/>\n<meta property=\"article:published_time\" content=\"2025-03-21T09:41:00+00:00\" \/>\n<meta property=\"article:modified_time\" content=\"2025-03-27T10:55:19+00:00\" \/>\n<meta property=\"og:image\" content=\"https:\/\/www.intoscana.it\/wp-content\/uploads\/wander-scaled.jpeg\" \/>\n\t<meta property=\"og:image:width\" content=\"2048\" \/>\n\t<meta property=\"og:image:height\" content=\"1367\" \/>\n\t<meta property=\"og:image:type\" content=\"image\/jpeg\" \/>\n<meta name=\"author\" content=\"Ilaria Giannini\" \/>\n<meta name=\"twitter:card\" content=\"summary_large_image\" \/>\n<meta name=\"twitter:creator\" content=\"@i.giannini@fst.it\" \/>\n<meta name=\"twitter:site\" content=\"@intoscana\" \/>\n<meta name=\"twitter:label1\" content=\"Written by\" \/>\n\t<meta name=\"twitter:data1\" content=\"Ilaria Giannini\" \/>\n\t<meta name=\"twitter:label2\" content=\"Est. reading time\" \/>\n\t<meta name=\"twitter:data2\" content=\"3 minuti\" \/>\n<script type=\"application\/ld+json\" class=\"yoast-schema-graph\">{\"@context\":\"https:\/\/schema.org\",\"@graph\":[{\"@type\":\"WebPage\",\"@id\":\"https:\/\/www.intoscana.it\/it\/wander-and-pick-livorno-tulipani\/\",\"url\":\"https:\/\/www.intoscana.it\/it\/wander-and-pick-livorno-tulipani\/\",\"name\":\"Wander and Pick: a Livorno aperto il parco con migliaia di tulipani in fiore - intoscana\",\"isPartOf\":{\"@id\":\"https:\/\/www.intoscana.it\/it\/#website\"},\"primaryImageOfPage\":{\"@id\":\"https:\/\/www.intoscana.it\/it\/wander-and-pick-livorno-tulipani\/#primaryimage\"},\"image\":{\"@id\":\"https:\/\/www.intoscana.it\/it\/wander-and-pick-livorno-tulipani\/#primaryimage\"},\"thumbnailUrl\":\"https:\/\/www.intoscana.it\/wp-content\/uploads\/wander-scaled.jpeg\",\"datePublished\":\"2025-03-21T09:41:00+00:00\",\"dateModified\":\"2025-03-27T10:55:19+00:00\",\"author\":{\"@id\":\"https:\/\/www.intoscana.it\/it\/#\/schema\/person\/de95e1ed2c1c8c30a6922bbba3a90185\"},\"breadcrumb\":{\"@id\":\"https:\/\/www.intoscana.it\/it\/wander-and-pick-livorno-tulipani\/#breadcrumb\"},\"inLanguage\":\"it-IT\",\"potentialAction\":[{\"@type\":\"ReadAction\",\"target\":[\"https:\/\/www.intoscana.it\/it\/wander-and-pick-livorno-tulipani\/\"]}]},{\"@type\":\"ImageObject\",\"inLanguage\":\"it-IT\",\"@id\":\"https:\/\/www.intoscana.it\/it\/wander-and-pick-livorno-tulipani\/#primaryimage\",\"url\":\"https:\/\/www.intoscana.it\/wp-content\/uploads\/wander-scaled.jpeg\",\"contentUrl\":\"https:\/\/www.intoscana.it\/wp-content\/uploads\/wander-scaled.jpeg\",\"width\":2048,\"height\":1367,\"caption\":\"Wander and Pick\"},{\"@type\":\"BreadcrumbList\",\"@id\":\"https:\/\/www.intoscana.it\/it\/wander-and-pick-livorno-tulipani\/#breadcrumb\",\"itemListElement\":[{\"@type\":\"ListItem\",\"position\":1,\"name\":\"Home\",\"item\":\"https:\/\/www.intoscana.it\/it\/\"},{\"@type\":\"ListItem\",\"position\":2,\"name\":\"Wander and Pick: a Livorno aperto il parco con migliaia di tulipani in fiore\"}]},{\"@type\":\"WebSite\",\"@id\":\"https:\/\/www.intoscana.it\/it\/#website\",\"url\":\"https:\/\/www.intoscana.it\/it\/\",\"name\":\"intoscana\",\"description\":\"\",\"potentialAction\":[{\"@type\":\"SearchAction\",\"target\":{\"@type\":\"EntryPoint\",\"urlTemplate\":\"https:\/\/www.intoscana.it\/it\/?s={search_term_string}\"},\"query-input\":{\"@type\":\"PropertyValueSpecification\",\"valueRequired\":true,\"valueName\":\"search_term_string\"}}],\"inLanguage\":\"it-IT\"},{\"@type\":\"Person\",\"@id\":\"https:\/\/www.intoscana.it\/it\/#\/schema\/person\/de95e1ed2c1c8c30a6922bbba3a90185\",\"name\":\"Ilaria Giannini\",\"sameAs\":[\"https:\/\/x.com\/i.giannini@fst.it\"],\"url\":\"https:\/\/www.intoscana.it\/it\/author\/ilaria-giannini\/\"}]}<\/script>\n<!-- \/ Yoast SEO Premium plugin. -->","yoast_head_json":{"title":"Wander and Pick: a Livorno aperto il parco con migliaia di tulipani in fiore - intoscana","robots":{"index":"index","follow":"follow","max-snippet":"max-snippet:-1","max-image-preview":"max-image-preview:large","max-video-preview":"max-video-preview:-1"},"canonical":"https:\/\/www.intoscana.it\/it\/wander-and-pick-livorno-tulipani\/","og_locale":"it_IT","og_type":"article","og_title":"Wander and Pick: a Livorno aperto il parco con migliaia di tulipani in fiore","og_description":"I visitatori potranno ammirare i mille colori dei tulipani e raccoglierne qualcuno, a fronte di una donazione all'associazione Le trib\u00f9 della terra. In Toscana apriranno anche i giardini a Piombino, Scandicci, Lastra a Signa e Sesto Fiorentino","og_url":"https:\/\/www.intoscana.it\/it\/wander-and-pick-livorno-tulipani\/","og_site_name":"intoscana","article_publisher":"https:\/\/www.facebook.com\/intoscana.it","article_published_time":"2025-03-21T09:41:00+00:00","article_modified_time":"2025-03-27T10:55:19+00:00","og_image":[{"width":2048,"height":1367,"url":"https:\/\/www.intoscana.it\/wp-content\/uploads\/wander-scaled.jpeg","type":"image\/jpeg"}],"author":"Ilaria Giannini","twitter_card":"summary_large_image","twitter_creator":"@i.giannini@fst.it","twitter_site":"@intoscana","twitter_misc":{"Written by":"Ilaria Giannini","Est. reading time":"3 minuti"},"schema":{"@context":"https:\/\/schema.org","@graph":[{"@type":"WebPage","@id":"https:\/\/www.intoscana.it\/it\/wander-and-pick-livorno-tulipani\/","url":"https:\/\/www.intoscana.it\/it\/wander-and-pick-livorno-tulipani\/","name":"Wander and Pick: a Livorno aperto il parco con migliaia di tulipani in fiore - intoscana","isPartOf":{"@id":"https:\/\/www.intoscana.it\/it\/#website"},"primaryImageOfPage":{"@id":"https:\/\/www.intoscana.it\/it\/wander-and-pick-livorno-tulipani\/#primaryimage"},"image":{"@id":"https:\/\/www.intoscana.it\/it\/wander-and-pick-livorno-tulipani\/#primaryimage"},"thumbnailUrl":"https:\/\/www.intoscana.it\/wp-content\/uploads\/wander-scaled.jpeg","datePublished":"2025-03-21T09:41:00+00:00","dateModified":"2025-03-27T10:55:19+00:00","author":{"@id":"https:\/\/www.intoscana.it\/it\/#\/schema\/person\/de95e1ed2c1c8c30a6922bbba3a90185"},"breadcrumb":{"@id":"https:\/\/www.intoscana.it\/it\/wander-and-pick-livorno-tulipani\/#breadcrumb"},"inLanguage":"it-IT","potentialAction":[{"@type":"ReadAction","target":["https:\/\/www.intoscana.it\/it\/wander-and-pick-livorno-tulipani\/"]}]},{"@type":"ImageObject","inLanguage":"it-IT","@id":"https:\/\/www.intoscana.it\/it\/wander-and-pick-livorno-tulipani\/#primaryimage","url":"https:\/\/www.intoscana.it\/wp-content\/uploads\/wander-scaled.jpeg","contentUrl":"https:\/\/www.intoscana.it\/wp-content\/uploads\/wander-scaled.jpeg","width":2048,"height":1367,"caption":"Wander and Pick"},{"@type":"BreadcrumbList","@id":"https:\/\/www.intoscana.it\/it\/wander-and-pick-livorno-tulipani\/#breadcrumb","itemListElement":[{"@type":"ListItem","position":1,"name":"Home","item":"https:\/\/www.intoscana.it\/it\/"},{"@type":"ListItem","position":2,"name":"Wander and Pick: a Livorno aperto il parco con migliaia di tulipani in fiore"}]},{"@type":"WebSite","@id":"https:\/\/www.intoscana.it\/it\/#website","url":"https:\/\/www.intoscana.it\/it\/","name":"intoscana","description":"","potentialAction":[{"@type":"SearchAction","target":{"@type":"EntryPoint","urlTemplate":"https:\/\/www.intoscana.it\/it\/?s={search_term_string}"},"query-input":{"@type":"PropertyValueSpecification","valueRequired":true,"valueName":"search_term_string"}}],"inLanguage":"it-IT"},{"@type":"Person","@id":"https:\/\/www.intoscana.it\/it\/#\/schema\/person\/de95e1ed2c1c8c30a6922bbba3a90185","name":"Ilaria Giannini","sameAs":["https:\/\/x.com\/i.giannini@fst.it"],"url":"https:\/\/www.intoscana.it\/it\/author\/ilaria-giannini\/"}]}},"_links":{"self":[{"href":"https:\/\/www.intoscana.it\/it\/wp-json\/wp\/v2\/posts\/379072","targetHints":{"allow":["GET"]}}],"collection":[{"href":"https:\/\/www.intoscana.it\/it\/wp-json\/wp\/v2\/posts"}],"about":[{"href":"https:\/\/www.intoscana.it\/it\/wp-json\/wp\/v2\/types\/post"}],"author":[{"embeddable":true,"href":"https:\/\/www.intoscana.it\/it\/wp-json\/wp\/v2\/users\/502"}],"replies":[{"embeddable":true,"href":"https:\/\/www.intoscana.it\/it\/wp-json\/wp\/v2\/comments?post=379072"}],"version-history":[{"count":5,"href":"https:\/\/www.intoscana.it\/it\/wp-json\/wp\/v2\/posts\/379072\/revisions"}],"predecessor-version":[{"id":379792,"href":"https:\/\/www.intoscana.it\/it\/wp-json\/wp\/v2\/posts\/379072\/revisions\/379792"}],"wp:featuredmedia":[{"embeddable":true,"href":"https:\/\/www.intoscana.it\/it\/wp-json\/wp\/v2\/media\/220810"}],"wp:attachment":[{"href":"https:\/\/www.intoscana.it\/it\/wp-json\/wp\/v2\/media?parent=379072"}],"wp:term":[{"taxonomy":"category","embeddable":true,"href":"https:\/\/www.intoscana.it\/it\/wp-json\/wp\/v2\/categories?post=379072"},{"taxonomy":"post_tag","embeddable":true,"href":"https:\/\/www.intoscana.it\/it\/wp-json\/wp\/v2\/tags?post=379072"}],"curies":[{"name":"wp","href":"https:\/\/api.w.org\/{rel}","templated":true}]}}