{"id":380061,"date":"2025-03-31T12:27:40","date_gmt":"2025-03-31T10:27:40","guid":{"rendered":"https:\/\/www.intoscana.it\/it\/?p=380061"},"modified":"2025-03-31T12:34:23","modified_gmt":"2025-03-31T10:34:23","slug":"cresce-la-rete-dei-pdf-in-toscana-il-digitale-facile-arriva-a-montignoso","status":"publish","type":"post","link":"https:\/\/www.intoscana.it\/it\/cresce-la-rete-dei-pdf-in-toscana-il-digitale-facile-arriva-a-montignoso\/","title":{"rendered":"Cresce la rete dei Pdf in Toscana, il digitale facile arriva a Montignoso"},"content":{"rendered":"<p>Nona tappa a Cinquale del tour promosso dalla <strong>Regione Toscana<\/strong> per diffondere la conoscenza e le competenze rispetto all\u2019utilizzo dei <strong>servizi digitali<\/strong> e dei dispositivi elettronici.<\/p>\n<p>\u201c<em>L\u2019obiettivo di questa rete di PDF<\/em> \u2013 ha osservato l\u2019assessore regionale alla digitalizzazione, <strong>Stefano Ciuoffo<\/strong>, nel messaggio che ha inviato ai partecipanti \u2013 <em>che abbiamo creato forte di 170 sedi in ogni area della Toscana, \u00e8 quello di garantire una presenza capillare sul territorio, a partire dalle aree interne e dalle isole, per diffondere quell\u2019alfabetizzazione digitale che, insieme ad una connessione di qualit\u00e0, \u00e8 il presupposto per ridurre il digital divide<\/em>.<\/p>\n<p>Con questa <strong>rete di PDF<\/strong>, &#8220;<em>la Regione rilancia ed estende ai cittadini ed alle imprese il progetto \u201cConnessi in buona compagnia\u201d, realizzato in collaborazione con Anci Toscana e sindacati dei pensionati che alcuni anni fa l\u2019ha vista protagonista a livello nazionale <\/em>-ha detto Ciuoffo- <em>La Regione intende creare una Rete tra i servizi di facilitazione digitale per accrescere le competenze digitali diffuse, favorire l\u2019uso autonomo, consapevole e responsabile delle nuove tecnologie, promuovere il pieno godimento dei diritti di cittadinanza digitale attiva da parte di tutti ed incentivare l\u2019uso dei servizi online, semplificando il rapporto tra cittadini e Pubblica Amministrazione. Auguro dunque a tutti di accrescere le proprie competenze digitali e sono sicuro che continuerete ad utilizzare i Pdf\u201d.<\/em><\/p>\n<h3>I numeri della digitalizzazione<\/h3>\n<p>Il budget complessivo stanziato per la <strong>digitalizzazione dal Pnrr<\/strong> per la Toscana ammonta a <strong>7 milioni e 451 milioni<\/strong> euro. Per garantire il loro funzionamento si pu\u00f2 contare su una grande squadra, composta da <strong>560 facilitatori digitali<\/strong> che fino ad oggi ha erogato oltre <strong>69.300 facilitazioni<\/strong> ad oltre <strong>58.300 cittadini<\/strong>. La Toscana ha deciso di investire sulle <strong>competenze digitali<\/strong> puntando sulla prossimit\u00e0 con i cittadini, chiedendo ai Comuni e alle associazioni del territorio di essere protagonisti di questo processo.<\/p>\n<h3>Un diritto essenziale per i cittadini<\/h3>\n<p>\u201c<em>L\u2019accesso alle competenze digitali<\/em> \u2013 commenta il sindaco di Montignoso, <strong>Gianni Lorenzetti<\/strong> \u2013 <em>\u00e8 oggi un diritto essenziale per tutti i cittadini, indipendentemente dall\u2019et\u00e0 o dal livello di familiarit\u00e0 con la tecnologia. Con il Punto Digitale Facile Montignoso si inserisce in un progetto regionale che mira a ridurre il digital divide, garantendo a tutti la possibilit\u00e0 di utilizzare i servizi online in modo autonomo e consapevole. Viviamo in un\u2019epoca in cui la transizione digitale \u00e8 inevitabile, ma non tutti hanno le stesse opportunit\u00e0 di adattarsi. Per questo le istituzioni hanno il dovere di supportare chi incontra maggiori difficolt\u00e0, evitando che la mancanza di competenze tecnologiche diventi una nuova forma di esclusione sociale. \u00c8 un passo importante per rendere la digitalizzazione un\u2019opportunit\u00e0 per tutti, e non un ostacolo\u201d.<\/em><\/p>\n<h3>Dallo Spid ai servizi digitali sanitari<\/h3>\n<p>A Cinquale si \u00e8 parlato in particolare e si \u00e8 spiegato <mark>il funzionamento dell\u2019identit\u00e0 digitale, dello Spid, dei servizi digitali nella sanit\u00e0 regionale e in generale della diffusione e dell\u2019utilizzo della tecnologia digitale tra la popolazione pi\u00f9 anziana<\/mark> che pu\u00f2 avere <strong>un aiuto concreto<\/strong> nelle attivit\u00e0 quotidiane, come per la mobilit\u00e0, l\u2019accesso ai servizi e ai siti web pubblici, l&#8217;affiancamento a casa e fuori da casa, la gestione dei farmaci.<\/p>\n<p>Il prossimo appuntamento in programma per insegnare a servirsi del digitale \u00e8 in calendario mercoled\u00ec 2 aprile a <strong>Castelnuovo Garfagnana<\/strong>.<\/p>\n<p>&nbsp;<\/p>\n","protected":false},"excerpt":{"rendered":"<p>L\u2019assessore Ciuoffo: \u201dCon la rete dei PDF, la Regione rilancia ed estende a cittadini e imprese il progetto Connessi in buona compagnia\u201d<\/p>\n","protected":false},"author":525,"featured_media":380057,"comment_status":"open","ping_status":"open","sticky":false,"template":"","format":"standard","meta":{"_acf_changed":false,"footnotes":""},"categories":[475],"tags":[6296,5145,1639],"class_list":["post-380061","post","type-post","status-publish","format-standard","has-post-thumbnail","hentry","category-innovazione","tag-pnrr","tag-stefano-ciuoffo","tag-toscana-digitale"],"acf":[],"yoast_head":"<!-- This site is optimized with the Yoast SEO Premium plugin v24.2 (Yoast SEO v25.6) - https:\/\/yoast.com\/wordpress\/plugins\/seo\/ -->\n<title>Cresce la rete dei Pdf in Toscana, il digitale facile arriva a Montignoso - intoscana<\/title>\n<meta name=\"description\" content=\"L\u2019assessore Ciuoffo: \u201dCon la rete dei PDF, la Regione rilancia ed estende a cittadini e imprese il progetto Connessi in buona compagnia\u201d\" \/>\n<meta name=\"robots\" content=\"index, follow, max-snippet:-1, max-image-preview:large, max-video-preview:-1\" \/>\n<link rel=\"canonical\" href=\"https:\/\/www.intoscana.it\/it\/cresce-la-rete-dei-pdf-in-toscana-il-digitale-facile-arriva-a-montignoso\/\" \/>\n<meta property=\"og:locale\" content=\"it_IT\" \/>\n<meta property=\"og:type\" content=\"article\" \/>\n<meta property=\"og:title\" content=\"Cresce la rete dei Pdf in Toscana, il digitale facile arriva a Montignoso\" \/>\n<meta property=\"og:description\" content=\"L\u2019assessore Ciuoffo: \u201dCon la rete dei PDF, la Regione rilancia ed estende a cittadini e imprese il progetto Connessi in buona compagnia\u201d\" \/>\n<meta property=\"og:url\" content=\"https:\/\/www.intoscana.it\/it\/cresce-la-rete-dei-pdf-in-toscana-il-digitale-facile-arriva-a-montignoso\/\" \/>\n<meta property=\"og:site_name\" content=\"intoscana\" \/>\n<meta property=\"article:publisher\" content=\"https:\/\/www.facebook.com\/intoscana.it\" \/>\n<meta property=\"article:published_time\" content=\"2025-03-31T10:27:40+00:00\" \/>\n<meta property=\"article:modified_time\" content=\"2025-03-31T10:34:23+00:00\" \/>\n<meta property=\"og:image\" content=\"https:\/\/www.intoscana.it\/wp-content\/uploads\/IMG_4082-scaled.jpg\" \/>\n\t<meta property=\"og:image:width\" content=\"2048\" \/>\n\t<meta property=\"og:image:height\" content=\"1536\" \/>\n\t<meta property=\"og:image:type\" content=\"image\/jpeg\" \/>\n<meta name=\"author\" content=\"Redazione\" \/>\n<meta name=\"twitter:card\" content=\"summary_large_image\" \/>\n<meta name=\"twitter:creator\" content=\"@intoscana\" \/>\n<meta name=\"twitter:site\" content=\"@intoscana\" \/>\n<meta name=\"twitter:label1\" content=\"Written by\" \/>\n\t<meta name=\"twitter:data1\" content=\"Redazione\" \/>\n\t<meta name=\"twitter:label2\" content=\"Est. reading time\" \/>\n\t<meta name=\"twitter:data2\" content=\"3 minuti\" \/>\n<script type=\"application\/ld+json\" class=\"yoast-schema-graph\">{\"@context\":\"https:\/\/schema.org\",\"@graph\":[{\"@type\":\"WebPage\",\"@id\":\"https:\/\/www.intoscana.it\/it\/cresce-la-rete-dei-pdf-in-toscana-il-digitale-facile-arriva-a-montignoso\/\",\"url\":\"https:\/\/www.intoscana.it\/it\/cresce-la-rete-dei-pdf-in-toscana-il-digitale-facile-arriva-a-montignoso\/\",\"name\":\"Cresce la rete dei Pdf in Toscana, il digitale facile arriva a Montignoso - intoscana\",\"isPartOf\":{\"@id\":\"https:\/\/www.intoscana.it\/it\/#website\"},\"primaryImageOfPage\":{\"@id\":\"https:\/\/www.intoscana.it\/it\/cresce-la-rete-dei-pdf-in-toscana-il-digitale-facile-arriva-a-montignoso\/#primaryimage\"},\"image\":{\"@id\":\"https:\/\/www.intoscana.it\/it\/cresce-la-rete-dei-pdf-in-toscana-il-digitale-facile-arriva-a-montignoso\/#primaryimage\"},\"thumbnailUrl\":\"https:\/\/www.intoscana.it\/wp-content\/uploads\/IMG_4082-scaled.jpg\",\"datePublished\":\"2025-03-31T10:27:40+00:00\",\"dateModified\":\"2025-03-31T10:34:23+00:00\",\"author\":{\"@id\":\"https:\/\/www.intoscana.it\/it\/#\/schema\/person\/9223810753230f20bd670fdd322661f8\"},\"description\":\"L\u2019assessore Ciuoffo: \u201dCon la rete dei PDF, la Regione rilancia ed estende a cittadini e imprese il progetto Connessi in buona compagnia\u201d\",\"breadcrumb\":{\"@id\":\"https:\/\/www.intoscana.it\/it\/cresce-la-rete-dei-pdf-in-toscana-il-digitale-facile-arriva-a-montignoso\/#breadcrumb\"},\"inLanguage\":\"it-IT\",\"potentialAction\":[{\"@type\":\"ReadAction\",\"target\":[\"https:\/\/www.intoscana.it\/it\/cresce-la-rete-dei-pdf-in-toscana-il-digitale-facile-arriva-a-montignoso\/\"]}]},{\"@type\":\"ImageObject\",\"inLanguage\":\"it-IT\",\"@id\":\"https:\/\/www.intoscana.it\/it\/cresce-la-rete-dei-pdf-in-toscana-il-digitale-facile-arriva-a-montignoso\/#primaryimage\",\"url\":\"https:\/\/www.intoscana.it\/wp-content\/uploads\/IMG_4082-scaled.jpg\",\"contentUrl\":\"https:\/\/www.intoscana.it\/wp-content\/uploads\/IMG_4082-scaled.jpg\",\"width\":2048,\"height\":1536},{\"@type\":\"BreadcrumbList\",\"@id\":\"https:\/\/www.intoscana.it\/it\/cresce-la-rete-dei-pdf-in-toscana-il-digitale-facile-arriva-a-montignoso\/#breadcrumb\",\"itemListElement\":[{\"@type\":\"ListItem\",\"position\":1,\"name\":\"Home\",\"item\":\"https:\/\/www.intoscana.it\/it\/\"},{\"@type\":\"ListItem\",\"position\":2,\"name\":\"Cresce la rete dei Pdf in Toscana, il digitale facile arriva a Montignoso\"}]},{\"@type\":\"WebSite\",\"@id\":\"https:\/\/www.intoscana.it\/it\/#website\",\"url\":\"https:\/\/www.intoscana.it\/it\/\",\"name\":\"intoscana\",\"description\":\"\",\"potentialAction\":[{\"@type\":\"SearchAction\",\"target\":{\"@type\":\"EntryPoint\",\"urlTemplate\":\"https:\/\/www.intoscana.it\/it\/?s={search_term_string}\"},\"query-input\":{\"@type\":\"PropertyValueSpecification\",\"valueRequired\":true,\"valueName\":\"search_term_string\"}}],\"inLanguage\":\"it-IT\"},{\"@type\":\"Person\",\"@id\":\"https:\/\/www.intoscana.it\/it\/#\/schema\/person\/9223810753230f20bd670fdd322661f8\",\"name\":\"Redazione\",\"url\":\"https:\/\/www.intoscana.it\/it\/author\/redazione\/\"}]}<\/script>\n<!-- \/ Yoast SEO Premium plugin. -->","yoast_head_json":{"title":"Cresce la rete dei Pdf in Toscana, il digitale facile arriva a Montignoso - intoscana","description":"L\u2019assessore Ciuoffo: \u201dCon la rete dei PDF, la Regione rilancia ed estende a cittadini e imprese il progetto Connessi in buona compagnia\u201d","robots":{"index":"index","follow":"follow","max-snippet":"max-snippet:-1","max-image-preview":"max-image-preview:large","max-video-preview":"max-video-preview:-1"},"canonical":"https:\/\/www.intoscana.it\/it\/cresce-la-rete-dei-pdf-in-toscana-il-digitale-facile-arriva-a-montignoso\/","og_locale":"it_IT","og_type":"article","og_title":"Cresce la rete dei Pdf in Toscana, il digitale facile arriva a Montignoso","og_description":"L\u2019assessore Ciuoffo: \u201dCon la rete dei PDF, la Regione rilancia ed estende a cittadini e imprese il progetto Connessi in buona compagnia\u201d","og_url":"https:\/\/www.intoscana.it\/it\/cresce-la-rete-dei-pdf-in-toscana-il-digitale-facile-arriva-a-montignoso\/","og_site_name":"intoscana","article_publisher":"https:\/\/www.facebook.com\/intoscana.it","article_published_time":"2025-03-31T10:27:40+00:00","article_modified_time":"2025-03-31T10:34:23+00:00","og_image":[{"width":2048,"height":1536,"url":"https:\/\/www.intoscana.it\/wp-content\/uploads\/IMG_4082-scaled.jpg","type":"image\/jpeg"}],"author":"Redazione","twitter_card":"summary_large_image","twitter_creator":"@intoscana","twitter_site":"@intoscana","twitter_misc":{"Written by":"Redazione","Est. reading time":"3 minuti"},"schema":{"@context":"https:\/\/schema.org","@graph":[{"@type":"WebPage","@id":"https:\/\/www.intoscana.it\/it\/cresce-la-rete-dei-pdf-in-toscana-il-digitale-facile-arriva-a-montignoso\/","url":"https:\/\/www.intoscana.it\/it\/cresce-la-rete-dei-pdf-in-toscana-il-digitale-facile-arriva-a-montignoso\/","name":"Cresce la rete dei Pdf in Toscana, il digitale facile arriva a Montignoso - intoscana","isPartOf":{"@id":"https:\/\/www.intoscana.it\/it\/#website"},"primaryImageOfPage":{"@id":"https:\/\/www.intoscana.it\/it\/cresce-la-rete-dei-pdf-in-toscana-il-digitale-facile-arriva-a-montignoso\/#primaryimage"},"image":{"@id":"https:\/\/www.intoscana.it\/it\/cresce-la-rete-dei-pdf-in-toscana-il-digitale-facile-arriva-a-montignoso\/#primaryimage"},"thumbnailUrl":"https:\/\/www.intoscana.it\/wp-content\/uploads\/IMG_4082-scaled.jpg","datePublished":"2025-03-31T10:27:40+00:00","dateModified":"2025-03-31T10:34:23+00:00","author":{"@id":"https:\/\/www.intoscana.it\/it\/#\/schema\/person\/9223810753230f20bd670fdd322661f8"},"description":"L\u2019assessore Ciuoffo: \u201dCon la rete dei PDF, la Regione rilancia ed estende a cittadini e imprese il progetto Connessi in buona compagnia\u201d","breadcrumb":{"@id":"https:\/\/www.intoscana.it\/it\/cresce-la-rete-dei-pdf-in-toscana-il-digitale-facile-arriva-a-montignoso\/#breadcrumb"},"inLanguage":"it-IT","potentialAction":[{"@type":"ReadAction","target":["https:\/\/www.intoscana.it\/it\/cresce-la-rete-dei-pdf-in-toscana-il-digitale-facile-arriva-a-montignoso\/"]}]},{"@type":"ImageObject","inLanguage":"it-IT","@id":"https:\/\/www.intoscana.it\/it\/cresce-la-rete-dei-pdf-in-toscana-il-digitale-facile-arriva-a-montignoso\/#primaryimage","url":"https:\/\/www.intoscana.it\/wp-content\/uploads\/IMG_4082-scaled.jpg","contentUrl":"https:\/\/www.intoscana.it\/wp-content\/uploads\/IMG_4082-scaled.jpg","width":2048,"height":1536},{"@type":"BreadcrumbList","@id":"https:\/\/www.intoscana.it\/it\/cresce-la-rete-dei-pdf-in-toscana-il-digitale-facile-arriva-a-montignoso\/#breadcrumb","itemListElement":[{"@type":"ListItem","position":1,"name":"Home","item":"https:\/\/www.intoscana.it\/it\/"},{"@type":"ListItem","position":2,"name":"Cresce la rete dei Pdf in Toscana, il digitale facile arriva a Montignoso"}]},{"@type":"WebSite","@id":"https:\/\/www.intoscana.it\/it\/#website","url":"https:\/\/www.intoscana.it\/it\/","name":"intoscana","description":"","potentialAction":[{"@type":"SearchAction","target":{"@type":"EntryPoint","urlTemplate":"https:\/\/www.intoscana.it\/it\/?s={search_term_string}"},"query-input":{"@type":"PropertyValueSpecification","valueRequired":true,"valueName":"search_term_string"}}],"inLanguage":"it-IT"},{"@type":"Person","@id":"https:\/\/www.intoscana.it\/it\/#\/schema\/person\/9223810753230f20bd670fdd322661f8","name":"Redazione","url":"https:\/\/www.intoscana.it\/it\/author\/redazione\/"}]}},"_links":{"self":[{"href":"https:\/\/www.intoscana.it\/it\/wp-json\/wp\/v2\/posts\/380061","targetHints":{"allow":["GET"]}}],"collection":[{"href":"https:\/\/www.intoscana.it\/it\/wp-json\/wp\/v2\/posts"}],"about":[{"href":"https:\/\/www.intoscana.it\/it\/wp-json\/wp\/v2\/types\/post"}],"author":[{"embeddable":true,"href":"https:\/\/www.intoscana.it\/it\/wp-json\/wp\/v2\/users\/525"}],"replies":[{"embeddable":true,"href":"https:\/\/www.intoscana.it\/it\/wp-json\/wp\/v2\/comments?post=380061"}],"version-history":[{"count":5,"href":"https:\/\/www.intoscana.it\/it\/wp-json\/wp\/v2\/posts\/380061\/revisions"}],"predecessor-version":[{"id":380067,"href":"https:\/\/www.intoscana.it\/it\/wp-json\/wp\/v2\/posts\/380061\/revisions\/380067"}],"wp:featuredmedia":[{"embeddable":true,"href":"https:\/\/www.intoscana.it\/it\/wp-json\/wp\/v2\/media\/380057"}],"wp:attachment":[{"href":"https:\/\/www.intoscana.it\/it\/wp-json\/wp\/v2\/media?parent=380061"}],"wp:term":[{"taxonomy":"category","embeddable":true,"href":"https:\/\/www.intoscana.it\/it\/wp-json\/wp\/v2\/categories?post=380061"},{"taxonomy":"post_tag","embeddable":true,"href":"https:\/\/www.intoscana.it\/it\/wp-json\/wp\/v2\/tags?post=380061"}],"curies":[{"name":"wp","href":"https:\/\/api.w.org\/{rel}","templated":true}]}}