{"id":380372,"date":"2025-04-01T17:09:51","date_gmt":"2025-04-01T15:09:51","guid":{"rendered":"https:\/\/www.intoscana.it\/it\/?p=380372"},"modified":"2025-04-02T15:18:07","modified_gmt":"2025-04-02T13:18:07","slug":"toscana-diffusa-giani-con-unipol-per-un-nuovo-modello-di-sviluppo-sostenibile","status":"publish","type":"post","link":"https:\/\/www.intoscana.it\/it\/toscana-diffusa-giani-con-unipol-per-un-nuovo-modello-di-sviluppo-sostenibile\/","title":{"rendered":"Toscana diffusa, idee e progetti per un modello sostenibile. Giani: &#8220;Con questa legge arrivano nuove opportunit\u00e0&#8221;"},"content":{"rendered":"<p>Ci sar\u00e0 un prima e un dopo, ci saranno nuovi confronti e sicuramente nuovi interventi ma la \u201c<strong>Toscana Diffusa<\/strong>\u201d in legge (legge regionale 11\/2025) \u00e8 e rimarr\u00e0 la prima nel suo genere; e sono gi\u00e0 usciti i primi <strong>bandi<\/strong> e quindi i <strong>finanziamenti<\/strong> destinati alle aree comprese nella definizione.<\/p>\n<p>Come spiega <strong>Eugenio Giani<\/strong> quella legge \u00e8 \u201c<mark>Un punto di riferimento e un work in progress, ma anche il pilastro di ogni perfezionamento legislativo sulle aree meno densamente popolate<\/mark>\u201d. Il presidente interviene in palazzo Strozzi Sacrati per la presentazione del volume \u201c<strong>Toscana Diffusa un nuovo modello di sviluppo sostenibile \u2013 Idee e progetti per la centralit\u00e0 delle aree interne<\/strong>\u201d.<\/p>\n<p>Il volume curato da <strong>Stefano Casini Benvenuti<\/strong>, presente al convegno, raccoglie e aggiorna una due giorni di riflessione sulle aree interne promossa dal <strong>Consiglio regionale Unipol della Toscana<\/strong>, con il coinvolgimento degli stakeholder nei territori e insieme ai partner istituzionali ed economici.<\/p>\n<p>Sono due i riferimenti normativi di legislatura per promuovere la Toscana Diffusa: il Programma regionale di sviluppo e la legge regionale 11 del 2025: poco meno di 30 articoli che analizzano con disposizioni di carattere generale (\u00e8 anche una legge quadro) aspetti specifici per \u201cdare vivibilit\u00e0 ai borghi e contrastare lo spopolamento\u201d. Da qui il tema della casa, quello degli esercizi commerciali, i trasporti, i parcheggi, la connettivit\u00e0; i servizi sociali e sanitari, i centri diurni.<\/p>\n<p>\u201c<mark>Volevo superare l\u2019espressione aree interne, solitamente usata, perch\u00e9 dava la sensazione di una Toscana di serie \u2018b\u2019 e di una di serie \u2018a\u2019 &#8211; spiega il presidente &#8211; con questa legge arrivano i bandi, le opportunit\u00e0 di finanziamento, coprogettazioni e sinergie tra pubblico e privato<\/mark>\u201d. Risorse gi\u00e0 dedicate e altre in arrivo illustrate alla platea della sala Esposizioni da Alessandra de Renzis, dell\u2019ufficio di gabinetto del presidente.<\/p>\n<p>Alla presentazione \u00e8 intervenuta <strong>Marisa Parmigiani<\/strong>, responsabile sostenibilit\u00e0 Unipol e direttrice fondazione Unipolis: &#8220;Per Unipol la responsabilit\u00e0 sociale dei territori \u00e8 un aspetto significativo che contraddistingue la strategia di sostenibilit\u00e0. Questo evento \u00e8 un\u2019occasione importante per raccontare le migliori prassi e confrontarsi con la pubblica amministrazione, protagonista dello sviluppo locale. L\u2019incontro \u00e8 infatti il risultato della preziosa collaborazione con il Consiglio Regionale Unipol, protagonista attivo della creazione di valore di Unipol sul territorio toscano\u201d .<\/p>\n<p>Al convegno, patrocinato da Regione Toscana, \u00e8 intervenuta anche Anci Toscana.<\/p>\n","protected":false},"excerpt":{"rendered":"<p>Il presidente della Regione interviene in palazzo Strozzi Sacrati a Firenze per la presentazione del volume curato da Stefano Casini Benvenuti<\/p>\n","protected":false},"author":525,"featured_media":380374,"comment_status":"open","ping_status":"open","sticky":false,"template":"","format":"standard","meta":{"_acf_changed":false,"footnotes":""},"categories":[494],"tags":[151,6642],"class_list":["post-380372","post","type-post","status-publish","format-standard","has-post-thumbnail","hentry","category-attualita","tag-regione-toscana","tag-toscana-diffusa"],"acf":[],"yoast_head":"<!-- This site is optimized with the Yoast SEO Premium plugin v24.2 (Yoast SEO v25.6) - https:\/\/yoast.com\/wordpress\/plugins\/seo\/ -->\n<title>Toscana diffusa, idee e progetti per un modello sostenibile. Giani: &quot;Con questa legge arrivano nuove opportunit\u00e0&quot; - intoscana<\/title>\n<meta name=\"description\" content=\"Il presidente della Regione interviene in palazzo Strozzi Sacrati a Firenze per la presentazione del volume curato da Stefano Casini Benvenuti\" \/>\n<meta name=\"robots\" content=\"index, follow, max-snippet:-1, max-image-preview:large, max-video-preview:-1\" \/>\n<link rel=\"canonical\" href=\"https:\/\/www.intoscana.it\/it\/toscana-diffusa-giani-con-unipol-per-un-nuovo-modello-di-sviluppo-sostenibile\/\" \/>\n<meta property=\"og:locale\" content=\"it_IT\" \/>\n<meta property=\"og:type\" content=\"article\" \/>\n<meta property=\"og:title\" content=\"Toscana diffusa, idee e progetti per un modello sostenibile. Giani: &quot;Con questa legge arrivano nuove opportunit\u00e0&quot;\" \/>\n<meta property=\"og:description\" content=\"Il presidente della Regione interviene in palazzo Strozzi Sacrati a Firenze per la presentazione del volume curato da Stefano Casini Benvenuti\" \/>\n<meta property=\"og:url\" content=\"https:\/\/www.intoscana.it\/it\/toscana-diffusa-giani-con-unipol-per-un-nuovo-modello-di-sviluppo-sostenibile\/\" \/>\n<meta property=\"og:site_name\" content=\"intoscana\" \/>\n<meta property=\"article:publisher\" content=\"https:\/\/www.facebook.com\/intoscana.it\" \/>\n<meta property=\"article:published_time\" content=\"2025-04-01T15:09:51+00:00\" \/>\n<meta property=\"article:modified_time\" content=\"2025-04-02T13:18:07+00:00\" \/>\n<meta property=\"og:image\" content=\"https:\/\/www.intoscana.it\/wp-content\/uploads\/toscana-diffusa-regione-unipol.png\" \/>\n\t<meta property=\"og:image:width\" content=\"1249\" \/>\n\t<meta property=\"og:image:height\" content=\"812\" \/>\n\t<meta property=\"og:image:type\" content=\"image\/png\" \/>\n<meta name=\"author\" content=\"Redazione\" \/>\n<meta name=\"twitter:card\" content=\"summary_large_image\" \/>\n<meta name=\"twitter:creator\" content=\"@intoscana\" \/>\n<meta name=\"twitter:site\" content=\"@intoscana\" \/>\n<meta name=\"twitter:label1\" content=\"Written by\" \/>\n\t<meta name=\"twitter:data1\" content=\"Redazione\" \/>\n\t<meta name=\"twitter:label2\" content=\"Est. reading time\" \/>\n\t<meta name=\"twitter:data2\" content=\"3 minuti\" \/>\n<script type=\"application\/ld+json\" class=\"yoast-schema-graph\">{\"@context\":\"https:\/\/schema.org\",\"@graph\":[{\"@type\":\"WebPage\",\"@id\":\"https:\/\/www.intoscana.it\/it\/toscana-diffusa-giani-con-unipol-per-un-nuovo-modello-di-sviluppo-sostenibile\/\",\"url\":\"https:\/\/www.intoscana.it\/it\/toscana-diffusa-giani-con-unipol-per-un-nuovo-modello-di-sviluppo-sostenibile\/\",\"name\":\"Toscana diffusa, idee e progetti per un modello sostenibile. Giani: \\\"Con questa legge arrivano nuove opportunit\u00e0\\\" - intoscana\",\"isPartOf\":{\"@id\":\"https:\/\/www.intoscana.it\/it\/#website\"},\"primaryImageOfPage\":{\"@id\":\"https:\/\/www.intoscana.it\/it\/toscana-diffusa-giani-con-unipol-per-un-nuovo-modello-di-sviluppo-sostenibile\/#primaryimage\"},\"image\":{\"@id\":\"https:\/\/www.intoscana.it\/it\/toscana-diffusa-giani-con-unipol-per-un-nuovo-modello-di-sviluppo-sostenibile\/#primaryimage\"},\"thumbnailUrl\":\"https:\/\/www.intoscana.it\/wp-content\/uploads\/toscana-diffusa-regione-unipol.png\",\"datePublished\":\"2025-04-01T15:09:51+00:00\",\"dateModified\":\"2025-04-02T13:18:07+00:00\",\"author\":{\"@id\":\"https:\/\/www.intoscana.it\/it\/#\/schema\/person\/9223810753230f20bd670fdd322661f8\"},\"description\":\"Il presidente della Regione interviene in palazzo Strozzi Sacrati a Firenze per la presentazione del volume curato da Stefano Casini Benvenuti\",\"breadcrumb\":{\"@id\":\"https:\/\/www.intoscana.it\/it\/toscana-diffusa-giani-con-unipol-per-un-nuovo-modello-di-sviluppo-sostenibile\/#breadcrumb\"},\"inLanguage\":\"it-IT\",\"potentialAction\":[{\"@type\":\"ReadAction\",\"target\":[\"https:\/\/www.intoscana.it\/it\/toscana-diffusa-giani-con-unipol-per-un-nuovo-modello-di-sviluppo-sostenibile\/\"]}]},{\"@type\":\"ImageObject\",\"inLanguage\":\"it-IT\",\"@id\":\"https:\/\/www.intoscana.it\/it\/toscana-diffusa-giani-con-unipol-per-un-nuovo-modello-di-sviluppo-sostenibile\/#primaryimage\",\"url\":\"https:\/\/www.intoscana.it\/wp-content\/uploads\/toscana-diffusa-regione-unipol.png\",\"contentUrl\":\"https:\/\/www.intoscana.it\/wp-content\/uploads\/toscana-diffusa-regione-unipol.png\",\"width\":1249,\"height\":812,\"caption\":\"Toscana Diffusa, Giani con Unipol per \u2018un nuovo modello di sviluppo sostenibile\u2019\"},{\"@type\":\"BreadcrumbList\",\"@id\":\"https:\/\/www.intoscana.it\/it\/toscana-diffusa-giani-con-unipol-per-un-nuovo-modello-di-sviluppo-sostenibile\/#breadcrumb\",\"itemListElement\":[{\"@type\":\"ListItem\",\"position\":1,\"name\":\"Home\",\"item\":\"https:\/\/www.intoscana.it\/it\/\"},{\"@type\":\"ListItem\",\"position\":2,\"name\":\"Toscana diffusa, idee e progetti per un modello sostenibile. Giani: &#8220;Con questa legge arrivano nuove opportunit\u00e0&#8221;\"}]},{\"@type\":\"WebSite\",\"@id\":\"https:\/\/www.intoscana.it\/it\/#website\",\"url\":\"https:\/\/www.intoscana.it\/it\/\",\"name\":\"intoscana\",\"description\":\"\",\"potentialAction\":[{\"@type\":\"SearchAction\",\"target\":{\"@type\":\"EntryPoint\",\"urlTemplate\":\"https:\/\/www.intoscana.it\/it\/?s={search_term_string}\"},\"query-input\":{\"@type\":\"PropertyValueSpecification\",\"valueRequired\":true,\"valueName\":\"search_term_string\"}}],\"inLanguage\":\"it-IT\"},{\"@type\":\"Person\",\"@id\":\"https:\/\/www.intoscana.it\/it\/#\/schema\/person\/9223810753230f20bd670fdd322661f8\",\"name\":\"Redazione\",\"url\":\"https:\/\/www.intoscana.it\/it\/author\/redazione\/\"}]}<\/script>\n<!-- \/ Yoast SEO Premium plugin. -->","yoast_head_json":{"title":"Toscana diffusa, idee e progetti per un modello sostenibile. Giani: \"Con questa legge arrivano nuove opportunit\u00e0\" - intoscana","description":"Il presidente della Regione interviene in palazzo Strozzi Sacrati a Firenze per la presentazione del volume curato da Stefano Casini Benvenuti","robots":{"index":"index","follow":"follow","max-snippet":"max-snippet:-1","max-image-preview":"max-image-preview:large","max-video-preview":"max-video-preview:-1"},"canonical":"https:\/\/www.intoscana.it\/it\/toscana-diffusa-giani-con-unipol-per-un-nuovo-modello-di-sviluppo-sostenibile\/","og_locale":"it_IT","og_type":"article","og_title":"Toscana diffusa, idee e progetti per un modello sostenibile. Giani: \"Con questa legge arrivano nuove opportunit\u00e0\"","og_description":"Il presidente della Regione interviene in palazzo Strozzi Sacrati a Firenze per la presentazione del volume curato da Stefano Casini Benvenuti","og_url":"https:\/\/www.intoscana.it\/it\/toscana-diffusa-giani-con-unipol-per-un-nuovo-modello-di-sviluppo-sostenibile\/","og_site_name":"intoscana","article_publisher":"https:\/\/www.facebook.com\/intoscana.it","article_published_time":"2025-04-01T15:09:51+00:00","article_modified_time":"2025-04-02T13:18:07+00:00","og_image":[{"width":1249,"height":812,"url":"https:\/\/www.intoscana.it\/wp-content\/uploads\/toscana-diffusa-regione-unipol.png","type":"image\/png"}],"author":"Redazione","twitter_card":"summary_large_image","twitter_creator":"@intoscana","twitter_site":"@intoscana","twitter_misc":{"Written by":"Redazione","Est. reading time":"3 minuti"},"schema":{"@context":"https:\/\/schema.org","@graph":[{"@type":"WebPage","@id":"https:\/\/www.intoscana.it\/it\/toscana-diffusa-giani-con-unipol-per-un-nuovo-modello-di-sviluppo-sostenibile\/","url":"https:\/\/www.intoscana.it\/it\/toscana-diffusa-giani-con-unipol-per-un-nuovo-modello-di-sviluppo-sostenibile\/","name":"Toscana diffusa, idee e progetti per un modello sostenibile. Giani: \"Con questa legge arrivano nuove opportunit\u00e0\" - intoscana","isPartOf":{"@id":"https:\/\/www.intoscana.it\/it\/#website"},"primaryImageOfPage":{"@id":"https:\/\/www.intoscana.it\/it\/toscana-diffusa-giani-con-unipol-per-un-nuovo-modello-di-sviluppo-sostenibile\/#primaryimage"},"image":{"@id":"https:\/\/www.intoscana.it\/it\/toscana-diffusa-giani-con-unipol-per-un-nuovo-modello-di-sviluppo-sostenibile\/#primaryimage"},"thumbnailUrl":"https:\/\/www.intoscana.it\/wp-content\/uploads\/toscana-diffusa-regione-unipol.png","datePublished":"2025-04-01T15:09:51+00:00","dateModified":"2025-04-02T13:18:07+00:00","author":{"@id":"https:\/\/www.intoscana.it\/it\/#\/schema\/person\/9223810753230f20bd670fdd322661f8"},"description":"Il presidente della Regione interviene in palazzo Strozzi Sacrati a Firenze per la presentazione del volume curato da Stefano Casini Benvenuti","breadcrumb":{"@id":"https:\/\/www.intoscana.it\/it\/toscana-diffusa-giani-con-unipol-per-un-nuovo-modello-di-sviluppo-sostenibile\/#breadcrumb"},"inLanguage":"it-IT","potentialAction":[{"@type":"ReadAction","target":["https:\/\/www.intoscana.it\/it\/toscana-diffusa-giani-con-unipol-per-un-nuovo-modello-di-sviluppo-sostenibile\/"]}]},{"@type":"ImageObject","inLanguage":"it-IT","@id":"https:\/\/www.intoscana.it\/it\/toscana-diffusa-giani-con-unipol-per-un-nuovo-modello-di-sviluppo-sostenibile\/#primaryimage","url":"https:\/\/www.intoscana.it\/wp-content\/uploads\/toscana-diffusa-regione-unipol.png","contentUrl":"https:\/\/www.intoscana.it\/wp-content\/uploads\/toscana-diffusa-regione-unipol.png","width":1249,"height":812,"caption":"Toscana Diffusa, Giani con Unipol per \u2018un nuovo modello di sviluppo sostenibile\u2019"},{"@type":"BreadcrumbList","@id":"https:\/\/www.intoscana.it\/it\/toscana-diffusa-giani-con-unipol-per-un-nuovo-modello-di-sviluppo-sostenibile\/#breadcrumb","itemListElement":[{"@type":"ListItem","position":1,"name":"Home","item":"https:\/\/www.intoscana.it\/it\/"},{"@type":"ListItem","position":2,"name":"Toscana diffusa, idee e progetti per un modello sostenibile. Giani: &#8220;Con questa legge arrivano nuove opportunit\u00e0&#8221;"}]},{"@type":"WebSite","@id":"https:\/\/www.intoscana.it\/it\/#website","url":"https:\/\/www.intoscana.it\/it\/","name":"intoscana","description":"","potentialAction":[{"@type":"SearchAction","target":{"@type":"EntryPoint","urlTemplate":"https:\/\/www.intoscana.it\/it\/?s={search_term_string}"},"query-input":{"@type":"PropertyValueSpecification","valueRequired":true,"valueName":"search_term_string"}}],"inLanguage":"it-IT"},{"@type":"Person","@id":"https:\/\/www.intoscana.it\/it\/#\/schema\/person\/9223810753230f20bd670fdd322661f8","name":"Redazione","url":"https:\/\/www.intoscana.it\/it\/author\/redazione\/"}]}},"_links":{"self":[{"href":"https:\/\/www.intoscana.it\/it\/wp-json\/wp\/v2\/posts\/380372","targetHints":{"allow":["GET"]}}],"collection":[{"href":"https:\/\/www.intoscana.it\/it\/wp-json\/wp\/v2\/posts"}],"about":[{"href":"https:\/\/www.intoscana.it\/it\/wp-json\/wp\/v2\/types\/post"}],"author":[{"embeddable":true,"href":"https:\/\/www.intoscana.it\/it\/wp-json\/wp\/v2\/users\/525"}],"replies":[{"embeddable":true,"href":"https:\/\/www.intoscana.it\/it\/wp-json\/wp\/v2\/comments?post=380372"}],"version-history":[{"count":5,"href":"https:\/\/www.intoscana.it\/it\/wp-json\/wp\/v2\/posts\/380372\/revisions"}],"predecessor-version":[{"id":380469,"href":"https:\/\/www.intoscana.it\/it\/wp-json\/wp\/v2\/posts\/380372\/revisions\/380469"}],"wp:featuredmedia":[{"embeddable":true,"href":"https:\/\/www.intoscana.it\/it\/wp-json\/wp\/v2\/media\/380374"}],"wp:attachment":[{"href":"https:\/\/www.intoscana.it\/it\/wp-json\/wp\/v2\/media?parent=380372"}],"wp:term":[{"taxonomy":"category","embeddable":true,"href":"https:\/\/www.intoscana.it\/it\/wp-json\/wp\/v2\/categories?post=380372"},{"taxonomy":"post_tag","embeddable":true,"href":"https:\/\/www.intoscana.it\/it\/wp-json\/wp\/v2\/tags?post=380372"}],"curies":[{"name":"wp","href":"https:\/\/api.w.org\/{rel}","templated":true}]}}