{"id":380509,"date":"2025-04-05T09:21:33","date_gmt":"2025-04-05T07:21:33","guid":{"rendered":"https:\/\/www.intoscana.it\/it\/?p=380509"},"modified":"2025-04-05T09:21:33","modified_gmt":"2025-04-05T07:21:33","slug":"mark-eitzel-il-poeta-della-malinconia-si-racconta-dagli-american-music-club-alla-carriera-solista","status":"publish","type":"post","link":"https:\/\/www.intoscana.it\/it\/mark-eitzel-il-poeta-della-malinconia-si-racconta-dagli-american-music-club-alla-carriera-solista\/","title":{"rendered":"Mark Eitzel il poeta della malinconia si racconta: dagli American Music Club alla carriera solista"},"content":{"rendered":"<p><strong>Mercoled\u00ec 9 aprile<\/strong> dopo quasi dieci anni di assenza dall\u2019Europa, torna in concerto al <strong>Circolo Arci Il Progresso di Firenze<\/strong> uno dei fuoriclasse dell\u2019<strong>alternative music americana.<\/strong><\/p>\n<p><strong>Mark Eitzel il leader degli American Music Club <\/strong>sar\u00e0 in tour per una retrospettiva acustica sulla propria carriera nella band e come solista.<\/p>\n<p>Definito da The Guardian<strong><em> \u201cIl pi\u00f9 grande paroliere americano vivente\u201d<\/em><\/strong> e insignito del premio <strong><em>\u201cSongwriter of the Year\u201d<\/em><\/strong> da Rolling Stone, Eitzel ha pubblicato oltre 20 lavori tra gli anni con la band e l acarriera solista.<\/p>\n<p>Sta per tornare sulle scene con <strong>due nuove pubblicazioni nel 2025<\/strong>: un box set e un EP che verr\u00e0 stampato esclusivamente in vinile, oltre a lavorare alle riedizione dei vecchi album degli <strong>American Music Club.<\/strong><\/p>\n<p>Autore sopraffino con la personalit\u00e0 del crooner, Eitzel spazia<strong>\u00a0dalla musica rock, al jazz all\u2019elettronica,<\/strong> collaborando nei suoi dischi con artisti del calibro di <strong>Peter Buck (R.E.M.), Steve Shelley (Sonic Youth), James McNew (Yo La Tengo), Steve Berlin (Los Lobos) e Mike McReady (Pearl Jam).<\/strong><\/p>\n<h3>Ecco il nostro &#8220;botta e risposta&#8221; con Mark Eitzel<\/h3>\n<p><strong>Gli American Music Club hanno creato un suono unico tra folk, rock e slowcore. Guardando al passato, come descriveresti l&#8217;eredit\u00e0 della band oggi?<\/strong><\/p>\n<p>La nostra eredit\u00e0 \u00e8 per lo pi\u00f9 dimenticata o, se siamo fortunati, <strong>un clich\u00e9 culturale. <\/strong><p><span class=\"citazione\">Spotify ti paga come uno schiavo, perch\u00e9 per loro sei solo questo. Sei solo contenuti a basso costo. Per avere successo su internet vogliono che tu sia un sociopatico<\/span><\/p><\/p>\n<p><strong>Qual \u00e8 il ricordo pi\u00f9 vivido che ha degli anni trascorsi con la band?<\/strong><\/p>\n<p>Andare in tour con queste persone \u00e8 stato difficile. Loro erano duri e io ero duro. <strong>L&#8217;infelice mantra era \u201cfacciamo schifo\u201d.<\/strong> Facevamo un gioco nel backstage chiamato<strong><em> \u201cSpin spin o wheel of doom\u201d.<\/em><\/strong> Chi vinceva si aggiudicava il panino mangiato a met\u00e0 o della carne di merda per il pranzo. Prevedevamo quante persone ci sarebbero state tra il pubblico. Tutte queste cose rendevano la vita impossibile.<\/p>\n<p><strong>I vostri testi sono spesso molto introspettivi e malinconici. Quali sono le tue principali fonti di ispirazione quando scrivi?<\/strong><\/p>\n<p><strong>Espellere la mia ansia<\/strong> per non averla pi\u00f9. Raccontare le storie delle persone che conoscevo.<\/p>\n<p><strong>Il tuo approccio alla scrittura \u00e8 cambiato nel corso degli anni? Si sente pi\u00f9 a suo agio nel processo creativo oggi rispetto al passato?<\/strong><\/p>\n<p>Assolutamente s\u00ec, <strong>non mi resta molto tempo, quindi sono pi\u00f9 che mai preso dalla scrittura.<\/strong><\/p>\n<p><strong>Il tuo ultimo album <em>\u201cHey Mr. Ferryman\u201d<\/em> \u00e8 stato prodotto da Bernard Butler. Com&#8217;\u00e8 stata la collaborazione con lui?<\/strong><\/p>\n<p>\u00c8 un genio. \u00c8 stato un vero piacere.<\/p>\n<figure id=\"post-380510 media-380510\" class=\"align-none\"><img decoding=\"async\" src=\"https:\/\/www.intoscana.it\/wp-content\/uploads\/IMG_0012.jpg\" alt=\"\" \/><\/figure>\n<div class=\"titleimg\">Mark Eitzel<\/div>\n<p><strong>Pensi che oggi sia pi\u00f9 facile o pi\u00f9 difficile per un artista indipendente emergere?<\/strong><\/p>\n<p>S\u00ec, <strong>internet rende tutto pi\u00f9 facile<\/strong> se si \u00e8 attenti ai dettagli del postare e del ripubblicare e del cercare di distinguersi dai trilioni di persone su Spotify che ti paga come uno schiavo &#8211; perch\u00e9 per loro sei solo questo. Sei solo contenuti a basso costo.<strong> Per avere successo su internet vogliono che tu sia un sociopatico.<\/strong> Rispetto chi resiste.<\/p>\n<p><strong>Ti senti ancora legato alla scena musicale di San Francisco o pensi che il tuo rapporto con la citt\u00e0 sia cambiato nel tempo?<\/strong><\/p>\n<p>La vita \u00e8 piena di impegni. <strong>Ho passato un decennio a Los Angeles<\/strong>, quindi non la conosco pi\u00f9. Ci sono alcuni cantautori che mi piacciono. C&#8217;\u00e8 anche una piccola comunit\u00e0 musicale per gli anziani, con alcuni musicisti straordinari, ma per lo pi\u00f9 si tratta di cover e non credo che siano importanti.<\/p>\n<p><strong>Cosa ci pu\u00f2 dire dei tuoi prossimi progetti musicali?<\/strong><\/p>\n<p>Ho circa 30 canzoni nei miei dischi. Ne ho mixate 7. Al momento si chiama<strong><em> &#8220;Fall Risk&#8221;.<\/em><\/strong><\/p>\n<p><strong>Qual \u00e8 la cosa pi\u00f9 importante che hai imparato in tutti questi anni di carriera?<\/strong><\/p>\n<p>1-Essere puntuale<br \/>\n2-Essere trattati e trattare gli altri con rispetto<br \/>\n3-Non sei il protagonista<br \/>\n4-Non fare prigionieri quando ti esibisci. Ogni volta. Per 5 o 5000 persone<br \/>\n5-Toglietevi di torno<\/p>\n<p><strong>Cosa suonerete per noi a Firenze? Come sar\u00e0 la scaletta?<\/strong><\/p>\n<p>Un po&#8217; di nuove canzoni.<br \/>\nUn mucchio di vecchie canzoni.<br \/>\nPianti e lamenti.<\/p>\n<p>Prevendita consigliata: <a href=\"https:\/\/oooh.events\/evento\/mark-eitzel-biglietti\/\" target=\"_blank\" rel=\"noopener\"><strong>https:\/\/oooh.events\/evento\/mark-eitzel-biglietti\/<\/strong><\/a><\/p>\n<p><iframe loading=\"lazy\" title=\"YouTube video player\" src=\"https:\/\/www.youtube.com\/embed\/zrT7kynkxUk?si=JW1FRLFWgG2xqY3P\" width=\"800\" height=\"450\" frameborder=\"0\" allowfullscreen=\"allowfullscreen\"><span data-mce-type=\"bookmark\" style=\"display: inline-block; width: 0px; overflow: hidden; line-height: 0;\" class=\"mce_SELRES_start\">\ufeff<\/span><\/iframe><\/p>\n","protected":false},"excerpt":{"rendered":"<p>Dopo quasi dieci anni di assenza dall\u2019Europa, torna in concerto mercoled\u00ec 9 aprile al Circolo Arci Il Progresso di Firenze uno dei fuoriclasse dell\u2019alternative music, il leader degli American Music Club che annuncia l&#8217;uscita di un nuovo disco &#8220;Fall Risk&#8221;<\/p>\n","protected":false},"author":518,"featured_media":380157,"comment_status":"open","ping_status":"open","sticky":false,"template":"","format":"standard","meta":{"_acf_changed":false,"footnotes":""},"categories":[14],"tags":[216,4474,3138],"class_list":["post-380509","post","type-post","status-publish","format-standard","has-post-thumbnail","hentry","category-musica","tag-concerti","tag-eventi","tag-interviste-agli-artisti"],"acf":[],"yoast_head":"<!-- This site is optimized with the Yoast SEO Premium plugin v24.2 (Yoast SEO v25.6) - https:\/\/yoast.com\/wordpress\/plugins\/seo\/ -->\n<title>Mark Eitzel il poeta della malinconia si racconta: dagli American Music Club alla carriera solista - intoscana<\/title>\n<meta name=\"description\" content=\"Torna in concerto mercoled\u00ec 9 aprile al Circolo Arci Il Progresso di Firenze uno dei fuoriclasse dell\u2019alternative music: Mark Eitzel\" \/>\n<meta name=\"robots\" content=\"index, follow, max-snippet:-1, max-image-preview:large, max-video-preview:-1\" \/>\n<link rel=\"canonical\" href=\"https:\/\/www.intoscana.it\/it\/mark-eitzel-il-poeta-della-malinconia-si-racconta-dagli-american-music-club-alla-carriera-solista\/\" \/>\n<meta property=\"og:locale\" content=\"it_IT\" \/>\n<meta property=\"og:type\" content=\"article\" \/>\n<meta property=\"og:title\" content=\"Mark Eitzel il poeta della malinconia si racconta: dagli American Music Club alla carriera solista\" \/>\n<meta property=\"og:description\" content=\"Torna in concerto mercoled\u00ec 9 aprile al Circolo Arci Il Progresso di Firenze uno dei fuoriclasse dell\u2019alternative music: Mark Eitzel\" \/>\n<meta property=\"og:url\" content=\"https:\/\/www.intoscana.it\/it\/mark-eitzel-il-poeta-della-malinconia-si-racconta-dagli-american-music-club-alla-carriera-solista\/\" \/>\n<meta property=\"og:site_name\" content=\"intoscana\" \/>\n<meta property=\"article:publisher\" content=\"https:\/\/www.facebook.com\/intoscana.it\" \/>\n<meta property=\"article:published_time\" content=\"2025-04-05T07:21:33+00:00\" \/>\n<meta property=\"og:image\" content=\"https:\/\/www.intoscana.it\/wp-content\/uploads\/Mark-Eitzel.jpeg\" \/>\n\t<meta property=\"og:image:width\" content=\"2048\" \/>\n\t<meta property=\"og:image:height\" content=\"1365\" \/>\n\t<meta property=\"og:image:type\" content=\"image\/jpeg\" \/>\n<meta name=\"author\" content=\"Costanza Baldini\" \/>\n<meta name=\"twitter:card\" content=\"summary_large_image\" \/>\n<meta name=\"twitter:creator\" content=\"@intoscana\" \/>\n<meta name=\"twitter:site\" content=\"@intoscana\" \/>\n<meta name=\"twitter:label1\" content=\"Written by\" \/>\n\t<meta name=\"twitter:data1\" content=\"Costanza Baldini\" \/>\n\t<meta name=\"twitter:label2\" content=\"Est. reading time\" \/>\n\t<meta name=\"twitter:data2\" content=\"4 minuti\" \/>\n<script type=\"application\/ld+json\" class=\"yoast-schema-graph\">{\"@context\":\"https:\/\/schema.org\",\"@graph\":[{\"@type\":\"WebPage\",\"@id\":\"https:\/\/www.intoscana.it\/it\/mark-eitzel-il-poeta-della-malinconia-si-racconta-dagli-american-music-club-alla-carriera-solista\/\",\"url\":\"https:\/\/www.intoscana.it\/it\/mark-eitzel-il-poeta-della-malinconia-si-racconta-dagli-american-music-club-alla-carriera-solista\/\",\"name\":\"Mark Eitzel il poeta della malinconia si racconta: dagli American Music Club alla carriera solista - intoscana\",\"isPartOf\":{\"@id\":\"https:\/\/www.intoscana.it\/it\/#website\"},\"primaryImageOfPage\":{\"@id\":\"https:\/\/www.intoscana.it\/it\/mark-eitzel-il-poeta-della-malinconia-si-racconta-dagli-american-music-club-alla-carriera-solista\/#primaryimage\"},\"image\":{\"@id\":\"https:\/\/www.intoscana.it\/it\/mark-eitzel-il-poeta-della-malinconia-si-racconta-dagli-american-music-club-alla-carriera-solista\/#primaryimage\"},\"thumbnailUrl\":\"https:\/\/www.intoscana.it\/wp-content\/uploads\/Mark-Eitzel.jpeg\",\"datePublished\":\"2025-04-05T07:21:33+00:00\",\"author\":{\"@id\":\"https:\/\/www.intoscana.it\/it\/#\/schema\/person\/d469f35f09739bdf00bf5dd3f0647a82\"},\"description\":\"Torna in concerto mercoled\u00ec 9 aprile al Circolo Arci Il Progresso di Firenze uno dei fuoriclasse dell\u2019alternative music: Mark Eitzel\",\"breadcrumb\":{\"@id\":\"https:\/\/www.intoscana.it\/it\/mark-eitzel-il-poeta-della-malinconia-si-racconta-dagli-american-music-club-alla-carriera-solista\/#breadcrumb\"},\"inLanguage\":\"it-IT\",\"potentialAction\":[{\"@type\":\"ReadAction\",\"target\":[\"https:\/\/www.intoscana.it\/it\/mark-eitzel-il-poeta-della-malinconia-si-racconta-dagli-american-music-club-alla-carriera-solista\/\"]}]},{\"@type\":\"ImageObject\",\"inLanguage\":\"it-IT\",\"@id\":\"https:\/\/www.intoscana.it\/it\/mark-eitzel-il-poeta-della-malinconia-si-racconta-dagli-american-music-club-alla-carriera-solista\/#primaryimage\",\"url\":\"https:\/\/www.intoscana.it\/wp-content\/uploads\/Mark-Eitzel.jpeg\",\"contentUrl\":\"https:\/\/www.intoscana.it\/wp-content\/uploads\/Mark-Eitzel.jpeg\",\"width\":2048,\"height\":1365},{\"@type\":\"BreadcrumbList\",\"@id\":\"https:\/\/www.intoscana.it\/it\/mark-eitzel-il-poeta-della-malinconia-si-racconta-dagli-american-music-club-alla-carriera-solista\/#breadcrumb\",\"itemListElement\":[{\"@type\":\"ListItem\",\"position\":1,\"name\":\"Home\",\"item\":\"https:\/\/www.intoscana.it\/it\/\"},{\"@type\":\"ListItem\",\"position\":2,\"name\":\"Mark Eitzel il poeta della malinconia si racconta: dagli American Music Club alla carriera solista\"}]},{\"@type\":\"WebSite\",\"@id\":\"https:\/\/www.intoscana.it\/it\/#website\",\"url\":\"https:\/\/www.intoscana.it\/it\/\",\"name\":\"intoscana\",\"description\":\"\",\"potentialAction\":[{\"@type\":\"SearchAction\",\"target\":{\"@type\":\"EntryPoint\",\"urlTemplate\":\"https:\/\/www.intoscana.it\/it\/?s={search_term_string}\"},\"query-input\":{\"@type\":\"PropertyValueSpecification\",\"valueRequired\":true,\"valueName\":\"search_term_string\"}}],\"inLanguage\":\"it-IT\"},{\"@type\":\"Person\",\"@id\":\"https:\/\/www.intoscana.it\/it\/#\/schema\/person\/d469f35f09739bdf00bf5dd3f0647a82\",\"name\":\"Costanza Baldini\",\"url\":\"https:\/\/www.intoscana.it\/it\/author\/costanza-baldini\/\"}]}<\/script>\n<!-- \/ Yoast SEO Premium plugin. -->","yoast_head_json":{"title":"Mark Eitzel il poeta della malinconia si racconta: dagli American Music Club alla carriera solista - intoscana","description":"Torna in concerto mercoled\u00ec 9 aprile al Circolo Arci Il Progresso di Firenze uno dei fuoriclasse dell\u2019alternative music: Mark Eitzel","robots":{"index":"index","follow":"follow","max-snippet":"max-snippet:-1","max-image-preview":"max-image-preview:large","max-video-preview":"max-video-preview:-1"},"canonical":"https:\/\/www.intoscana.it\/it\/mark-eitzel-il-poeta-della-malinconia-si-racconta-dagli-american-music-club-alla-carriera-solista\/","og_locale":"it_IT","og_type":"article","og_title":"Mark Eitzel il poeta della malinconia si racconta: dagli American Music Club alla carriera solista","og_description":"Torna in concerto mercoled\u00ec 9 aprile al Circolo Arci Il Progresso di Firenze uno dei fuoriclasse dell\u2019alternative music: Mark Eitzel","og_url":"https:\/\/www.intoscana.it\/it\/mark-eitzel-il-poeta-della-malinconia-si-racconta-dagli-american-music-club-alla-carriera-solista\/","og_site_name":"intoscana","article_publisher":"https:\/\/www.facebook.com\/intoscana.it","article_published_time":"2025-04-05T07:21:33+00:00","og_image":[{"width":2048,"height":1365,"url":"https:\/\/www.intoscana.it\/wp-content\/uploads\/Mark-Eitzel.jpeg","type":"image\/jpeg"}],"author":"Costanza Baldini","twitter_card":"summary_large_image","twitter_creator":"@intoscana","twitter_site":"@intoscana","twitter_misc":{"Written by":"Costanza Baldini","Est. reading time":"4 minuti"},"schema":{"@context":"https:\/\/schema.org","@graph":[{"@type":"WebPage","@id":"https:\/\/www.intoscana.it\/it\/mark-eitzel-il-poeta-della-malinconia-si-racconta-dagli-american-music-club-alla-carriera-solista\/","url":"https:\/\/www.intoscana.it\/it\/mark-eitzel-il-poeta-della-malinconia-si-racconta-dagli-american-music-club-alla-carriera-solista\/","name":"Mark Eitzel il poeta della malinconia si racconta: dagli American Music Club alla carriera solista - intoscana","isPartOf":{"@id":"https:\/\/www.intoscana.it\/it\/#website"},"primaryImageOfPage":{"@id":"https:\/\/www.intoscana.it\/it\/mark-eitzel-il-poeta-della-malinconia-si-racconta-dagli-american-music-club-alla-carriera-solista\/#primaryimage"},"image":{"@id":"https:\/\/www.intoscana.it\/it\/mark-eitzel-il-poeta-della-malinconia-si-racconta-dagli-american-music-club-alla-carriera-solista\/#primaryimage"},"thumbnailUrl":"https:\/\/www.intoscana.it\/wp-content\/uploads\/Mark-Eitzel.jpeg","datePublished":"2025-04-05T07:21:33+00:00","author":{"@id":"https:\/\/www.intoscana.it\/it\/#\/schema\/person\/d469f35f09739bdf00bf5dd3f0647a82"},"description":"Torna in concerto mercoled\u00ec 9 aprile al Circolo Arci Il Progresso di Firenze uno dei fuoriclasse dell\u2019alternative music: Mark Eitzel","breadcrumb":{"@id":"https:\/\/www.intoscana.it\/it\/mark-eitzel-il-poeta-della-malinconia-si-racconta-dagli-american-music-club-alla-carriera-solista\/#breadcrumb"},"inLanguage":"it-IT","potentialAction":[{"@type":"ReadAction","target":["https:\/\/www.intoscana.it\/it\/mark-eitzel-il-poeta-della-malinconia-si-racconta-dagli-american-music-club-alla-carriera-solista\/"]}]},{"@type":"ImageObject","inLanguage":"it-IT","@id":"https:\/\/www.intoscana.it\/it\/mark-eitzel-il-poeta-della-malinconia-si-racconta-dagli-american-music-club-alla-carriera-solista\/#primaryimage","url":"https:\/\/www.intoscana.it\/wp-content\/uploads\/Mark-Eitzel.jpeg","contentUrl":"https:\/\/www.intoscana.it\/wp-content\/uploads\/Mark-Eitzel.jpeg","width":2048,"height":1365},{"@type":"BreadcrumbList","@id":"https:\/\/www.intoscana.it\/it\/mark-eitzel-il-poeta-della-malinconia-si-racconta-dagli-american-music-club-alla-carriera-solista\/#breadcrumb","itemListElement":[{"@type":"ListItem","position":1,"name":"Home","item":"https:\/\/www.intoscana.it\/it\/"},{"@type":"ListItem","position":2,"name":"Mark Eitzel il poeta della malinconia si racconta: dagli American Music Club alla carriera solista"}]},{"@type":"WebSite","@id":"https:\/\/www.intoscana.it\/it\/#website","url":"https:\/\/www.intoscana.it\/it\/","name":"intoscana","description":"","potentialAction":[{"@type":"SearchAction","target":{"@type":"EntryPoint","urlTemplate":"https:\/\/www.intoscana.it\/it\/?s={search_term_string}"},"query-input":{"@type":"PropertyValueSpecification","valueRequired":true,"valueName":"search_term_string"}}],"inLanguage":"it-IT"},{"@type":"Person","@id":"https:\/\/www.intoscana.it\/it\/#\/schema\/person\/d469f35f09739bdf00bf5dd3f0647a82","name":"Costanza Baldini","url":"https:\/\/www.intoscana.it\/it\/author\/costanza-baldini\/"}]}},"_links":{"self":[{"href":"https:\/\/www.intoscana.it\/it\/wp-json\/wp\/v2\/posts\/380509","targetHints":{"allow":["GET"]}}],"collection":[{"href":"https:\/\/www.intoscana.it\/it\/wp-json\/wp\/v2\/posts"}],"about":[{"href":"https:\/\/www.intoscana.it\/it\/wp-json\/wp\/v2\/types\/post"}],"author":[{"embeddable":true,"href":"https:\/\/www.intoscana.it\/it\/wp-json\/wp\/v2\/users\/518"}],"replies":[{"embeddable":true,"href":"https:\/\/www.intoscana.it\/it\/wp-json\/wp\/v2\/comments?post=380509"}],"version-history":[{"count":5,"href":"https:\/\/www.intoscana.it\/it\/wp-json\/wp\/v2\/posts\/380509\/revisions"}],"predecessor-version":[{"id":380518,"href":"https:\/\/www.intoscana.it\/it\/wp-json\/wp\/v2\/posts\/380509\/revisions\/380518"}],"wp:featuredmedia":[{"embeddable":true,"href":"https:\/\/www.intoscana.it\/it\/wp-json\/wp\/v2\/media\/380157"}],"wp:attachment":[{"href":"https:\/\/www.intoscana.it\/it\/wp-json\/wp\/v2\/media?parent=380509"}],"wp:term":[{"taxonomy":"category","embeddable":true,"href":"https:\/\/www.intoscana.it\/it\/wp-json\/wp\/v2\/categories?post=380509"},{"taxonomy":"post_tag","embeddable":true,"href":"https:\/\/www.intoscana.it\/it\/wp-json\/wp\/v2\/tags?post=380509"}],"curies":[{"name":"wp","href":"https:\/\/api.w.org\/{rel}","templated":true}]}}