{"id":380739,"date":"2025-04-07T09:10:56","date_gmt":"2025-04-07T07:10:56","guid":{"rendered":"https:\/\/www.intoscana.it\/it\/?p=380739"},"modified":"2025-04-07T15:53:18","modified_gmt":"2025-04-07T13:53:18","slug":"alessio-bondi-il-cantautore-di-palermo-che-trasforma-il-dialetto-in-un-canto-magico","status":"publish","type":"post","link":"https:\/\/www.intoscana.it\/it\/alessio-bondi-il-cantautore-di-palermo-che-trasforma-il-dialetto-in-un-canto-magico\/","title":{"rendered":"Alessio Bond\u00ec: il cantautore di Palermo che trasforma il dialetto in un canto magico"},"content":{"rendered":"<p><strong>Alessio Bond\u00ec \u00e8 un cantautore palermitano<\/strong>, che con la sua musica offre uno sguardo nuovo ed emozionante sul dialetto siciliano, che nelle sue canzoni non \u00e8 una lingua &#8220;di serie B&#8221;, ma diventa <strong>uno strumento prezioso per esprimere l&#8217;inesprimibile.<\/strong><\/p>\n<p>Dopo un ispirato esordio acclamato da pubblico e critica (<strong><em>Sfardo<\/em><\/strong>, 2015), Bond\u00ec come un &#8220;palombaro musicale&#8221; ha iniziato un\u2019immersione sempre pi\u00f9 profonda in una Sicilia ora sensuale e ritmica (<strong><em>Nivuru<\/em><\/strong>, 2018), ora ispirata da incantesimi e malocchi (Maharia, 2021), ora intrisa di chitarre solitarie e melodie da processione (<strong><em>Spaccaossa OST,<\/em><\/strong> 2022).<\/p>\n<p>Con il suo quarto album, <strong><em>Runnegghi\u00e8,<\/em><\/strong> uscito nel novembre 2024, realizza <strong>un mondo sonoro fatto di opposti<\/strong>, atmosfere <strong>violente e dolci, cupe e gioiose.<\/strong><\/p>\n<p><strong>Alessio Bond\u00ec<\/strong> riesce nell&#8217;impresa (quasi) impossibile di traghettare nel contemporaneo<strong> una Sicilia fatta di tamburi rituali, lamentazioni e chitarre mediterranee.<\/strong><\/p>\n<p>Il dialetto diventa chiave per <strong>un\u2019emozione condivisa, comunitaria,<\/strong> che consente di trascendere il proprio s\u00e9 per giungere ad <strong>un\u2019estasi collettiva, pre-linguistica,<\/strong> in cui non importa pi\u00f9 chi si \u00e8 ma soltanto arrivare a <strong>disperdersi negli altri, nella musica, nel Tutto.<\/strong><\/p>\n<h3>Ecco la nostra intervista ad Alessio Bond\u00ec<\/h3>\n<p><iframe loading=\"lazy\" title=\"Alessio Bond\u00ec: il cantautore di Palermo che trasforma il dialetto in un canto magico\" src=\"https:\/\/omny.fm\/shows\/intoscana\/alessio-bond-il-cantautore-di-palermo-che-trasforma-il-dialetto-in-un-canto-magico\/embed?style=cover\" width=\"100%\" height=\"180\" frameborder=\"0\"><\/iframe><\/p>\n<p><strong>Ciao Alessio! Come ti sei avvicinato alla tradizione orale siciliana?<\/strong><\/p>\n<p>\u00c8 un bagaglio che <strong>purtroppo per la maggior parte si \u00e8 gi\u00e0 perso<\/strong>. Scrivo in dialetto palermitano da dieci anni, avrei potuto occuparmene anche prima. A un certo punto ho deciso che la mia ricerca artistica doveva attingere un po&#8217; di pi\u00f9 alla tradizione, anche nei suoni. Perch\u00e9 pur scrivendo in palermitano mi ero fatto sempre guidare nella scrittura melodica e armonica da altre suggestioni, non dalla Sicilia, ma da quello che ho sempre ascoltato, cio\u00e8 dischi provenienti dal mondo britannico o nord americano. A un certo punto <strong>mi \u00e8 nato l&#8217;interesse di esplorare la Sicilia anche col suono,<\/strong> con gli strumenti, non solo con la lingua. Ero incuriosito da questo scenario, dal punto di vista della word music con un&#8217;espressione che non mi piace, un po&#8217; colonialista. <p><span class=\"citazione\">canto in siciliano perch\u00e9 mi permette di creare un collegamento forte con una cultura che mi definisce, pi\u00f9 aggiungo tasselli pi\u00f9 sento di respirare profondo<\/span><\/p><\/p>\n<p>Piuttosto che far derivare la mia musica da un mondo diverso, <strong>volevo andare a cercare il mio mondo<\/strong>. Ho iniziato a pre-produrre l&#8217;ultimo disco <strong><em>Runnegghi\u00e8,<\/em><\/strong> ma mi sono accorto che mi mancavano le informazioni, cos\u00ec le ho cercate e sono giunto a un archivio. Il primo \u00e8 stato un archivio della Rai, probabilmente il pi\u00f9 famoso, quello che contiene le registrazioni della <strong>rock star dell&#8217;etnomusicologia Alan Lomax<\/strong> che nel &#8217;54-&#8217;55, fece una campagna di registrazioni insieme a<strong> Diego Carpitella, girarono tutta l&#8217;Italia<\/strong> e si dedicarono anche alla Sicilia dove registrarono moltissimo materiale che oggi sarebbe impossibile reperire. <strong>Sono canti che si sono persi perch\u00e8 sono canti di lavoro, di mestieri che oggi sono scomparsi<\/strong>, come conseguenza della grande trasformazione antropologica del dopoguerra, il resto \u00e8 storia.<\/p>\n<p><strong>Nel <a href=\"https:\/\/www.youtube.com\/watch?v=usYkfNebOcM\" target=\"_blank\" rel=\"noopener\">tuo TEDX<\/a> dici una cosa molto interessante, che noi siamo abituati a considerare la tradizione come qualcosa del passato, nel tuo punto di vista \u00e8 l&#8217;esatto opposto,\u00a0non \u00e8 il passato che ha bisogno di noi per restare vivo, siamo noi che abbiamo bisogno del passato per sapere chi siamo<\/strong><\/p>\n<p>S\u00ec anche perch\u00e9 senn\u00f2<strong> releghiamo la tradizione a un &#8220;weekend col morto&#8221;<\/strong>. Tu vai nel borgo antico a rivivere la tradizione medievale, in costume, ma \u00e8 una sorta di sceneggiata. Mentre la mia preoccupazione principale era abbattere questo livello rappresentativo della tradizione e cercare di capire quale fosse l&#8217;essenza vera e come questa essenza si potesse tradurre nel contemporaneo e nella mia vita che \u00e8 la vita di un ragazzo di citt\u00e0. Quindi questa ricerca \u00e8 una sorta di comparazione costante tra quello che \u00e8 la mia vita e come la tradizione pu\u00f2 servire alla mia vita come artista. <strong>\u00c8 un patrimonio sconfinato<\/strong> e questo \u00e8 un discorso complesso che passa anche dalla perdita dei riti.<\/p>\n<p><strong>Pensi che il dialetto ti permetta di esprimere cose che in italiano non riusciresti ad esprimere?<\/strong><\/p>\n<p>Si, certo, cos\u00ec come l&#8217;italiano mi consente di esprimere cose che il dialetto non mi consente di esprimere. Diciamo che <strong>ogni lingua \u00e8 come un parco giochi. L&#8217;italiano mi da una possibilit\u00e0, il siciliano me ne da un&#8217;altra<\/strong>. Io ho avuto un&#8217;intuizione a un certo punto della mia vita e sto continuando a seguirla, non \u00e8 detto che far\u00f2 questo per sempre. Canto in siciliano perch\u00e9 <strong>mi permette di creare un collegamento forte con una cultura che mi definisce<\/strong>, pi\u00f9 aggiungo tasselli pi\u00f9 sento di respirare profondo.<\/p>\n<p><iframe loading=\"lazy\" title=\"YouTube video player\" src=\"https:\/\/www.youtube.com\/embed\/CPNLEZeWD1M?si=qzuS9GdHwXyvW49L\" width=\"800\" height=\"450\" frameborder=\"0\" allowfullscreen=\"allowfullscreen\"><span data-mce-type=\"bookmark\" style=\"display: inline-block; width: 0px; overflow: hidden; line-height: 0;\" class=\"mce_SELRES_start\">\ufeff<\/span><\/iframe><\/p>\n<h3>Il dialetto: un viaggio nel Profondo<\/h3>\n<p><strong>Hai detto che per te \u00e8 il dialetto un canto quasi magico<\/strong><\/p>\n<p>Si \u00e8 una scrittura magica, un modo di pensare magico perch\u00e9 in realt\u00e0 la cosa interessante e di grande valore \u00e8 il fatto che questi che noi chiamiamo dialetti, ma che poi dialetti non sono, <strong>sono stati parlati dalla nostra gente, dalle nostre famiglie, dal nostro sangue per un millennio circa,<\/strong> da quando il altino si trasforma nelle lingue locali italiane.<strong> Arriva fino a noi con una risonanza, un&#8217;eco che arriva da secoli e secoli<\/strong>. Purtroppo <strong>nella storia del siciliano e del parlermitano c&#8217;\u00e8 una storia di mutilazione,<\/strong> di autocensura. Perch\u00e9 non solo subiamo la cementificazione della conca d&#8217;oro dal punto di vista architettonico e urbanistico, avviene anche culturalmente con l&#8217;abbandono totale del dialetto. Asfaltiamo anche la lingua, a causa di una storia che ha risvolti coloniali e risente del fatto che<strong> qui c&#8217;\u00e8 stata e c&#8217;\u00e8 una presenza mafiosa importante dalla quale una parte della citt\u00e0 si allontana e si autocensura nella lingua,<\/strong> perch\u00e9 quella lingua ricorda a tutta Italia che siamo mafiosi. <p><span class=\"citazione\">Nella storia del siciliano e del palermitano c&#8217;\u00e8 una storia di mutilazione di autocensura. Qui c&#8217;\u00e8 stata e c&#8217;\u00e8 una presenza mafiosa importante dalla quale una parte della citt\u00e0 si allontana<\/span><\/p><\/p>\n<p><strong>Deve essere una cosa pensate da vivere<\/strong><\/p>\n<p><strong>Si traduce in una sorta di vuoto gigante<\/strong>, noi abbiamo una voragine dal punto di vista musicale e linguistico. In tutto questo scenario che sembrerebbe solo negativo<strong> si salva un pensiero magico che riesce a sottrarsi alla modernit\u00e0,<\/strong> permane nella lingua un elemento magico inteso in senso antropologico, che precede il pensiero capitalista.<strong> L&#8217;uomo che ancora ha delle visioni, le interpreta in un modo che non \u00e8 quello scientifico.<\/strong><\/p>\n<p><strong>Passando a parlare del tuo ultimo disco Runnegghi\u00e8,\u00a0cosa ti ha ispirato a comporre questo disco?<\/strong><\/p>\n<p>Tante cose, principalmente <strong>c&#8217;\u00e8 stato questo grande stop della pandemia durante il quale ho scritto tanto,<\/strong> e sono anche cambiato profondamente. Gli interrogativi che ha suscitato questo stop sono stati fondamentali,<strong> \u00e8 stato un evento incredibile in cui tutto il mondo si \u00e8 allineato allo stesso diapason.<\/strong> Abbiamo tutti fatto pensieri sulla malattia, sulla morte, sulla vita, su dove stiamo andando come umanit\u00e0, come mondo, il Capitalismo cosa sta generando. <strong>Avevamo del tempo per riflettere profondamente su dei misteri che tentiamo di ingannare<\/strong> con la ricerca scientifica, ma di cui in realt\u00e0 non sappiamo nulla. <strong>Vita e morte sono misteri che l&#8217;uomo non riuscir\u00e0\u00a0mai a domare\u00a0completamente<\/strong>. Tutto questo mi ha portato a ragionare su questi temi,<strong> ho studiato il dionisiaco che permea la cultura del sud italia,<\/strong> l\u00ec abbiamo trovato delle risposte importanti. Tutti questi pensieri, lo studio e la ricerca poetica hanno portato a <strong><em>Runnegghi\u00e8<\/em><\/strong> che \u00e8 un disco che riflette sul tema della perdita. Tutto brilla quando sei in una situazione di privazione, si attiva qualcosa.<\/p>\n<p><strong>Vorrei chiederti com&#8217;\u00e8 nata la canzone Taddarit\u00e0\u00a0che \u00e8 la mia preferita del disco. Una canzone strepitosa in cui un innamorato si paragona a un pipistrello che cerca la luce, la luce \u00e8 la sua amata<\/strong><\/p>\n<p>Mio fratello vive a Firenze da vent&#8217;anni e proprio qui stava per nascere il mio primo nipotino, <strong>mi \u00e8 esplosa nel cuore una bomba d&#8217;amore.<\/strong> Io non sono proprio razionale nella scrittura delle mie canzoni, quindi <strong>ho scritto una canzone preso da questa dolcezza estrema.<\/strong> Per il ritornello ho usato<strong> una mitragliata di frasi che mi diceva mia madre<\/strong> e che tutti i siciliani hanno sentito <strong><em>&#8220;Sangue mio, cuore mio, gioia mia, vita della mia vita&#8221;.<\/em> <\/strong>\u00c8 un modo di esprimere affetto per i bambini quando sono molto piccoli, devo a mia madre almeno un paio di punti di Siae.<\/p>\n<p><strong>A Firenze sarai in solo?<\/strong><\/p>\n<p>Sar\u00f2 in duo con il mio produttore<strong> Fabio Rizzo.<\/strong> Suoner\u00e0 una chitarra particolare, che ha inventato lui. Noi la chiamiamo la <strong>&#8220;chitarra palermitana&#8221;<\/strong> perch\u00e9 \u00e8 uno strumento che ha fatto modificare da una liutaia, affinch\u00e8 potesse includere quelle note in pi\u00f9 che ci sono in tutto il bacino del mediterraneo, in tantissima musica popolare e arcaica. <strong>\u00c8 una tendenza microtonale<\/strong>, come se tra il tasto bianco e il tasto nero del pianoforte ci fosse un tasto in pi\u00f9, un quarto di tono. In quel modo lui pu\u00f2 emulare le melodie del palermitano.<\/p>\n<figure id=\"post-380603 media-380603\" class=\"align-none\"><img decoding=\"async\" src=\"https:\/\/www.intoscana.it\/wp-content\/uploads\/Alessio-Bondi-scaled-e1743753491841.jpeg\" alt=\"\" \/><\/figure>\n<div class=\"titleimg\">Alessio Bond\u00ec<\/div>\n","protected":false},"excerpt":{"rendered":"<p>Venerd\u00ec 11 aprile 2025 in Sala Vanni a Firenze arriva in concerto il cantautore palermitano Alessio Bond\u00ec che usa il dialetto alla ricerca di se stesso e delle proprie radici<\/p>\n","protected":false},"author":518,"featured_media":380606,"comment_status":"open","ping_status":"open","sticky":false,"template":"","format":"standard","meta":{"_acf_changed":false,"footnotes":""},"categories":[14],"tags":[216,4474,202,3138],"class_list":["post-380739","post","type-post","status-publish","format-standard","has-post-thumbnail","hentry","category-musica","tag-concerti","tag-eventi","tag-firenze","tag-interviste-agli-artisti"],"acf":[],"yoast_head":"<!-- This site is optimized with the Yoast SEO Premium plugin v24.2 (Yoast SEO v25.6) - https:\/\/yoast.com\/wordpress\/plugins\/seo\/ -->\n<title>Alessio Bond\u00ec: il cantautore di Palermo che trasforma il dialetto in un canto magico - intoscana<\/title>\n<meta name=\"description\" content=\"Venerd\u00ec 11 aprile 2025 in Sala Vanni a Firenze arriva in concerto il cantautore palermitano Alessio Bond\u00ec che usa il dialetto\" \/>\n<meta name=\"robots\" content=\"index, follow, max-snippet:-1, max-image-preview:large, max-video-preview:-1\" \/>\n<link rel=\"canonical\" href=\"https:\/\/www.intoscana.it\/it\/alessio-bondi-il-cantautore-di-palermo-che-trasforma-il-dialetto-in-un-canto-magico\/\" \/>\n<meta property=\"og:locale\" content=\"it_IT\" \/>\n<meta property=\"og:type\" content=\"article\" \/>\n<meta property=\"og:title\" content=\"Alessio Bond\u00ec: il cantautore di Palermo che trasforma il dialetto in un canto magico\" \/>\n<meta property=\"og:description\" content=\"Venerd\u00ec 11 aprile 2025 in Sala Vanni a Firenze arriva in concerto il cantautore palermitano Alessio Bond\u00ec che usa il dialetto\" \/>\n<meta property=\"og:url\" content=\"https:\/\/www.intoscana.it\/it\/alessio-bondi-il-cantautore-di-palermo-che-trasforma-il-dialetto-in-un-canto-magico\/\" \/>\n<meta property=\"og:site_name\" content=\"intoscana\" \/>\n<meta property=\"article:publisher\" content=\"https:\/\/www.facebook.com\/intoscana.it\" \/>\n<meta property=\"article:published_time\" content=\"2025-04-07T07:10:56+00:00\" \/>\n<meta property=\"article:modified_time\" content=\"2025-04-07T13:53:18+00:00\" \/>\n<meta property=\"og:image\" content=\"https:\/\/www.intoscana.it\/wp-content\/uploads\/Screenshot-2025-04-04-alle-09.56.58.jpeg\" \/>\n\t<meta property=\"og:image:width\" content=\"1179\" \/>\n\t<meta property=\"og:image:height\" content=\"880\" \/>\n\t<meta property=\"og:image:type\" content=\"image\/jpeg\" \/>\n<meta name=\"author\" content=\"Costanza Baldini\" \/>\n<meta name=\"twitter:card\" content=\"summary_large_image\" \/>\n<meta name=\"twitter:creator\" content=\"@intoscana\" \/>\n<meta name=\"twitter:site\" content=\"@intoscana\" \/>\n<meta name=\"twitter:label1\" content=\"Written by\" \/>\n\t<meta name=\"twitter:data1\" content=\"Costanza Baldini\" \/>\n\t<meta name=\"twitter:label2\" content=\"Est. reading time\" \/>\n\t<meta name=\"twitter:data2\" content=\"9 minuti\" \/>\n<script type=\"application\/ld+json\" class=\"yoast-schema-graph\">{\"@context\":\"https:\/\/schema.org\",\"@graph\":[{\"@type\":\"WebPage\",\"@id\":\"https:\/\/www.intoscana.it\/it\/alessio-bondi-il-cantautore-di-palermo-che-trasforma-il-dialetto-in-un-canto-magico\/\",\"url\":\"https:\/\/www.intoscana.it\/it\/alessio-bondi-il-cantautore-di-palermo-che-trasforma-il-dialetto-in-un-canto-magico\/\",\"name\":\"Alessio Bond\u00ec: il cantautore di Palermo che trasforma il dialetto in un canto magico - intoscana\",\"isPartOf\":{\"@id\":\"https:\/\/www.intoscana.it\/it\/#website\"},\"primaryImageOfPage\":{\"@id\":\"https:\/\/www.intoscana.it\/it\/alessio-bondi-il-cantautore-di-palermo-che-trasforma-il-dialetto-in-un-canto-magico\/#primaryimage\"},\"image\":{\"@id\":\"https:\/\/www.intoscana.it\/it\/alessio-bondi-il-cantautore-di-palermo-che-trasforma-il-dialetto-in-un-canto-magico\/#primaryimage\"},\"thumbnailUrl\":\"https:\/\/www.intoscana.it\/wp-content\/uploads\/Screenshot-2025-04-04-alle-09.56.58.jpeg\",\"datePublished\":\"2025-04-07T07:10:56+00:00\",\"dateModified\":\"2025-04-07T13:53:18+00:00\",\"author\":{\"@id\":\"https:\/\/www.intoscana.it\/it\/#\/schema\/person\/d469f35f09739bdf00bf5dd3f0647a82\"},\"description\":\"Venerd\u00ec 11 aprile 2025 in Sala Vanni a Firenze arriva in concerto il cantautore palermitano Alessio Bond\u00ec che usa il dialetto\",\"breadcrumb\":{\"@id\":\"https:\/\/www.intoscana.it\/it\/alessio-bondi-il-cantautore-di-palermo-che-trasforma-il-dialetto-in-un-canto-magico\/#breadcrumb\"},\"inLanguage\":\"it-IT\",\"potentialAction\":[{\"@type\":\"ReadAction\",\"target\":[\"https:\/\/www.intoscana.it\/it\/alessio-bondi-il-cantautore-di-palermo-che-trasforma-il-dialetto-in-un-canto-magico\/\"]}]},{\"@type\":\"ImageObject\",\"inLanguage\":\"it-IT\",\"@id\":\"https:\/\/www.intoscana.it\/it\/alessio-bondi-il-cantautore-di-palermo-che-trasforma-il-dialetto-in-un-canto-magico\/#primaryimage\",\"url\":\"https:\/\/www.intoscana.it\/wp-content\/uploads\/Screenshot-2025-04-04-alle-09.56.58.jpeg\",\"contentUrl\":\"https:\/\/www.intoscana.it\/wp-content\/uploads\/Screenshot-2025-04-04-alle-09.56.58.jpeg\",\"width\":1179,\"height\":880,\"caption\":\"Alessio Bond\u00ec\"},{\"@type\":\"BreadcrumbList\",\"@id\":\"https:\/\/www.intoscana.it\/it\/alessio-bondi-il-cantautore-di-palermo-che-trasforma-il-dialetto-in-un-canto-magico\/#breadcrumb\",\"itemListElement\":[{\"@type\":\"ListItem\",\"position\":1,\"name\":\"Home\",\"item\":\"https:\/\/www.intoscana.it\/it\/\"},{\"@type\":\"ListItem\",\"position\":2,\"name\":\"Alessio Bond\u00ec: il cantautore di Palermo che trasforma il dialetto in un canto magico\"}]},{\"@type\":\"WebSite\",\"@id\":\"https:\/\/www.intoscana.it\/it\/#website\",\"url\":\"https:\/\/www.intoscana.it\/it\/\",\"name\":\"intoscana\",\"description\":\"\",\"potentialAction\":[{\"@type\":\"SearchAction\",\"target\":{\"@type\":\"EntryPoint\",\"urlTemplate\":\"https:\/\/www.intoscana.it\/it\/?s={search_term_string}\"},\"query-input\":{\"@type\":\"PropertyValueSpecification\",\"valueRequired\":true,\"valueName\":\"search_term_string\"}}],\"inLanguage\":\"it-IT\"},{\"@type\":\"Person\",\"@id\":\"https:\/\/www.intoscana.it\/it\/#\/schema\/person\/d469f35f09739bdf00bf5dd3f0647a82\",\"name\":\"Costanza Baldini\",\"url\":\"https:\/\/www.intoscana.it\/it\/author\/costanza-baldini\/\"}]}<\/script>\n<!-- \/ Yoast SEO Premium plugin. -->","yoast_head_json":{"title":"Alessio Bond\u00ec: il cantautore di Palermo che trasforma il dialetto in un canto magico - intoscana","description":"Venerd\u00ec 11 aprile 2025 in Sala Vanni a Firenze arriva in concerto il cantautore palermitano Alessio Bond\u00ec che usa il dialetto","robots":{"index":"index","follow":"follow","max-snippet":"max-snippet:-1","max-image-preview":"max-image-preview:large","max-video-preview":"max-video-preview:-1"},"canonical":"https:\/\/www.intoscana.it\/it\/alessio-bondi-il-cantautore-di-palermo-che-trasforma-il-dialetto-in-un-canto-magico\/","og_locale":"it_IT","og_type":"article","og_title":"Alessio Bond\u00ec: il cantautore di Palermo che trasforma il dialetto in un canto magico","og_description":"Venerd\u00ec 11 aprile 2025 in Sala Vanni a Firenze arriva in concerto il cantautore palermitano Alessio Bond\u00ec che usa il dialetto","og_url":"https:\/\/www.intoscana.it\/it\/alessio-bondi-il-cantautore-di-palermo-che-trasforma-il-dialetto-in-un-canto-magico\/","og_site_name":"intoscana","article_publisher":"https:\/\/www.facebook.com\/intoscana.it","article_published_time":"2025-04-07T07:10:56+00:00","article_modified_time":"2025-04-07T13:53:18+00:00","og_image":[{"width":1179,"height":880,"url":"https:\/\/www.intoscana.it\/wp-content\/uploads\/Screenshot-2025-04-04-alle-09.56.58.jpeg","type":"image\/jpeg"}],"author":"Costanza Baldini","twitter_card":"summary_large_image","twitter_creator":"@intoscana","twitter_site":"@intoscana","twitter_misc":{"Written by":"Costanza Baldini","Est. reading time":"9 minuti"},"schema":{"@context":"https:\/\/schema.org","@graph":[{"@type":"WebPage","@id":"https:\/\/www.intoscana.it\/it\/alessio-bondi-il-cantautore-di-palermo-che-trasforma-il-dialetto-in-un-canto-magico\/","url":"https:\/\/www.intoscana.it\/it\/alessio-bondi-il-cantautore-di-palermo-che-trasforma-il-dialetto-in-un-canto-magico\/","name":"Alessio Bond\u00ec: il cantautore di Palermo che trasforma il dialetto in un canto magico - intoscana","isPartOf":{"@id":"https:\/\/www.intoscana.it\/it\/#website"},"primaryImageOfPage":{"@id":"https:\/\/www.intoscana.it\/it\/alessio-bondi-il-cantautore-di-palermo-che-trasforma-il-dialetto-in-un-canto-magico\/#primaryimage"},"image":{"@id":"https:\/\/www.intoscana.it\/it\/alessio-bondi-il-cantautore-di-palermo-che-trasforma-il-dialetto-in-un-canto-magico\/#primaryimage"},"thumbnailUrl":"https:\/\/www.intoscana.it\/wp-content\/uploads\/Screenshot-2025-04-04-alle-09.56.58.jpeg","datePublished":"2025-04-07T07:10:56+00:00","dateModified":"2025-04-07T13:53:18+00:00","author":{"@id":"https:\/\/www.intoscana.it\/it\/#\/schema\/person\/d469f35f09739bdf00bf5dd3f0647a82"},"description":"Venerd\u00ec 11 aprile 2025 in Sala Vanni a Firenze arriva in concerto il cantautore palermitano Alessio Bond\u00ec che usa il dialetto","breadcrumb":{"@id":"https:\/\/www.intoscana.it\/it\/alessio-bondi-il-cantautore-di-palermo-che-trasforma-il-dialetto-in-un-canto-magico\/#breadcrumb"},"inLanguage":"it-IT","potentialAction":[{"@type":"ReadAction","target":["https:\/\/www.intoscana.it\/it\/alessio-bondi-il-cantautore-di-palermo-che-trasforma-il-dialetto-in-un-canto-magico\/"]}]},{"@type":"ImageObject","inLanguage":"it-IT","@id":"https:\/\/www.intoscana.it\/it\/alessio-bondi-il-cantautore-di-palermo-che-trasforma-il-dialetto-in-un-canto-magico\/#primaryimage","url":"https:\/\/www.intoscana.it\/wp-content\/uploads\/Screenshot-2025-04-04-alle-09.56.58.jpeg","contentUrl":"https:\/\/www.intoscana.it\/wp-content\/uploads\/Screenshot-2025-04-04-alle-09.56.58.jpeg","width":1179,"height":880,"caption":"Alessio Bond\u00ec"},{"@type":"BreadcrumbList","@id":"https:\/\/www.intoscana.it\/it\/alessio-bondi-il-cantautore-di-palermo-che-trasforma-il-dialetto-in-un-canto-magico\/#breadcrumb","itemListElement":[{"@type":"ListItem","position":1,"name":"Home","item":"https:\/\/www.intoscana.it\/it\/"},{"@type":"ListItem","position":2,"name":"Alessio Bond\u00ec: il cantautore di Palermo che trasforma il dialetto in un canto magico"}]},{"@type":"WebSite","@id":"https:\/\/www.intoscana.it\/it\/#website","url":"https:\/\/www.intoscana.it\/it\/","name":"intoscana","description":"","potentialAction":[{"@type":"SearchAction","target":{"@type":"EntryPoint","urlTemplate":"https:\/\/www.intoscana.it\/it\/?s={search_term_string}"},"query-input":{"@type":"PropertyValueSpecification","valueRequired":true,"valueName":"search_term_string"}}],"inLanguage":"it-IT"},{"@type":"Person","@id":"https:\/\/www.intoscana.it\/it\/#\/schema\/person\/d469f35f09739bdf00bf5dd3f0647a82","name":"Costanza Baldini","url":"https:\/\/www.intoscana.it\/it\/author\/costanza-baldini\/"}]}},"_links":{"self":[{"href":"https:\/\/www.intoscana.it\/it\/wp-json\/wp\/v2\/posts\/380739","targetHints":{"allow":["GET"]}}],"collection":[{"href":"https:\/\/www.intoscana.it\/it\/wp-json\/wp\/v2\/posts"}],"about":[{"href":"https:\/\/www.intoscana.it\/it\/wp-json\/wp\/v2\/types\/post"}],"author":[{"embeddable":true,"href":"https:\/\/www.intoscana.it\/it\/wp-json\/wp\/v2\/users\/518"}],"replies":[{"embeddable":true,"href":"https:\/\/www.intoscana.it\/it\/wp-json\/wp\/v2\/comments?post=380739"}],"version-history":[{"count":5,"href":"https:\/\/www.intoscana.it\/it\/wp-json\/wp\/v2\/posts\/380739\/revisions"}],"predecessor-version":[{"id":380883,"href":"https:\/\/www.intoscana.it\/it\/wp-json\/wp\/v2\/posts\/380739\/revisions\/380883"}],"wp:featuredmedia":[{"embeddable":true,"href":"https:\/\/www.intoscana.it\/it\/wp-json\/wp\/v2\/media\/380606"}],"wp:attachment":[{"href":"https:\/\/www.intoscana.it\/it\/wp-json\/wp\/v2\/media?parent=380739"}],"wp:term":[{"taxonomy":"category","embeddable":true,"href":"https:\/\/www.intoscana.it\/it\/wp-json\/wp\/v2\/categories?post=380739"},{"taxonomy":"post_tag","embeddable":true,"href":"https:\/\/www.intoscana.it\/it\/wp-json\/wp\/v2\/tags?post=380739"}],"curies":[{"name":"wp","href":"https:\/\/api.w.org\/{rel}","templated":true}]}}