{"id":381057,"date":"2025-04-08T16:36:07","date_gmt":"2025-04-08T14:36:07","guid":{"rendered":"https:\/\/www.intoscana.it\/it\/?p=381057"},"modified":"2025-04-08T16:50:06","modified_gmt":"2025-04-08T14:50:06","slug":"a-firenze-la-xiii-edizione-del-premio-narrativa-giovane-di-nuova-antologia","status":"publish","type":"post","link":"https:\/\/www.intoscana.it\/it\/a-firenze-la-xiii-edizione-del-premio-narrativa-giovane-di-nuova-antologia\/","title":{"rendered":"A Firenze la XIII edizione del Premio narrativa giovane della rivista Nuova Antologia"},"content":{"rendered":"<p>L\u2019edizione 2025 del <strong>Premio Narrativa Giovane di Nuova Antologia<\/strong> ha avuto quest&#8217;anno un significato speciale, celebrando<strong> due importanti ricorrenze<\/strong>: il <strong>centenario della nascita di Giovanni Spadolini<\/strong> e i <strong>160 anni di pubblicazioni<\/strong> ininterrotte della <strong>storica rivista Nuova Antologia<\/strong>, entrambe legate alla <strong>Fondazione Spadolini,<\/strong> promotrice del premio.<\/p>\n<p><strong>Cinque studenti degli istituti superiori toscani<\/strong> sono stati premiati per i loro elaborati nell\u2019ambito del concorso annuale, sostenuto dalla<strong> Fondazione ChiantiBanca<\/strong>.<\/p>\n<p>Obiettivo dell\u2019iniziativa \u00e8 <strong>portare Nuova Antologia tra i banchi di scuola,<\/strong> in linea con il desiderio dello statista fiorentino, come strumento di approfondimento culturale e civico.<\/p>\n<p>I temi affrontati nei testi hanno toccato questioni attuali e sentite tra i giovani:<strong> dalla violenza di genere al disagio legato all\u2019uso dei social media, fino alla solitudine e allo smarrimento<\/strong> vissuti in un mondo sempre pi\u00f9 digitale e veloce.<\/p>\n<p><strong>Gli istituti partecipanti sono stati cinque<\/strong>: i licei fiorentini \u201cAlberti-Dante\u201d, \u201cG. Castelnuovo\u201d e \u201cGalileo\u201d, il liceo \u201cGiovanni di San Giovanni\u201d di San Giovanni Valdarno e l\u2019\u201cEnrico Fermi\u201d di Cecina.<\/p>\n<p>Agli studenti \u00e8 stato chiesto di <strong>produrre racconti originali<\/strong> e di discutere in classe gli articoli di Nuova Antologia, ricevuta in cento copie grazie al contributo di ChiantiBanca.<\/p>\n<p>Alla cerimonia di premiazione hanno partecipato numerose personalit\u00e0 del mondo culturale e istituzionale, tra cui<strong> Cosimo Ceccuti,<\/strong> presidente della Fondazione Spadolini, la sindaca di Firenze <strong>Sara Funaro, Cristina Giachi,<\/strong> presidente della Commissione Cultura del Consiglio regionale toscano, e altri membri della giuria provenienti da ambiti scolastici, editoriali e accademici.<\/p>\n<p><em>\u201cSono orgogliosa del lavoro portato avanti dalla Fondazione Spadolini a favore dei giovani \u2013<\/em><strong> ha commentato Cristina Giachi <\/strong><em>-. Ringrazio i ragazzi, perch\u00e9 scrivere non \u00e8 facile, scrivere di s\u00e9 \u00e8 difficile, accettare una sfida come quella di partecipare a un concorso lo \u00e8 ancora di pi\u00f9. Ogni anno questo Premio \u00e8 una sorpresa, perch\u00e9 gli scritti degli studenti ci interrogano su tante questioni a loro care, che a volte come adulti ignoriamo. Nei contest si vince e si perde, ma perdere non \u00e8 una tragedia, \u00e8 un\u2019occasione per imparare e per ricominciare. Cosa significa la ben nota frase che la bellezza salver\u00e0 il mondo? Non \u00e8 solo ordine estetico ma la comprensione che ogni singola espressione e pensiero che formuliamo sono inseriti in un quadro pi\u00f9 ampio, che poi ricade su tutti noi, coinvolgendoci&#8221;.<\/em><\/p>\n<p><em>\u201cGli Istituti \u2013<\/em><strong> \u00e8 il commento di Cosimo Ceccuti <\/strong><em>\u2013 si sono impegnati nel presentare elaborati di pregio, tra i quali \u00e8 stato arduo identificare un vincitore unico che, come da tradizione, ottiene la pubblicazione sulle pagine di Nuova Antologia. Ecco perch\u00e9 abbiamo deciso di distribuire i cinque riconoscimenti in palio quest\u2019anno tra tutte le scuole che si sono presentate al concorso. Interessante notare come il focus dell\u2019attenzione dei ragazzi rispetto all\u2019edizione passata si sia spostato dalla questione delle guerre che sconvolgono l\u2019Europa ad una dimensione intimista, che riporta ai disagi psicologici dei nostri giovani nell\u2019et\u00e0 contemporanea\u201d.<\/em><\/p>\n<p><em>&#8220;Ringrazio di cuore i ragazzi, gli insegnanti e la Regione Toscana che ci ospita-<\/em><strong> \u00e8 il commento di Ilaria Camiciottoli &#8211;<\/strong><em>, e che con il simbolo del Pegaso ci ricorda quanto sia bello cercare di raggiungere la libert\u00e0. Tra i giovani non tutti conoscono Giovanni Spadolini e mi piace in tal senso ricordare un aneddoto. Tanti anni fa, in visita agli Scolopi di Firenze, lo statista chiese ai giovanissimi studenti se sapessero quale fosse il suo mestiere: giornalista, astronauta o altro. Un bambino rispose che secondo lui era un astronauta, piuttosto che il ben noto e affermato giornalista gi\u00e0 direttore del Resto del Carlino e del Corriere della sera. Ma se, certamente, Spadolini \u00e8 stato un grande politico, un grande storico e accademico \u2013 in una parola un grande uomo &#8211; non gli \u00e8 distante neanche il termine \u201castronauta\u201d, declinato al senso di \u201ccolui che guida tra le stelle&#8221;.<\/em><\/p>\n<h3>Tutti i premiati<\/h3>\n<p>Il testo vincitore, che ottiene la pubblicazione sulle pagine di Nuova Antologia, \u00e8 <strong><em>\u201cLa mia scoperta dell\u2019amore\u201d<\/em><\/strong>, firmato da <strong>Nisrine Fadile<\/strong>, del Liceo Enrico Fermi di Cecina.<\/p>\n<p>Premio della Critica assegnato a <strong>Keira Corbo,<\/strong> del liceo \u201cGiovanni di San Giovanni\u201d di San Giovanni Valdarno, per il testo <strong><em>\u201cUn tocco di colore\u201d.<\/em><\/strong><\/p>\n<p>Premio della Giuria a <strong>Diamante Pantalone,<\/strong> del liceo Galileo (Firenze), per l\u2019elaborato <strong><em>\u201cIl peso del Cielo\u201d.<\/em><\/strong><\/p>\n<p><strong>Il riconoscimento dedicato ai 100 anni della nascita di Spadolini<\/strong> \u00e8 stato assegnato invece ad <strong>Elisa Miceli,<\/strong> del liceo \u201cG. Castelnuovo\u201d di Firenze, per l\u2019elaborato \u201c<strong><em>Lettera aperta ai miei coetanei\u201d.<\/em><\/strong><\/p>\n<p>Infine, il premio per i 160 anni della rivista va a <strong>Carolina Tognarelli,<\/strong> del liceo fiorentino \u201cIIS Alberti-Dante\u201d, per l\u2019elaborato <em><strong>\u201c15\/06\u201d.<\/strong><\/em><\/p>\n<p>&nbsp;<\/p>\n","protected":false},"excerpt":{"rendered":"<p>Obiettivo dell\u2019iniziativa \u00e8 portare la rivista Nuova Antologia tra i banchi di scuola, in linea con il desiderio dello statista toscano Giovanni Spadolini, di cui ricorre quest&#8217;anno il centenario della nascita<\/p>\n","protected":false},"author":525,"featured_media":143496,"comment_status":"open","ping_status":"open","sticky":false,"template":"","format":"standard","meta":{"_acf_changed":false,"footnotes":""},"categories":[493],"tags":[221,6821],"class_list":["post-381057","post","type-post","status-publish","format-standard","has-post-thumbnail","hentry","category-cultura","tag-giovani","tag-scrivere"],"acf":[],"yoast_head":"<!-- This site is optimized with the Yoast SEO Premium plugin v24.2 (Yoast SEO v25.6) - https:\/\/yoast.com\/wordpress\/plugins\/seo\/ -->\n<title>A Firenze la XIII edizione del Premio narrativa giovane della rivista Nuova Antologia - intoscana<\/title>\n<meta name=\"description\" content=\"Obiettivo dell\u2019iniziativa \u00e8 portare la rivista Nuova Antologia tra i banchi di scuola, in linea con il desiderio di Giovanni Spadolini\" \/>\n<meta name=\"robots\" content=\"index, follow, max-snippet:-1, max-image-preview:large, max-video-preview:-1\" \/>\n<link rel=\"canonical\" href=\"https:\/\/www.intoscana.it\/it\/a-firenze-la-xiii-edizione-del-premio-narrativa-giovane-di-nuova-antologia\/\" \/>\n<meta property=\"og:locale\" content=\"it_IT\" \/>\n<meta property=\"og:type\" content=\"article\" \/>\n<meta property=\"og:title\" content=\"A Firenze la XIII edizione del Premio narrativa giovane della rivista Nuova Antologia\" \/>\n<meta property=\"og:description\" content=\"Obiettivo dell\u2019iniziativa \u00e8 portare la rivista Nuova Antologia tra i banchi di scuola, in linea con il desiderio di Giovanni Spadolini\" \/>\n<meta property=\"og:url\" content=\"https:\/\/www.intoscana.it\/it\/a-firenze-la-xiii-edizione-del-premio-narrativa-giovane-di-nuova-antologia\/\" \/>\n<meta property=\"og:site_name\" content=\"intoscana\" \/>\n<meta property=\"article:publisher\" content=\"https:\/\/www.facebook.com\/intoscana.it\" \/>\n<meta property=\"article:published_time\" content=\"2025-04-08T14:36:07+00:00\" \/>\n<meta property=\"article:modified_time\" content=\"2025-04-08T14:50:06+00:00\" \/>\n<meta property=\"og:image\" content=\"https:\/\/www.intoscana.it\/wp-content\/uploads\/scrivere-1.jpg\" \/>\n\t<meta property=\"og:image:width\" content=\"2000\" \/>\n\t<meta property=\"og:image:height\" content=\"1379\" \/>\n\t<meta property=\"og:image:type\" content=\"image\/jpeg\" \/>\n<meta name=\"author\" content=\"Redazione\" \/>\n<meta name=\"twitter:card\" content=\"summary_large_image\" \/>\n<meta name=\"twitter:creator\" content=\"@intoscana\" \/>\n<meta name=\"twitter:site\" content=\"@intoscana\" \/>\n<meta name=\"twitter:label1\" content=\"Written by\" \/>\n\t<meta name=\"twitter:data1\" content=\"Redazione\" \/>\n\t<meta name=\"twitter:label2\" content=\"Est. reading time\" \/>\n\t<meta name=\"twitter:data2\" content=\"5 minuti\" \/>\n<script type=\"application\/ld+json\" class=\"yoast-schema-graph\">{\"@context\":\"https:\/\/schema.org\",\"@graph\":[{\"@type\":\"WebPage\",\"@id\":\"https:\/\/www.intoscana.it\/it\/a-firenze-la-xiii-edizione-del-premio-narrativa-giovane-di-nuova-antologia\/\",\"url\":\"https:\/\/www.intoscana.it\/it\/a-firenze-la-xiii-edizione-del-premio-narrativa-giovane-di-nuova-antologia\/\",\"name\":\"A Firenze la XIII edizione del Premio narrativa giovane della rivista Nuova Antologia - intoscana\",\"isPartOf\":{\"@id\":\"https:\/\/www.intoscana.it\/it\/#website\"},\"primaryImageOfPage\":{\"@id\":\"https:\/\/www.intoscana.it\/it\/a-firenze-la-xiii-edizione-del-premio-narrativa-giovane-di-nuova-antologia\/#primaryimage\"},\"image\":{\"@id\":\"https:\/\/www.intoscana.it\/it\/a-firenze-la-xiii-edizione-del-premio-narrativa-giovane-di-nuova-antologia\/#primaryimage\"},\"thumbnailUrl\":\"https:\/\/www.intoscana.it\/wp-content\/uploads\/scrivere-1.jpg\",\"datePublished\":\"2025-04-08T14:36:07+00:00\",\"dateModified\":\"2025-04-08T14:50:06+00:00\",\"author\":{\"@id\":\"https:\/\/www.intoscana.it\/it\/#\/schema\/person\/9223810753230f20bd670fdd322661f8\"},\"description\":\"Obiettivo dell\u2019iniziativa \u00e8 portare la rivista Nuova Antologia tra i banchi di scuola, in linea con il desiderio di Giovanni Spadolini\",\"breadcrumb\":{\"@id\":\"https:\/\/www.intoscana.it\/it\/a-firenze-la-xiii-edizione-del-premio-narrativa-giovane-di-nuova-antologia\/#breadcrumb\"},\"inLanguage\":\"it-IT\",\"potentialAction\":[{\"@type\":\"ReadAction\",\"target\":[\"https:\/\/www.intoscana.it\/it\/a-firenze-la-xiii-edizione-del-premio-narrativa-giovane-di-nuova-antologia\/\"]}]},{\"@type\":\"ImageObject\",\"inLanguage\":\"it-IT\",\"@id\":\"https:\/\/www.intoscana.it\/it\/a-firenze-la-xiii-edizione-del-premio-narrativa-giovane-di-nuova-antologia\/#primaryimage\",\"url\":\"https:\/\/www.intoscana.it\/wp-content\/uploads\/scrivere-1.jpg\",\"contentUrl\":\"https:\/\/www.intoscana.it\/wp-content\/uploads\/scrivere-1.jpg\",\"width\":2000,\"height\":1379,\"caption\":\"Il teatro Verdi di Pisa costruir\u00e0 un 'Archivio poetico della pandemia'\"},{\"@type\":\"BreadcrumbList\",\"@id\":\"https:\/\/www.intoscana.it\/it\/a-firenze-la-xiii-edizione-del-premio-narrativa-giovane-di-nuova-antologia\/#breadcrumb\",\"itemListElement\":[{\"@type\":\"ListItem\",\"position\":1,\"name\":\"Home\",\"item\":\"https:\/\/www.intoscana.it\/it\/\"},{\"@type\":\"ListItem\",\"position\":2,\"name\":\"A Firenze la XIII edizione del Premio narrativa giovane della rivista Nuova Antologia\"}]},{\"@type\":\"WebSite\",\"@id\":\"https:\/\/www.intoscana.it\/it\/#website\",\"url\":\"https:\/\/www.intoscana.it\/it\/\",\"name\":\"intoscana\",\"description\":\"\",\"potentialAction\":[{\"@type\":\"SearchAction\",\"target\":{\"@type\":\"EntryPoint\",\"urlTemplate\":\"https:\/\/www.intoscana.it\/it\/?s={search_term_string}\"},\"query-input\":{\"@type\":\"PropertyValueSpecification\",\"valueRequired\":true,\"valueName\":\"search_term_string\"}}],\"inLanguage\":\"it-IT\"},{\"@type\":\"Person\",\"@id\":\"https:\/\/www.intoscana.it\/it\/#\/schema\/person\/9223810753230f20bd670fdd322661f8\",\"name\":\"Redazione\",\"url\":\"https:\/\/www.intoscana.it\/it\/author\/redazione\/\"}]}<\/script>\n<!-- \/ Yoast SEO Premium plugin. -->","yoast_head_json":{"title":"A Firenze la XIII edizione del Premio narrativa giovane della rivista Nuova Antologia - intoscana","description":"Obiettivo dell\u2019iniziativa \u00e8 portare la rivista Nuova Antologia tra i banchi di scuola, in linea con il desiderio di Giovanni Spadolini","robots":{"index":"index","follow":"follow","max-snippet":"max-snippet:-1","max-image-preview":"max-image-preview:large","max-video-preview":"max-video-preview:-1"},"canonical":"https:\/\/www.intoscana.it\/it\/a-firenze-la-xiii-edizione-del-premio-narrativa-giovane-di-nuova-antologia\/","og_locale":"it_IT","og_type":"article","og_title":"A Firenze la XIII edizione del Premio narrativa giovane della rivista Nuova Antologia","og_description":"Obiettivo dell\u2019iniziativa \u00e8 portare la rivista Nuova Antologia tra i banchi di scuola, in linea con il desiderio di Giovanni Spadolini","og_url":"https:\/\/www.intoscana.it\/it\/a-firenze-la-xiii-edizione-del-premio-narrativa-giovane-di-nuova-antologia\/","og_site_name":"intoscana","article_publisher":"https:\/\/www.facebook.com\/intoscana.it","article_published_time":"2025-04-08T14:36:07+00:00","article_modified_time":"2025-04-08T14:50:06+00:00","og_image":[{"width":2000,"height":1379,"url":"https:\/\/www.intoscana.it\/wp-content\/uploads\/scrivere-1.jpg","type":"image\/jpeg"}],"author":"Redazione","twitter_card":"summary_large_image","twitter_creator":"@intoscana","twitter_site":"@intoscana","twitter_misc":{"Written by":"Redazione","Est. reading time":"5 minuti"},"schema":{"@context":"https:\/\/schema.org","@graph":[{"@type":"WebPage","@id":"https:\/\/www.intoscana.it\/it\/a-firenze-la-xiii-edizione-del-premio-narrativa-giovane-di-nuova-antologia\/","url":"https:\/\/www.intoscana.it\/it\/a-firenze-la-xiii-edizione-del-premio-narrativa-giovane-di-nuova-antologia\/","name":"A Firenze la XIII edizione del Premio narrativa giovane della rivista Nuova Antologia - intoscana","isPartOf":{"@id":"https:\/\/www.intoscana.it\/it\/#website"},"primaryImageOfPage":{"@id":"https:\/\/www.intoscana.it\/it\/a-firenze-la-xiii-edizione-del-premio-narrativa-giovane-di-nuova-antologia\/#primaryimage"},"image":{"@id":"https:\/\/www.intoscana.it\/it\/a-firenze-la-xiii-edizione-del-premio-narrativa-giovane-di-nuova-antologia\/#primaryimage"},"thumbnailUrl":"https:\/\/www.intoscana.it\/wp-content\/uploads\/scrivere-1.jpg","datePublished":"2025-04-08T14:36:07+00:00","dateModified":"2025-04-08T14:50:06+00:00","author":{"@id":"https:\/\/www.intoscana.it\/it\/#\/schema\/person\/9223810753230f20bd670fdd322661f8"},"description":"Obiettivo dell\u2019iniziativa \u00e8 portare la rivista Nuova Antologia tra i banchi di scuola, in linea con il desiderio di Giovanni Spadolini","breadcrumb":{"@id":"https:\/\/www.intoscana.it\/it\/a-firenze-la-xiii-edizione-del-premio-narrativa-giovane-di-nuova-antologia\/#breadcrumb"},"inLanguage":"it-IT","potentialAction":[{"@type":"ReadAction","target":["https:\/\/www.intoscana.it\/it\/a-firenze-la-xiii-edizione-del-premio-narrativa-giovane-di-nuova-antologia\/"]}]},{"@type":"ImageObject","inLanguage":"it-IT","@id":"https:\/\/www.intoscana.it\/it\/a-firenze-la-xiii-edizione-del-premio-narrativa-giovane-di-nuova-antologia\/#primaryimage","url":"https:\/\/www.intoscana.it\/wp-content\/uploads\/scrivere-1.jpg","contentUrl":"https:\/\/www.intoscana.it\/wp-content\/uploads\/scrivere-1.jpg","width":2000,"height":1379,"caption":"Il teatro Verdi di Pisa costruir\u00e0 un 'Archivio poetico della pandemia'"},{"@type":"BreadcrumbList","@id":"https:\/\/www.intoscana.it\/it\/a-firenze-la-xiii-edizione-del-premio-narrativa-giovane-di-nuova-antologia\/#breadcrumb","itemListElement":[{"@type":"ListItem","position":1,"name":"Home","item":"https:\/\/www.intoscana.it\/it\/"},{"@type":"ListItem","position":2,"name":"A Firenze la XIII edizione del Premio narrativa giovane della rivista Nuova Antologia"}]},{"@type":"WebSite","@id":"https:\/\/www.intoscana.it\/it\/#website","url":"https:\/\/www.intoscana.it\/it\/","name":"intoscana","description":"","potentialAction":[{"@type":"SearchAction","target":{"@type":"EntryPoint","urlTemplate":"https:\/\/www.intoscana.it\/it\/?s={search_term_string}"},"query-input":{"@type":"PropertyValueSpecification","valueRequired":true,"valueName":"search_term_string"}}],"inLanguage":"it-IT"},{"@type":"Person","@id":"https:\/\/www.intoscana.it\/it\/#\/schema\/person\/9223810753230f20bd670fdd322661f8","name":"Redazione","url":"https:\/\/www.intoscana.it\/it\/author\/redazione\/"}]}},"_links":{"self":[{"href":"https:\/\/www.intoscana.it\/it\/wp-json\/wp\/v2\/posts\/381057","targetHints":{"allow":["GET"]}}],"collection":[{"href":"https:\/\/www.intoscana.it\/it\/wp-json\/wp\/v2\/posts"}],"about":[{"href":"https:\/\/www.intoscana.it\/it\/wp-json\/wp\/v2\/types\/post"}],"author":[{"embeddable":true,"href":"https:\/\/www.intoscana.it\/it\/wp-json\/wp\/v2\/users\/525"}],"replies":[{"embeddable":true,"href":"https:\/\/www.intoscana.it\/it\/wp-json\/wp\/v2\/comments?post=381057"}],"version-history":[{"count":5,"href":"https:\/\/www.intoscana.it\/it\/wp-json\/wp\/v2\/posts\/381057\/revisions"}],"predecessor-version":[{"id":381087,"href":"https:\/\/www.intoscana.it\/it\/wp-json\/wp\/v2\/posts\/381057\/revisions\/381087"}],"wp:featuredmedia":[{"embeddable":true,"href":"https:\/\/www.intoscana.it\/it\/wp-json\/wp\/v2\/media\/143496"}],"wp:attachment":[{"href":"https:\/\/www.intoscana.it\/it\/wp-json\/wp\/v2\/media?parent=381057"}],"wp:term":[{"taxonomy":"category","embeddable":true,"href":"https:\/\/www.intoscana.it\/it\/wp-json\/wp\/v2\/categories?post=381057"},{"taxonomy":"post_tag","embeddable":true,"href":"https:\/\/www.intoscana.it\/it\/wp-json\/wp\/v2\/tags?post=381057"}],"curies":[{"name":"wp","href":"https:\/\/api.w.org\/{rel}","templated":true}]}}