{"id":381113,"date":"2025-04-09T12:48:36","date_gmt":"2025-04-09T10:48:36","guid":{"rendered":"https:\/\/www.intoscana.it\/it\/?p=381113"},"modified":"2025-04-09T15:39:12","modified_gmt":"2025-04-09T13:39:12","slug":"nella-wunderkammer-di-carlotta-sillano-canzoni-da-collezionare-come-oggetti-rari-e-preziosi","status":"publish","type":"post","link":"https:\/\/www.intoscana.it\/it\/nella-wunderkammer-di-carlotta-sillano-canzoni-da-collezionare-come-oggetti-rari-e-preziosi\/","title":{"rendered":"Nella Wunderkammer di Carlotta Sillano: canzoni da collezionare come oggetti rari e preziosi"},"content":{"rendered":"<p><strong>Sabato 12 aprile<\/strong> nello spazio<strong><a href=\"https:\/\/www.instagram.com\/gada_playhouse\/\" target=\"_blank\" rel=\"noopener\"> Gada Playhouse<\/a> di Firenze<\/strong> (via de Macci, 11) arriva in concerto la cantautroca <strong>Carlotta Sillano<\/strong> per presentare il suo ultimo disco <strong><em>&#8220;Nella natura vuota dei simboli appassiti&#8221;, <\/em><\/strong>realizzato in collaborazione con <strong>Taketo Gohara.<\/strong><\/p>\n<p>Il nuovo album \u00e8 il <strong>primo lavoro in italiano<\/strong> dell\u2019artista vercellese, conosciuta finora con il <strong>moniker Carlot-ta<\/strong> , si tratta di una raccolta di<strong> 10 brani intensi e visionari<\/strong> che esplorano i temi della natura, della conoscenza e della memoria attraverso un sofisticato <strong>chamber pop<\/strong> che unisce <strong>elementi folk ed elettronici<\/strong>, dando vita a <strong>un immaginario evocativo e sospeso nel tempo.<\/strong><\/p>\n<p>I brani sono ambientati in spazi affascinanti \u2013 tra montagne sacre, giardini rinascimentali e laghi artificiali \u2013 ma anche in <strong>mondi simbolici punteggiati di icone e wunderkammer<\/strong>. Non mancano elementi intimi e personali, legati alla memoria e agli oggetti, che aggiungono profondit\u00e0 emotiva a un\u2019opera gi\u00e0 ricca di suggestioni.<\/p>\n<p><strong>Carlotta Sillano<\/strong> si conferma cos\u00ec una delle voci pi\u00f9 originali e colte del panorama cantautorale contemporaneo, gi\u00e0 premiata in passato con il <strong>Premio Ciampi<\/strong> per il miglior esordio e una nomination alle <strong>Targhe Tenco come miglior opera prima.<\/strong><\/p>\n<figure id=\"post-380940 media-380940\" class=\"align-none\"><img decoding=\"async\" src=\"https:\/\/www.intoscana.it\/wp-content\/uploads\/DSC7026_Nik_DxO2-scaled.jpeg\" alt=\"\" \/><\/figure>\n<div class=\"titleimg\">Carlotta Sillano<\/div>\n<h3>Ecco la nostra interviata a Carlotta Sillano<\/h3>\n<p><strong>Ciao Carlotta il titolo del tuo disco &#8220;<em>Nella natura vuota dei simboli appassiti&#8221;<\/em> mi ha ricordato una poesia di Baudelaire <em>&#8220;Corrispondenze<\/em>&#8220;, in generale tutti i tuoi pezzi mi ricordano i poeti romantici e decadenti come Rimbaud, Verlaine, quanto c&#8217;\u00e8 di tutto questo nelle tue canzoni?<\/strong><\/p>\n<p>Assolutamente s\u00ec,<strong> non si esce mai da questa adolescenza introspettiva<\/strong> che mi ha fatto conoscere i poeti simbolisti e questo mondo un po&#8217; oscuro. Resta un retaggio che mi porto appresso. In questo caso il riferimento non era cos\u00ec diretto, ma quella che citi \u00e8 una poesia che ho amato molto e che mi \u00e8 rimasta in mente. <strong>I simboli vengono descritti come &#8220;appassiti&#8221; ma non \u00e8 un disco nichilista,<\/strong> \u00e8 un invito a cercare qualcosa che ci tenga vivi. Il titolo dell&#8217;album \u00e8 una delle prime frasi della canzone<strong><em> &#8220;Vanitas&#8221;<\/em> <\/strong>che \u00e8 un brano abbastanza apocalittico, ma ha un finale non cos\u00ec terribile e rappresenta il percorso di tutti e dieci i pezzi che sono contenuti nel disco. <p><span class=\"citazione\">La mia musica parte da una realt\u00e0 che io vivo, pesaggi che ho visto fin da quando sono bambina. Quello che ho provato a fare \u00e8 raccontare un livello immaginifico che sta poco lontano<\/span><\/p><\/p>\n<p><strong>Sono molto colpita dai testi delle tue canzoni che sfuggono l&#8217;abitudine di un certo tipo di cantautorato che racconta la quotidianit\u00e0, i problemi di tutti i giorni. Con te si fa un viaggio in una terra inesplorata e fantastica. Sono testi abbastana ermetici, ti interessa come vengono recepiti dall&#8217;ascoltatore oppure ti piace lasciare libert\u00e0 totale nel<\/strong><b>l&#8217;interpretazione?<\/b><\/p>\n<p>Tendo a non amare la musica che racconta la vita nei suoi aspetti pi\u00f9 banali, mi piace ascoltare musica che lascia spazio per <strong>evocare mondi distanti ma anche molto vicini<\/strong>. La mia musica parte da una realt\u00e0 che io vivo, paesaggi che ho visto fn da quando sono bambina. Quello che ho provato a fare \u00e8 <strong>raccontare un livello immaginifico che sta poco lontano<\/strong>. Mi auguro che ci sia spazio per chi ascolta per immaginare una stessa proiezione ma soggettiva.<\/p>\n<p><iframe loading=\"lazy\" title=\"YouTube video player\" src=\"https:\/\/www.youtube.com\/embed\/gu9TVnq-lsk?si=N_fcspvziOCjC9-L\" width=\"800\" height=\"450\" frameborder=\"0\" allowfullscreen=\"allowfullscreen\"><span data-mce-type=\"bookmark\" style=\"display: inline-block; width: 0px; overflow: hidden; line-height: 0;\" class=\"mce_SELRES_start\">\ufeff<\/span><\/iframe><\/p>\n<p><strong>Questo disco mi \u00e8 apparso come un tuo viaggio intimo e anche meditativo, come hai composto l&#8217;album? C&#8217;\u00e8 stata una fase di isolamento e ricerca interiore?<\/strong><\/p>\n<p>Innanzi tutto \u00e8 il mio primo disco in italiano, questa cosa per me \u00e8 stato un passaggio molto naturale forse perch\u00e9 volevo raccontare qualcosa che risultasse pi\u00f9 chiaro e accessibile per l&#8217;ascoltatore. Quindi <strong>la ricerca \u00e8 stata proprio sul linguaggio.<\/strong> Questo ha guidato la scrittura che \u00e8 durata 2-3 anni, \u00e8 iniziata nel periodo post-covid, e si \u00e8 conclusa poco prima di entrare in studio. <strong>Spesso mi rifugio sulle montagne, sono luoghi a me molto cari, quasi tutte le canzoni le ho scritte sulla Valsesia.\u00a0<\/strong><\/p>\n<p><strong>Una delle mie canzoni preferite del disco \u00e8 &#8220;<em>Wunderkammer&#8221;,<\/em> la stanza delle meraviglie in cui i nobili del passato raccoglievano oggetti rari e preziosi che tu associ invece a una raccolta di tuoi ricordi. Stavo pensando che forse le playlist che facciamo oggi con le nostre canzoni preferite possono essere considerate delle piccole wunderkammer&#8230;<\/strong><\/p>\n<p>Perch\u00e9 no certo, di fatto<strong> la wunderkammer che io descrivo \u00e8 uno spazio del pensiero,<\/strong> se uno la volesse riempire di canzoni si potrebbe trasferire questo concetto. La mia riflessione \u00e8 proprio sulla oggettificazione del ricordo. Quelle vere dei nobili sono anche loro collezioni di ricordi, souvenir di viaggio che oggettificavano l&#8217;esperienza, ma possiamo anche creare una collezione solo mentale.<\/p>\n<p><strong>Per il disco hai collaborato con il produttore Taketo Gohara, altri musicisti che ho intervistato mi hanno detto che ha il potere di leggere dentro le persone, \u00e8 stato cos\u00ec anche per te?<\/strong><\/p>\n<p>Lavorare con lui \u00e8 stata veramente un&#8217;esperienza bellissima, lo dico senza piaggerie. <strong>Ero anche abbastanza preoccupata prima di iniziare il lavoro, perch\u00e9 lui ha collaborato con nomi grossi della musica italiana<\/strong>. Temevo avesse poco tempo per me, invece si \u00e8 dedicato al progetto con una <strong>professionalit\u00e0 estrema e una passione che raramente ho incontrato. <\/strong>Ha trattato il mio materiale con tatto e grande umanit\u00e0 e io gli sono molto grata.<\/p>\n<figure id=\"post-380947 media-380947\" class=\"align-none\"><img decoding=\"async\" src=\"https:\/\/www.intoscana.it\/wp-content\/uploads\/PXL_20240905_155417103.MP_Nik_DxOdef-scaled.jpeg\" alt=\"\" \/><\/figure>\n<div class=\"titleimg\">Carlotta Sillano<\/div>\n","protected":false},"excerpt":{"rendered":"<p>Sabato 12 aprile nello spazio Gada di Firenze arriva in concerto la cantautrice Carlotta Sillano per presentare il suo ultimo disco &#8220;Nella natura vuota dei simboli appassiti&#8221;<\/p>\n","protected":false},"author":518,"featured_media":380938,"comment_status":"open","ping_status":"open","sticky":false,"template":"","format":"standard","meta":{"_acf_changed":false,"footnotes":""},"categories":[14],"tags":[216,4474,202,3138],"class_list":["post-381113","post","type-post","status-publish","format-standard","has-post-thumbnail","hentry","category-musica","tag-concerti","tag-eventi","tag-firenze","tag-interviste-agli-artisti"],"acf":[],"yoast_head":"<!-- This site is optimized with the Yoast SEO Premium plugin v24.2 (Yoast SEO v25.6) - https:\/\/yoast.com\/wordpress\/plugins\/seo\/ -->\n<title>Nella Wunderkammer di Carlotta Sillano: canzoni da collezionare come oggetti rari e preziosi - intoscana<\/title>\n<meta name=\"description\" content=\"Venerd\u00ec 11 aprile nello spazio Gada di Firenze arriva in concerto la cantautroca Carlotta Sillano per presentare il suo ultimo disco\" \/>\n<meta name=\"robots\" content=\"index, follow, max-snippet:-1, max-image-preview:large, max-video-preview:-1\" \/>\n<link rel=\"canonical\" href=\"https:\/\/www.intoscana.it\/it\/nella-wunderkammer-di-carlotta-sillano-canzoni-da-collezionare-come-oggetti-rari-e-preziosi\/\" \/>\n<meta property=\"og:locale\" content=\"it_IT\" \/>\n<meta property=\"og:type\" content=\"article\" \/>\n<meta property=\"og:title\" content=\"Nella Wunderkammer di Carlotta Sillano: canzoni da collezionare come oggetti rari e preziosi\" \/>\n<meta property=\"og:description\" content=\"Venerd\u00ec 11 aprile nello spazio Gada di Firenze arriva in concerto la cantautroca Carlotta Sillano per presentare il suo ultimo disco\" \/>\n<meta property=\"og:url\" content=\"https:\/\/www.intoscana.it\/it\/nella-wunderkammer-di-carlotta-sillano-canzoni-da-collezionare-come-oggetti-rari-e-preziosi\/\" \/>\n<meta property=\"og:site_name\" content=\"intoscana\" \/>\n<meta property=\"article:publisher\" content=\"https:\/\/www.facebook.com\/intoscana.it\" \/>\n<meta property=\"article:published_time\" content=\"2025-04-09T10:48:36+00:00\" \/>\n<meta property=\"article:modified_time\" content=\"2025-04-09T13:39:12+00:00\" \/>\n<meta property=\"og:image\" content=\"https:\/\/www.intoscana.it\/wp-content\/uploads\/DSC6835_Nik-2_DxO-1-scaled.jpeg\" \/>\n\t<meta property=\"og:image:width\" content=\"2048\" \/>\n\t<meta property=\"og:image:height\" content=\"1344\" \/>\n\t<meta property=\"og:image:type\" content=\"image\/jpeg\" \/>\n<meta name=\"author\" content=\"Costanza Baldini\" \/>\n<meta name=\"twitter:card\" content=\"summary_large_image\" \/>\n<meta name=\"twitter:creator\" content=\"@intoscana\" \/>\n<meta name=\"twitter:site\" content=\"@intoscana\" \/>\n<meta name=\"twitter:label1\" content=\"Written by\" \/>\n\t<meta name=\"twitter:data1\" content=\"Costanza Baldini\" \/>\n\t<meta name=\"twitter:label2\" content=\"Est. reading time\" \/>\n\t<meta name=\"twitter:data2\" content=\"6 minuti\" \/>\n<script type=\"application\/ld+json\" class=\"yoast-schema-graph\">{\"@context\":\"https:\/\/schema.org\",\"@graph\":[{\"@type\":\"WebPage\",\"@id\":\"https:\/\/www.intoscana.it\/it\/nella-wunderkammer-di-carlotta-sillano-canzoni-da-collezionare-come-oggetti-rari-e-preziosi\/\",\"url\":\"https:\/\/www.intoscana.it\/it\/nella-wunderkammer-di-carlotta-sillano-canzoni-da-collezionare-come-oggetti-rari-e-preziosi\/\",\"name\":\"Nella Wunderkammer di Carlotta Sillano: canzoni da collezionare come oggetti rari e preziosi - intoscana\",\"isPartOf\":{\"@id\":\"https:\/\/www.intoscana.it\/it\/#website\"},\"primaryImageOfPage\":{\"@id\":\"https:\/\/www.intoscana.it\/it\/nella-wunderkammer-di-carlotta-sillano-canzoni-da-collezionare-come-oggetti-rari-e-preziosi\/#primaryimage\"},\"image\":{\"@id\":\"https:\/\/www.intoscana.it\/it\/nella-wunderkammer-di-carlotta-sillano-canzoni-da-collezionare-come-oggetti-rari-e-preziosi\/#primaryimage\"},\"thumbnailUrl\":\"https:\/\/www.intoscana.it\/wp-content\/uploads\/DSC6835_Nik-2_DxO-1-scaled.jpeg\",\"datePublished\":\"2025-04-09T10:48:36+00:00\",\"dateModified\":\"2025-04-09T13:39:12+00:00\",\"author\":{\"@id\":\"https:\/\/www.intoscana.it\/it\/#\/schema\/person\/d469f35f09739bdf00bf5dd3f0647a82\"},\"description\":\"Venerd\u00ec 11 aprile nello spazio Gada di Firenze arriva in concerto la cantautroca Carlotta Sillano per presentare il suo ultimo disco\",\"breadcrumb\":{\"@id\":\"https:\/\/www.intoscana.it\/it\/nella-wunderkammer-di-carlotta-sillano-canzoni-da-collezionare-come-oggetti-rari-e-preziosi\/#breadcrumb\"},\"inLanguage\":\"it-IT\",\"potentialAction\":[{\"@type\":\"ReadAction\",\"target\":[\"https:\/\/www.intoscana.it\/it\/nella-wunderkammer-di-carlotta-sillano-canzoni-da-collezionare-come-oggetti-rari-e-preziosi\/\"]}]},{\"@type\":\"ImageObject\",\"inLanguage\":\"it-IT\",\"@id\":\"https:\/\/www.intoscana.it\/it\/nella-wunderkammer-di-carlotta-sillano-canzoni-da-collezionare-come-oggetti-rari-e-preziosi\/#primaryimage\",\"url\":\"https:\/\/www.intoscana.it\/wp-content\/uploads\/DSC6835_Nik-2_DxO-1-scaled.jpeg\",\"contentUrl\":\"https:\/\/www.intoscana.it\/wp-content\/uploads\/DSC6835_Nik-2_DxO-1-scaled.jpeg\",\"width\":2048,\"height\":1344,\"caption\":\"Carlotta Sillano\"},{\"@type\":\"BreadcrumbList\",\"@id\":\"https:\/\/www.intoscana.it\/it\/nella-wunderkammer-di-carlotta-sillano-canzoni-da-collezionare-come-oggetti-rari-e-preziosi\/#breadcrumb\",\"itemListElement\":[{\"@type\":\"ListItem\",\"position\":1,\"name\":\"Home\",\"item\":\"https:\/\/www.intoscana.it\/it\/\"},{\"@type\":\"ListItem\",\"position\":2,\"name\":\"Nella Wunderkammer di Carlotta Sillano: canzoni da collezionare come oggetti rari e preziosi\"}]},{\"@type\":\"WebSite\",\"@id\":\"https:\/\/www.intoscana.it\/it\/#website\",\"url\":\"https:\/\/www.intoscana.it\/it\/\",\"name\":\"intoscana\",\"description\":\"\",\"potentialAction\":[{\"@type\":\"SearchAction\",\"target\":{\"@type\":\"EntryPoint\",\"urlTemplate\":\"https:\/\/www.intoscana.it\/it\/?s={search_term_string}\"},\"query-input\":{\"@type\":\"PropertyValueSpecification\",\"valueRequired\":true,\"valueName\":\"search_term_string\"}}],\"inLanguage\":\"it-IT\"},{\"@type\":\"Person\",\"@id\":\"https:\/\/www.intoscana.it\/it\/#\/schema\/person\/d469f35f09739bdf00bf5dd3f0647a82\",\"name\":\"Costanza Baldini\",\"url\":\"https:\/\/www.intoscana.it\/it\/author\/costanza-baldini\/\"}]}<\/script>\n<!-- \/ Yoast SEO Premium plugin. -->","yoast_head_json":{"title":"Nella Wunderkammer di Carlotta Sillano: canzoni da collezionare come oggetti rari e preziosi - intoscana","description":"Venerd\u00ec 11 aprile nello spazio Gada di Firenze arriva in concerto la cantautroca Carlotta Sillano per presentare il suo ultimo disco","robots":{"index":"index","follow":"follow","max-snippet":"max-snippet:-1","max-image-preview":"max-image-preview:large","max-video-preview":"max-video-preview:-1"},"canonical":"https:\/\/www.intoscana.it\/it\/nella-wunderkammer-di-carlotta-sillano-canzoni-da-collezionare-come-oggetti-rari-e-preziosi\/","og_locale":"it_IT","og_type":"article","og_title":"Nella Wunderkammer di Carlotta Sillano: canzoni da collezionare come oggetti rari e preziosi","og_description":"Venerd\u00ec 11 aprile nello spazio Gada di Firenze arriva in concerto la cantautroca Carlotta Sillano per presentare il suo ultimo disco","og_url":"https:\/\/www.intoscana.it\/it\/nella-wunderkammer-di-carlotta-sillano-canzoni-da-collezionare-come-oggetti-rari-e-preziosi\/","og_site_name":"intoscana","article_publisher":"https:\/\/www.facebook.com\/intoscana.it","article_published_time":"2025-04-09T10:48:36+00:00","article_modified_time":"2025-04-09T13:39:12+00:00","og_image":[{"width":2048,"height":1344,"url":"https:\/\/www.intoscana.it\/wp-content\/uploads\/DSC6835_Nik-2_DxO-1-scaled.jpeg","type":"image\/jpeg"}],"author":"Costanza Baldini","twitter_card":"summary_large_image","twitter_creator":"@intoscana","twitter_site":"@intoscana","twitter_misc":{"Written by":"Costanza Baldini","Est. reading time":"6 minuti"},"schema":{"@context":"https:\/\/schema.org","@graph":[{"@type":"WebPage","@id":"https:\/\/www.intoscana.it\/it\/nella-wunderkammer-di-carlotta-sillano-canzoni-da-collezionare-come-oggetti-rari-e-preziosi\/","url":"https:\/\/www.intoscana.it\/it\/nella-wunderkammer-di-carlotta-sillano-canzoni-da-collezionare-come-oggetti-rari-e-preziosi\/","name":"Nella Wunderkammer di Carlotta Sillano: canzoni da collezionare come oggetti rari e preziosi - intoscana","isPartOf":{"@id":"https:\/\/www.intoscana.it\/it\/#website"},"primaryImageOfPage":{"@id":"https:\/\/www.intoscana.it\/it\/nella-wunderkammer-di-carlotta-sillano-canzoni-da-collezionare-come-oggetti-rari-e-preziosi\/#primaryimage"},"image":{"@id":"https:\/\/www.intoscana.it\/it\/nella-wunderkammer-di-carlotta-sillano-canzoni-da-collezionare-come-oggetti-rari-e-preziosi\/#primaryimage"},"thumbnailUrl":"https:\/\/www.intoscana.it\/wp-content\/uploads\/DSC6835_Nik-2_DxO-1-scaled.jpeg","datePublished":"2025-04-09T10:48:36+00:00","dateModified":"2025-04-09T13:39:12+00:00","author":{"@id":"https:\/\/www.intoscana.it\/it\/#\/schema\/person\/d469f35f09739bdf00bf5dd3f0647a82"},"description":"Venerd\u00ec 11 aprile nello spazio Gada di Firenze arriva in concerto la cantautroca Carlotta Sillano per presentare il suo ultimo disco","breadcrumb":{"@id":"https:\/\/www.intoscana.it\/it\/nella-wunderkammer-di-carlotta-sillano-canzoni-da-collezionare-come-oggetti-rari-e-preziosi\/#breadcrumb"},"inLanguage":"it-IT","potentialAction":[{"@type":"ReadAction","target":["https:\/\/www.intoscana.it\/it\/nella-wunderkammer-di-carlotta-sillano-canzoni-da-collezionare-come-oggetti-rari-e-preziosi\/"]}]},{"@type":"ImageObject","inLanguage":"it-IT","@id":"https:\/\/www.intoscana.it\/it\/nella-wunderkammer-di-carlotta-sillano-canzoni-da-collezionare-come-oggetti-rari-e-preziosi\/#primaryimage","url":"https:\/\/www.intoscana.it\/wp-content\/uploads\/DSC6835_Nik-2_DxO-1-scaled.jpeg","contentUrl":"https:\/\/www.intoscana.it\/wp-content\/uploads\/DSC6835_Nik-2_DxO-1-scaled.jpeg","width":2048,"height":1344,"caption":"Carlotta Sillano"},{"@type":"BreadcrumbList","@id":"https:\/\/www.intoscana.it\/it\/nella-wunderkammer-di-carlotta-sillano-canzoni-da-collezionare-come-oggetti-rari-e-preziosi\/#breadcrumb","itemListElement":[{"@type":"ListItem","position":1,"name":"Home","item":"https:\/\/www.intoscana.it\/it\/"},{"@type":"ListItem","position":2,"name":"Nella Wunderkammer di Carlotta Sillano: canzoni da collezionare come oggetti rari e preziosi"}]},{"@type":"WebSite","@id":"https:\/\/www.intoscana.it\/it\/#website","url":"https:\/\/www.intoscana.it\/it\/","name":"intoscana","description":"","potentialAction":[{"@type":"SearchAction","target":{"@type":"EntryPoint","urlTemplate":"https:\/\/www.intoscana.it\/it\/?s={search_term_string}"},"query-input":{"@type":"PropertyValueSpecification","valueRequired":true,"valueName":"search_term_string"}}],"inLanguage":"it-IT"},{"@type":"Person","@id":"https:\/\/www.intoscana.it\/it\/#\/schema\/person\/d469f35f09739bdf00bf5dd3f0647a82","name":"Costanza Baldini","url":"https:\/\/www.intoscana.it\/it\/author\/costanza-baldini\/"}]}},"_links":{"self":[{"href":"https:\/\/www.intoscana.it\/it\/wp-json\/wp\/v2\/posts\/381113","targetHints":{"allow":["GET"]}}],"collection":[{"href":"https:\/\/www.intoscana.it\/it\/wp-json\/wp\/v2\/posts"}],"about":[{"href":"https:\/\/www.intoscana.it\/it\/wp-json\/wp\/v2\/types\/post"}],"author":[{"embeddable":true,"href":"https:\/\/www.intoscana.it\/it\/wp-json\/wp\/v2\/users\/518"}],"replies":[{"embeddable":true,"href":"https:\/\/www.intoscana.it\/it\/wp-json\/wp\/v2\/comments?post=381113"}],"version-history":[{"count":5,"href":"https:\/\/www.intoscana.it\/it\/wp-json\/wp\/v2\/posts\/381113\/revisions"}],"predecessor-version":[{"id":381244,"href":"https:\/\/www.intoscana.it\/it\/wp-json\/wp\/v2\/posts\/381113\/revisions\/381244"}],"wp:featuredmedia":[{"embeddable":true,"href":"https:\/\/www.intoscana.it\/it\/wp-json\/wp\/v2\/media\/380938"}],"wp:attachment":[{"href":"https:\/\/www.intoscana.it\/it\/wp-json\/wp\/v2\/media?parent=381113"}],"wp:term":[{"taxonomy":"category","embeddable":true,"href":"https:\/\/www.intoscana.it\/it\/wp-json\/wp\/v2\/categories?post=381113"},{"taxonomy":"post_tag","embeddable":true,"href":"https:\/\/www.intoscana.it\/it\/wp-json\/wp\/v2\/tags?post=381113"}],"curies":[{"name":"wp","href":"https:\/\/api.w.org\/{rel}","templated":true}]}}