{"id":381281,"date":"2025-04-10T10:21:00","date_gmt":"2025-04-10T08:21:00","guid":{"rendered":"https:\/\/www.intoscana.it\/it\/?p=381281"},"modified":"2025-04-10T10:21:00","modified_gmt":"2025-04-10T08:21:00","slug":"pasqua-dopo-sette-anni-a-comeana-torna-la-rappresentazione-della-passione-e-morte-di-gesu","status":"publish","type":"post","link":"https:\/\/www.intoscana.it\/it\/pasqua-dopo-sette-anni-a-comeana-torna-la-rappresentazione-della-passione-e-morte-di-gesu\/","title":{"rendered":"Pasqua, dopo sette anni a Comeana torna la rappresentazione della passione e morte di Ges\u00f9"},"content":{"rendered":"<p>Dopo sette anni, torna la tradizionale <strong>processione<\/strong> Ges\u00f9 Cristo morto e redentore di <strong>Comeana<\/strong>. Un lungo stop forzato (pandemia prima e problemi tecnici poi), ma adesso \u00e8 <mark>tutto pronto per il 13 aprile, la domenica delle Palme,\u00a0 dalle 16.30, con appuntamento in piazza Cesare Battisti.<\/mark><\/p>\n<h3><em>La rappresentazione storica<\/em><\/h3>\n<p>Per un giorno il borgo nel pratese si trasformer\u00e0 in un sinedrio dove saranno rappresentate le scene peculiari della passione e della morte d\u00ed Ges\u00f9, a partire dal <mark>processo in cui il popolo vot\u00f2 a favore di Barabba e condannandolo cos\u00ec alla morte per crocifissione. Sempre in piazza si svolgeranno anche altre scene, come l\u2019incontro con la Veronica e le tre cadute.<\/mark><\/p>\n<p>Un evento che apre la settimana santa e che coinvolge una <strong>comunit\u00e0<\/strong> intera. Tantissime comparse, della parte storica e della parte sacra: ci saranno dunque le tre Marie, Giacomo e Giovanni, la Samaritana, Donna Claudia, Ponzio Pilato e tanti altri. A creare la <strong>scenografia<\/strong> saranno come sempre i costumi, cuciti dalle sarte di Comeana e numerosi allestimenti di bighe, portantine e animali. Il gruppo di uncinetto di Comeana, Attivamente, ha decorato\u00a0 gratuitamente porte, finestre e cancelli delle case nelle strade lungo cui passer\u00e0 la processione.<\/p>\n<p>Un lavoro enorme, durato due anni, come racconta <strong>Gianluca Belli<\/strong>, presidente del comitato organizzatore.\u00a0\u201cRispetto alla scorsa edizione abbiamo registrato una larga partecipazione con quasi <strong>quattrocento figuranti<\/strong> \u2013 prosegue Belli -, il che ci d\u00e0 tanta soddisfazione perch\u00e9 significa che le persone di questo paese continuano, insieme a noi, a credere in questo evento\u201d.<\/p>\n<p>Rispetto all&#8217;ultima edizione del 2018, cambia il percorso. <mark>Si partir\u00e0 da piazza San Michele di fronte alla chiesa verso piazza Cesare Battisti e via Macia, via Le Corti e via La Volta.<\/mark> Da qui si scender\u00e0 di nuovo verso Piazza Battisti, proseguendo verso via Rossini, via Beethoven e via Macia. Ultimo giro in piazza Battisti prima di scendere verso via Alighieri e via Garibaldi: da qui i figuranti accederanno al sito etrusco di Montefortini, dove sar\u00e0 rappresentata la crocifissione che fino alle passate edizioni concludeva il percorso a piedi al campo sportivo.<\/p>\n<p>&nbsp;<\/p>\n","protected":false},"excerpt":{"rendered":"<p>Appuntamento il 13 aprile, la domenica delle Palme, dalle 16.30: le piazze e le strade del borgo verranno attraversate dalla processione e da circa 400 comparse<\/p>\n","protected":false},"author":525,"featured_media":381294,"comment_status":"open","ping_status":"open","sticky":false,"template":"","format":"standard","meta":{"_acf_changed":false,"footnotes":""},"categories":[493],"tags":[5742,5743],"class_list":["post-381281","post","type-post","status-publish","format-standard","has-post-thumbnail","hentry","category-cultura","tag-pasqua","tag-religione"],"acf":[],"yoast_head":"<!-- This site is optimized with the Yoast SEO Premium plugin v24.2 (Yoast SEO v25.6) - https:\/\/yoast.com\/wordpress\/plugins\/seo\/ -->\n<title>Pasqua, dopo sette anni a Comeana torna la rappresentazione della passione e morte di Ges\u00f9 - intoscana<\/title>\n<meta name=\"description\" content=\"Appuntamento il 13 aprile, la domenica delle Palme, dalle 16.30: le piazze e le strade del borgo verranno attraversate dalla processione e da circa 400 comparse\" \/>\n<meta name=\"robots\" content=\"index, follow, max-snippet:-1, max-image-preview:large, max-video-preview:-1\" \/>\n<link rel=\"canonical\" href=\"https:\/\/www.intoscana.it\/it\/pasqua-dopo-sette-anni-a-comeana-torna-la-rappresentazione-della-passione-e-morte-di-gesu\/\" \/>\n<meta property=\"og:locale\" content=\"it_IT\" \/>\n<meta property=\"og:type\" content=\"article\" \/>\n<meta property=\"og:title\" content=\"Pasqua, dopo sette anni a Comeana torna la rappresentazione della passione e morte di Ges\u00f9\" \/>\n<meta property=\"og:description\" content=\"Appuntamento il 13 aprile, la domenica delle Palme, dalle 16.30: le piazze e le strade del borgo verranno attraversate dalla processione e da circa 400 comparse\" \/>\n<meta property=\"og:url\" content=\"https:\/\/www.intoscana.it\/it\/pasqua-dopo-sette-anni-a-comeana-torna-la-rappresentazione-della-passione-e-morte-di-gesu\/\" \/>\n<meta property=\"og:site_name\" content=\"intoscana\" \/>\n<meta property=\"article:publisher\" content=\"https:\/\/www.facebook.com\/intoscana.it\" \/>\n<meta property=\"article:published_time\" content=\"2025-04-10T08:21:00+00:00\" \/>\n<meta property=\"og:image\" content=\"https:\/\/www.intoscana.it\/wp-content\/uploads\/WhatsApp-Image-2025-04-09-at-12.57.17.jpeg\" \/>\n\t<meta property=\"og:image:width\" content=\"1600\" \/>\n\t<meta property=\"og:image:height\" content=\"1068\" \/>\n\t<meta property=\"og:image:type\" content=\"image\/jpeg\" \/>\n<meta name=\"author\" content=\"Redazione\" \/>\n<meta name=\"twitter:card\" content=\"summary_large_image\" \/>\n<meta name=\"twitter:creator\" content=\"@intoscana\" \/>\n<meta name=\"twitter:site\" content=\"@intoscana\" \/>\n<meta name=\"twitter:label1\" content=\"Written by\" \/>\n\t<meta name=\"twitter:data1\" content=\"Redazione\" \/>\n\t<meta name=\"twitter:label2\" content=\"Est. reading time\" \/>\n\t<meta name=\"twitter:data2\" content=\"3 minuti\" \/>\n<script type=\"application\/ld+json\" class=\"yoast-schema-graph\">{\"@context\":\"https:\/\/schema.org\",\"@graph\":[{\"@type\":\"WebPage\",\"@id\":\"https:\/\/www.intoscana.it\/it\/pasqua-dopo-sette-anni-a-comeana-torna-la-rappresentazione-della-passione-e-morte-di-gesu\/\",\"url\":\"https:\/\/www.intoscana.it\/it\/pasqua-dopo-sette-anni-a-comeana-torna-la-rappresentazione-della-passione-e-morte-di-gesu\/\",\"name\":\"Pasqua, dopo sette anni a Comeana torna la rappresentazione della passione e morte di Ges\u00f9 - intoscana\",\"isPartOf\":{\"@id\":\"https:\/\/www.intoscana.it\/it\/#website\"},\"primaryImageOfPage\":{\"@id\":\"https:\/\/www.intoscana.it\/it\/pasqua-dopo-sette-anni-a-comeana-torna-la-rappresentazione-della-passione-e-morte-di-gesu\/#primaryimage\"},\"image\":{\"@id\":\"https:\/\/www.intoscana.it\/it\/pasqua-dopo-sette-anni-a-comeana-torna-la-rappresentazione-della-passione-e-morte-di-gesu\/#primaryimage\"},\"thumbnailUrl\":\"https:\/\/www.intoscana.it\/wp-content\/uploads\/WhatsApp-Image-2025-04-09-at-12.57.17.jpeg\",\"datePublished\":\"2025-04-10T08:21:00+00:00\",\"author\":{\"@id\":\"https:\/\/www.intoscana.it\/it\/#\/schema\/person\/9223810753230f20bd670fdd322661f8\"},\"description\":\"Appuntamento il 13 aprile, la domenica delle Palme, dalle 16.30: le piazze e le strade del borgo verranno attraversate dalla processione e da circa 400 comparse\",\"breadcrumb\":{\"@id\":\"https:\/\/www.intoscana.it\/it\/pasqua-dopo-sette-anni-a-comeana-torna-la-rappresentazione-della-passione-e-morte-di-gesu\/#breadcrumb\"},\"inLanguage\":\"it-IT\",\"potentialAction\":[{\"@type\":\"ReadAction\",\"target\":[\"https:\/\/www.intoscana.it\/it\/pasqua-dopo-sette-anni-a-comeana-torna-la-rappresentazione-della-passione-e-morte-di-gesu\/\"]}]},{\"@type\":\"ImageObject\",\"inLanguage\":\"it-IT\",\"@id\":\"https:\/\/www.intoscana.it\/it\/pasqua-dopo-sette-anni-a-comeana-torna-la-rappresentazione-della-passione-e-morte-di-gesu\/#primaryimage\",\"url\":\"https:\/\/www.intoscana.it\/wp-content\/uploads\/WhatsApp-Image-2025-04-09-at-12.57.17.jpeg\",\"contentUrl\":\"https:\/\/www.intoscana.it\/wp-content\/uploads\/WhatsApp-Image-2025-04-09-at-12.57.17.jpeg\",\"width\":1600,\"height\":1068},{\"@type\":\"BreadcrumbList\",\"@id\":\"https:\/\/www.intoscana.it\/it\/pasqua-dopo-sette-anni-a-comeana-torna-la-rappresentazione-della-passione-e-morte-di-gesu\/#breadcrumb\",\"itemListElement\":[{\"@type\":\"ListItem\",\"position\":1,\"name\":\"Home\",\"item\":\"https:\/\/www.intoscana.it\/it\/\"},{\"@type\":\"ListItem\",\"position\":2,\"name\":\"Pasqua, dopo sette anni a Comeana torna la rappresentazione della passione e morte di Ges\u00f9\"}]},{\"@type\":\"WebSite\",\"@id\":\"https:\/\/www.intoscana.it\/it\/#website\",\"url\":\"https:\/\/www.intoscana.it\/it\/\",\"name\":\"intoscana\",\"description\":\"\",\"potentialAction\":[{\"@type\":\"SearchAction\",\"target\":{\"@type\":\"EntryPoint\",\"urlTemplate\":\"https:\/\/www.intoscana.it\/it\/?s={search_term_string}\"},\"query-input\":{\"@type\":\"PropertyValueSpecification\",\"valueRequired\":true,\"valueName\":\"search_term_string\"}}],\"inLanguage\":\"it-IT\"},{\"@type\":\"Person\",\"@id\":\"https:\/\/www.intoscana.it\/it\/#\/schema\/person\/9223810753230f20bd670fdd322661f8\",\"name\":\"Redazione\",\"url\":\"https:\/\/www.intoscana.it\/it\/author\/redazione\/\"}]}<\/script>\n<!-- \/ Yoast SEO Premium plugin. -->","yoast_head_json":{"title":"Pasqua, dopo sette anni a Comeana torna la rappresentazione della passione e morte di Ges\u00f9 - intoscana","description":"Appuntamento il 13 aprile, la domenica delle Palme, dalle 16.30: le piazze e le strade del borgo verranno attraversate dalla processione e da circa 400 comparse","robots":{"index":"index","follow":"follow","max-snippet":"max-snippet:-1","max-image-preview":"max-image-preview:large","max-video-preview":"max-video-preview:-1"},"canonical":"https:\/\/www.intoscana.it\/it\/pasqua-dopo-sette-anni-a-comeana-torna-la-rappresentazione-della-passione-e-morte-di-gesu\/","og_locale":"it_IT","og_type":"article","og_title":"Pasqua, dopo sette anni a Comeana torna la rappresentazione della passione e morte di Ges\u00f9","og_description":"Appuntamento il 13 aprile, la domenica delle Palme, dalle 16.30: le piazze e le strade del borgo verranno attraversate dalla processione e da circa 400 comparse","og_url":"https:\/\/www.intoscana.it\/it\/pasqua-dopo-sette-anni-a-comeana-torna-la-rappresentazione-della-passione-e-morte-di-gesu\/","og_site_name":"intoscana","article_publisher":"https:\/\/www.facebook.com\/intoscana.it","article_published_time":"2025-04-10T08:21:00+00:00","og_image":[{"width":1600,"height":1068,"url":"https:\/\/www.intoscana.it\/wp-content\/uploads\/WhatsApp-Image-2025-04-09-at-12.57.17.jpeg","type":"image\/jpeg"}],"author":"Redazione","twitter_card":"summary_large_image","twitter_creator":"@intoscana","twitter_site":"@intoscana","twitter_misc":{"Written by":"Redazione","Est. reading time":"3 minuti"},"schema":{"@context":"https:\/\/schema.org","@graph":[{"@type":"WebPage","@id":"https:\/\/www.intoscana.it\/it\/pasqua-dopo-sette-anni-a-comeana-torna-la-rappresentazione-della-passione-e-morte-di-gesu\/","url":"https:\/\/www.intoscana.it\/it\/pasqua-dopo-sette-anni-a-comeana-torna-la-rappresentazione-della-passione-e-morte-di-gesu\/","name":"Pasqua, dopo sette anni a Comeana torna la rappresentazione della passione e morte di Ges\u00f9 - intoscana","isPartOf":{"@id":"https:\/\/www.intoscana.it\/it\/#website"},"primaryImageOfPage":{"@id":"https:\/\/www.intoscana.it\/it\/pasqua-dopo-sette-anni-a-comeana-torna-la-rappresentazione-della-passione-e-morte-di-gesu\/#primaryimage"},"image":{"@id":"https:\/\/www.intoscana.it\/it\/pasqua-dopo-sette-anni-a-comeana-torna-la-rappresentazione-della-passione-e-morte-di-gesu\/#primaryimage"},"thumbnailUrl":"https:\/\/www.intoscana.it\/wp-content\/uploads\/WhatsApp-Image-2025-04-09-at-12.57.17.jpeg","datePublished":"2025-04-10T08:21:00+00:00","author":{"@id":"https:\/\/www.intoscana.it\/it\/#\/schema\/person\/9223810753230f20bd670fdd322661f8"},"description":"Appuntamento il 13 aprile, la domenica delle Palme, dalle 16.30: le piazze e le strade del borgo verranno attraversate dalla processione e da circa 400 comparse","breadcrumb":{"@id":"https:\/\/www.intoscana.it\/it\/pasqua-dopo-sette-anni-a-comeana-torna-la-rappresentazione-della-passione-e-morte-di-gesu\/#breadcrumb"},"inLanguage":"it-IT","potentialAction":[{"@type":"ReadAction","target":["https:\/\/www.intoscana.it\/it\/pasqua-dopo-sette-anni-a-comeana-torna-la-rappresentazione-della-passione-e-morte-di-gesu\/"]}]},{"@type":"ImageObject","inLanguage":"it-IT","@id":"https:\/\/www.intoscana.it\/it\/pasqua-dopo-sette-anni-a-comeana-torna-la-rappresentazione-della-passione-e-morte-di-gesu\/#primaryimage","url":"https:\/\/www.intoscana.it\/wp-content\/uploads\/WhatsApp-Image-2025-04-09-at-12.57.17.jpeg","contentUrl":"https:\/\/www.intoscana.it\/wp-content\/uploads\/WhatsApp-Image-2025-04-09-at-12.57.17.jpeg","width":1600,"height":1068},{"@type":"BreadcrumbList","@id":"https:\/\/www.intoscana.it\/it\/pasqua-dopo-sette-anni-a-comeana-torna-la-rappresentazione-della-passione-e-morte-di-gesu\/#breadcrumb","itemListElement":[{"@type":"ListItem","position":1,"name":"Home","item":"https:\/\/www.intoscana.it\/it\/"},{"@type":"ListItem","position":2,"name":"Pasqua, dopo sette anni a Comeana torna la rappresentazione della passione e morte di Ges\u00f9"}]},{"@type":"WebSite","@id":"https:\/\/www.intoscana.it\/it\/#website","url":"https:\/\/www.intoscana.it\/it\/","name":"intoscana","description":"","potentialAction":[{"@type":"SearchAction","target":{"@type":"EntryPoint","urlTemplate":"https:\/\/www.intoscana.it\/it\/?s={search_term_string}"},"query-input":{"@type":"PropertyValueSpecification","valueRequired":true,"valueName":"search_term_string"}}],"inLanguage":"it-IT"},{"@type":"Person","@id":"https:\/\/www.intoscana.it\/it\/#\/schema\/person\/9223810753230f20bd670fdd322661f8","name":"Redazione","url":"https:\/\/www.intoscana.it\/it\/author\/redazione\/"}]}},"_links":{"self":[{"href":"https:\/\/www.intoscana.it\/it\/wp-json\/wp\/v2\/posts\/381281","targetHints":{"allow":["GET"]}}],"collection":[{"href":"https:\/\/www.intoscana.it\/it\/wp-json\/wp\/v2\/posts"}],"about":[{"href":"https:\/\/www.intoscana.it\/it\/wp-json\/wp\/v2\/types\/post"}],"author":[{"embeddable":true,"href":"https:\/\/www.intoscana.it\/it\/wp-json\/wp\/v2\/users\/525"}],"replies":[{"embeddable":true,"href":"https:\/\/www.intoscana.it\/it\/wp-json\/wp\/v2\/comments?post=381281"}],"version-history":[{"count":4,"href":"https:\/\/www.intoscana.it\/it\/wp-json\/wp\/v2\/posts\/381281\/revisions"}],"predecessor-version":[{"id":381307,"href":"https:\/\/www.intoscana.it\/it\/wp-json\/wp\/v2\/posts\/381281\/revisions\/381307"}],"wp:featuredmedia":[{"embeddable":true,"href":"https:\/\/www.intoscana.it\/it\/wp-json\/wp\/v2\/media\/381294"}],"wp:attachment":[{"href":"https:\/\/www.intoscana.it\/it\/wp-json\/wp\/v2\/media?parent=381281"}],"wp:term":[{"taxonomy":"category","embeddable":true,"href":"https:\/\/www.intoscana.it\/it\/wp-json\/wp\/v2\/categories?post=381281"},{"taxonomy":"post_tag","embeddable":true,"href":"https:\/\/www.intoscana.it\/it\/wp-json\/wp\/v2\/tags?post=381281"}],"curies":[{"name":"wp","href":"https:\/\/api.w.org\/{rel}","templated":true}]}}