{"id":381542,"date":"2025-04-12T09:03:25","date_gmt":"2025-04-12T07:03:25","guid":{"rendered":"https:\/\/www.intoscana.it\/it\/?p=381542"},"modified":"2025-04-12T09:06:24","modified_gmt":"2025-04-12T07:06:24","slug":"toscana-diffusa-bando-rigenerazione-urbana","status":"publish","type":"post","link":"https:\/\/www.intoscana.it\/it\/toscana-diffusa-bando-rigenerazione-urbana\/","title":{"rendered":"Toscana Diffusa: arriva il bando da 7,9 milioni per la rigenerazione urbana"},"content":{"rendered":"<p>\u00c8 stato pubblicato il bando che dar\u00e0 risorse ai Comuni in base alla <a href=\"https:\/\/www.intoscana.it\/it\/toscana-diffusa-giani-con-unipol-per-un-nuovo-modello-di-sviluppo-sostenibile\/\" target=\"_blank\" rel=\"noopener\">legge sulla Toscana Diffusa<\/a> per la rigenerazione urbana.<br \/>\n<em>\u201cSi tratta di una delle prime applicazioni della legge regionale sulla Toscana Diffusa, che consente di<\/em><mark> <em>destinare alla rigenerazione urbana complessivamente 7,9 milioni di euro tra fondi nazionali e regionali,<\/em><\/mark> <em>destinati alla Direzione urbanistica e sostenibilit\u00e0 per interventi di rigenerazione urbana\u201d<\/em> spiega il presidente della Regione, <strong>Eugenio Giani.<\/strong><\/p>\n<h3>Il recupero e la riqualificazione del patrimonio edilizio<\/h3>\n<p>I contributi sono destinati a finanziare opere pubbliche rivolte al recupero, alla riqualificazione, alla riorganizzazione e rifunzionalizzazione del <strong>patrimonio edilizio esistente.<\/strong><\/p>\n<p>Le finalit\u00e0 della misura mirano a sostenere la riqualificazione delle <strong>aree degradate e di quelle dismesse<\/strong>, la riqualificazione delle connessioni con il contesto urbano, nonch\u00e9 la riduzione dei fenomeni di marginalizzazione e di degrado sociale ed il miglioramento della qualit\u00e0 del decoro urbano e del tessuto socio-economico, nonch\u00e9 della sostenibilit\u00e0 ambientale.<\/p>\n<p>In particolare si far\u00e0 riferimento a riuso e rifunzionalizzazione di aree e di strutture edilizie\u00a0pubbliche\u00a0esistenti per finalit\u00e0 di interesse pubblico; miglioramento della qualit\u00e0 del decoro urbano e del tessuto sociale e ambientale, con particolare riferimento allo <strong>sviluppo dei servizi sociali e culturali, educativi e didattici,<\/strong> nonch\u00e9 alla promozione delle attivit\u00e0 culturali e sportive, compresi interventi di ERP, housing first, social housing, senior housing e per il miglioramento e la riqualificazione dell<strong>\u2019impiantistica sportiva pubblica<\/strong>; alla riqualificazione e valorizzazione di spazi aperti e di connessione urbana; al recupero di immobili la cui gestione \u00e8 affidata a cooperative di comunit\u00e0, associazioni ed enti del terzo settore ai sensi delle leggi nazionali e regionali.<\/p>\n<h3>I contributi fino a 600mila euro<\/h3>\n<p>I contributi in conto capitale saranno erogati fino ad un massimo dell\u2019<strong>80% delle spese<\/strong> ammissibili, con <strong>tetto pari a 600mila euro.<\/strong> Il comune \u00e8 tenuto a cofinanziare l&#8217;opera per almeno il 20% del suo costo complessivo.<\/p>\n<p>Sar\u00e0 possibile<a href=\"https:\/\/www.regione.toscana.it\/-\/toscana-diffusa-contributi-per-interventi-di-riqualificazione-e-rigenerazione-urbana\" target=\"_blank\" rel=\"noopener\"> presentare istanza<\/a> per l\u2019assegnazione dei contributi a partire dalla pubblicazione sul Burt. Domande online al via da <strong>mercoled\u00ec 16 aprile<\/strong> (giorno di pubblicazione del bando sul Burt) fino alle ore 14 del 16 giugno.<\/p>\n","protected":false},"excerpt":{"rendered":"<p>La misura regionale, che si aprir\u00e0 il 16 aprile, dar\u00e0 risorse ai Comuni per il recupero e la riqualificazione del patrimonio edilizio pubblico<\/p>\n","protected":false},"author":525,"featured_media":235729,"comment_status":"open","ping_status":"open","sticky":false,"template":"","format":"standard","meta":{"_acf_changed":false,"footnotes":""},"categories":[494],"tags":[376,151,5290,6642],"class_list":["post-381542","post","type-post","status-publish","format-standard","has-post-thumbnail","hentry","category-attualita","tag-bando","tag-regione-toscana","tag-rigenerazione-urbana","tag-toscana-diffusa"],"acf":[],"yoast_head":"<!-- This site is optimized with the Yoast SEO Premium plugin v24.2 (Yoast SEO v25.6) - https:\/\/yoast.com\/wordpress\/plugins\/seo\/ -->\n<title>Toscana Diffusa: arriva il bando da 7,9 milioni per la rigenerazione urbana - intoscana<\/title>\n<meta name=\"robots\" content=\"index, follow, max-snippet:-1, max-image-preview:large, max-video-preview:-1\" \/>\n<link rel=\"canonical\" href=\"https:\/\/www.intoscana.it\/it\/toscana-diffusa-bando-rigenerazione-urbana\/\" \/>\n<meta property=\"og:locale\" content=\"it_IT\" \/>\n<meta property=\"og:type\" content=\"article\" \/>\n<meta property=\"og:title\" content=\"Toscana Diffusa: arriva il bando da 7,9 milioni per la rigenerazione urbana\" \/>\n<meta property=\"og:description\" content=\"La misura regionale, che si aprir\u00e0 il 16 aprile, dar\u00e0 risorse ai Comuni per il recupero e la riqualificazione del patrimonio edilizio pubblico\" \/>\n<meta property=\"og:url\" content=\"https:\/\/www.intoscana.it\/it\/toscana-diffusa-bando-rigenerazione-urbana\/\" \/>\n<meta property=\"og:site_name\" content=\"intoscana\" \/>\n<meta property=\"article:publisher\" content=\"https:\/\/www.facebook.com\/intoscana.it\" \/>\n<meta property=\"article:published_time\" content=\"2025-04-12T07:03:25+00:00\" \/>\n<meta property=\"article:modified_time\" content=\"2025-04-12T07:06:24+00:00\" \/>\n<meta property=\"og:image\" content=\"https:\/\/www.intoscana.it\/wp-content\/uploads\/edilizia-Narin-Nonthamand-scaled.jpg\" \/>\n\t<meta property=\"og:image:width\" content=\"2048\" \/>\n\t<meta property=\"og:image:height\" content=\"1365\" \/>\n\t<meta property=\"og:image:type\" content=\"image\/jpeg\" \/>\n<meta name=\"author\" content=\"Redazione\" \/>\n<meta name=\"twitter:card\" content=\"summary_large_image\" \/>\n<meta name=\"twitter:creator\" content=\"@intoscana\" \/>\n<meta name=\"twitter:site\" content=\"@intoscana\" \/>\n<meta name=\"twitter:label1\" content=\"Written by\" \/>\n\t<meta name=\"twitter:data1\" content=\"Redazione\" \/>\n\t<meta name=\"twitter:label2\" content=\"Est. reading time\" \/>\n\t<meta name=\"twitter:data2\" content=\"3 minuti\" \/>\n<script type=\"application\/ld+json\" class=\"yoast-schema-graph\">{\"@context\":\"https:\/\/schema.org\",\"@graph\":[{\"@type\":\"WebPage\",\"@id\":\"https:\/\/www.intoscana.it\/it\/toscana-diffusa-bando-rigenerazione-urbana\/\",\"url\":\"https:\/\/www.intoscana.it\/it\/toscana-diffusa-bando-rigenerazione-urbana\/\",\"name\":\"Toscana Diffusa: arriva il bando da 7,9 milioni per la rigenerazione urbana - intoscana\",\"isPartOf\":{\"@id\":\"https:\/\/www.intoscana.it\/it\/#website\"},\"primaryImageOfPage\":{\"@id\":\"https:\/\/www.intoscana.it\/it\/toscana-diffusa-bando-rigenerazione-urbana\/#primaryimage\"},\"image\":{\"@id\":\"https:\/\/www.intoscana.it\/it\/toscana-diffusa-bando-rigenerazione-urbana\/#primaryimage\"},\"thumbnailUrl\":\"https:\/\/www.intoscana.it\/wp-content\/uploads\/edilizia-Narin-Nonthamand-scaled.jpg\",\"datePublished\":\"2025-04-12T07:03:25+00:00\",\"dateModified\":\"2025-04-12T07:06:24+00:00\",\"author\":{\"@id\":\"https:\/\/www.intoscana.it\/it\/#\/schema\/person\/9223810753230f20bd670fdd322661f8\"},\"breadcrumb\":{\"@id\":\"https:\/\/www.intoscana.it\/it\/toscana-diffusa-bando-rigenerazione-urbana\/#breadcrumb\"},\"inLanguage\":\"it-IT\",\"potentialAction\":[{\"@type\":\"ReadAction\",\"target\":[\"https:\/\/www.intoscana.it\/it\/toscana-diffusa-bando-rigenerazione-urbana\/\"]}]},{\"@type\":\"ImageObject\",\"inLanguage\":\"it-IT\",\"@id\":\"https:\/\/www.intoscana.it\/it\/toscana-diffusa-bando-rigenerazione-urbana\/#primaryimage\",\"url\":\"https:\/\/www.intoscana.it\/wp-content\/uploads\/edilizia-Narin-Nonthamand-scaled.jpg\",\"contentUrl\":\"https:\/\/www.intoscana.it\/wp-content\/uploads\/edilizia-Narin-Nonthamand-scaled.jpg\",\"width\":2048,\"height\":1365,\"caption\":\"Edilizia, architettura, costruzioni, lavori edili, operai\"},{\"@type\":\"BreadcrumbList\",\"@id\":\"https:\/\/www.intoscana.it\/it\/toscana-diffusa-bando-rigenerazione-urbana\/#breadcrumb\",\"itemListElement\":[{\"@type\":\"ListItem\",\"position\":1,\"name\":\"Home\",\"item\":\"https:\/\/www.intoscana.it\/it\/\"},{\"@type\":\"ListItem\",\"position\":2,\"name\":\"Toscana Diffusa: arriva il bando da 7,9 milioni per la rigenerazione urbana\"}]},{\"@type\":\"WebSite\",\"@id\":\"https:\/\/www.intoscana.it\/it\/#website\",\"url\":\"https:\/\/www.intoscana.it\/it\/\",\"name\":\"intoscana\",\"description\":\"\",\"potentialAction\":[{\"@type\":\"SearchAction\",\"target\":{\"@type\":\"EntryPoint\",\"urlTemplate\":\"https:\/\/www.intoscana.it\/it\/?s={search_term_string}\"},\"query-input\":{\"@type\":\"PropertyValueSpecification\",\"valueRequired\":true,\"valueName\":\"search_term_string\"}}],\"inLanguage\":\"it-IT\"},{\"@type\":\"Person\",\"@id\":\"https:\/\/www.intoscana.it\/it\/#\/schema\/person\/9223810753230f20bd670fdd322661f8\",\"name\":\"Redazione\",\"url\":\"https:\/\/www.intoscana.it\/it\/author\/redazione\/\"}]}<\/script>\n<!-- \/ Yoast SEO Premium plugin. -->","yoast_head_json":{"title":"Toscana Diffusa: arriva il bando da 7,9 milioni per la rigenerazione urbana - intoscana","robots":{"index":"index","follow":"follow","max-snippet":"max-snippet:-1","max-image-preview":"max-image-preview:large","max-video-preview":"max-video-preview:-1"},"canonical":"https:\/\/www.intoscana.it\/it\/toscana-diffusa-bando-rigenerazione-urbana\/","og_locale":"it_IT","og_type":"article","og_title":"Toscana Diffusa: arriva il bando da 7,9 milioni per la rigenerazione urbana","og_description":"La misura regionale, che si aprir\u00e0 il 16 aprile, dar\u00e0 risorse ai Comuni per il recupero e la riqualificazione del patrimonio edilizio pubblico","og_url":"https:\/\/www.intoscana.it\/it\/toscana-diffusa-bando-rigenerazione-urbana\/","og_site_name":"intoscana","article_publisher":"https:\/\/www.facebook.com\/intoscana.it","article_published_time":"2025-04-12T07:03:25+00:00","article_modified_time":"2025-04-12T07:06:24+00:00","og_image":[{"width":2048,"height":1365,"url":"https:\/\/www.intoscana.it\/wp-content\/uploads\/edilizia-Narin-Nonthamand-scaled.jpg","type":"image\/jpeg"}],"author":"Redazione","twitter_card":"summary_large_image","twitter_creator":"@intoscana","twitter_site":"@intoscana","twitter_misc":{"Written by":"Redazione","Est. reading time":"3 minuti"},"schema":{"@context":"https:\/\/schema.org","@graph":[{"@type":"WebPage","@id":"https:\/\/www.intoscana.it\/it\/toscana-diffusa-bando-rigenerazione-urbana\/","url":"https:\/\/www.intoscana.it\/it\/toscana-diffusa-bando-rigenerazione-urbana\/","name":"Toscana Diffusa: arriva il bando da 7,9 milioni per la rigenerazione urbana - intoscana","isPartOf":{"@id":"https:\/\/www.intoscana.it\/it\/#website"},"primaryImageOfPage":{"@id":"https:\/\/www.intoscana.it\/it\/toscana-diffusa-bando-rigenerazione-urbana\/#primaryimage"},"image":{"@id":"https:\/\/www.intoscana.it\/it\/toscana-diffusa-bando-rigenerazione-urbana\/#primaryimage"},"thumbnailUrl":"https:\/\/www.intoscana.it\/wp-content\/uploads\/edilizia-Narin-Nonthamand-scaled.jpg","datePublished":"2025-04-12T07:03:25+00:00","dateModified":"2025-04-12T07:06:24+00:00","author":{"@id":"https:\/\/www.intoscana.it\/it\/#\/schema\/person\/9223810753230f20bd670fdd322661f8"},"breadcrumb":{"@id":"https:\/\/www.intoscana.it\/it\/toscana-diffusa-bando-rigenerazione-urbana\/#breadcrumb"},"inLanguage":"it-IT","potentialAction":[{"@type":"ReadAction","target":["https:\/\/www.intoscana.it\/it\/toscana-diffusa-bando-rigenerazione-urbana\/"]}]},{"@type":"ImageObject","inLanguage":"it-IT","@id":"https:\/\/www.intoscana.it\/it\/toscana-diffusa-bando-rigenerazione-urbana\/#primaryimage","url":"https:\/\/www.intoscana.it\/wp-content\/uploads\/edilizia-Narin-Nonthamand-scaled.jpg","contentUrl":"https:\/\/www.intoscana.it\/wp-content\/uploads\/edilizia-Narin-Nonthamand-scaled.jpg","width":2048,"height":1365,"caption":"Edilizia, architettura, costruzioni, lavori edili, operai"},{"@type":"BreadcrumbList","@id":"https:\/\/www.intoscana.it\/it\/toscana-diffusa-bando-rigenerazione-urbana\/#breadcrumb","itemListElement":[{"@type":"ListItem","position":1,"name":"Home","item":"https:\/\/www.intoscana.it\/it\/"},{"@type":"ListItem","position":2,"name":"Toscana Diffusa: arriva il bando da 7,9 milioni per la rigenerazione urbana"}]},{"@type":"WebSite","@id":"https:\/\/www.intoscana.it\/it\/#website","url":"https:\/\/www.intoscana.it\/it\/","name":"intoscana","description":"","potentialAction":[{"@type":"SearchAction","target":{"@type":"EntryPoint","urlTemplate":"https:\/\/www.intoscana.it\/it\/?s={search_term_string}"},"query-input":{"@type":"PropertyValueSpecification","valueRequired":true,"valueName":"search_term_string"}}],"inLanguage":"it-IT"},{"@type":"Person","@id":"https:\/\/www.intoscana.it\/it\/#\/schema\/person\/9223810753230f20bd670fdd322661f8","name":"Redazione","url":"https:\/\/www.intoscana.it\/it\/author\/redazione\/"}]}},"_links":{"self":[{"href":"https:\/\/www.intoscana.it\/it\/wp-json\/wp\/v2\/posts\/381542","targetHints":{"allow":["GET"]}}],"collection":[{"href":"https:\/\/www.intoscana.it\/it\/wp-json\/wp\/v2\/posts"}],"about":[{"href":"https:\/\/www.intoscana.it\/it\/wp-json\/wp\/v2\/types\/post"}],"author":[{"embeddable":true,"href":"https:\/\/www.intoscana.it\/it\/wp-json\/wp\/v2\/users\/525"}],"replies":[{"embeddable":true,"href":"https:\/\/www.intoscana.it\/it\/wp-json\/wp\/v2\/comments?post=381542"}],"version-history":[{"count":5,"href":"https:\/\/www.intoscana.it\/it\/wp-json\/wp\/v2\/posts\/381542\/revisions"}],"predecessor-version":[{"id":381548,"href":"https:\/\/www.intoscana.it\/it\/wp-json\/wp\/v2\/posts\/381542\/revisions\/381548"}],"wp:featuredmedia":[{"embeddable":true,"href":"https:\/\/www.intoscana.it\/it\/wp-json\/wp\/v2\/media\/235729"}],"wp:attachment":[{"href":"https:\/\/www.intoscana.it\/it\/wp-json\/wp\/v2\/media?parent=381542"}],"wp:term":[{"taxonomy":"category","embeddable":true,"href":"https:\/\/www.intoscana.it\/it\/wp-json\/wp\/v2\/categories?post=381542"},{"taxonomy":"post_tag","embeddable":true,"href":"https:\/\/www.intoscana.it\/it\/wp-json\/wp\/v2\/tags?post=381542"}],"curies":[{"name":"wp","href":"https:\/\/api.w.org\/{rel}","templated":true}]}}