{"id":381617,"date":"2025-04-14T10:09:48","date_gmt":"2025-04-14T08:09:48","guid":{"rendered":"https:\/\/www.intoscana.it\/it\/?p=381617"},"modified":"2025-04-14T12:06:31","modified_gmt":"2025-04-14T10:06:31","slug":"quando-il-polo-sud-fiorisce-il-suono-del-futuro-che-brucia-nel-sax-di-laura-agnusdei","status":"publish","type":"post","link":"https:\/\/www.intoscana.it\/it\/quando-il-polo-sud-fiorisce-il-suono-del-futuro-che-brucia-nel-sax-di-laura-agnusdei\/","title":{"rendered":"Quando il Polo Sud fiorisce: il suono del futuro che brucia nel sax di Laura Agnusdei"},"content":{"rendered":"<p><strong>Come sar\u00e0 la musica del futuro?<\/strong> Ce lo racconta <strong>Laura Agnusdei che imbraccia il sax come Ellen Ripley<\/strong> il fucile nella saga di <strong>Alien<\/strong>, nel suo ultimo disco da poco pubblicato <strong><em>&#8220;Flowers are blooming in Antarctica&#8221;<\/em><\/strong> uscito per l&#8217;etichetta <a href=\"http:\/\/www.mapledeathrecords.com\" target=\"_blank\" rel=\"noopener\"><strong>Maple Death Records.<\/strong><\/a><\/p>\n<p>Un disco che attinge al vasto mondo della fantascienza <strong>da Philip Dick a J.G.Ballard<\/strong>, partendo dal <strong>Codex Serafinianus<\/strong>, per immaginare<strong> cosa accadr\u00e0 agli esseri umani<\/strong> tra cambiamento climatico e eco-conflitti.<\/p>\n<p><strong>Il sassofono diventa cos\u00ec la voce del domani<\/strong> che ci attende creando una vivida colonna sonora tra<strong> exotica, minimalismo, tropicalismo elettronico, futurismo tribale ed eleganza contemporanea.<\/strong><\/p>\n<p>La musica di <strong>Laura Agnusdei<\/strong> \u00e8 <strong>un jazz alieno del futuro <\/strong>che racconta di fiori nel ghiaccio, <strong>una distopia gentile<\/strong> che vuole descrivere l&#8217;<strong>Antartide tropicale.<\/strong><\/p>\n<h3>Ecco la nostra intervista a Laura Agnusdei<\/h3>\n<p><iframe loading=\"lazy\" title=\"Fiori in Antartide: il sax di Laura Agnusdei tra fantascienza e futuro climatico\" src=\"https:\/\/omny.fm\/shows\/intoscana\/fiori-in-antartide-il-sax-di-laura-agnusdei-tra-fantascienza-e-futuro-climatico\/embed?style=cover\" width=\"100%\" height=\"180\" frameborder=\"0\"><\/iframe><\/p>\n<p><strong>Ciao Laura,<em> Flowers are blooming in Antarctic<\/em>a \u00e8 un disco che vuole parlare del futuro che ci attende, soprattutto dal punto di vista del cambiamento climatico<\/strong><\/p>\n<p>S\u00ec \u00e8 cos\u00ec, ho scelto questa frase per il titolo del mio disco perch\u00e9 <strong>mi sembrava un&#8217;immagine poetica molto forte che racchiude la fine e l&#8217;inizio.<\/strong> C&#8217;\u00e8 questa idea di fioritura, un&#8217;immagine di qualcosa che sboccia, ma allo stesso tempo \u00e8 <strong>un&#8217;immagine catastrofica<\/strong>.<p><span class=\"citazione\">la musica fatta con le nuove tecnologie digitali \u00e8 molto incentrata sul brivido di sentire suoni nuovi, cose che non si sono mai sentite prima, il sax nell&#8217;ambito degli strumenti acustici tradizionali offre questa possibilit\u00e0<\/span><\/p><\/p>\n<p><strong>Sappiamo che sta gi\u00e0 avvenendo, i fiori sbocciano al Polo Sud<\/strong><\/p>\n<p>In realt\u00e0 se vogliamo essere precisi i fiori l\u00ec sono sempre esistiti, ma ovviamente con l&#8217;innalzamento delel temperature sono pi\u00f9 presenti specie floreali che prima erano l&#8217;eccezione. <strong>\u00c8 un simbolo, mi sembrava un&#8217;immagine molto evocativa.<\/strong><\/p>\n<p><strong>Per questo disco ti sei ispirata a un immaginario fantascientifico, tra l&#8217;altro mi sono ricordata che nella celebre scena finale con la pioggia di Blade Runner \u00e8 presente un inconfondibile sax, grazie alla colona sonora firmata da Vangelis<\/strong><\/p>\n<p>Il concept che ci sta dietro \u00e8 un po&#8217; <strong>immaginare la musica del 2087,<\/strong> il primo spunto \u00e8 che la mia musica ha sempre avuto delle componenti della cos\u00ec detta <em><strong>&#8220;post-exotica&#8221;<\/strong><\/em>, che porta delle suggestioni da culture altre, non in maniera filologica, ma immaginifica, provenienti da <strong>un &#8220;altrove&#8221;<\/strong>. L&#8217;exotica storicamente \u00e8 anche una musica controversa perch\u00e9 si lega a un punto di vista occidentale su quello che Occidente non \u00e8. Mi \u00e8 venuta questa idea che<strong> con il riscaldamento globale noi stessi stiamo diventando quel paese tropicale che un tempo percepivamo come Altrove<\/strong>. Cos\u00ec \u00e8 nato tutto un po&#8217; per scherzo, ma poi mi \u00e8 sembrato tutto sempre pi\u00f9 interessante e mi sono chiesta: come sar\u00e0 la musica dettata da questo cambio di clima e paesaggio intorno a noi? In questo senso<strong> la mia musica \u00e8 fantascientifica, perch\u00e9 vuole parlare del presente guardando al futuro.<\/strong><\/p>\n<p><strong>Le tue radici musicali sono particolari, non ti definisci una sassofonista jazz, che \u00e8 curioso perch\u00e9 il sassofono spesso viene associato proprio a questo genere<\/strong><\/p>\n<p><strong>Il sax \u00e8 uno strumento molto trasversale,<\/strong> in realt\u00e0 viene identificato con quel mondo perch\u00e9 \u00e8 stato adottato dalla cultura afro-americana, \u00e8 un po&#8217; la voce centrale di molti generi tra cui appunto il jazz. Per\u00f2 in realt\u00e0 se noi andiamo a ben vedere<strong> \u00e8 uno strumento che nasce in Europa e che troviamo in tantissimi generi diversi.<\/strong> Io ho studiato sax classico, una scuola che si \u00e8 sviluppata principalmente in Francia.<strong> Faccio fatica a definirmi jazzista perch\u00e9 non \u00e8 il linguaggio con cui mi sono formata<\/strong>. Avendo studiato ambienti pi\u00f9 legati alla musica elettronica, il jazz non \u00e8 l&#8217;ambiente musicale in cui sono cresciuta e in cui mi esibisco. Per\u00f2 contemporaneamente nei miei ascolti c&#8217;\u00e8 tanta black music e musica afroamericana, quindi penso che specialmente in questo ultimo lavoro questo aspetto sia venuto fuori. <strong>Il termine &#8220;Jazz&#8221; poi \u00e8 un termine onnivoro che pu\u00f2 voler dire tante cose.<\/strong><\/p>\n<figure id=\"post-381613 media-381613\" class=\"align-none\"><img decoding=\"async\" src=\"https:\/\/www.intoscana.it\/wp-content\/uploads\/04_Laura-Agnusdei_\u252c\u2310Matilde-Piazzi_2024-scaled.jpeg\" alt=\"\" \/><\/figure>\n<div class=\"titleimg\">Laura Agnusdei &#8211; \u00a9 Matilde Piazzi<\/div>\n<p><strong>Come mai hai iniziato a suonare il sassofono? Cosa ti affascinava di questo strumento?<\/strong><\/p>\n<p>Di sicuro \u00e8 uno strumento a fiato, l&#8217;ultimo di quelli inventati per un&#8217;orchestra sinfonica. Quindi diciamo che <strong>\u00e8 un punto di arrivo tecnicamente dell&#8217;evoluzione ingegneristica dello strumento a fiato.<\/strong> Il suo timbro, <strong>la sua voce \u00e8 molto flessibile e personalizzabile,<\/strong> per questo \u00e8 molto utilizzato in tanta musica contemporanea classica e non che si basa sulla ricerca di suoni particolari, di timbri strani. Questo \u00e8 quello che mi ha affascinato:<strong>\u00a0\u00e8 uno strumento molto espressivo in cui ogni sassofonista pu\u00f2 veramente trovare il suo suono personale<\/strong> molto di pi\u00f9 che in altri strumenti a fiato. Permette una grande espressione timbrica che ben si sposa con la sperimentazione elettronica. La musica fatta con le nuove tecnologie digitali \u00e8 molto incentrata sul <strong>brivido di sentire suoni nuovi, cose che non si sono mai sentite prima,<\/strong> il sax nell&#8217;ambito degli strumenti acustici tradizionali offre questa possibilit\u00e0.<p><span class=\"citazione\">si pu\u00f2 scegliere di voler approfondire anche qualcosa di cui all&#8217;inizio non si conoscono i codici. \u00c8 come imparare un linguaggio segreto<\/span><\/p><\/p>\n<p><strong>Quando componi da cosa parti di solito, dall&#8217;improvvisazione, da un&#8217;idea o da un suono specifico?<\/strong><\/p>\n<p>Dipende, <strong>le metodologie sono tante ed \u00e8 sempre bello esplorarne di nuove<\/strong>. Per questo disco tendenzialmente non sono partita quasi mai dal sax. <strong>Sono partita\u00a0dalla creazione di qualcosa su cui il sax pu\u00f2 appoggiarsi<\/strong> come voce o elemento solista. In questo disco ho lavorato con <strong>Edoardo Grisogani,<\/strong> il percussionista che mi accompagna anche dal vivo, io gli fornivo dei campioni, dei suoni o uno spunto elettronico. <strong>Sulla sua base ritmica ho composto le parti dei fiati,<\/strong> oppure partivo da suoni elettronici. \u00c8 difficile che parta da una melodia, <strong>creo prima il contesto e poi cerco la voce narrante.<\/strong><\/p>\n<p><strong>In un&#8217;intervista hai detto che la tua musica \u00e8 una <em>&#8220;musica che va scelta&#8221;<\/em> mi ha colpito molto questa frase, potrebbe essere la definizione della musica underground tout\u00a0<\/strong><b>court<\/b><\/p>\n<p>S\u00ec, la trovo molto azzeccata, sicuramente essendo musica strumentale in una cultura come la nostra che \u00e8 molto incentrata sul canto e sulla parola gi\u00e0 questo crea una prima scrematura di ascoltatori. Un po&#8217; \u00e8 un&#8217;attitudine dell&#8217;ambiente in cui sono cresciuta, <strong>cercare mezzi di espressione che siano estremamente personali che per\u00f2 siano anche &#8220;controculturali&#8221;<\/strong> in opposizione alla musica che sentiamo alla radio e che pervade la nostra vita volenti o nolenti. In questo senso <strong>la scelta oltre che politica \u00e8 anche dettata da una forte curiosit\u00e0.<\/strong> La musica non mainstream se non si \u00e8 un po&#8217; curiosi e avventurosi difficilmente la si incontra sul proprio cammino. Per\u00f2 c&#8217;\u00e8 anche un forte senso identitario, si pu\u00f2 scegliere di voler approfondire anche qualcosa di cui all&#8217;inizio non si conoscono i codici.<strong> \u00c8 come imparare un linguaggio segreto.<\/strong><\/p>\n<p><strong>Ti faccio un ultima domanda chi \u00e8 il bambino che sentiamo nella canzone <em>&#8220;Are we dinos&#8221;<\/em>?<\/strong><\/p>\n<p>\u00c8 una registrazione che in realt\u00e0 vede due bambini che si dividono la storia. Nasce in maniera del tutto casuale, nel 2020 lavoravo in un campo estivo sulla spiaggia e <strong>un giorno per gioco abbiamo fatto questa intervista.<\/strong> I dinosauri mi hanno sempre appassionato fin da piccola. Quando poi ho iniziato a comporre l&#8217;album e fantasticare su questo concept mi \u00e8 tornata in mente questa registrazione e l&#8217;ho ricontestualizzata.<\/p>\n<p><strong>Comunque secondo loro noi non ci estingueremo, c&#8217;\u00e8 ancora speranza&#8230;<\/strong><\/p>\n<p>Forse \u00e8 <strong>l&#8217;ottimismo della volont\u00e0 di cui abbiamo bisogno in questo momento.<\/strong><\/p>\n<h3>I prossimi concerti di Laura Agnusdei<\/h3>\n<p><strong>18 aprile Circolo Arci Il Progresso, Firenze<\/strong><br \/>\n<strong>6 giugno Jazz is Dead, Torino<\/strong><br \/>\n<strong>8 giugno Handmade Festival, Guastalla<\/strong><br \/>\n<strong>10 giugno Ferrara sotto le stelle<\/strong><\/p>\n<p><iframe loading=\"lazy\" title=\"YouTube video player\" src=\"https:\/\/www.youtube.com\/embed\/PbrjaY1cawQ?si=lki14sW9Wrr09g81\" width=\"800\" height=\"450\" frameborder=\"0\" allowfullscreen=\"allowfullscreen\"><\/iframe><\/p>\n","protected":false},"excerpt":{"rendered":"<p>Venerd\u00ec 18 aprile la compositrice e sassofonista bolognese Laura Agnusdei sar\u00e0 in concerto al Circolo Arci Il Progresso di Firenze per presentare il suo ultimo disco &#8220;Flowers Are Blooming in Antarctica&#8221;<\/p>\n","protected":false},"author":518,"featured_media":381659,"comment_status":"open","ping_status":"open","sticky":false,"template":"","format":"standard","meta":{"_acf_changed":false,"footnotes":""},"categories":[14],"tags":[216,3138,5158],"class_list":["post-381617","post","type-post","status-publish","format-standard","has-post-thumbnail","hentry","category-musica","tag-concerti","tag-interviste-agli-artisti","tag-podcast"],"acf":[],"yoast_head":"<!-- This site is optimized with the Yoast SEO Premium plugin v24.2 (Yoast SEO v25.6) - https:\/\/yoast.com\/wordpress\/plugins\/seo\/ -->\n<title>Quando il Polo Sud fiorisce: il suono del futuro che brucia nel sax di Laura Agnusdei - intoscana<\/title>\n<meta name=\"description\" content=\"Venerd\u00ec 18 aprile la compositrice e sassofonista bolognese Laura Agnusdei sar\u00e0 in concerto al Circolo Arci Il Progresso di Firenze\" \/>\n<meta name=\"robots\" content=\"index, follow, max-snippet:-1, max-image-preview:large, max-video-preview:-1\" \/>\n<link rel=\"canonical\" href=\"https:\/\/www.intoscana.it\/it\/quando-il-polo-sud-fiorisce-il-suono-del-futuro-che-brucia-nel-sax-di-laura-agnusdei\/\" \/>\n<meta property=\"og:locale\" content=\"it_IT\" \/>\n<meta property=\"og:type\" content=\"article\" \/>\n<meta property=\"og:title\" content=\"Quando il Polo Sud fiorisce: il suono del futuro che brucia nel sax di Laura Agnusdei\" \/>\n<meta property=\"og:description\" content=\"Venerd\u00ec 18 aprile la compositrice e sassofonista bolognese Laura Agnusdei sar\u00e0 in concerto al Circolo Arci Il Progresso di Firenze\" \/>\n<meta property=\"og:url\" content=\"https:\/\/www.intoscana.it\/it\/quando-il-polo-sud-fiorisce-il-suono-del-futuro-che-brucia-nel-sax-di-laura-agnusdei\/\" \/>\n<meta property=\"og:site_name\" content=\"intoscana\" \/>\n<meta property=\"article:publisher\" content=\"https:\/\/www.facebook.com\/intoscana.it\" \/>\n<meta property=\"article:published_time\" content=\"2025-04-14T08:09:48+00:00\" \/>\n<meta property=\"article:modified_time\" content=\"2025-04-14T10:06:31+00:00\" \/>\n<meta property=\"og:image\" content=\"https:\/\/www.intoscana.it\/wp-content\/uploads\/Screenshot-2025-04-14-alle-10.25.00.jpeg\" \/>\n\t<meta property=\"og:image:width\" content=\"953\" \/>\n\t<meta property=\"og:image:height\" content=\"714\" \/>\n\t<meta property=\"og:image:type\" content=\"image\/jpeg\" \/>\n<meta name=\"author\" content=\"Costanza Baldini\" \/>\n<meta name=\"twitter:card\" content=\"summary_large_image\" \/>\n<meta name=\"twitter:creator\" content=\"@intoscana\" \/>\n<meta name=\"twitter:site\" content=\"@intoscana\" \/>\n<meta name=\"twitter:label1\" content=\"Written by\" \/>\n\t<meta name=\"twitter:data1\" content=\"Costanza Baldini\" \/>\n\t<meta name=\"twitter:label2\" content=\"Est. reading time\" \/>\n\t<meta name=\"twitter:data2\" content=\"7 minuti\" \/>\n<script type=\"application\/ld+json\" class=\"yoast-schema-graph\">{\"@context\":\"https:\/\/schema.org\",\"@graph\":[{\"@type\":\"WebPage\",\"@id\":\"https:\/\/www.intoscana.it\/it\/quando-il-polo-sud-fiorisce-il-suono-del-futuro-che-brucia-nel-sax-di-laura-agnusdei\/\",\"url\":\"https:\/\/www.intoscana.it\/it\/quando-il-polo-sud-fiorisce-il-suono-del-futuro-che-brucia-nel-sax-di-laura-agnusdei\/\",\"name\":\"Quando il Polo Sud fiorisce: il suono del futuro che brucia nel sax di Laura Agnusdei - intoscana\",\"isPartOf\":{\"@id\":\"https:\/\/www.intoscana.it\/it\/#website\"},\"primaryImageOfPage\":{\"@id\":\"https:\/\/www.intoscana.it\/it\/quando-il-polo-sud-fiorisce-il-suono-del-futuro-che-brucia-nel-sax-di-laura-agnusdei\/#primaryimage\"},\"image\":{\"@id\":\"https:\/\/www.intoscana.it\/it\/quando-il-polo-sud-fiorisce-il-suono-del-futuro-che-brucia-nel-sax-di-laura-agnusdei\/#primaryimage\"},\"thumbnailUrl\":\"https:\/\/www.intoscana.it\/wp-content\/uploads\/Screenshot-2025-04-14-alle-10.25.00.jpeg\",\"datePublished\":\"2025-04-14T08:09:48+00:00\",\"dateModified\":\"2025-04-14T10:06:31+00:00\",\"author\":{\"@id\":\"https:\/\/www.intoscana.it\/it\/#\/schema\/person\/d469f35f09739bdf00bf5dd3f0647a82\"},\"description\":\"Venerd\u00ec 18 aprile la compositrice e sassofonista bolognese Laura Agnusdei sar\u00e0 in concerto al Circolo Arci Il Progresso di Firenze\",\"breadcrumb\":{\"@id\":\"https:\/\/www.intoscana.it\/it\/quando-il-polo-sud-fiorisce-il-suono-del-futuro-che-brucia-nel-sax-di-laura-agnusdei\/#breadcrumb\"},\"inLanguage\":\"it-IT\",\"potentialAction\":[{\"@type\":\"ReadAction\",\"target\":[\"https:\/\/www.intoscana.it\/it\/quando-il-polo-sud-fiorisce-il-suono-del-futuro-che-brucia-nel-sax-di-laura-agnusdei\/\"]}]},{\"@type\":\"ImageObject\",\"inLanguage\":\"it-IT\",\"@id\":\"https:\/\/www.intoscana.it\/it\/quando-il-polo-sud-fiorisce-il-suono-del-futuro-che-brucia-nel-sax-di-laura-agnusdei\/#primaryimage\",\"url\":\"https:\/\/www.intoscana.it\/wp-content\/uploads\/Screenshot-2025-04-14-alle-10.25.00.jpeg\",\"contentUrl\":\"https:\/\/www.intoscana.it\/wp-content\/uploads\/Screenshot-2025-04-14-alle-10.25.00.jpeg\",\"width\":953,\"height\":714,\"caption\":\"Laura Agnusdei\"},{\"@type\":\"BreadcrumbList\",\"@id\":\"https:\/\/www.intoscana.it\/it\/quando-il-polo-sud-fiorisce-il-suono-del-futuro-che-brucia-nel-sax-di-laura-agnusdei\/#breadcrumb\",\"itemListElement\":[{\"@type\":\"ListItem\",\"position\":1,\"name\":\"Home\",\"item\":\"https:\/\/www.intoscana.it\/it\/\"},{\"@type\":\"ListItem\",\"position\":2,\"name\":\"Quando il Polo Sud fiorisce: il suono del futuro che brucia nel sax di Laura Agnusdei\"}]},{\"@type\":\"WebSite\",\"@id\":\"https:\/\/www.intoscana.it\/it\/#website\",\"url\":\"https:\/\/www.intoscana.it\/it\/\",\"name\":\"intoscana\",\"description\":\"\",\"potentialAction\":[{\"@type\":\"SearchAction\",\"target\":{\"@type\":\"EntryPoint\",\"urlTemplate\":\"https:\/\/www.intoscana.it\/it\/?s={search_term_string}\"},\"query-input\":{\"@type\":\"PropertyValueSpecification\",\"valueRequired\":true,\"valueName\":\"search_term_string\"}}],\"inLanguage\":\"it-IT\"},{\"@type\":\"Person\",\"@id\":\"https:\/\/www.intoscana.it\/it\/#\/schema\/person\/d469f35f09739bdf00bf5dd3f0647a82\",\"name\":\"Costanza Baldini\",\"url\":\"https:\/\/www.intoscana.it\/it\/author\/costanza-baldini\/\"}]}<\/script>\n<!-- \/ Yoast SEO Premium plugin. -->","yoast_head_json":{"title":"Quando il Polo Sud fiorisce: il suono del futuro che brucia nel sax di Laura Agnusdei - intoscana","description":"Venerd\u00ec 18 aprile la compositrice e sassofonista bolognese Laura Agnusdei sar\u00e0 in concerto al Circolo Arci Il Progresso di Firenze","robots":{"index":"index","follow":"follow","max-snippet":"max-snippet:-1","max-image-preview":"max-image-preview:large","max-video-preview":"max-video-preview:-1"},"canonical":"https:\/\/www.intoscana.it\/it\/quando-il-polo-sud-fiorisce-il-suono-del-futuro-che-brucia-nel-sax-di-laura-agnusdei\/","og_locale":"it_IT","og_type":"article","og_title":"Quando il Polo Sud fiorisce: il suono del futuro che brucia nel sax di Laura Agnusdei","og_description":"Venerd\u00ec 18 aprile la compositrice e sassofonista bolognese Laura Agnusdei sar\u00e0 in concerto al Circolo Arci Il Progresso di Firenze","og_url":"https:\/\/www.intoscana.it\/it\/quando-il-polo-sud-fiorisce-il-suono-del-futuro-che-brucia-nel-sax-di-laura-agnusdei\/","og_site_name":"intoscana","article_publisher":"https:\/\/www.facebook.com\/intoscana.it","article_published_time":"2025-04-14T08:09:48+00:00","article_modified_time":"2025-04-14T10:06:31+00:00","og_image":[{"width":953,"height":714,"url":"https:\/\/www.intoscana.it\/wp-content\/uploads\/Screenshot-2025-04-14-alle-10.25.00.jpeg","type":"image\/jpeg"}],"author":"Costanza Baldini","twitter_card":"summary_large_image","twitter_creator":"@intoscana","twitter_site":"@intoscana","twitter_misc":{"Written by":"Costanza Baldini","Est. reading time":"7 minuti"},"schema":{"@context":"https:\/\/schema.org","@graph":[{"@type":"WebPage","@id":"https:\/\/www.intoscana.it\/it\/quando-il-polo-sud-fiorisce-il-suono-del-futuro-che-brucia-nel-sax-di-laura-agnusdei\/","url":"https:\/\/www.intoscana.it\/it\/quando-il-polo-sud-fiorisce-il-suono-del-futuro-che-brucia-nel-sax-di-laura-agnusdei\/","name":"Quando il Polo Sud fiorisce: il suono del futuro che brucia nel sax di Laura Agnusdei - intoscana","isPartOf":{"@id":"https:\/\/www.intoscana.it\/it\/#website"},"primaryImageOfPage":{"@id":"https:\/\/www.intoscana.it\/it\/quando-il-polo-sud-fiorisce-il-suono-del-futuro-che-brucia-nel-sax-di-laura-agnusdei\/#primaryimage"},"image":{"@id":"https:\/\/www.intoscana.it\/it\/quando-il-polo-sud-fiorisce-il-suono-del-futuro-che-brucia-nel-sax-di-laura-agnusdei\/#primaryimage"},"thumbnailUrl":"https:\/\/www.intoscana.it\/wp-content\/uploads\/Screenshot-2025-04-14-alle-10.25.00.jpeg","datePublished":"2025-04-14T08:09:48+00:00","dateModified":"2025-04-14T10:06:31+00:00","author":{"@id":"https:\/\/www.intoscana.it\/it\/#\/schema\/person\/d469f35f09739bdf00bf5dd3f0647a82"},"description":"Venerd\u00ec 18 aprile la compositrice e sassofonista bolognese Laura Agnusdei sar\u00e0 in concerto al Circolo Arci Il Progresso di Firenze","breadcrumb":{"@id":"https:\/\/www.intoscana.it\/it\/quando-il-polo-sud-fiorisce-il-suono-del-futuro-che-brucia-nel-sax-di-laura-agnusdei\/#breadcrumb"},"inLanguage":"it-IT","potentialAction":[{"@type":"ReadAction","target":["https:\/\/www.intoscana.it\/it\/quando-il-polo-sud-fiorisce-il-suono-del-futuro-che-brucia-nel-sax-di-laura-agnusdei\/"]}]},{"@type":"ImageObject","inLanguage":"it-IT","@id":"https:\/\/www.intoscana.it\/it\/quando-il-polo-sud-fiorisce-il-suono-del-futuro-che-brucia-nel-sax-di-laura-agnusdei\/#primaryimage","url":"https:\/\/www.intoscana.it\/wp-content\/uploads\/Screenshot-2025-04-14-alle-10.25.00.jpeg","contentUrl":"https:\/\/www.intoscana.it\/wp-content\/uploads\/Screenshot-2025-04-14-alle-10.25.00.jpeg","width":953,"height":714,"caption":"Laura Agnusdei"},{"@type":"BreadcrumbList","@id":"https:\/\/www.intoscana.it\/it\/quando-il-polo-sud-fiorisce-il-suono-del-futuro-che-brucia-nel-sax-di-laura-agnusdei\/#breadcrumb","itemListElement":[{"@type":"ListItem","position":1,"name":"Home","item":"https:\/\/www.intoscana.it\/it\/"},{"@type":"ListItem","position":2,"name":"Quando il Polo Sud fiorisce: il suono del futuro che brucia nel sax di Laura Agnusdei"}]},{"@type":"WebSite","@id":"https:\/\/www.intoscana.it\/it\/#website","url":"https:\/\/www.intoscana.it\/it\/","name":"intoscana","description":"","potentialAction":[{"@type":"SearchAction","target":{"@type":"EntryPoint","urlTemplate":"https:\/\/www.intoscana.it\/it\/?s={search_term_string}"},"query-input":{"@type":"PropertyValueSpecification","valueRequired":true,"valueName":"search_term_string"}}],"inLanguage":"it-IT"},{"@type":"Person","@id":"https:\/\/www.intoscana.it\/it\/#\/schema\/person\/d469f35f09739bdf00bf5dd3f0647a82","name":"Costanza Baldini","url":"https:\/\/www.intoscana.it\/it\/author\/costanza-baldini\/"}]}},"_links":{"self":[{"href":"https:\/\/www.intoscana.it\/it\/wp-json\/wp\/v2\/posts\/381617","targetHints":{"allow":["GET"]}}],"collection":[{"href":"https:\/\/www.intoscana.it\/it\/wp-json\/wp\/v2\/posts"}],"about":[{"href":"https:\/\/www.intoscana.it\/it\/wp-json\/wp\/v2\/types\/post"}],"author":[{"embeddable":true,"href":"https:\/\/www.intoscana.it\/it\/wp-json\/wp\/v2\/users\/518"}],"replies":[{"embeddable":true,"href":"https:\/\/www.intoscana.it\/it\/wp-json\/wp\/v2\/comments?post=381617"}],"version-history":[{"count":5,"href":"https:\/\/www.intoscana.it\/it\/wp-json\/wp\/v2\/posts\/381617\/revisions"}],"predecessor-version":[{"id":381670,"href":"https:\/\/www.intoscana.it\/it\/wp-json\/wp\/v2\/posts\/381617\/revisions\/381670"}],"wp:featuredmedia":[{"embeddable":true,"href":"https:\/\/www.intoscana.it\/it\/wp-json\/wp\/v2\/media\/381659"}],"wp:attachment":[{"href":"https:\/\/www.intoscana.it\/it\/wp-json\/wp\/v2\/media?parent=381617"}],"wp:term":[{"taxonomy":"category","embeddable":true,"href":"https:\/\/www.intoscana.it\/it\/wp-json\/wp\/v2\/categories?post=381617"},{"taxonomy":"post_tag","embeddable":true,"href":"https:\/\/www.intoscana.it\/it\/wp-json\/wp\/v2\/tags?post=381617"}],"curies":[{"name":"wp","href":"https:\/\/api.w.org\/{rel}","templated":true}]}}