{"id":382252,"date":"2025-04-17T14:50:03","date_gmt":"2025-04-17T12:50:03","guid":{"rendered":"https:\/\/www.intoscana.it\/it\/?p=382252"},"modified":"2025-04-17T14:59:41","modified_gmt":"2025-04-17T12:59:41","slug":"firenze-rende-omaggio-a-enrico-berlinguer-in-una-mostra-la-vita-pubblica-e-privata-del-politico-italiano","status":"publish","type":"post","link":"https:\/\/www.intoscana.it\/it\/firenze-rende-omaggio-a-enrico-berlinguer-in-una-mostra-la-vita-pubblica-e-privata-del-politico-italiano\/","title":{"rendered":"Firenze rende omaggio a Enrico Berlinguer: in una mostra la vita pubblica e privata del politico italiano"},"content":{"rendered":"<p>A oltre 40 anni dalla scomparsa del leader politico e esattamente a 50 dall\u2019<strong>ultimo comizio alle Cascine<\/strong> che raccolse 4 cortei di un milione di persone, Firenze ospiter\u00e0 la mostra <strong><em>\u201cI luoghi e le parole di Enrico Berlinguer\u201d<\/em><\/strong> dedicata al <strong>dirigente del Partito comunista italiano.<\/strong><\/p>\n<p>La mostra si svolger\u00e0<strong> dal 3 settembre al 5 ottobre<\/strong> all\u2019interno del <strong>Mandela Forum di Firenze,<\/strong> dove arriva dopo le tappe di Roma, Bologna, Sassari e Cagliari.<\/p>\n<p>Oltre all\u2019allestimento che racconter\u00e0 la <strong>vita pubblica e privata di Berlinguer<\/strong>, la mostra accoglier\u00e0 anche<strong> un ricco padiglione<\/strong> (500 metri quadrati) dedicato alla figura di <strong>Berlinguer in Toscana e a Firenze. <\/strong><\/p>\n<p><em>\u201cLa mostra su Enrico Berlinguer nel settembre prossimo arriver\u00e0 anche in Toscana dopo essere stata esposta per la prima volta a Roma &#8211;<\/em><strong> ha sottolineato il presidente della Regione Eugenio Giani<\/strong><em> -. Arriver\u00e0 nella sua Toscana, la terra che lo ha visto protagonista di numerose iniziative e presente in molte occasioni. E\u2019 per questo che conterr\u00e0 una grande sezione dedicata appunto a <strong>Berlinguer in Toscana<\/strong>. Questa importante testimonianza sar\u00e0 accompagnata da una serie di iniziative culturali e ricreative a tema. Sar\u00e0 l\u2019occasione per rileggere il percorso politico di una delle figure chiave per la nostra Repubblica e per la stessa democrazia, un protagonista assoluto della seconda met\u00e0 del ventesimo secolo. Bene ha fatto dunque l\u2019<strong>Associazione Nelson Mandela Forum<\/strong> ad organizzare questa serie di eventi che, ne sono sicuro, eviteranno di essere un\u2019operazione-nostalgia ma sapranno rappresentare un evento culturale di grande respiro\u201d.<\/em><\/p>\n<p>Per tutta la durata della mostra il <strong>Mandela Forum<\/strong> ospiter\u00e0 inoltre <strong>un cartellone di eventi collaterali tra cinema, presentazioni di libri, dibattiti culturali e stand culinari.<\/strong><\/p>\n<figure id=\"post-382258 media-382258\" class=\"align-none\"><img decoding=\"async\" src=\"https:\/\/www.intoscana.it\/wp-content\/uploads\/Un-momento-della-presentazione-1.jpeg\" alt=\"\" \/><\/figure>\n<div class=\"titleimg\">Un momento della presentazione<\/div>\n<h3>I luoghi e le parole di Enrico Berlinguer: la mostra<\/h3>\n<p>La mostra ripercorre la biografia di Berlinguer attraverso<strong> materiali originali audiovisivi, sonori, fotografici e documenti di archivio<\/strong>.<\/p>\n<p>Si divide in varie sezioni: <strong>gli affetti, la formazione politica, la vita pubblica, gli anni alla guida del Pci<\/strong> in un contesto politico assai complesso sia dal punto di vista interno che internazionale.<\/p>\n<p><strong>Berlinguer \u00e8 eletto segretario del Pci il 17 marzo 1972.<\/strong> La societ\u00e0 italiana \u00e8 attraversata da <strong>forti istanze di cambiamento<\/strong>, sollecitate dal <strong>\u201968 studentesco<\/strong> e dall\u2019\u201c<strong>Autunno caldo\u201d operaio del \u201969<\/strong>, ma \u00e8 anche scossa dallo<strong> stragismo neofascista<\/strong>.<\/p>\n<p>Sono <strong>gli anni del compromesso storico<\/strong> quando Berlinguer intende dare uno sbocco politico alla richiesta di rinnovamento e difendere le istituzioni repubblicane.<\/p>\n<p><strong>Nel 1976 il Pci raggiunge il massimo storico dei consensi<\/strong> e per tre anni \u00e8 coinvolto nelle scelte dei governi nazionali senza farne parte formalmente. La stagione della solidariet\u00e0 democratica \u00e8 segnata da<strong> una profonda crisi economica internazionale<\/strong> e dalla sfida alla democrazia italiana mossa da pi\u00f9 parti, e in particolare dalle Br, che sfocia nel <strong>rapimento di Aldo Moro del 1978<\/strong>. Sono anche anni di riforme e sacrifici: le prime cambiano il volto del Welfare italiano, i secondi minano il consenso del Pci, che torna all\u2019opposizione nel 1979.<\/p>\n<p>I luoghi dell\u2019ultima stagione di Berlinguer sono i <strong>cancelli di Mirafiori, dove sostiene la lotta degli operai Fiat<\/strong>, e l<strong>\u2019Irpinia devastata dal terremoto,<\/strong> evento che segna il definitivo passaggio alla linea dell\u2019alternativa democratica.<\/p>\n<p>Nel 1984 Berlinguer schiera il Pci contro il ridimensionamento della scala mobile. <strong>Lo scontro tra Berlinguer e i governi di pentapartito<\/strong> \u00e8 al culmine, quando lo coglie la morte improvvisa l<strong>\u201911 giugno di quell\u2019anno.<\/strong><\/p>\n<h3>Berlinguer e l&#8217;amore per la Toscana<\/h3>\n<p><strong>La sezione toscana<\/strong> dell\u2019esposizione mostrer\u00e0 alcuni documenti, foto, manoscritti, registrazioni audio dei <strong>vari passaggi di Berlinguer nella regione e a Firenze<\/strong>. Sar\u00e0 esposta anche la<strong> prima bandiera del Pci in prestito dal Comune di Livorno<\/strong>.<\/p>\n<p>Tra le tappe pi\u00f9 significative che hanno legato Berlinguer alla regione ci sono il <strong>congresso nazionale FGCI a Firenze del 29 marzo 1971,<\/strong> la conferenza delle ragazze comuniste del gennaio 1973 a Firenze, il <strong>comizio sul referendum per il divorzio (Firenze, 1974<\/strong>), il comizio per le amministrative di Pisa del maggio 1975, la manifestazione italo-spagnola a Livorno (luglio 1975), la<strong> festa nazionale dell\u2019Unit\u00e0 di Firenze del 1975<\/strong> dove si svolse il <strong>famoso e oceanico il comizio al prato del Quercione alle Cascine,<\/strong> la cui foto \u00e8 stata scelta per la locandina del film di Andrea Segre \u2018<strong><em>La grande ambizione\u2019.<\/em><\/strong><\/p>\n<p>Infine, la manifestazione nazionale per la pace di Firenze (1980), il <strong>discorso alla manifestazione sull\u2019aborto (Firenze, 1981)<\/strong>, il discorso al festival nazionale dell\u2019Unit\u00e0 di Tirrenia (1982), la festa nazionale delle donna comuniste di Viareggio (1983).<\/p>\n<figure id=\"post-382255 media-382255\" class=\"align-none\"><img decoding=\"async\" src=\"https:\/\/www.intoscana.it\/wp-content\/uploads\/Locandina-mostra.jpeg\" alt=\"\" \/><\/figure>\n<div class=\"titleimg\"><\/div>\n","protected":false},"excerpt":{"rendered":"<p>Dal 3 settembre al 5 ottobre al Mandela Forum una mostra racconter\u00e0 la figura del leader del Partito comunista in Toscana e nel capoluogo. Un ricco programma di eventi, cinema e dibattiti accompagner\u00e0 le settimane dell\u2019esposizione<\/p>\n","protected":false},"author":525,"featured_media":382257,"comment_status":"open","ping_status":"open","sticky":false,"template":"","format":"standard","meta":{"_acf_changed":false,"footnotes":""},"categories":[493],"tags":[158,202,222,151],"class_list":["post-382252","post","type-post","status-publish","format-standard","has-post-thumbnail","hentry","category-cultura","tag-eugenio-giani","tag-firenze","tag-mostre","tag-regione-toscana"],"acf":[],"yoast_head":"<!-- This site is optimized with the Yoast SEO Premium plugin v24.2 (Yoast SEO v25.6) - https:\/\/yoast.com\/wordpress\/plugins\/seo\/ -->\n<title>Firenze rende omaggio a Enrico Berlinguer: in una mostra la vita pubblica e privata del politico italiano - intoscana<\/title>\n<meta name=\"description\" content=\"Dal 3 settembre al 5 ottobre al Mandela Forum una mostra inedita racconter\u00e0 la figura del leader in Toscana e nel capoluogo\" \/>\n<meta name=\"robots\" content=\"index, follow, max-snippet:-1, max-image-preview:large, max-video-preview:-1\" \/>\n<link rel=\"canonical\" href=\"https:\/\/www.intoscana.it\/it\/firenze-rende-omaggio-a-enrico-berlinguer-in-una-mostra-la-vita-pubblica-e-privata-del-politico-italiano\/\" \/>\n<meta property=\"og:locale\" content=\"it_IT\" \/>\n<meta property=\"og:type\" content=\"article\" \/>\n<meta property=\"og:title\" content=\"Firenze rende omaggio a Enrico Berlinguer: in una mostra la vita pubblica e privata del politico italiano\" \/>\n<meta property=\"og:description\" content=\"Dal 3 settembre al 5 ottobre al Mandela Forum una mostra inedita racconter\u00e0 la figura del leader in Toscana e nel capoluogo\" \/>\n<meta property=\"og:url\" content=\"https:\/\/www.intoscana.it\/it\/firenze-rende-omaggio-a-enrico-berlinguer-in-una-mostra-la-vita-pubblica-e-privata-del-politico-italiano\/\" \/>\n<meta property=\"og:site_name\" content=\"intoscana\" \/>\n<meta property=\"article:publisher\" content=\"https:\/\/www.facebook.com\/intoscana.it\" \/>\n<meta property=\"article:published_time\" content=\"2025-04-17T12:50:03+00:00\" \/>\n<meta property=\"article:modified_time\" content=\"2025-04-17T12:59:41+00:00\" \/>\n<meta property=\"og:image\" content=\"https:\/\/www.intoscana.it\/wp-content\/uploads\/Piazza-Signoria-manifestazione-pace-17-feb-1980.jpeg\" \/>\n\t<meta property=\"og:image:width\" content=\"1600\" \/>\n\t<meta property=\"og:image:height\" content=\"1006\" \/>\n\t<meta property=\"og:image:type\" content=\"image\/jpeg\" \/>\n<meta name=\"author\" content=\"Redazione\" \/>\n<meta name=\"twitter:card\" content=\"summary_large_image\" \/>\n<meta name=\"twitter:creator\" content=\"@intoscana\" \/>\n<meta name=\"twitter:site\" content=\"@intoscana\" \/>\n<meta name=\"twitter:label1\" content=\"Written by\" \/>\n\t<meta name=\"twitter:data1\" content=\"Redazione\" \/>\n\t<meta name=\"twitter:label2\" content=\"Est. reading time\" \/>\n\t<meta name=\"twitter:data2\" content=\"5 minuti\" \/>\n<script type=\"application\/ld+json\" class=\"yoast-schema-graph\">{\"@context\":\"https:\/\/schema.org\",\"@graph\":[{\"@type\":\"WebPage\",\"@id\":\"https:\/\/www.intoscana.it\/it\/firenze-rende-omaggio-a-enrico-berlinguer-in-una-mostra-la-vita-pubblica-e-privata-del-politico-italiano\/\",\"url\":\"https:\/\/www.intoscana.it\/it\/firenze-rende-omaggio-a-enrico-berlinguer-in-una-mostra-la-vita-pubblica-e-privata-del-politico-italiano\/\",\"name\":\"Firenze rende omaggio a Enrico Berlinguer: in una mostra la vita pubblica e privata del politico italiano - intoscana\",\"isPartOf\":{\"@id\":\"https:\/\/www.intoscana.it\/it\/#website\"},\"primaryImageOfPage\":{\"@id\":\"https:\/\/www.intoscana.it\/it\/firenze-rende-omaggio-a-enrico-berlinguer-in-una-mostra-la-vita-pubblica-e-privata-del-politico-italiano\/#primaryimage\"},\"image\":{\"@id\":\"https:\/\/www.intoscana.it\/it\/firenze-rende-omaggio-a-enrico-berlinguer-in-una-mostra-la-vita-pubblica-e-privata-del-politico-italiano\/#primaryimage\"},\"thumbnailUrl\":\"https:\/\/www.intoscana.it\/wp-content\/uploads\/Piazza-Signoria-manifestazione-pace-17-feb-1980.jpeg\",\"datePublished\":\"2025-04-17T12:50:03+00:00\",\"dateModified\":\"2025-04-17T12:59:41+00:00\",\"author\":{\"@id\":\"https:\/\/www.intoscana.it\/it\/#\/schema\/person\/9223810753230f20bd670fdd322661f8\"},\"description\":\"Dal 3 settembre al 5 ottobre al Mandela Forum una mostra inedita racconter\u00e0 la figura del leader in Toscana e nel capoluogo\",\"breadcrumb\":{\"@id\":\"https:\/\/www.intoscana.it\/it\/firenze-rende-omaggio-a-enrico-berlinguer-in-una-mostra-la-vita-pubblica-e-privata-del-politico-italiano\/#breadcrumb\"},\"inLanguage\":\"it-IT\",\"potentialAction\":[{\"@type\":\"ReadAction\",\"target\":[\"https:\/\/www.intoscana.it\/it\/firenze-rende-omaggio-a-enrico-berlinguer-in-una-mostra-la-vita-pubblica-e-privata-del-politico-italiano\/\"]}]},{\"@type\":\"ImageObject\",\"inLanguage\":\"it-IT\",\"@id\":\"https:\/\/www.intoscana.it\/it\/firenze-rende-omaggio-a-enrico-berlinguer-in-una-mostra-la-vita-pubblica-e-privata-del-politico-italiano\/#primaryimage\",\"url\":\"https:\/\/www.intoscana.it\/wp-content\/uploads\/Piazza-Signoria-manifestazione-pace-17-feb-1980.jpeg\",\"contentUrl\":\"https:\/\/www.intoscana.it\/wp-content\/uploads\/Piazza-Signoria-manifestazione-pace-17-feb-1980.jpeg\",\"width\":1600,\"height\":1006},{\"@type\":\"BreadcrumbList\",\"@id\":\"https:\/\/www.intoscana.it\/it\/firenze-rende-omaggio-a-enrico-berlinguer-in-una-mostra-la-vita-pubblica-e-privata-del-politico-italiano\/#breadcrumb\",\"itemListElement\":[{\"@type\":\"ListItem\",\"position\":1,\"name\":\"Home\",\"item\":\"https:\/\/www.intoscana.it\/it\/\"},{\"@type\":\"ListItem\",\"position\":2,\"name\":\"Firenze rende omaggio a Enrico Berlinguer: in una mostra la vita pubblica e privata del politico italiano\"}]},{\"@type\":\"WebSite\",\"@id\":\"https:\/\/www.intoscana.it\/it\/#website\",\"url\":\"https:\/\/www.intoscana.it\/it\/\",\"name\":\"intoscana\",\"description\":\"\",\"potentialAction\":[{\"@type\":\"SearchAction\",\"target\":{\"@type\":\"EntryPoint\",\"urlTemplate\":\"https:\/\/www.intoscana.it\/it\/?s={search_term_string}\"},\"query-input\":{\"@type\":\"PropertyValueSpecification\",\"valueRequired\":true,\"valueName\":\"search_term_string\"}}],\"inLanguage\":\"it-IT\"},{\"@type\":\"Person\",\"@id\":\"https:\/\/www.intoscana.it\/it\/#\/schema\/person\/9223810753230f20bd670fdd322661f8\",\"name\":\"Redazione\",\"url\":\"https:\/\/www.intoscana.it\/it\/author\/redazione\/\"}]}<\/script>\n<!-- \/ Yoast SEO Premium plugin. -->","yoast_head_json":{"title":"Firenze rende omaggio a Enrico Berlinguer: in una mostra la vita pubblica e privata del politico italiano - intoscana","description":"Dal 3 settembre al 5 ottobre al Mandela Forum una mostra inedita racconter\u00e0 la figura del leader in Toscana e nel capoluogo","robots":{"index":"index","follow":"follow","max-snippet":"max-snippet:-1","max-image-preview":"max-image-preview:large","max-video-preview":"max-video-preview:-1"},"canonical":"https:\/\/www.intoscana.it\/it\/firenze-rende-omaggio-a-enrico-berlinguer-in-una-mostra-la-vita-pubblica-e-privata-del-politico-italiano\/","og_locale":"it_IT","og_type":"article","og_title":"Firenze rende omaggio a Enrico Berlinguer: in una mostra la vita pubblica e privata del politico italiano","og_description":"Dal 3 settembre al 5 ottobre al Mandela Forum una mostra inedita racconter\u00e0 la figura del leader in Toscana e nel capoluogo","og_url":"https:\/\/www.intoscana.it\/it\/firenze-rende-omaggio-a-enrico-berlinguer-in-una-mostra-la-vita-pubblica-e-privata-del-politico-italiano\/","og_site_name":"intoscana","article_publisher":"https:\/\/www.facebook.com\/intoscana.it","article_published_time":"2025-04-17T12:50:03+00:00","article_modified_time":"2025-04-17T12:59:41+00:00","og_image":[{"width":1600,"height":1006,"url":"https:\/\/www.intoscana.it\/wp-content\/uploads\/Piazza-Signoria-manifestazione-pace-17-feb-1980.jpeg","type":"image\/jpeg"}],"author":"Redazione","twitter_card":"summary_large_image","twitter_creator":"@intoscana","twitter_site":"@intoscana","twitter_misc":{"Written by":"Redazione","Est. reading time":"5 minuti"},"schema":{"@context":"https:\/\/schema.org","@graph":[{"@type":"WebPage","@id":"https:\/\/www.intoscana.it\/it\/firenze-rende-omaggio-a-enrico-berlinguer-in-una-mostra-la-vita-pubblica-e-privata-del-politico-italiano\/","url":"https:\/\/www.intoscana.it\/it\/firenze-rende-omaggio-a-enrico-berlinguer-in-una-mostra-la-vita-pubblica-e-privata-del-politico-italiano\/","name":"Firenze rende omaggio a Enrico Berlinguer: in una mostra la vita pubblica e privata del politico italiano - intoscana","isPartOf":{"@id":"https:\/\/www.intoscana.it\/it\/#website"},"primaryImageOfPage":{"@id":"https:\/\/www.intoscana.it\/it\/firenze-rende-omaggio-a-enrico-berlinguer-in-una-mostra-la-vita-pubblica-e-privata-del-politico-italiano\/#primaryimage"},"image":{"@id":"https:\/\/www.intoscana.it\/it\/firenze-rende-omaggio-a-enrico-berlinguer-in-una-mostra-la-vita-pubblica-e-privata-del-politico-italiano\/#primaryimage"},"thumbnailUrl":"https:\/\/www.intoscana.it\/wp-content\/uploads\/Piazza-Signoria-manifestazione-pace-17-feb-1980.jpeg","datePublished":"2025-04-17T12:50:03+00:00","dateModified":"2025-04-17T12:59:41+00:00","author":{"@id":"https:\/\/www.intoscana.it\/it\/#\/schema\/person\/9223810753230f20bd670fdd322661f8"},"description":"Dal 3 settembre al 5 ottobre al Mandela Forum una mostra inedita racconter\u00e0 la figura del leader in Toscana e nel capoluogo","breadcrumb":{"@id":"https:\/\/www.intoscana.it\/it\/firenze-rende-omaggio-a-enrico-berlinguer-in-una-mostra-la-vita-pubblica-e-privata-del-politico-italiano\/#breadcrumb"},"inLanguage":"it-IT","potentialAction":[{"@type":"ReadAction","target":["https:\/\/www.intoscana.it\/it\/firenze-rende-omaggio-a-enrico-berlinguer-in-una-mostra-la-vita-pubblica-e-privata-del-politico-italiano\/"]}]},{"@type":"ImageObject","inLanguage":"it-IT","@id":"https:\/\/www.intoscana.it\/it\/firenze-rende-omaggio-a-enrico-berlinguer-in-una-mostra-la-vita-pubblica-e-privata-del-politico-italiano\/#primaryimage","url":"https:\/\/www.intoscana.it\/wp-content\/uploads\/Piazza-Signoria-manifestazione-pace-17-feb-1980.jpeg","contentUrl":"https:\/\/www.intoscana.it\/wp-content\/uploads\/Piazza-Signoria-manifestazione-pace-17-feb-1980.jpeg","width":1600,"height":1006},{"@type":"BreadcrumbList","@id":"https:\/\/www.intoscana.it\/it\/firenze-rende-omaggio-a-enrico-berlinguer-in-una-mostra-la-vita-pubblica-e-privata-del-politico-italiano\/#breadcrumb","itemListElement":[{"@type":"ListItem","position":1,"name":"Home","item":"https:\/\/www.intoscana.it\/it\/"},{"@type":"ListItem","position":2,"name":"Firenze rende omaggio a Enrico Berlinguer: in una mostra la vita pubblica e privata del politico italiano"}]},{"@type":"WebSite","@id":"https:\/\/www.intoscana.it\/it\/#website","url":"https:\/\/www.intoscana.it\/it\/","name":"intoscana","description":"","potentialAction":[{"@type":"SearchAction","target":{"@type":"EntryPoint","urlTemplate":"https:\/\/www.intoscana.it\/it\/?s={search_term_string}"},"query-input":{"@type":"PropertyValueSpecification","valueRequired":true,"valueName":"search_term_string"}}],"inLanguage":"it-IT"},{"@type":"Person","@id":"https:\/\/www.intoscana.it\/it\/#\/schema\/person\/9223810753230f20bd670fdd322661f8","name":"Redazione","url":"https:\/\/www.intoscana.it\/it\/author\/redazione\/"}]}},"_links":{"self":[{"href":"https:\/\/www.intoscana.it\/it\/wp-json\/wp\/v2\/posts\/382252","targetHints":{"allow":["GET"]}}],"collection":[{"href":"https:\/\/www.intoscana.it\/it\/wp-json\/wp\/v2\/posts"}],"about":[{"href":"https:\/\/www.intoscana.it\/it\/wp-json\/wp\/v2\/types\/post"}],"author":[{"embeddable":true,"href":"https:\/\/www.intoscana.it\/it\/wp-json\/wp\/v2\/users\/525"}],"replies":[{"embeddable":true,"href":"https:\/\/www.intoscana.it\/it\/wp-json\/wp\/v2\/comments?post=382252"}],"version-history":[{"count":5,"href":"https:\/\/www.intoscana.it\/it\/wp-json\/wp\/v2\/posts\/382252\/revisions"}],"predecessor-version":[{"id":382285,"href":"https:\/\/www.intoscana.it\/it\/wp-json\/wp\/v2\/posts\/382252\/revisions\/382285"}],"wp:featuredmedia":[{"embeddable":true,"href":"https:\/\/www.intoscana.it\/it\/wp-json\/wp\/v2\/media\/382257"}],"wp:attachment":[{"href":"https:\/\/www.intoscana.it\/it\/wp-json\/wp\/v2\/media?parent=382252"}],"wp:term":[{"taxonomy":"category","embeddable":true,"href":"https:\/\/www.intoscana.it\/it\/wp-json\/wp\/v2\/categories?post=382252"},{"taxonomy":"post_tag","embeddable":true,"href":"https:\/\/www.intoscana.it\/it\/wp-json\/wp\/v2\/tags?post=382252"}],"curies":[{"name":"wp","href":"https:\/\/api.w.org\/{rel}","templated":true}]}}